{"id":3532,"date":"2010-12-10T15:39:49","date_gmt":"2010-12-10T13:39:49","guid":{"rendered":"http:\/\/subaru.preproduccion.com\/blog\/?p=3532"},"modified":"2016-10-17T15:11:09","modified_gmt":"2016-10-17T13:11:09","slug":"subaru-comparte-el-amor","status":"publish","type":"post","link":"https:\/\/www.subaru.es\/blog\/nuestra-marca\/subaru-comparte-el-amor\/","title":{"rendered":"Subaru: \u00a1Comparte el amor!"},"content":{"rendered":"<p><center><a href=\"https:\/\/www.subaru.es\/blog\/wp-content\/uploads\/2010\/11\/sharethelove.jpg\"><img decoding=\"async\" class=\"aligncenter size-full wp-image-3533 lazyload\" title=\"Share the Love Event\" data-src=\"https:\/\/www.subaru.es\/blog\/wp-content\/uploads\/2010\/11\/sharethelove.jpg\" alt=\"Share the Love Event\" width=\"500\" height=\"349\" src=\"data:image\/svg+xml;base64,PHN2ZyB3aWR0aD0iMSIgaGVpZ2h0PSIxIiB4bWxucz0iaHR0cDovL3d3dy53My5vcmcvMjAwMC9zdmciPjwvc3ZnPg==\" style=\"--smush-placeholder-width: 500px; --smush-placeholder-aspect-ratio: 500\/349;\" \/><\/a><\/center><\/p>\n<p>No, no nos hemos vuelto locos. Si eres incondicional de <a href=\"http:\/\/www.subaru.es\/CMS\/home.html\">Subaru<\/a>, seguro que ya sabes que nos referimos al <strong><a href=\"https:\/\/www.subaru.com\/my-subaru\/share-the-love.html\" target=\"_blank\">Share the Love Event<\/a>, el programa de donaciones<\/strong> de Subaru Am\u00e9rica. \u00bfC\u00f3mo funciona? Entre el 20 de noviembre y el 3 de enero, de cada coche vendido se donar\u00e1n 250 d\u00f3lares a alguna de las cinco ONGs escogidas.<br \/>\n<!--more--><br \/>\nAunque este no es el primer Share the Love Event, s\u00ed es el primero en el que los compradores de un Subaru tienen un papel tan importante. De hecho, ellos escoger\u00e1n a cu\u00e1l de las cinco organizaciones quieren que se donen los 250 d\u00f3lares de su compra, por lo que Subaru Am\u00e9rica se ha preocupado por proponer<strong> ONGs que reflejen los valores de los clientes<\/strong> de la marca.<\/p>\n<p>Al final, las cinco organizaciones escogidas han sido la <strong>Sociedad Americana para la Prevenci\u00f3n de la Crueldad contra Animales<\/strong> (<a href=\"http:\/\/www.aspca.org\/\" target=\"_blank\">ASPCA<\/a>), <strong><a href=\"http:\/\/www.bbbs.org\/site\/c.9iILI3NGKhK6F\/b.5962335\/k.BE16\/Home.htm\" target=\"_blank\">Big Brothers Big Sisters<\/a><\/strong> (ayuda a ni\u00f1os de pocos recursos y con padres con poco tiempo para ellos), <strong><a href=\"http:\/\/www.habitat.org\/eurasia\/\" target=\"_blank\">Habitat for Humanity<\/a><\/strong> (voluntarios construyen casas para gente de todo el mundo), <strong><a href=\"http:\/\/www.mowaa.org\/\" target=\"_blank\">Meals on Wheels Association of America<\/a><\/strong> (contra el hambre), y <strong><a href=\"http:\/\/www.oceanconservancy.org\/site\/PageServer?pagename=home\" target=\"_blank\">Ocean Conservancy<\/a><\/strong>.<\/p>\n<p>Subaru America celebra tambi\u00e9n con este evento las <strong>buenas ventas de 2010<\/strong>, poniendo su granito de arena para hacer de este mundo un lugar mejor. Y todos los compradores se llevan un extra: ya no solo est\u00e1n comprando un gran veh\u00edculo, sino que adem\u00e1s saben que est\u00e1n contribuyendo a una buena causa. \u00bfEntiendes ahora nuestro entusiasmo? \u00a1Comparte el amor!<\/p>\n","protected":false},"excerpt":{"rendered":"<p>No, no nos hemos vuelto locos. Si eres incondicional de Subaru, seguro que ya sabes que nos referimos al Share the Love Event, el programa de donaciones de Subaru Am\u00e9rica. \u00bfC\u00f3mo funciona? Entre el 20 de noviembre y el 3 de enero, de cada coche vendido se donar\u00e1n 250 d\u00f3lares a alguna de las cinco [&hellip;]<\/p>\n","protected":false},"author":21,"featured_media":3533,"comment_status":"open","ping_status":"open","sticky":false,"template":"","format":"standard","meta":{"_acf_changed":false,"_eb_attr":"","inline_featured_image":false,"footnotes":""},"categories":[4401],"tags":[3266,3265,3267],"class_list":["post-3532","post","type-post","status-publish","format-standard","has-post-thumbnail","hentry","category-nuestra-marca","tag-ong","tag-share-the-love-event","tag-subaru-america"],"acf":[],"yoast_head":"<!-- This site is optimized with the Yoast SEO plugin v27.3 - https:\/\/yoast.com\/product\/yoast-seo-wordpress\/ -->\n<title>Subaru: \u00a1Comparte el amor! - Universo Subaru<\/title>\n<meta name=\"robots\" content=\"index, follow, max-snippet:-1, max-image-preview:large, max-video-preview:-1\" \/>\n<link rel=\"canonical\" href=\"https:\/\/www.subaru.es\/blog\/nuestra-marca\/subaru-comparte-el-amor\/\" \/>\n<meta property=\"og:locale\" content=\"es_ES\" \/>\n<meta property=\"og:type\" content=\"article\" \/>\n<meta property=\"og:title\" content=\"Subaru: \u00a1Comparte el amor! - Universo Subaru\" \/>\n<meta property=\"og:description\" content=\"No, no nos hemos vuelto locos. Si eres incondicional de Subaru, seguro que ya sabes que nos referimos al Share the Love Event, el programa de donaciones de Subaru Am\u00e9rica. \u00bfC\u00f3mo funciona? Entre el 20 de noviembre y el 3 de enero, de cada coche vendido se donar\u00e1n 250 d\u00f3lares a alguna de las cinco [&hellip;]\" \/>\n<meta property=\"og:url\" content=\"https:\/\/www.subaru.es\/blog\/nuestra-marca\/subaru-comparte-el-amor\/\" \/>\n<meta property=\"og:site_name\" content=\"Universo Subaru\" \/>\n<meta property=\"article:publisher\" content=\"https:\/\/www.facebook.com\/subaruespana\" \/>\n<meta property=\"article:published_time\" content=\"2010-12-10T13:39:49+00:00\" \/>\n<meta property=\"article:modified_time\" content=\"2016-10-17T13:11:09+00:00\" \/>\n<meta property=\"og:image\" content=\"https:\/\/www.subaru.es\/blog\/wp-content\/uploads\/2010\/11\/sharethelove.jpg\" \/>\n\t<meta property=\"og:image:width\" content=\"500\" \/>\n\t<meta property=\"og:image:height\" content=\"349\" \/>\n\t<meta property=\"og:image:type\" content=\"image\/jpeg\" \/>\n<meta name=\"author\" content=\"Subaru\" \/>\n<meta name=\"twitter:card\" content=\"summary_large_image\" \/>\n<meta name=\"twitter:label1\" content=\"Escrito por\" \/>\n\t<meta name=\"twitter:data1\" content=\"Subaru\" \/>\n\t<meta name=\"twitter:label2\" content=\"Tiempo de lectura\" \/>\n\t<meta name=\"twitter:data2\" content=\"1 minuto\" \/>\n<script type=\"application\/ld+json\" class=\"yoast-schema-graph\">{\"@context\":\"https:\\\/\\\/schema.org\",\"@graph\":[{\"@type\":\"Article\",\"@id\":\"https:\\\/\\\/www.subaru.es\\\/blog\\\/nuestra-marca\\\/subaru-comparte-el-amor\\\/#article\",\"isPartOf\":{\"@id\":\"https:\\\/\\\/www.subaru.es\\\/blog\\\/nuestra-marca\\\/subaru-comparte-el-amor\\\/\"},\"author\":{\"name\":\"Subaru\",\"@id\":\"https:\\\/\\\/www.subaru.es\\\/blog\\\/#\\\/schema\\\/person\\\/19a90b892230b8e0ec752704ddf4aa10\"},\"headline\":\"Subaru: \u00a1Comparte el amor!\",\"datePublished\":\"2010-12-10T13:39:49+00:00\",\"dateModified\":\"2016-10-17T13:11:09+00:00\",\"mainEntityOfPage\":{\"@id\":\"https:\\\/\\\/www.subaru.es\\\/blog\\\/nuestra-marca\\\/subaru-comparte-el-amor\\\/\"},\"wordCount\":260,\"commentCount\":0,\"publisher\":{\"@id\":\"https:\\\/\\\/www.subaru.es\\\/blog\\\/#organization\"},\"image\":{\"@id\":\"https:\\\/\\\/www.subaru.es\\\/blog\\\/nuestra-marca\\\/subaru-comparte-el-amor\\\/#primaryimage\"},\"thumbnailUrl\":\"https:\\\/\\\/www.subaru.es\\\/blog\\\/wp-content\\\/uploads\\\/2010\\\/11\\\/sharethelove.jpg\",\"keywords\":[\"ong\",\"share the love event\",\"subaru america\"],\"articleSection\":[\"Nuestra marca\"],\"inLanguage\":\"es\",\"potentialAction\":[{\"@type\":\"CommentAction\",\"name\":\"Comment\",\"target\":[\"https:\\\/\\\/www.subaru.es\\\/blog\\\/nuestra-marca\\\/subaru-comparte-el-amor\\\/#respond\"]}]},{\"@type\":\"WebPage\",\"@id\":\"https:\\\/\\\/www.subaru.es\\\/blog\\\/nuestra-marca\\\/subaru-comparte-el-amor\\\/\",\"url\":\"https:\\\/\\\/www.subaru.es\\\/blog\\\/nuestra-marca\\\/subaru-comparte-el-amor\\\/\",\"name\":\"Subaru: \u00a1Comparte el amor! - Universo Subaru\",\"isPartOf\":{\"@id\":\"https:\\\/\\\/www.subaru.es\\\/blog\\\/#website\"},\"primaryImageOfPage\":{\"@id\":\"https:\\\/\\\/www.subaru.es\\\/blog\\\/nuestra-marca\\\/subaru-comparte-el-amor\\\/#primaryimage\"},\"image\":{\"@id\":\"https:\\\/\\\/www.subaru.es\\\/blog\\\/nuestra-marca\\\/subaru-comparte-el-amor\\\/#primaryimage\"},\"thumbnailUrl\":\"https:\\\/\\\/www.subaru.es\\\/blog\\\/wp-content\\\/uploads\\\/2010\\\/11\\\/sharethelove.jpg\",\"datePublished\":\"2010-12-10T13:39:49+00:00\",\"dateModified\":\"2016-10-17T13:11:09+00:00\",\"breadcrumb\":{\"@id\":\"https:\\\/\\\/www.subaru.es\\\/blog\\\/nuestra-marca\\\/subaru-comparte-el-amor\\\/#breadcrumb\"},\"inLanguage\":\"es\",\"potentialAction\":[{\"@type\":\"ReadAction\",\"target\":[\"https:\\\/\\\/www.subaru.es\\\/blog\\\/nuestra-marca\\\/subaru-comparte-el-amor\\\/\"]}]},{\"@type\":\"ImageObject\",\"inLanguage\":\"es\",\"@id\":\"https:\\\/\\\/www.subaru.es\\\/blog\\\/nuestra-marca\\\/subaru-comparte-el-amor\\\/#primaryimage\",\"url\":\"https:\\\/\\\/www.subaru.es\\\/blog\\\/wp-content\\\/uploads\\\/2010\\\/11\\\/sharethelove.jpg\",\"contentUrl\":\"https:\\\/\\\/www.subaru.es\\\/blog\\\/wp-content\\\/uploads\\\/2010\\\/11\\\/sharethelove.jpg\",\"width\":500,\"height\":349,\"caption\":\"Share the Love Event\"},{\"@type\":\"BreadcrumbList\",\"@id\":\"https:\\\/\\\/www.subaru.es\\\/blog\\\/nuestra-marca\\\/subaru-comparte-el-amor\\\/#breadcrumb\",\"itemListElement\":[{\"@type\":\"ListItem\",\"position\":1,\"name\":\"Portada\",\"item\":\"https:\\\/\\\/www.subaru.es\\\/blog\\\/\"},{\"@type\":\"ListItem\",\"position\":2,\"name\":\"Subaru: \u00a1Comparte el amor!\"}]},{\"@type\":\"WebSite\",\"@id\":\"https:\\\/\\\/www.subaru.es\\\/blog\\\/#website\",\"url\":\"https:\\\/\\\/www.subaru.es\\\/blog\\\/\",\"name\":\"Universo Subaru\",\"description\":\"Descubre este apasionante espacio de Subaru donde vas a conocer todo sobre nuestros coches y las experiencias que vivimos con ellos. Si est\u00e1s preparado para dejarte seducir por la filosof\u00eda Subaru, qu\u00e9date con nosotros.\",\"publisher\":{\"@id\":\"https:\\\/\\\/www.subaru.es\\\/blog\\\/#organization\"},\"potentialAction\":[{\"@type\":\"SearchAction\",\"target\":{\"@type\":\"EntryPoint\",\"urlTemplate\":\"https:\\\/\\\/www.subaru.es\\\/blog\\\/?s={search_term_string}\"},\"query-input\":{\"@type\":\"PropertyValueSpecification\",\"valueRequired\":true,\"valueName\":\"search_term_string\"}}],\"inLanguage\":\"es\"},{\"@type\":\"Organization\",\"@id\":\"https:\\\/\\\/www.subaru.es\\\/blog\\\/#organization\",\"name\":\"Subaru Espa\u00f1a S.A.\",\"url\":\"https:\\\/\\\/www.subaru.es\\\/blog\\\/\",\"logo\":{\"@type\":\"ImageObject\",\"inLanguage\":\"es\",\"@id\":\"https:\\\/\\\/www.subaru.es\\\/blog\\\/#\\\/schema\\\/logo\\\/image\\\/\",\"url\":\"https:\\\/\\\/www.subaru.es\\\/blog\\\/wp-content\\\/uploads\\\/2016\\\/12\\\/Logo-Subaru-TypeV_C300-scaled.jpg\",\"contentUrl\":\"https:\\\/\\\/www.subaru.es\\\/blog\\\/wp-content\\\/uploads\\\/2016\\\/12\\\/Logo-Subaru-TypeV_C300-scaled.jpg\",\"width\":2560,\"height\":1864,\"caption\":\"Subaru Espa\u00f1a S.A.\"},\"image\":{\"@id\":\"https:\\\/\\\/www.subaru.es\\\/blog\\\/#\\\/schema\\\/logo\\\/image\\\/\"},\"sameAs\":[\"https:\\\/\\\/www.facebook.com\\\/subaruespana\",\"https:\\\/\\\/www.instagram.com\\\/subarues\\\/\",\"https:\\\/\\\/www.youtube.com\\\/user\\\/subaruespana\"]},{\"@type\":\"Person\",\"@id\":\"https:\\\/\\\/www.subaru.es\\\/blog\\\/#\\\/schema\\\/person\\\/19a90b892230b8e0ec752704ddf4aa10\",\"name\":\"Subaru\",\"url\":\"https:\\\/\\\/www.subaru.es\\\/blog\\\/author\\\/subaria\\\/\"}]}<\/script>\n<!-- \/ Yoast SEO plugin. -->","yoast_head_json":{"title":"Subaru: \u00a1Comparte el amor! - Universo Subaru","robots":{"index":"index","follow":"follow","max-snippet":"max-snippet:-1","max-image-preview":"max-image-preview:large","max-video-preview":"max-video-preview:-1"},"canonical":"https:\/\/www.subaru.es\/blog\/nuestra-marca\/subaru-comparte-el-amor\/","og_locale":"es_ES","og_type":"article","og_title":"Subaru: \u00a1Comparte el amor! - Universo Subaru","og_description":"No, no nos hemos vuelto locos. Si eres incondicional de Subaru, seguro que ya sabes que nos referimos al Share the Love Event, el programa de donaciones de Subaru Am\u00e9rica. \u00bfC\u00f3mo funciona? Entre el 20 de noviembre y el 3 de enero, de cada coche vendido se donar\u00e1n 250 d\u00f3lares a alguna de las cinco [&hellip;]","og_url":"https:\/\/www.subaru.es\/blog\/nuestra-marca\/subaru-comparte-el-amor\/","og_site_name":"Universo Subaru","article_publisher":"https:\/\/www.facebook.com\/subaruespana","article_published_time":"2010-12-10T13:39:49+00:00","article_modified_time":"2016-10-17T13:11:09+00:00","og_image":[{"width":500,"height":349,"url":"https:\/\/www.subaru.es\/blog\/wp-content\/uploads\/2010\/11\/sharethelove.jpg","type":"image\/jpeg"}],"author":"Subaru","twitter_card":"summary_large_image","twitter_misc":{"Escrito por":"Subaru","Tiempo de lectura":"1 minuto"},"schema":{"@context":"https:\/\/schema.org","@graph":[{"@type":"Article","@id":"https:\/\/www.subaru.es\/blog\/nuestra-marca\/subaru-comparte-el-amor\/#article","isPartOf":{"@id":"https:\/\/www.subaru.es\/blog\/nuestra-marca\/subaru-comparte-el-amor\/"},"author":{"name":"Subaru","@id":"https:\/\/www.subaru.es\/blog\/#\/schema\/person\/19a90b892230b8e0ec752704ddf4aa10"},"headline":"Subaru: \u00a1Comparte el amor!","datePublished":"2010-12-10T13:39:49+00:00","dateModified":"2016-10-17T13:11:09+00:00","mainEntityOfPage":{"@id":"https:\/\/www.subaru.es\/blog\/nuestra-marca\/subaru-comparte-el-amor\/"},"wordCount":260,"commentCount":0,"publisher":{"@id":"https:\/\/www.subaru.es\/blog\/#organization"},"image":{"@id":"https:\/\/www.subaru.es\/blog\/nuestra-marca\/subaru-comparte-el-amor\/#primaryimage"},"thumbnailUrl":"https:\/\/www.subaru.es\/blog\/wp-content\/uploads\/2010\/11\/sharethelove.jpg","keywords":["ong","share the love event","subaru america"],"articleSection":["Nuestra marca"],"inLanguage":"es","potentialAction":[{"@type":"CommentAction","name":"Comment","target":["https:\/\/www.subaru.es\/blog\/nuestra-marca\/subaru-comparte-el-amor\/#respond"]}]},{"@type":"WebPage","@id":"https:\/\/www.subaru.es\/blog\/nuestra-marca\/subaru-comparte-el-amor\/","url":"https:\/\/www.subaru.es\/blog\/nuestra-marca\/subaru-comparte-el-amor\/","name":"Subaru: \u00a1Comparte el amor! - Universo Subaru","isPartOf":{"@id":"https:\/\/www.subaru.es\/blog\/#website"},"primaryImageOfPage":{"@id":"https:\/\/www.subaru.es\/blog\/nuestra-marca\/subaru-comparte-el-amor\/#primaryimage"},"image":{"@id":"https:\/\/www.subaru.es\/blog\/nuestra-marca\/subaru-comparte-el-amor\/#primaryimage"},"thumbnailUrl":"https:\/\/www.subaru.es\/blog\/wp-content\/uploads\/2010\/11\/sharethelove.jpg","datePublished":"2010-12-10T13:39:49+00:00","dateModified":"2016-10-17T13:11:09+00:00","breadcrumb":{"@id":"https:\/\/www.subaru.es\/blog\/nuestra-marca\/subaru-comparte-el-amor\/#breadcrumb"},"inLanguage":"es","potentialAction":[{"@type":"ReadAction","target":["https:\/\/www.subaru.es\/blog\/nuestra-marca\/subaru-comparte-el-amor\/"]}]},{"@type":"ImageObject","inLanguage":"es","@id":"https:\/\/www.subaru.es\/blog\/nuestra-marca\/subaru-comparte-el-amor\/#primaryimage","url":"https:\/\/www.subaru.es\/blog\/wp-content\/uploads\/2010\/11\/sharethelove.jpg","contentUrl":"https:\/\/www.subaru.es\/blog\/wp-content\/uploads\/2010\/11\/sharethelove.jpg","width":500,"height":349,"caption":"Share the Love Event"},{"@type":"BreadcrumbList","@id":"https:\/\/www.subaru.es\/blog\/nuestra-marca\/subaru-comparte-el-amor\/#breadcrumb","itemListElement":[{"@type":"ListItem","position":1,"name":"Portada","item":"https:\/\/www.subaru.es\/blog\/"},{"@type":"ListItem","position":2,"name":"Subaru: \u00a1Comparte el amor!"}]},{"@type":"WebSite","@id":"https:\/\/www.subaru.es\/blog\/#website","url":"https:\/\/www.subaru.es\/blog\/","name":"Universo Subaru","description":"Descubre este apasionante espacio de Subaru donde vas a conocer todo sobre nuestros coches y las experiencias que vivimos con ellos. Si est\u00e1s preparado para dejarte seducir por la filosof\u00eda Subaru, qu\u00e9date con nosotros.","publisher":{"@id":"https:\/\/www.subaru.es\/blog\/#organization"},"potentialAction":[{"@type":"SearchAction","target":{"@type":"EntryPoint","urlTemplate":"https:\/\/www.subaru.es\/blog\/?s={search_term_string}"},"query-input":{"@type":"PropertyValueSpecification","valueRequired":true,"valueName":"search_term_string"}}],"inLanguage":"es"},{"@type":"Organization","@id":"https:\/\/www.subaru.es\/blog\/#organization","name":"Subaru Espa\u00f1a S.A.","url":"https:\/\/www.subaru.es\/blog\/","logo":{"@type":"ImageObject","inLanguage":"es","@id":"https:\/\/www.subaru.es\/blog\/#\/schema\/logo\/image\/","url":"https:\/\/www.subaru.es\/blog\/wp-content\/uploads\/2016\/12\/Logo-Subaru-TypeV_C300-scaled.jpg","contentUrl":"https:\/\/www.subaru.es\/blog\/wp-content\/uploads\/2016\/12\/Logo-Subaru-TypeV_C300-scaled.jpg","width":2560,"height":1864,"caption":"Subaru Espa\u00f1a S.A."},"image":{"@id":"https:\/\/www.subaru.es\/blog\/#\/schema\/logo\/image\/"},"sameAs":["https:\/\/www.facebook.com\/subaruespana","https:\/\/www.instagram.com\/subarues\/","https:\/\/www.youtube.com\/user\/subaruespana"]},{"@type":"Person","@id":"https:\/\/www.subaru.es\/blog\/#\/schema\/person\/19a90b892230b8e0ec752704ddf4aa10","name":"Subaru","url":"https:\/\/www.subaru.es\/blog\/author\/subaria\/"}]}},"_links":{"self":[{"href":"https:\/\/www.subaru.es\/blog\/wp-json\/wp\/v2\/posts\/3532","targetHints":{"allow":["GET"]}}],"collection":[{"href":"https:\/\/www.subaru.es\/blog\/wp-json\/wp\/v2\/posts"}],"about":[{"href":"https:\/\/www.subaru.es\/blog\/wp-json\/wp\/v2\/types\/post"}],"author":[{"embeddable":true,"href":"https:\/\/www.subaru.es\/blog\/wp-json\/wp\/v2\/users\/21"}],"replies":[{"embeddable":true,"href":"https:\/\/www.subaru.es\/blog\/wp-json\/wp\/v2\/comments?post=3532"}],"version-history":[{"count":1,"href":"https:\/\/www.subaru.es\/blog\/wp-json\/wp\/v2\/posts\/3532\/revisions"}],"predecessor-version":[{"id":14992,"href":"https:\/\/www.subaru.es\/blog\/wp-json\/wp\/v2\/posts\/3532\/revisions\/14992"}],"wp:featuredmedia":[{"embeddable":true,"href":"https:\/\/www.subaru.es\/blog\/wp-json\/wp\/v2\/media\/3533"}],"wp:attachment":[{"href":"https:\/\/www.subaru.es\/blog\/wp-json\/wp\/v2\/media?parent=3532"}],"wp:term":[{"taxonomy":"category","embeddable":true,"href":"https:\/\/www.subaru.es\/blog\/wp-json\/wp\/v2\/categories?post=3532"},{"taxonomy":"post_tag","embeddable":true,"href":"https:\/\/www.subaru.es\/blog\/wp-json\/wp\/v2\/tags?post=3532"}],"curies":[{"name":"wp","href":"https:\/\/api.w.org\/{rel}","templated":true}]}}