{"id":353,"date":"2007-10-29T16:53:47","date_gmt":"2007-10-29T14:53:47","guid":{"rendered":"http:\/\/subaru.preproduccion.com\/blog\/wp-content\/2007\/10\/29\/la-experiencia-de-luis-moya-estuvo-al-servicio-del-wrc-subaru\/"},"modified":"2016-10-17T15:09:27","modified_gmt":"2016-10-17T13:09:27","slug":"la-experiencia-de-luis-moya-estuvo-al-servicio-del-wrc-subaru","status":"publish","type":"post","link":"https:\/\/www.subaru.es\/blog\/nuestra-marca\/la-experiencia-de-luis-moya-estuvo-al-servicio-del-wrc-subaru\/","title":{"rendered":"La experiencia de Luis Moya, estuvo al servicio del WRC Subaru"},"content":{"rendered":"<p>Pocos<strong> copilotos<\/strong> han gozado de tanto prestigio en el <strong>Campeonato del Mundo de Rallys<\/strong> como el gallego <a href=\"http:\/\/es.wikipedia.org\/wiki\/Luis_Rodr%C3%ADguez_Moya\">Luis Moya<\/a>, el inseparable compa\u00f1ero de Carlos Sainz, en las duras y en las maduras, dos veces campeones, grandes decepciones con el t\u00edtulo en puertas. Toda una vida la del coru\u00f1\u00e9s por las carreteras m\u00e1s complicadas y en las competiciones m\u00e1s dificiles.<\/p>\n<p>Por eso cuando en el a\u00f1o <strong>2002<\/strong>, abandon\u00f3 la competici\u00f3n como copiloto, tras 14 a\u00f1os pilotando en la elite, m\u00e1s de 160 participaciones en pruebas de primer nivel, era evidente que todo ese talento y esa experiencia, no se pod\u00eda desperdiciar. Por ello, el mandam\u00e1s de Subaru en el WRC, <strong>David Richards<\/strong>, <a href=\"http:\/\/www.todorallys.com\/modules.php?name=Forums&#038;file=viewtopic&#038;t=176\">cuando Moya colg\u00f3 los guantes<\/a>, no dud\u00f3 ni un instante en <a href=\"http:\/\/es.motorfull.com\/2006\/12\/06\/luis-moya-deja-definitivamente-los-rallies\/\">ficharle<\/a> y ofrecerle un puesto de tan alta responsabilidad como el de <strong>Director Deportivo del equipo de Subaru WRC<\/strong>. Trabajo que realiz\u00f3 desde la temporada del 2003.<\/p>\n<p><center><a href='https:\/\/www.subaru.es\/blog\/wp-content\/uploads\/2007\/10\/luis-moya.jpg' title='luis-moya.jpg'><img data-src='https:\/\/www.subaru.es\/blog\/wp-content\/uploads\/2007\/10\/luis-moya.jpg' alt='luis-moya.jpg' src='data:image\/svg+xml;base64,PHN2ZyB3aWR0aD0iMSIgaGVpZ2h0PSIxIiB4bWxucz0iaHR0cDovL3d3dy53My5vcmcvMjAwMC9zdmciPjwvc3ZnPg==' class='lazyload' style='--smush-placeholder-width: 275px; --smush-placeholder-aspect-ratio: 275\/186;' \/><\/a><\/center><\/p>\n<p>Este cargo, lo desempe\u00f1\u00f3 el gallego hasta el Rally de Inglaterra, diciembre de 2006, con gran jerarqu\u00eda y eficacia. Entre las contribuciones de Moya, est\u00e1 su aportaci\u00f3n como Director Deportivo para que <strong>Petter Solberg<\/strong> se alzara como <strong>Campe\u00f3n del Mundo en 2003.<\/strong>.<\/p>\n<p>Luis Moya ha vuelto a competir esporadicamente, parece claro que el asfalto y la tierra levantada al paso de las ruedas le gusta m\u00e1s que los despachos.<\/p>\n","protected":false},"excerpt":{"rendered":"<p>Pocos copilotos han gozado de tanto prestigio en el Campeonato del Mundo de Rallys como el gallego Luis Moya, el inseparable compa\u00f1ero de Carlos Sainz, en las duras y en las maduras, dos veces campeones, grandes decepciones con el t\u00edtulo en puertas. Toda una vida la del coru\u00f1\u00e9s por las carreteras m\u00e1s complicadas y en [&hellip;]<\/p>\n","protected":false},"author":21,"featured_media":354,"comment_status":"open","ping_status":"open","sticky":false,"template":"","format":"standard","meta":{"_acf_changed":false,"_eb_attr":"","inline_featured_image":false,"footnotes":""},"categories":[4401],"tags":[],"class_list":["post-353","post","type-post","status-publish","format-standard","has-post-thumbnail","hentry","category-nuestra-marca"],"acf":[],"yoast_head":"<!-- This site is optimized with the Yoast SEO plugin v27.3 - https:\/\/yoast.com\/product\/yoast-seo-wordpress\/ -->\n<title>La experiencia de Luis Moya, estuvo al servicio del WRC Subaru - Universo Subaru<\/title>\n<meta name=\"robots\" content=\"index, follow, max-snippet:-1, max-image-preview:large, max-video-preview:-1\" \/>\n<link rel=\"canonical\" href=\"https:\/\/www.subaru.es\/blog\/nuestra-marca\/la-experiencia-de-luis-moya-estuvo-al-servicio-del-wrc-subaru\/\" \/>\n<meta property=\"og:locale\" content=\"es_ES\" \/>\n<meta property=\"og:type\" content=\"article\" \/>\n<meta property=\"og:title\" content=\"La experiencia de Luis Moya, estuvo al servicio del WRC Subaru - Universo Subaru\" \/>\n<meta property=\"og:description\" content=\"Pocos copilotos han gozado de tanto prestigio en el Campeonato del Mundo de Rallys como el gallego Luis Moya, el inseparable compa\u00f1ero de Carlos Sainz, en las duras y en las maduras, dos veces campeones, grandes decepciones con el t\u00edtulo en puertas. Toda una vida la del coru\u00f1\u00e9s por las carreteras m\u00e1s complicadas y en [&hellip;]\" \/>\n<meta property=\"og:url\" content=\"https:\/\/www.subaru.es\/blog\/nuestra-marca\/la-experiencia-de-luis-moya-estuvo-al-servicio-del-wrc-subaru\/\" \/>\n<meta property=\"og:site_name\" content=\"Universo Subaru\" \/>\n<meta property=\"article:publisher\" content=\"https:\/\/www.facebook.com\/subaruespana\" \/>\n<meta property=\"article:published_time\" content=\"2007-10-29T14:53:47+00:00\" \/>\n<meta property=\"article:modified_time\" content=\"2016-10-17T13:09:27+00:00\" \/>\n<meta property=\"og:image\" content=\"https:\/\/www.subaru.es\/blog\/wp-content\/uploads\/2007\/10\/luis-moya.jpg\" \/>\n\t<meta property=\"og:image:width\" content=\"275\" \/>\n\t<meta property=\"og:image:height\" content=\"186\" \/>\n\t<meta property=\"og:image:type\" content=\"image\/jpeg\" \/>\n<meta name=\"author\" content=\"Subaru\" \/>\n<meta name=\"twitter:card\" content=\"summary_large_image\" \/>\n<meta name=\"twitter:label1\" content=\"Escrito por\" \/>\n\t<meta name=\"twitter:data1\" content=\"Subaru\" \/>\n\t<meta name=\"twitter:label2\" content=\"Tiempo de lectura\" \/>\n\t<meta name=\"twitter:data2\" content=\"1 minuto\" \/>\n<script type=\"application\/ld+json\" class=\"yoast-schema-graph\">{\"@context\":\"https:\\\/\\\/schema.org\",\"@graph\":[{\"@type\":\"Article\",\"@id\":\"https:\\\/\\\/www.subaru.es\\\/blog\\\/nuestra-marca\\\/la-experiencia-de-luis-moya-estuvo-al-servicio-del-wrc-subaru\\\/#article\",\"isPartOf\":{\"@id\":\"https:\\\/\\\/www.subaru.es\\\/blog\\\/nuestra-marca\\\/la-experiencia-de-luis-moya-estuvo-al-servicio-del-wrc-subaru\\\/\"},\"author\":{\"name\":\"Subaru\",\"@id\":\"https:\\\/\\\/www.subaru.es\\\/blog\\\/#\\\/schema\\\/person\\\/19a90b892230b8e0ec752704ddf4aa10\"},\"headline\":\"La experiencia de Luis Moya, estuvo al servicio del WRC Subaru\",\"datePublished\":\"2007-10-29T14:53:47+00:00\",\"dateModified\":\"2016-10-17T13:09:27+00:00\",\"mainEntityOfPage\":{\"@id\":\"https:\\\/\\\/www.subaru.es\\\/blog\\\/nuestra-marca\\\/la-experiencia-de-luis-moya-estuvo-al-servicio-del-wrc-subaru\\\/\"},\"wordCount\":238,\"commentCount\":1,\"publisher\":{\"@id\":\"https:\\\/\\\/www.subaru.es\\\/blog\\\/#organization\"},\"image\":{\"@id\":\"https:\\\/\\\/www.subaru.es\\\/blog\\\/nuestra-marca\\\/la-experiencia-de-luis-moya-estuvo-al-servicio-del-wrc-subaru\\\/#primaryimage\"},\"thumbnailUrl\":\"https:\\\/\\\/www.subaru.es\\\/blog\\\/wp-content\\\/uploads\\\/2007\\\/10\\\/luis-moya.jpg\",\"articleSection\":[\"Nuestra marca\"],\"inLanguage\":\"es\",\"potentialAction\":[{\"@type\":\"CommentAction\",\"name\":\"Comment\",\"target\":[\"https:\\\/\\\/www.subaru.es\\\/blog\\\/nuestra-marca\\\/la-experiencia-de-luis-moya-estuvo-al-servicio-del-wrc-subaru\\\/#respond\"]}]},{\"@type\":\"WebPage\",\"@id\":\"https:\\\/\\\/www.subaru.es\\\/blog\\\/nuestra-marca\\\/la-experiencia-de-luis-moya-estuvo-al-servicio-del-wrc-subaru\\\/\",\"url\":\"https:\\\/\\\/www.subaru.es\\\/blog\\\/nuestra-marca\\\/la-experiencia-de-luis-moya-estuvo-al-servicio-del-wrc-subaru\\\/\",\"name\":\"La experiencia de Luis Moya, estuvo al servicio del WRC Subaru - Universo Subaru\",\"isPartOf\":{\"@id\":\"https:\\\/\\\/www.subaru.es\\\/blog\\\/#website\"},\"primaryImageOfPage\":{\"@id\":\"https:\\\/\\\/www.subaru.es\\\/blog\\\/nuestra-marca\\\/la-experiencia-de-luis-moya-estuvo-al-servicio-del-wrc-subaru\\\/#primaryimage\"},\"image\":{\"@id\":\"https:\\\/\\\/www.subaru.es\\\/blog\\\/nuestra-marca\\\/la-experiencia-de-luis-moya-estuvo-al-servicio-del-wrc-subaru\\\/#primaryimage\"},\"thumbnailUrl\":\"https:\\\/\\\/www.subaru.es\\\/blog\\\/wp-content\\\/uploads\\\/2007\\\/10\\\/luis-moya.jpg\",\"datePublished\":\"2007-10-29T14:53:47+00:00\",\"dateModified\":\"2016-10-17T13:09:27+00:00\",\"breadcrumb\":{\"@id\":\"https:\\\/\\\/www.subaru.es\\\/blog\\\/nuestra-marca\\\/la-experiencia-de-luis-moya-estuvo-al-servicio-del-wrc-subaru\\\/#breadcrumb\"},\"inLanguage\":\"es\",\"potentialAction\":[{\"@type\":\"ReadAction\",\"target\":[\"https:\\\/\\\/www.subaru.es\\\/blog\\\/nuestra-marca\\\/la-experiencia-de-luis-moya-estuvo-al-servicio-del-wrc-subaru\\\/\"]}]},{\"@type\":\"ImageObject\",\"inLanguage\":\"es\",\"@id\":\"https:\\\/\\\/www.subaru.es\\\/blog\\\/nuestra-marca\\\/la-experiencia-de-luis-moya-estuvo-al-servicio-del-wrc-subaru\\\/#primaryimage\",\"url\":\"https:\\\/\\\/www.subaru.es\\\/blog\\\/wp-content\\\/uploads\\\/2007\\\/10\\\/luis-moya.jpg\",\"contentUrl\":\"https:\\\/\\\/www.subaru.es\\\/blog\\\/wp-content\\\/uploads\\\/2007\\\/10\\\/luis-moya.jpg\",\"width\":275,\"height\":186},{\"@type\":\"BreadcrumbList\",\"@id\":\"https:\\\/\\\/www.subaru.es\\\/blog\\\/nuestra-marca\\\/la-experiencia-de-luis-moya-estuvo-al-servicio-del-wrc-subaru\\\/#breadcrumb\",\"itemListElement\":[{\"@type\":\"ListItem\",\"position\":1,\"name\":\"Portada\",\"item\":\"https:\\\/\\\/www.subaru.es\\\/blog\\\/\"},{\"@type\":\"ListItem\",\"position\":2,\"name\":\"La experiencia de Luis Moya, estuvo al servicio del WRC Subaru\"}]},{\"@type\":\"WebSite\",\"@id\":\"https:\\\/\\\/www.subaru.es\\\/blog\\\/#website\",\"url\":\"https:\\\/\\\/www.subaru.es\\\/blog\\\/\",\"name\":\"Universo Subaru\",\"description\":\"Descubre este apasionante espacio de Subaru donde vas a conocer todo sobre nuestros coches y las experiencias que vivimos con ellos. Si est\u00e1s preparado para dejarte seducir por la filosof\u00eda Subaru, qu\u00e9date con nosotros.\",\"publisher\":{\"@id\":\"https:\\\/\\\/www.subaru.es\\\/blog\\\/#organization\"},\"potentialAction\":[{\"@type\":\"SearchAction\",\"target\":{\"@type\":\"EntryPoint\",\"urlTemplate\":\"https:\\\/\\\/www.subaru.es\\\/blog\\\/?s={search_term_string}\"},\"query-input\":{\"@type\":\"PropertyValueSpecification\",\"valueRequired\":true,\"valueName\":\"search_term_string\"}}],\"inLanguage\":\"es\"},{\"@type\":\"Organization\",\"@id\":\"https:\\\/\\\/www.subaru.es\\\/blog\\\/#organization\",\"name\":\"Subaru Espa\u00f1a S.A.\",\"url\":\"https:\\\/\\\/www.subaru.es\\\/blog\\\/\",\"logo\":{\"@type\":\"ImageObject\",\"inLanguage\":\"es\",\"@id\":\"https:\\\/\\\/www.subaru.es\\\/blog\\\/#\\\/schema\\\/logo\\\/image\\\/\",\"url\":\"https:\\\/\\\/www.subaru.es\\\/blog\\\/wp-content\\\/uploads\\\/2016\\\/12\\\/Logo-Subaru-TypeV_C300-scaled.jpg\",\"contentUrl\":\"https:\\\/\\\/www.subaru.es\\\/blog\\\/wp-content\\\/uploads\\\/2016\\\/12\\\/Logo-Subaru-TypeV_C300-scaled.jpg\",\"width\":2560,\"height\":1864,\"caption\":\"Subaru Espa\u00f1a S.A.\"},\"image\":{\"@id\":\"https:\\\/\\\/www.subaru.es\\\/blog\\\/#\\\/schema\\\/logo\\\/image\\\/\"},\"sameAs\":[\"https:\\\/\\\/www.facebook.com\\\/subaruespana\",\"https:\\\/\\\/www.instagram.com\\\/subarues\\\/\",\"https:\\\/\\\/www.youtube.com\\\/user\\\/subaruespana\"]},{\"@type\":\"Person\",\"@id\":\"https:\\\/\\\/www.subaru.es\\\/blog\\\/#\\\/schema\\\/person\\\/19a90b892230b8e0ec752704ddf4aa10\",\"name\":\"Subaru\",\"url\":\"https:\\\/\\\/www.subaru.es\\\/blog\\\/author\\\/subaria\\\/\"}]}<\/script>\n<!-- \/ Yoast SEO plugin. -->","yoast_head_json":{"title":"La experiencia de Luis Moya, estuvo al servicio del WRC Subaru - Universo Subaru","robots":{"index":"index","follow":"follow","max-snippet":"max-snippet:-1","max-image-preview":"max-image-preview:large","max-video-preview":"max-video-preview:-1"},"canonical":"https:\/\/www.subaru.es\/blog\/nuestra-marca\/la-experiencia-de-luis-moya-estuvo-al-servicio-del-wrc-subaru\/","og_locale":"es_ES","og_type":"article","og_title":"La experiencia de Luis Moya, estuvo al servicio del WRC Subaru - Universo Subaru","og_description":"Pocos copilotos han gozado de tanto prestigio en el Campeonato del Mundo de Rallys como el gallego Luis Moya, el inseparable compa\u00f1ero de Carlos Sainz, en las duras y en las maduras, dos veces campeones, grandes decepciones con el t\u00edtulo en puertas. Toda una vida la del coru\u00f1\u00e9s por las carreteras m\u00e1s complicadas y en [&hellip;]","og_url":"https:\/\/www.subaru.es\/blog\/nuestra-marca\/la-experiencia-de-luis-moya-estuvo-al-servicio-del-wrc-subaru\/","og_site_name":"Universo Subaru","article_publisher":"https:\/\/www.facebook.com\/subaruespana","article_published_time":"2007-10-29T14:53:47+00:00","article_modified_time":"2016-10-17T13:09:27+00:00","og_image":[{"width":275,"height":186,"url":"https:\/\/www.subaru.es\/blog\/wp-content\/uploads\/2007\/10\/luis-moya.jpg","type":"image\/jpeg"}],"author":"Subaru","twitter_card":"summary_large_image","twitter_misc":{"Escrito por":"Subaru","Tiempo de lectura":"1 minuto"},"schema":{"@context":"https:\/\/schema.org","@graph":[{"@type":"Article","@id":"https:\/\/www.subaru.es\/blog\/nuestra-marca\/la-experiencia-de-luis-moya-estuvo-al-servicio-del-wrc-subaru\/#article","isPartOf":{"@id":"https:\/\/www.subaru.es\/blog\/nuestra-marca\/la-experiencia-de-luis-moya-estuvo-al-servicio-del-wrc-subaru\/"},"author":{"name":"Subaru","@id":"https:\/\/www.subaru.es\/blog\/#\/schema\/person\/19a90b892230b8e0ec752704ddf4aa10"},"headline":"La experiencia de Luis Moya, estuvo al servicio del WRC Subaru","datePublished":"2007-10-29T14:53:47+00:00","dateModified":"2016-10-17T13:09:27+00:00","mainEntityOfPage":{"@id":"https:\/\/www.subaru.es\/blog\/nuestra-marca\/la-experiencia-de-luis-moya-estuvo-al-servicio-del-wrc-subaru\/"},"wordCount":238,"commentCount":1,"publisher":{"@id":"https:\/\/www.subaru.es\/blog\/#organization"},"image":{"@id":"https:\/\/www.subaru.es\/blog\/nuestra-marca\/la-experiencia-de-luis-moya-estuvo-al-servicio-del-wrc-subaru\/#primaryimage"},"thumbnailUrl":"https:\/\/www.subaru.es\/blog\/wp-content\/uploads\/2007\/10\/luis-moya.jpg","articleSection":["Nuestra marca"],"inLanguage":"es","potentialAction":[{"@type":"CommentAction","name":"Comment","target":["https:\/\/www.subaru.es\/blog\/nuestra-marca\/la-experiencia-de-luis-moya-estuvo-al-servicio-del-wrc-subaru\/#respond"]}]},{"@type":"WebPage","@id":"https:\/\/www.subaru.es\/blog\/nuestra-marca\/la-experiencia-de-luis-moya-estuvo-al-servicio-del-wrc-subaru\/","url":"https:\/\/www.subaru.es\/blog\/nuestra-marca\/la-experiencia-de-luis-moya-estuvo-al-servicio-del-wrc-subaru\/","name":"La experiencia de Luis Moya, estuvo al servicio del WRC Subaru - Universo Subaru","isPartOf":{"@id":"https:\/\/www.subaru.es\/blog\/#website"},"primaryImageOfPage":{"@id":"https:\/\/www.subaru.es\/blog\/nuestra-marca\/la-experiencia-de-luis-moya-estuvo-al-servicio-del-wrc-subaru\/#primaryimage"},"image":{"@id":"https:\/\/www.subaru.es\/blog\/nuestra-marca\/la-experiencia-de-luis-moya-estuvo-al-servicio-del-wrc-subaru\/#primaryimage"},"thumbnailUrl":"https:\/\/www.subaru.es\/blog\/wp-content\/uploads\/2007\/10\/luis-moya.jpg","datePublished":"2007-10-29T14:53:47+00:00","dateModified":"2016-10-17T13:09:27+00:00","breadcrumb":{"@id":"https:\/\/www.subaru.es\/blog\/nuestra-marca\/la-experiencia-de-luis-moya-estuvo-al-servicio-del-wrc-subaru\/#breadcrumb"},"inLanguage":"es","potentialAction":[{"@type":"ReadAction","target":["https:\/\/www.subaru.es\/blog\/nuestra-marca\/la-experiencia-de-luis-moya-estuvo-al-servicio-del-wrc-subaru\/"]}]},{"@type":"ImageObject","inLanguage":"es","@id":"https:\/\/www.subaru.es\/blog\/nuestra-marca\/la-experiencia-de-luis-moya-estuvo-al-servicio-del-wrc-subaru\/#primaryimage","url":"https:\/\/www.subaru.es\/blog\/wp-content\/uploads\/2007\/10\/luis-moya.jpg","contentUrl":"https:\/\/www.subaru.es\/blog\/wp-content\/uploads\/2007\/10\/luis-moya.jpg","width":275,"height":186},{"@type":"BreadcrumbList","@id":"https:\/\/www.subaru.es\/blog\/nuestra-marca\/la-experiencia-de-luis-moya-estuvo-al-servicio-del-wrc-subaru\/#breadcrumb","itemListElement":[{"@type":"ListItem","position":1,"name":"Portada","item":"https:\/\/www.subaru.es\/blog\/"},{"@type":"ListItem","position":2,"name":"La experiencia de Luis Moya, estuvo al servicio del WRC Subaru"}]},{"@type":"WebSite","@id":"https:\/\/www.subaru.es\/blog\/#website","url":"https:\/\/www.subaru.es\/blog\/","name":"Universo Subaru","description":"Descubre este apasionante espacio de Subaru donde vas a conocer todo sobre nuestros coches y las experiencias que vivimos con ellos. Si est\u00e1s preparado para dejarte seducir por la filosof\u00eda Subaru, qu\u00e9date con nosotros.","publisher":{"@id":"https:\/\/www.subaru.es\/blog\/#organization"},"potentialAction":[{"@type":"SearchAction","target":{"@type":"EntryPoint","urlTemplate":"https:\/\/www.subaru.es\/blog\/?s={search_term_string}"},"query-input":{"@type":"PropertyValueSpecification","valueRequired":true,"valueName":"search_term_string"}}],"inLanguage":"es"},{"@type":"Organization","@id":"https:\/\/www.subaru.es\/blog\/#organization","name":"Subaru Espa\u00f1a S.A.","url":"https:\/\/www.subaru.es\/blog\/","logo":{"@type":"ImageObject","inLanguage":"es","@id":"https:\/\/www.subaru.es\/blog\/#\/schema\/logo\/image\/","url":"https:\/\/www.subaru.es\/blog\/wp-content\/uploads\/2016\/12\/Logo-Subaru-TypeV_C300-scaled.jpg","contentUrl":"https:\/\/www.subaru.es\/blog\/wp-content\/uploads\/2016\/12\/Logo-Subaru-TypeV_C300-scaled.jpg","width":2560,"height":1864,"caption":"Subaru Espa\u00f1a S.A."},"image":{"@id":"https:\/\/www.subaru.es\/blog\/#\/schema\/logo\/image\/"},"sameAs":["https:\/\/www.facebook.com\/subaruespana","https:\/\/www.instagram.com\/subarues\/","https:\/\/www.youtube.com\/user\/subaruespana"]},{"@type":"Person","@id":"https:\/\/www.subaru.es\/blog\/#\/schema\/person\/19a90b892230b8e0ec752704ddf4aa10","name":"Subaru","url":"https:\/\/www.subaru.es\/blog\/author\/subaria\/"}]}},"_links":{"self":[{"href":"https:\/\/www.subaru.es\/blog\/wp-json\/wp\/v2\/posts\/353","targetHints":{"allow":["GET"]}}],"collection":[{"href":"https:\/\/www.subaru.es\/blog\/wp-json\/wp\/v2\/posts"}],"about":[{"href":"https:\/\/www.subaru.es\/blog\/wp-json\/wp\/v2\/types\/post"}],"author":[{"embeddable":true,"href":"https:\/\/www.subaru.es\/blog\/wp-json\/wp\/v2\/users\/21"}],"replies":[{"embeddable":true,"href":"https:\/\/www.subaru.es\/blog\/wp-json\/wp\/v2\/comments?post=353"}],"version-history":[{"count":1,"href":"https:\/\/www.subaru.es\/blog\/wp-json\/wp\/v2\/posts\/353\/revisions"}],"predecessor-version":[{"id":15756,"href":"https:\/\/www.subaru.es\/blog\/wp-json\/wp\/v2\/posts\/353\/revisions\/15756"}],"wp:featuredmedia":[{"embeddable":true,"href":"https:\/\/www.subaru.es\/blog\/wp-json\/wp\/v2\/media\/354"}],"wp:attachment":[{"href":"https:\/\/www.subaru.es\/blog\/wp-json\/wp\/v2\/media?parent=353"}],"wp:term":[{"taxonomy":"category","embeddable":true,"href":"https:\/\/www.subaru.es\/blog\/wp-json\/wp\/v2\/categories?post=353"},{"taxonomy":"post_tag","embeddable":true,"href":"https:\/\/www.subaru.es\/blog\/wp-json\/wp\/v2\/tags?post=353"}],"curies":[{"name":"wp","href":"https:\/\/api.w.org\/{rel}","templated":true}]}}