{"id":3472,"date":"2010-11-18T22:04:59","date_gmt":"2010-11-18T20:04:59","guid":{"rendered":"http:\/\/subaru.preproduccion.com\/blog\/?p=3472"},"modified":"2016-10-17T15:11:09","modified_gmt":"2016-10-17T13:11:09","slug":"subaru-impreza-concept-nuevo-modelo-de-subaru","status":"publish","type":"post","link":"https:\/\/www.subaru.es\/blog\/nuestra-marca\/subaru-impreza-concept-nuevo-modelo-de-subaru\/","title":{"rendered":"Subaru Impreza Concept, nuevo modelo de Subaru"},"content":{"rendered":"<p><center><object width=\"500\" height=\"350\"><param name=\"movie\" value=\"http:\/\/www.youtube.com\/v\/vUCtzVISP-c?hl=es&#038;fs=1\"><\/param><param name=\"allowFullScreen\" value=\"true\"><\/param><param name=\"allowscriptaccess\" value=\"always\"><\/param><embed src=\"http:\/\/www.youtube.com\/v\/vUCtzVISP-c?hl=es&#038;fs=1\" type=\"application\/x-shockwave-flash\" allowscriptaccess=\"always\" allowfullscreen=\"true\" width=\"500\" height=\"350\"><\/embed><\/object><\/center><br \/>\n<strong>Fuji Heavy Industries <\/strong>ha presentado hoy el <strong>Subaru Impreza Concept <\/strong>en el Sal\u00f3n del Autom\u00f3vil de los \u00c1ngeles. Es el primer  modelo conceptual creado al abrigo de la nueva estrategia de la marca, <strong>Confianza en el movimiento<\/strong>. El concepto expresa el valor central de la firma, disfrute y paz mental.<\/p>\n<p><a href=\"http:\/\/www.subaru-global.com\/about\/motorshow\/ms\/2010la\/\">Subaru Impreza Concept <\/a>presenta una l\u00ednea depurada y fina que exuda dinamismo y elegancia, con un amplio interior de cuatro plazas que garantiza un paseo c\u00f3modo y seguro. El coche denota un avanzado dise\u00f1o, con un estilo de cup\u00e9 deportivo y animado de cuatro puertas.<br \/>\n<!--more--><center><a href=\"https:\/\/www.subaru.es\/blog\/wp-content\/uploads\/2010\/11\/Subaru_Impreza_Concept.jpg\"><img decoding=\"async\" class=\"aligncenter size-large wp-image-3474 lazyload\" title=\"Subaru_Impreza_Concept\" data-src=\"https:\/\/www.subaru.es\/blog\/wp-content\/uploads\/2010\/11\/Subaru_Impreza_Concept-1024x682.jpg\" alt=\"\" width=\"500\" height=\"350\" src=\"data:image\/svg+xml;base64,PHN2ZyB3aWR0aD0iMSIgaGVpZ2h0PSIxIiB4bWxucz0iaHR0cDovL3d3dy53My5vcmcvMjAwMC9zdmciPjwvc3ZnPg==\" style=\"--smush-placeholder-width: 500px; --smush-placeholder-aspect-ratio: 500\/350;\" \/><\/a><\/center><br \/>\nEl dise\u00f1o exterior est\u00e1 basado en los conceptos de <strong>flujo din\u00e1mico <\/strong>y <strong>postura confidente<\/strong>. El color exterior es <em>Sky Silver<\/em>, un plata azulado que recuerda al color de un aeroplano y que se ha presentado como proposici\u00f3n crom\u00e1tica para la siguiente generaci\u00f3n de autom\u00f3viles Subaru.<\/p>\n<p><center><a href=\"https:\/\/www.subaru.es\/blog\/wp-content\/uploads\/2010\/11\/Impreza-Concept-1.jpg\"><img decoding=\"async\" class=\"aligncenter size-large wp-image-3504 lazyload\" title=\"Impreza Concept 1\" data-src=\"https:\/\/www.subaru.es\/blog\/wp-content\/uploads\/2010\/11\/Impreza-Concept-1-1024x682.jpg\" alt=\"\" width=\"500\" height=\"350\" src=\"data:image\/svg+xml;base64,PHN2ZyB3aWR0aD0iMSIgaGVpZ2h0PSIxIiB4bWxucz0iaHR0cDovL3d3dy53My5vcmcvMjAwMC9zdmciPjwvc3ZnPg==\" style=\"--smush-placeholder-width: 500px; --smush-placeholder-aspect-ratio: 500\/350;\" \/><\/a><\/center><br \/>\nEl dise\u00f1o interior est\u00e1 inspirado en los conceptos de <strong>dinamismo, atractivo y seguridad<\/strong>. El modelo presenta dos colores en el interior para dar sensaci\u00f3n de amplitud, para un espacio interior que combina informaci\u00f3n y entretenimiento con el objetivo de maximizar el placer en la conducci\u00f3n. Asimismo, el coche conceptual cuenta con el avanzado sistema de ayuda a la conducci\u00f3n <em>EyeSight<\/em>.<\/p>\n<p>El video de presentaci\u00f3n de este modelo est\u00e1 disponible en la web global de Subaru:<\/p>\n<p>V\u00eda | <a href=\"http:\/\/www.subaru-global.com\/about\/motorshow\/ms\/2010la\/\">Subaru Global <\/a><\/p>\n","protected":false},"excerpt":{"rendered":"<p>Fuji Heavy Industries ha presentado hoy el Subaru Impreza Concept en el Sal\u00f3n del Autom\u00f3vil de los \u00c1ngeles. Es el primer modelo conceptual creado al abrigo de la nueva estrategia de la marca, Confianza en el movimiento. El concepto expresa el valor central de la firma, disfrute y paz mental. Subaru Impreza Concept presenta una [&hellip;]<\/p>\n","protected":false},"author":21,"featured_media":3474,"comment_status":"open","ping_status":"open","sticky":false,"template":"","format":"standard","meta":{"_acf_changed":false,"_eb_attr":"","inline_featured_image":false,"footnotes":""},"categories":[4401],"tags":[1475,3261,3260],"class_list":["post-3472","post","type-post","status-publish","format-standard","has-post-thumbnail","hentry","category-nuestra-marca","tag-fuji-heavy-industries","tag-salon-del-automovil-los-angeles","tag-subaru-impreza-concept"],"acf":[],"yoast_head":"<!-- This site is optimized with the Yoast SEO plugin v27.3 - https:\/\/yoast.com\/product\/yoast-seo-wordpress\/ -->\n<title>Subaru Impreza Concept, nuevo modelo de Subaru - Universo Subaru<\/title>\n<meta name=\"robots\" content=\"index, follow, max-snippet:-1, max-image-preview:large, max-video-preview:-1\" \/>\n<link rel=\"canonical\" href=\"https:\/\/www.subaru.es\/blog\/nuestra-marca\/subaru-impreza-concept-nuevo-modelo-de-subaru\/\" \/>\n<meta property=\"og:locale\" content=\"es_ES\" \/>\n<meta property=\"og:type\" content=\"article\" \/>\n<meta property=\"og:title\" content=\"Subaru Impreza Concept, nuevo modelo de Subaru - Universo Subaru\" \/>\n<meta property=\"og:description\" content=\"Fuji Heavy Industries ha presentado hoy el Subaru Impreza Concept en el Sal\u00f3n del Autom\u00f3vil de los \u00c1ngeles. Es el primer modelo conceptual creado al abrigo de la nueva estrategia de la marca, Confianza en el movimiento. El concepto expresa el valor central de la firma, disfrute y paz mental. Subaru Impreza Concept presenta una [&hellip;]\" \/>\n<meta property=\"og:url\" content=\"https:\/\/www.subaru.es\/blog\/nuestra-marca\/subaru-impreza-concept-nuevo-modelo-de-subaru\/\" \/>\n<meta property=\"og:site_name\" content=\"Universo Subaru\" \/>\n<meta property=\"article:publisher\" content=\"https:\/\/www.facebook.com\/subaruespana\" \/>\n<meta property=\"article:published_time\" content=\"2010-11-18T20:04:59+00:00\" \/>\n<meta property=\"article:modified_time\" content=\"2016-10-17T13:11:09+00:00\" \/>\n<meta property=\"og:image\" content=\"https:\/\/www.subaru.es\/blog\/wp-content\/uploads\/2010\/11\/Subaru_Impreza_Concept.jpg\" \/>\n\t<meta property=\"og:image:width\" content=\"3000\" \/>\n\t<meta property=\"og:image:height\" content=\"2000\" \/>\n\t<meta property=\"og:image:type\" content=\"image\/jpeg\" \/>\n<meta name=\"author\" content=\"Subaru\" \/>\n<meta name=\"twitter:card\" content=\"summary_large_image\" \/>\n<meta name=\"twitter:label1\" content=\"Escrito por\" \/>\n\t<meta name=\"twitter:data1\" content=\"Subaru\" \/>\n\t<meta name=\"twitter:label2\" content=\"Tiempo de lectura\" \/>\n\t<meta name=\"twitter:data2\" content=\"1 minuto\" \/>\n<script type=\"application\/ld+json\" class=\"yoast-schema-graph\">{\"@context\":\"https:\\\/\\\/schema.org\",\"@graph\":[{\"@type\":\"Article\",\"@id\":\"https:\\\/\\\/www.subaru.es\\\/blog\\\/nuestra-marca\\\/subaru-impreza-concept-nuevo-modelo-de-subaru\\\/#article\",\"isPartOf\":{\"@id\":\"https:\\\/\\\/www.subaru.es\\\/blog\\\/nuestra-marca\\\/subaru-impreza-concept-nuevo-modelo-de-subaru\\\/\"},\"author\":{\"name\":\"Subaru\",\"@id\":\"https:\\\/\\\/www.subaru.es\\\/blog\\\/#\\\/schema\\\/person\\\/19a90b892230b8e0ec752704ddf4aa10\"},\"headline\":\"Subaru Impreza Concept, nuevo modelo de Subaru\",\"datePublished\":\"2010-11-18T20:04:59+00:00\",\"dateModified\":\"2016-10-17T13:11:09+00:00\",\"mainEntityOfPage\":{\"@id\":\"https:\\\/\\\/www.subaru.es\\\/blog\\\/nuestra-marca\\\/subaru-impreza-concept-nuevo-modelo-de-subaru\\\/\"},\"wordCount\":243,\"commentCount\":0,\"publisher\":{\"@id\":\"https:\\\/\\\/www.subaru.es\\\/blog\\\/#organization\"},\"image\":{\"@id\":\"https:\\\/\\\/www.subaru.es\\\/blog\\\/nuestra-marca\\\/subaru-impreza-concept-nuevo-modelo-de-subaru\\\/#primaryimage\"},\"thumbnailUrl\":\"https:\\\/\\\/www.subaru.es\\\/blog\\\/wp-content\\\/uploads\\\/2010\\\/11\\\/Subaru_Impreza_Concept-scaled.jpg\",\"keywords\":[\"Fuji Heavy Industries\",\"Sal\u00f3n del Autom\u00f3vil Los \u00c1ngeles\",\"Subaru Impreza Concept\"],\"articleSection\":[\"Nuestra marca\"],\"inLanguage\":\"es\",\"potentialAction\":[{\"@type\":\"CommentAction\",\"name\":\"Comment\",\"target\":[\"https:\\\/\\\/www.subaru.es\\\/blog\\\/nuestra-marca\\\/subaru-impreza-concept-nuevo-modelo-de-subaru\\\/#respond\"]}]},{\"@type\":\"WebPage\",\"@id\":\"https:\\\/\\\/www.subaru.es\\\/blog\\\/nuestra-marca\\\/subaru-impreza-concept-nuevo-modelo-de-subaru\\\/\",\"url\":\"https:\\\/\\\/www.subaru.es\\\/blog\\\/nuestra-marca\\\/subaru-impreza-concept-nuevo-modelo-de-subaru\\\/\",\"name\":\"Subaru Impreza Concept, nuevo modelo de Subaru - Universo Subaru\",\"isPartOf\":{\"@id\":\"https:\\\/\\\/www.subaru.es\\\/blog\\\/#website\"},\"primaryImageOfPage\":{\"@id\":\"https:\\\/\\\/www.subaru.es\\\/blog\\\/nuestra-marca\\\/subaru-impreza-concept-nuevo-modelo-de-subaru\\\/#primaryimage\"},\"image\":{\"@id\":\"https:\\\/\\\/www.subaru.es\\\/blog\\\/nuestra-marca\\\/subaru-impreza-concept-nuevo-modelo-de-subaru\\\/#primaryimage\"},\"thumbnailUrl\":\"https:\\\/\\\/www.subaru.es\\\/blog\\\/wp-content\\\/uploads\\\/2010\\\/11\\\/Subaru_Impreza_Concept-scaled.jpg\",\"datePublished\":\"2010-11-18T20:04:59+00:00\",\"dateModified\":\"2016-10-17T13:11:09+00:00\",\"breadcrumb\":{\"@id\":\"https:\\\/\\\/www.subaru.es\\\/blog\\\/nuestra-marca\\\/subaru-impreza-concept-nuevo-modelo-de-subaru\\\/#breadcrumb\"},\"inLanguage\":\"es\",\"potentialAction\":[{\"@type\":\"ReadAction\",\"target\":[\"https:\\\/\\\/www.subaru.es\\\/blog\\\/nuestra-marca\\\/subaru-impreza-concept-nuevo-modelo-de-subaru\\\/\"]}]},{\"@type\":\"ImageObject\",\"inLanguage\":\"es\",\"@id\":\"https:\\\/\\\/www.subaru.es\\\/blog\\\/nuestra-marca\\\/subaru-impreza-concept-nuevo-modelo-de-subaru\\\/#primaryimage\",\"url\":\"https:\\\/\\\/www.subaru.es\\\/blog\\\/wp-content\\\/uploads\\\/2010\\\/11\\\/Subaru_Impreza_Concept-scaled.jpg\",\"contentUrl\":\"https:\\\/\\\/www.subaru.es\\\/blog\\\/wp-content\\\/uploads\\\/2010\\\/11\\\/Subaru_Impreza_Concept-scaled.jpg\",\"width\":2560,\"height\":1707},{\"@type\":\"BreadcrumbList\",\"@id\":\"https:\\\/\\\/www.subaru.es\\\/blog\\\/nuestra-marca\\\/subaru-impreza-concept-nuevo-modelo-de-subaru\\\/#breadcrumb\",\"itemListElement\":[{\"@type\":\"ListItem\",\"position\":1,\"name\":\"Portada\",\"item\":\"https:\\\/\\\/www.subaru.es\\\/blog\\\/\"},{\"@type\":\"ListItem\",\"position\":2,\"name\":\"Subaru Impreza Concept, nuevo modelo de Subaru\"}]},{\"@type\":\"WebSite\",\"@id\":\"https:\\\/\\\/www.subaru.es\\\/blog\\\/#website\",\"url\":\"https:\\\/\\\/www.subaru.es\\\/blog\\\/\",\"name\":\"Universo Subaru\",\"description\":\"Descubre este apasionante espacio de Subaru donde vas a conocer todo sobre nuestros coches y las experiencias que vivimos con ellos. Si est\u00e1s preparado para dejarte seducir por la filosof\u00eda Subaru, qu\u00e9date con nosotros.\",\"publisher\":{\"@id\":\"https:\\\/\\\/www.subaru.es\\\/blog\\\/#organization\"},\"potentialAction\":[{\"@type\":\"SearchAction\",\"target\":{\"@type\":\"EntryPoint\",\"urlTemplate\":\"https:\\\/\\\/www.subaru.es\\\/blog\\\/?s={search_term_string}\"},\"query-input\":{\"@type\":\"PropertyValueSpecification\",\"valueRequired\":true,\"valueName\":\"search_term_string\"}}],\"inLanguage\":\"es\"},{\"@type\":\"Organization\",\"@id\":\"https:\\\/\\\/www.subaru.es\\\/blog\\\/#organization\",\"name\":\"Subaru Espa\u00f1a S.A.\",\"url\":\"https:\\\/\\\/www.subaru.es\\\/blog\\\/\",\"logo\":{\"@type\":\"ImageObject\",\"inLanguage\":\"es\",\"@id\":\"https:\\\/\\\/www.subaru.es\\\/blog\\\/#\\\/schema\\\/logo\\\/image\\\/\",\"url\":\"https:\\\/\\\/www.subaru.es\\\/blog\\\/wp-content\\\/uploads\\\/2016\\\/12\\\/Logo-Subaru-TypeV_C300-scaled.jpg\",\"contentUrl\":\"https:\\\/\\\/www.subaru.es\\\/blog\\\/wp-content\\\/uploads\\\/2016\\\/12\\\/Logo-Subaru-TypeV_C300-scaled.jpg\",\"width\":2560,\"height\":1864,\"caption\":\"Subaru Espa\u00f1a S.A.\"},\"image\":{\"@id\":\"https:\\\/\\\/www.subaru.es\\\/blog\\\/#\\\/schema\\\/logo\\\/image\\\/\"},\"sameAs\":[\"https:\\\/\\\/www.facebook.com\\\/subaruespana\",\"https:\\\/\\\/www.instagram.com\\\/subarues\\\/\",\"https:\\\/\\\/www.youtube.com\\\/user\\\/subaruespana\"]},{\"@type\":\"Person\",\"@id\":\"https:\\\/\\\/www.subaru.es\\\/blog\\\/#\\\/schema\\\/person\\\/19a90b892230b8e0ec752704ddf4aa10\",\"name\":\"Subaru\",\"url\":\"https:\\\/\\\/www.subaru.es\\\/blog\\\/author\\\/subaria\\\/\"}]}<\/script>\n<!-- \/ Yoast SEO plugin. -->","yoast_head_json":{"title":"Subaru Impreza Concept, nuevo modelo de Subaru - Universo Subaru","robots":{"index":"index","follow":"follow","max-snippet":"max-snippet:-1","max-image-preview":"max-image-preview:large","max-video-preview":"max-video-preview:-1"},"canonical":"https:\/\/www.subaru.es\/blog\/nuestra-marca\/subaru-impreza-concept-nuevo-modelo-de-subaru\/","og_locale":"es_ES","og_type":"article","og_title":"Subaru Impreza Concept, nuevo modelo de Subaru - Universo Subaru","og_description":"Fuji Heavy Industries ha presentado hoy el Subaru Impreza Concept en el Sal\u00f3n del Autom\u00f3vil de los \u00c1ngeles. Es el primer modelo conceptual creado al abrigo de la nueva estrategia de la marca, Confianza en el movimiento. El concepto expresa el valor central de la firma, disfrute y paz mental. Subaru Impreza Concept presenta una [&hellip;]","og_url":"https:\/\/www.subaru.es\/blog\/nuestra-marca\/subaru-impreza-concept-nuevo-modelo-de-subaru\/","og_site_name":"Universo Subaru","article_publisher":"https:\/\/www.facebook.com\/subaruespana","article_published_time":"2010-11-18T20:04:59+00:00","article_modified_time":"2016-10-17T13:11:09+00:00","og_image":[{"width":3000,"height":2000,"url":"https:\/\/www.subaru.es\/blog\/wp-content\/uploads\/2010\/11\/Subaru_Impreza_Concept.jpg","type":"image\/jpeg"}],"author":"Subaru","twitter_card":"summary_large_image","twitter_misc":{"Escrito por":"Subaru","Tiempo de lectura":"1 minuto"},"schema":{"@context":"https:\/\/schema.org","@graph":[{"@type":"Article","@id":"https:\/\/www.subaru.es\/blog\/nuestra-marca\/subaru-impreza-concept-nuevo-modelo-de-subaru\/#article","isPartOf":{"@id":"https:\/\/www.subaru.es\/blog\/nuestra-marca\/subaru-impreza-concept-nuevo-modelo-de-subaru\/"},"author":{"name":"Subaru","@id":"https:\/\/www.subaru.es\/blog\/#\/schema\/person\/19a90b892230b8e0ec752704ddf4aa10"},"headline":"Subaru Impreza Concept, nuevo modelo de Subaru","datePublished":"2010-11-18T20:04:59+00:00","dateModified":"2016-10-17T13:11:09+00:00","mainEntityOfPage":{"@id":"https:\/\/www.subaru.es\/blog\/nuestra-marca\/subaru-impreza-concept-nuevo-modelo-de-subaru\/"},"wordCount":243,"commentCount":0,"publisher":{"@id":"https:\/\/www.subaru.es\/blog\/#organization"},"image":{"@id":"https:\/\/www.subaru.es\/blog\/nuestra-marca\/subaru-impreza-concept-nuevo-modelo-de-subaru\/#primaryimage"},"thumbnailUrl":"https:\/\/www.subaru.es\/blog\/wp-content\/uploads\/2010\/11\/Subaru_Impreza_Concept-scaled.jpg","keywords":["Fuji Heavy Industries","Sal\u00f3n del Autom\u00f3vil Los \u00c1ngeles","Subaru Impreza Concept"],"articleSection":["Nuestra marca"],"inLanguage":"es","potentialAction":[{"@type":"CommentAction","name":"Comment","target":["https:\/\/www.subaru.es\/blog\/nuestra-marca\/subaru-impreza-concept-nuevo-modelo-de-subaru\/#respond"]}]},{"@type":"WebPage","@id":"https:\/\/www.subaru.es\/blog\/nuestra-marca\/subaru-impreza-concept-nuevo-modelo-de-subaru\/","url":"https:\/\/www.subaru.es\/blog\/nuestra-marca\/subaru-impreza-concept-nuevo-modelo-de-subaru\/","name":"Subaru Impreza Concept, nuevo modelo de Subaru - Universo Subaru","isPartOf":{"@id":"https:\/\/www.subaru.es\/blog\/#website"},"primaryImageOfPage":{"@id":"https:\/\/www.subaru.es\/blog\/nuestra-marca\/subaru-impreza-concept-nuevo-modelo-de-subaru\/#primaryimage"},"image":{"@id":"https:\/\/www.subaru.es\/blog\/nuestra-marca\/subaru-impreza-concept-nuevo-modelo-de-subaru\/#primaryimage"},"thumbnailUrl":"https:\/\/www.subaru.es\/blog\/wp-content\/uploads\/2010\/11\/Subaru_Impreza_Concept-scaled.jpg","datePublished":"2010-11-18T20:04:59+00:00","dateModified":"2016-10-17T13:11:09+00:00","breadcrumb":{"@id":"https:\/\/www.subaru.es\/blog\/nuestra-marca\/subaru-impreza-concept-nuevo-modelo-de-subaru\/#breadcrumb"},"inLanguage":"es","potentialAction":[{"@type":"ReadAction","target":["https:\/\/www.subaru.es\/blog\/nuestra-marca\/subaru-impreza-concept-nuevo-modelo-de-subaru\/"]}]},{"@type":"ImageObject","inLanguage":"es","@id":"https:\/\/www.subaru.es\/blog\/nuestra-marca\/subaru-impreza-concept-nuevo-modelo-de-subaru\/#primaryimage","url":"https:\/\/www.subaru.es\/blog\/wp-content\/uploads\/2010\/11\/Subaru_Impreza_Concept-scaled.jpg","contentUrl":"https:\/\/www.subaru.es\/blog\/wp-content\/uploads\/2010\/11\/Subaru_Impreza_Concept-scaled.jpg","width":2560,"height":1707},{"@type":"BreadcrumbList","@id":"https:\/\/www.subaru.es\/blog\/nuestra-marca\/subaru-impreza-concept-nuevo-modelo-de-subaru\/#breadcrumb","itemListElement":[{"@type":"ListItem","position":1,"name":"Portada","item":"https:\/\/www.subaru.es\/blog\/"},{"@type":"ListItem","position":2,"name":"Subaru Impreza Concept, nuevo modelo de Subaru"}]},{"@type":"WebSite","@id":"https:\/\/www.subaru.es\/blog\/#website","url":"https:\/\/www.subaru.es\/blog\/","name":"Universo Subaru","description":"Descubre este apasionante espacio de Subaru donde vas a conocer todo sobre nuestros coches y las experiencias que vivimos con ellos. Si est\u00e1s preparado para dejarte seducir por la filosof\u00eda Subaru, qu\u00e9date con nosotros.","publisher":{"@id":"https:\/\/www.subaru.es\/blog\/#organization"},"potentialAction":[{"@type":"SearchAction","target":{"@type":"EntryPoint","urlTemplate":"https:\/\/www.subaru.es\/blog\/?s={search_term_string}"},"query-input":{"@type":"PropertyValueSpecification","valueRequired":true,"valueName":"search_term_string"}}],"inLanguage":"es"},{"@type":"Organization","@id":"https:\/\/www.subaru.es\/blog\/#organization","name":"Subaru Espa\u00f1a S.A.","url":"https:\/\/www.subaru.es\/blog\/","logo":{"@type":"ImageObject","inLanguage":"es","@id":"https:\/\/www.subaru.es\/blog\/#\/schema\/logo\/image\/","url":"https:\/\/www.subaru.es\/blog\/wp-content\/uploads\/2016\/12\/Logo-Subaru-TypeV_C300-scaled.jpg","contentUrl":"https:\/\/www.subaru.es\/blog\/wp-content\/uploads\/2016\/12\/Logo-Subaru-TypeV_C300-scaled.jpg","width":2560,"height":1864,"caption":"Subaru Espa\u00f1a S.A."},"image":{"@id":"https:\/\/www.subaru.es\/blog\/#\/schema\/logo\/image\/"},"sameAs":["https:\/\/www.facebook.com\/subaruespana","https:\/\/www.instagram.com\/subarues\/","https:\/\/www.youtube.com\/user\/subaruespana"]},{"@type":"Person","@id":"https:\/\/www.subaru.es\/blog\/#\/schema\/person\/19a90b892230b8e0ec752704ddf4aa10","name":"Subaru","url":"https:\/\/www.subaru.es\/blog\/author\/subaria\/"}]}},"_links":{"self":[{"href":"https:\/\/www.subaru.es\/blog\/wp-json\/wp\/v2\/posts\/3472","targetHints":{"allow":["GET"]}}],"collection":[{"href":"https:\/\/www.subaru.es\/blog\/wp-json\/wp\/v2\/posts"}],"about":[{"href":"https:\/\/www.subaru.es\/blog\/wp-json\/wp\/v2\/types\/post"}],"author":[{"embeddable":true,"href":"https:\/\/www.subaru.es\/blog\/wp-json\/wp\/v2\/users\/21"}],"replies":[{"embeddable":true,"href":"https:\/\/www.subaru.es\/blog\/wp-json\/wp\/v2\/comments?post=3472"}],"version-history":[{"count":1,"href":"https:\/\/www.subaru.es\/blog\/wp-json\/wp\/v2\/posts\/3472\/revisions"}],"predecessor-version":[{"id":14998,"href":"https:\/\/www.subaru.es\/blog\/wp-json\/wp\/v2\/posts\/3472\/revisions\/14998"}],"wp:featuredmedia":[{"embeddable":true,"href":"https:\/\/www.subaru.es\/blog\/wp-json\/wp\/v2\/media\/3474"}],"wp:attachment":[{"href":"https:\/\/www.subaru.es\/blog\/wp-json\/wp\/v2\/media?parent=3472"}],"wp:term":[{"taxonomy":"category","embeddable":true,"href":"https:\/\/www.subaru.es\/blog\/wp-json\/wp\/v2\/categories?post=3472"},{"taxonomy":"post_tag","embeddable":true,"href":"https:\/\/www.subaru.es\/blog\/wp-json\/wp\/v2\/tags?post=3472"}],"curies":[{"name":"wp","href":"https:\/\/api.w.org\/{rel}","templated":true}]}}