{"id":344,"date":"2007-10-30T11:57:05","date_gmt":"2007-10-30T09:57:05","guid":{"rendered":"http:\/\/subaru.preproduccion.com\/blog\/wp-content\/2007\/10\/30\/petter-solberg-el-vikingo-que-logro-el-ultimo-campeonato-con-subaru\/"},"modified":"2016-10-17T15:09:27","modified_gmt":"2016-10-17T13:09:27","slug":"petter-solberg-el-vikingo-que-logro-el-ultimo-campeonato-con-subaru","status":"publish","type":"post","link":"https:\/\/www.subaru.es\/blog\/nuestra-marca\/petter-solberg-el-vikingo-que-logro-el-ultimo-campeonato-con-subaru\/","title":{"rendered":"Petter Solberg, el vikingo que logr\u00f3 el \u00faltimo campeonato con Subaru"},"content":{"rendered":"<p>Hasta el actual dominio de <strong>Sebasti\u00e1n Loeb<\/strong>, puede decirse que en os primeros a\u00f1os de esta d\u00e9cada, los Impreza del equipo <strong>Subaru<\/strong> eran los claros favoritos al t\u00edtulo, en la actualidad el equipo sigue compitiendo a primer nivel pero le falta ese puntito de suerte que le situar\u00eda como puntero. De hecho en <strong>2001 y 2003<\/strong>, dos pilotos se alzaron con el t\u00edtulo de <strong>Campe\u00f3n del Mundo de Rallys <\/strong>a mandos de un <strong>Impreza<\/strong>, el brit\u00e1nico <strong>Richard Burns en 2001 <\/strong>y <a href=\"http:\/\/es.wikipedia.org\/wiki\/Petter_Solberg\">Petter Solberg <\/a>en 2003. <\/p>\n<p>Queremos rendir aqu\u00ed un peque\u00f1o tributo al noruego, \u00faltimo campe\u00f3n con Subaru, un piloto que responde a la tradici\u00f3n de la escuela m\u00e1s cl\u00e1sica de los pa\u00edses n\u00f3rdicos, temple, nervios de acero y una aparente frialdad casi mortal y que supo llevar el Impreza hasta lo m\u00e1s alto.<\/p>\n<p><a href=\"http:\/\/es.wikipedia.org\/wiki\/Campeonato_Mundial_de_Rally\">Una gran temporada<\/a>, la de 2003 en la que consigui\u00f3 el t\u00edtulo en un apretado final, puesto que s\u00f3lo aventaj\u00f3 en un punto a Sebasti\u00e1n Loeb.<\/p>\n<p>En la actualidad, Subaru sigue confiando en Solberg para alcanzar de nuevo aquella gloria de 2003. Y parece que las previsiones son muy optimistas.<\/p>\n<p>Os dejamos con un video tributo al noruego.<\/p>\n<p><center><object height=\"400\" width=\"425\"><param name=\"movie\" value=\"http:\/\/www.youtube.com\/v\/R5-pTpSqbV4\"><\/param><param name=\"wmode\" value=\"transparent\"><\/param><embed src=\"http:\/\/www.youtube.com\/v\/R5-pTpSqbV4\" type=\"application\/x-shockwave-flash\" wmode=\"transparent\" height=\"320\" width=\"400\"><\/embed><\/object><\/center><\/p>\n","protected":false},"excerpt":{"rendered":"<p>Hasta el actual dominio de Sebasti\u00e1n Loeb, puede decirse que en os primeros a\u00f1os de esta d\u00e9cada, los Impreza del equipo Subaru eran los claros favoritos al t\u00edtulo, en la actualidad el equipo sigue compitiendo a primer nivel pero le falta ese puntito de suerte que le situar\u00eda como puntero. De hecho en 2001 y [&hellip;]<\/p>\n","protected":false},"author":21,"featured_media":0,"comment_status":"open","ping_status":"open","sticky":false,"template":"","format":"standard","meta":{"_acf_changed":false,"_eb_attr":"","inline_featured_image":false,"footnotes":""},"categories":[4401],"tags":[],"class_list":["post-344","post","type-post","status-publish","format-standard","hentry","category-nuestra-marca"],"acf":[],"yoast_head":"<!-- This site is optimized with the Yoast SEO plugin v27.3 - https:\/\/yoast.com\/product\/yoast-seo-wordpress\/ -->\n<title>Petter Solberg, el vikingo que logr\u00f3 el \u00faltimo campeonato con Subaru - Universo Subaru<\/title>\n<meta name=\"robots\" content=\"index, follow, max-snippet:-1, max-image-preview:large, max-video-preview:-1\" \/>\n<link rel=\"canonical\" href=\"https:\/\/www.subaru.es\/blog\/nuestra-marca\/petter-solberg-el-vikingo-que-logro-el-ultimo-campeonato-con-subaru\/\" \/>\n<meta property=\"og:locale\" content=\"es_ES\" \/>\n<meta property=\"og:type\" content=\"article\" \/>\n<meta property=\"og:title\" content=\"Petter Solberg, el vikingo que logr\u00f3 el \u00faltimo campeonato con Subaru - Universo Subaru\" \/>\n<meta property=\"og:description\" content=\"Hasta el actual dominio de Sebasti\u00e1n Loeb, puede decirse que en os primeros a\u00f1os de esta d\u00e9cada, los Impreza del equipo Subaru eran los claros favoritos al t\u00edtulo, en la actualidad el equipo sigue compitiendo a primer nivel pero le falta ese puntito de suerte que le situar\u00eda como puntero. De hecho en 2001 y [&hellip;]\" \/>\n<meta property=\"og:url\" content=\"https:\/\/www.subaru.es\/blog\/nuestra-marca\/petter-solberg-el-vikingo-que-logro-el-ultimo-campeonato-con-subaru\/\" \/>\n<meta property=\"og:site_name\" content=\"Universo Subaru\" \/>\n<meta property=\"article:publisher\" content=\"https:\/\/www.facebook.com\/subaruespana\" \/>\n<meta property=\"article:published_time\" content=\"2007-10-30T09:57:05+00:00\" \/>\n<meta property=\"article:modified_time\" content=\"2016-10-17T13:09:27+00:00\" \/>\n<meta name=\"author\" content=\"Subaru\" \/>\n<meta name=\"twitter:card\" content=\"summary_large_image\" \/>\n<meta name=\"twitter:label1\" content=\"Escrito por\" \/>\n\t<meta name=\"twitter:data1\" content=\"Subaru\" \/>\n\t<meta name=\"twitter:label2\" content=\"Tiempo de lectura\" \/>\n\t<meta name=\"twitter:data2\" content=\"1 minuto\" \/>\n<script type=\"application\/ld+json\" class=\"yoast-schema-graph\">{\"@context\":\"https:\\\/\\\/schema.org\",\"@graph\":[{\"@type\":\"Article\",\"@id\":\"https:\\\/\\\/www.subaru.es\\\/blog\\\/nuestra-marca\\\/petter-solberg-el-vikingo-que-logro-el-ultimo-campeonato-con-subaru\\\/#article\",\"isPartOf\":{\"@id\":\"https:\\\/\\\/www.subaru.es\\\/blog\\\/nuestra-marca\\\/petter-solberg-el-vikingo-que-logro-el-ultimo-campeonato-con-subaru\\\/\"},\"author\":{\"name\":\"Subaru\",\"@id\":\"https:\\\/\\\/www.subaru.es\\\/blog\\\/#\\\/schema\\\/person\\\/19a90b892230b8e0ec752704ddf4aa10\"},\"headline\":\"Petter Solberg, el vikingo que logr\u00f3 el \u00faltimo campeonato con Subaru\",\"datePublished\":\"2007-10-30T09:57:05+00:00\",\"dateModified\":\"2016-10-17T13:09:27+00:00\",\"mainEntityOfPage\":{\"@id\":\"https:\\\/\\\/www.subaru.es\\\/blog\\\/nuestra-marca\\\/petter-solberg-el-vikingo-que-logro-el-ultimo-campeonato-con-subaru\\\/\"},\"wordCount\":215,\"commentCount\":1,\"publisher\":{\"@id\":\"https:\\\/\\\/www.subaru.es\\\/blog\\\/#organization\"},\"articleSection\":[\"Nuestra marca\"],\"inLanguage\":\"es\",\"potentialAction\":[{\"@type\":\"CommentAction\",\"name\":\"Comment\",\"target\":[\"https:\\\/\\\/www.subaru.es\\\/blog\\\/nuestra-marca\\\/petter-solberg-el-vikingo-que-logro-el-ultimo-campeonato-con-subaru\\\/#respond\"]}]},{\"@type\":\"WebPage\",\"@id\":\"https:\\\/\\\/www.subaru.es\\\/blog\\\/nuestra-marca\\\/petter-solberg-el-vikingo-que-logro-el-ultimo-campeonato-con-subaru\\\/\",\"url\":\"https:\\\/\\\/www.subaru.es\\\/blog\\\/nuestra-marca\\\/petter-solberg-el-vikingo-que-logro-el-ultimo-campeonato-con-subaru\\\/\",\"name\":\"Petter Solberg, el vikingo que logr\u00f3 el \u00faltimo campeonato con Subaru - Universo Subaru\",\"isPartOf\":{\"@id\":\"https:\\\/\\\/www.subaru.es\\\/blog\\\/#website\"},\"datePublished\":\"2007-10-30T09:57:05+00:00\",\"dateModified\":\"2016-10-17T13:09:27+00:00\",\"breadcrumb\":{\"@id\":\"https:\\\/\\\/www.subaru.es\\\/blog\\\/nuestra-marca\\\/petter-solberg-el-vikingo-que-logro-el-ultimo-campeonato-con-subaru\\\/#breadcrumb\"},\"inLanguage\":\"es\",\"potentialAction\":[{\"@type\":\"ReadAction\",\"target\":[\"https:\\\/\\\/www.subaru.es\\\/blog\\\/nuestra-marca\\\/petter-solberg-el-vikingo-que-logro-el-ultimo-campeonato-con-subaru\\\/\"]}]},{\"@type\":\"BreadcrumbList\",\"@id\":\"https:\\\/\\\/www.subaru.es\\\/blog\\\/nuestra-marca\\\/petter-solberg-el-vikingo-que-logro-el-ultimo-campeonato-con-subaru\\\/#breadcrumb\",\"itemListElement\":[{\"@type\":\"ListItem\",\"position\":1,\"name\":\"Portada\",\"item\":\"https:\\\/\\\/www.subaru.es\\\/blog\\\/\"},{\"@type\":\"ListItem\",\"position\":2,\"name\":\"Petter Solberg, el vikingo que logr\u00f3 el \u00faltimo campeonato con Subaru\"}]},{\"@type\":\"WebSite\",\"@id\":\"https:\\\/\\\/www.subaru.es\\\/blog\\\/#website\",\"url\":\"https:\\\/\\\/www.subaru.es\\\/blog\\\/\",\"name\":\"Universo Subaru\",\"description\":\"Descubre este apasionante espacio de Subaru donde vas a conocer todo sobre nuestros coches y las experiencias que vivimos con ellos. Si est\u00e1s preparado para dejarte seducir por la filosof\u00eda Subaru, qu\u00e9date con nosotros.\",\"publisher\":{\"@id\":\"https:\\\/\\\/www.subaru.es\\\/blog\\\/#organization\"},\"potentialAction\":[{\"@type\":\"SearchAction\",\"target\":{\"@type\":\"EntryPoint\",\"urlTemplate\":\"https:\\\/\\\/www.subaru.es\\\/blog\\\/?s={search_term_string}\"},\"query-input\":{\"@type\":\"PropertyValueSpecification\",\"valueRequired\":true,\"valueName\":\"search_term_string\"}}],\"inLanguage\":\"es\"},{\"@type\":\"Organization\",\"@id\":\"https:\\\/\\\/www.subaru.es\\\/blog\\\/#organization\",\"name\":\"Subaru Espa\u00f1a S.A.\",\"url\":\"https:\\\/\\\/www.subaru.es\\\/blog\\\/\",\"logo\":{\"@type\":\"ImageObject\",\"inLanguage\":\"es\",\"@id\":\"https:\\\/\\\/www.subaru.es\\\/blog\\\/#\\\/schema\\\/logo\\\/image\\\/\",\"url\":\"https:\\\/\\\/www.subaru.es\\\/blog\\\/wp-content\\\/uploads\\\/2016\\\/12\\\/Logo-Subaru-TypeV_C300-scaled.jpg\",\"contentUrl\":\"https:\\\/\\\/www.subaru.es\\\/blog\\\/wp-content\\\/uploads\\\/2016\\\/12\\\/Logo-Subaru-TypeV_C300-scaled.jpg\",\"width\":2560,\"height\":1864,\"caption\":\"Subaru Espa\u00f1a S.A.\"},\"image\":{\"@id\":\"https:\\\/\\\/www.subaru.es\\\/blog\\\/#\\\/schema\\\/logo\\\/image\\\/\"},\"sameAs\":[\"https:\\\/\\\/www.facebook.com\\\/subaruespana\",\"https:\\\/\\\/www.instagram.com\\\/subarues\\\/\",\"https:\\\/\\\/www.youtube.com\\\/user\\\/subaruespana\"]},{\"@type\":\"Person\",\"@id\":\"https:\\\/\\\/www.subaru.es\\\/blog\\\/#\\\/schema\\\/person\\\/19a90b892230b8e0ec752704ddf4aa10\",\"name\":\"Subaru\",\"url\":\"https:\\\/\\\/www.subaru.es\\\/blog\\\/author\\\/subaria\\\/\"}]}<\/script>\n<!-- \/ Yoast SEO plugin. -->","yoast_head_json":{"title":"Petter Solberg, el vikingo que logr\u00f3 el \u00faltimo campeonato con Subaru - Universo Subaru","robots":{"index":"index","follow":"follow","max-snippet":"max-snippet:-1","max-image-preview":"max-image-preview:large","max-video-preview":"max-video-preview:-1"},"canonical":"https:\/\/www.subaru.es\/blog\/nuestra-marca\/petter-solberg-el-vikingo-que-logro-el-ultimo-campeonato-con-subaru\/","og_locale":"es_ES","og_type":"article","og_title":"Petter Solberg, el vikingo que logr\u00f3 el \u00faltimo campeonato con Subaru - Universo Subaru","og_description":"Hasta el actual dominio de Sebasti\u00e1n Loeb, puede decirse que en os primeros a\u00f1os de esta d\u00e9cada, los Impreza del equipo Subaru eran los claros favoritos al t\u00edtulo, en la actualidad el equipo sigue compitiendo a primer nivel pero le falta ese puntito de suerte que le situar\u00eda como puntero. De hecho en 2001 y [&hellip;]","og_url":"https:\/\/www.subaru.es\/blog\/nuestra-marca\/petter-solberg-el-vikingo-que-logro-el-ultimo-campeonato-con-subaru\/","og_site_name":"Universo Subaru","article_publisher":"https:\/\/www.facebook.com\/subaruespana","article_published_time":"2007-10-30T09:57:05+00:00","article_modified_time":"2016-10-17T13:09:27+00:00","author":"Subaru","twitter_card":"summary_large_image","twitter_misc":{"Escrito por":"Subaru","Tiempo de lectura":"1 minuto"},"schema":{"@context":"https:\/\/schema.org","@graph":[{"@type":"Article","@id":"https:\/\/www.subaru.es\/blog\/nuestra-marca\/petter-solberg-el-vikingo-que-logro-el-ultimo-campeonato-con-subaru\/#article","isPartOf":{"@id":"https:\/\/www.subaru.es\/blog\/nuestra-marca\/petter-solberg-el-vikingo-que-logro-el-ultimo-campeonato-con-subaru\/"},"author":{"name":"Subaru","@id":"https:\/\/www.subaru.es\/blog\/#\/schema\/person\/19a90b892230b8e0ec752704ddf4aa10"},"headline":"Petter Solberg, el vikingo que logr\u00f3 el \u00faltimo campeonato con Subaru","datePublished":"2007-10-30T09:57:05+00:00","dateModified":"2016-10-17T13:09:27+00:00","mainEntityOfPage":{"@id":"https:\/\/www.subaru.es\/blog\/nuestra-marca\/petter-solberg-el-vikingo-que-logro-el-ultimo-campeonato-con-subaru\/"},"wordCount":215,"commentCount":1,"publisher":{"@id":"https:\/\/www.subaru.es\/blog\/#organization"},"articleSection":["Nuestra marca"],"inLanguage":"es","potentialAction":[{"@type":"CommentAction","name":"Comment","target":["https:\/\/www.subaru.es\/blog\/nuestra-marca\/petter-solberg-el-vikingo-que-logro-el-ultimo-campeonato-con-subaru\/#respond"]}]},{"@type":"WebPage","@id":"https:\/\/www.subaru.es\/blog\/nuestra-marca\/petter-solberg-el-vikingo-que-logro-el-ultimo-campeonato-con-subaru\/","url":"https:\/\/www.subaru.es\/blog\/nuestra-marca\/petter-solberg-el-vikingo-que-logro-el-ultimo-campeonato-con-subaru\/","name":"Petter Solberg, el vikingo que logr\u00f3 el \u00faltimo campeonato con Subaru - Universo Subaru","isPartOf":{"@id":"https:\/\/www.subaru.es\/blog\/#website"},"datePublished":"2007-10-30T09:57:05+00:00","dateModified":"2016-10-17T13:09:27+00:00","breadcrumb":{"@id":"https:\/\/www.subaru.es\/blog\/nuestra-marca\/petter-solberg-el-vikingo-que-logro-el-ultimo-campeonato-con-subaru\/#breadcrumb"},"inLanguage":"es","potentialAction":[{"@type":"ReadAction","target":["https:\/\/www.subaru.es\/blog\/nuestra-marca\/petter-solberg-el-vikingo-que-logro-el-ultimo-campeonato-con-subaru\/"]}]},{"@type":"BreadcrumbList","@id":"https:\/\/www.subaru.es\/blog\/nuestra-marca\/petter-solberg-el-vikingo-que-logro-el-ultimo-campeonato-con-subaru\/#breadcrumb","itemListElement":[{"@type":"ListItem","position":1,"name":"Portada","item":"https:\/\/www.subaru.es\/blog\/"},{"@type":"ListItem","position":2,"name":"Petter Solberg, el vikingo que logr\u00f3 el \u00faltimo campeonato con Subaru"}]},{"@type":"WebSite","@id":"https:\/\/www.subaru.es\/blog\/#website","url":"https:\/\/www.subaru.es\/blog\/","name":"Universo Subaru","description":"Descubre este apasionante espacio de Subaru donde vas a conocer todo sobre nuestros coches y las experiencias que vivimos con ellos. Si est\u00e1s preparado para dejarte seducir por la filosof\u00eda Subaru, qu\u00e9date con nosotros.","publisher":{"@id":"https:\/\/www.subaru.es\/blog\/#organization"},"potentialAction":[{"@type":"SearchAction","target":{"@type":"EntryPoint","urlTemplate":"https:\/\/www.subaru.es\/blog\/?s={search_term_string}"},"query-input":{"@type":"PropertyValueSpecification","valueRequired":true,"valueName":"search_term_string"}}],"inLanguage":"es"},{"@type":"Organization","@id":"https:\/\/www.subaru.es\/blog\/#organization","name":"Subaru Espa\u00f1a S.A.","url":"https:\/\/www.subaru.es\/blog\/","logo":{"@type":"ImageObject","inLanguage":"es","@id":"https:\/\/www.subaru.es\/blog\/#\/schema\/logo\/image\/","url":"https:\/\/www.subaru.es\/blog\/wp-content\/uploads\/2016\/12\/Logo-Subaru-TypeV_C300-scaled.jpg","contentUrl":"https:\/\/www.subaru.es\/blog\/wp-content\/uploads\/2016\/12\/Logo-Subaru-TypeV_C300-scaled.jpg","width":2560,"height":1864,"caption":"Subaru Espa\u00f1a S.A."},"image":{"@id":"https:\/\/www.subaru.es\/blog\/#\/schema\/logo\/image\/"},"sameAs":["https:\/\/www.facebook.com\/subaruespana","https:\/\/www.instagram.com\/subarues\/","https:\/\/www.youtube.com\/user\/subaruespana"]},{"@type":"Person","@id":"https:\/\/www.subaru.es\/blog\/#\/schema\/person\/19a90b892230b8e0ec752704ddf4aa10","name":"Subaru","url":"https:\/\/www.subaru.es\/blog\/author\/subaria\/"}]}},"_links":{"self":[{"href":"https:\/\/www.subaru.es\/blog\/wp-json\/wp\/v2\/posts\/344","targetHints":{"allow":["GET"]}}],"collection":[{"href":"https:\/\/www.subaru.es\/blog\/wp-json\/wp\/v2\/posts"}],"about":[{"href":"https:\/\/www.subaru.es\/blog\/wp-json\/wp\/v2\/types\/post"}],"author":[{"embeddable":true,"href":"https:\/\/www.subaru.es\/blog\/wp-json\/wp\/v2\/users\/21"}],"replies":[{"embeddable":true,"href":"https:\/\/www.subaru.es\/blog\/wp-json\/wp\/v2\/comments?post=344"}],"version-history":[{"count":1,"href":"https:\/\/www.subaru.es\/blog\/wp-json\/wp\/v2\/posts\/344\/revisions"}],"predecessor-version":[{"id":15755,"href":"https:\/\/www.subaru.es\/blog\/wp-json\/wp\/v2\/posts\/344\/revisions\/15755"}],"wp:attachment":[{"href":"https:\/\/www.subaru.es\/blog\/wp-json\/wp\/v2\/media?parent=344"}],"wp:term":[{"taxonomy":"category","embeddable":true,"href":"https:\/\/www.subaru.es\/blog\/wp-json\/wp\/v2\/categories?post=344"},{"taxonomy":"post_tag","embeddable":true,"href":"https:\/\/www.subaru.es\/blog\/wp-json\/wp\/v2\/tags?post=344"}],"curies":[{"name":"wp","href":"https:\/\/api.w.org\/{rel}","templated":true}]}}