{"id":3319,"date":"2010-10-21T19:00:05","date_gmt":"2010-10-21T17:00:05","guid":{"rendered":"http:\/\/subaru.preproduccion.com\/blog\/?p=3319"},"modified":"2016-10-17T15:11:09","modified_gmt":"2016-10-17T13:11:09","slug":"el-nuevo-subaru-wrx-sti-ya-en-espana","status":"publish","type":"post","link":"https:\/\/www.subaru.es\/blog\/nuestra-marca\/el-nuevo-subaru-wrx-sti-ya-en-espana\/","title":{"rendered":"El nuevo Subaru WRX STI, ya en Espa\u00f1a"},"content":{"rendered":"<p><center><object classid=\"clsid:d27cdb6e-ae6d-11cf-96b8-444553540000\" width=\"600\" height=\"400\" codebase=\"http:\/\/download.macromedia.com\/pub\/shockwave\/cabs\/flash\/swflash.cab#version=6,0,40,0\"><param name=\"allowFullScreen\" value=\"true\" \/><param name=\"allowscriptaccess\" value=\"always\" \/><param name=\"src\" value=\"http:\/\/www.youtube.com\/v\/t0wDKdzkm_Q?fs=1&amp;hl=es_ES\" \/><param name=\"allowfullscreen\" value=\"true\" \/><embed type=\"application\/x-shockwave-flash\" width=\"600\" height=\"400\" src=\"http:\/\/www.youtube.com\/v\/t0wDKdzkm_Q?fs=1&amp;hl=es_ES\" allowscriptaccess=\"always\" allowfullscreen=\"true\"><\/embed><\/object><\/center><\/p>\n<p>\u00a1Por fin! Seguro que llevabas esperando este d\u00eda desde que el pasado marzo, durante el Sal\u00f3n Internacional del Autom\u00f3vil de Nueva York, se present\u00f3 el <strong>nuevo <a href=\"http:\/\/www.subaru.es\/CMS\/modellneup.html\">Subaru Impreza WRX STI<\/a><\/strong>. Pues bien, ya no tienes que esperar m\u00e1s: el coche de tus sue\u00f1os ya ha salido a la venta en Espa\u00f1a.<\/p>\n<p>\u00bfCu\u00e1les son las novedades? Para empezar, se han lanzado <strong>dos versiones de carrocer\u00eda, sedan<\/strong> (\u00a1una vuelta a los or\u00edgenes del STI!) y <strong>hatchback<\/strong>, pero eso no es todo: el nuevo WRX STI ofrece unas prestaciones deportivas (pero tambi\u00e9n seguras) hasta ahora in\u00e9ditas, gracias a la combinaci\u00f3n del motor Boxer turbo con el sistema Symmetrical All-Wheel Drive (AWD).<\/p>\n<p>Adem\u00e1s, ha habido cambios tanto en el dise\u00f1o (un espectacular spolier trasero para el STI sedan, esquinas de paragolpes fortalecidas\u2026), como en el rendimiento (mejora de la suspensi\u00f3n del veh\u00edculo y la precisi\u00f3n de la conducci\u00f3n, etc), para que el nuevo STI no solo sea\u00a0<strong>m\u00e1s potente, <\/strong>sino tambi\u00e9n<strong> m\u00e1s seguro y m\u00e1s bonito<\/strong>.<\/p>\n<p>\u00bfQuieres saber cu\u00e1nto cuesta?<!--more--> Depende de qu\u00e9 modelo elijas. Por un lado, tienes la carrocer\u00eda sedan, con un solo acabado por <strong>42.950\u20ac<\/strong> (con sistema de navegaci\u00f3n, lunas tintadas, bluetooth y spolier trasero incluidos). Por otro lado, tienes dos acabados en hatchback: Sport (45.650\u20ac) y el Sport Plus (49.700\u20ac).<\/p>\n<p><center><a href=\"https:\/\/www.subaru.es\/blog\/wp-content\/uploads\/2010\/10\/Subaru-STI-sedan.jpg\"><img decoding=\"async\" class=\"size-medium wp-image-3326 lazyload\" title=\"Subaru STI sedan\" data-src=\"https:\/\/www.subaru.es\/blog\/wp-content\/uploads\/2010\/10\/Subaru-STI-sedan-300x225.jpg\" alt=\"Nuevo Subaru STI sedan\" width=\"600\" height=\"400\" src=\"data:image\/svg+xml;base64,PHN2ZyB3aWR0aD0iMSIgaGVpZ2h0PSIxIiB4bWxucz0iaHR0cDovL3d3dy53My5vcmcvMjAwMC9zdmciPjwvc3ZnPg==\" style=\"--smush-placeholder-width: 600px; --smush-placeholder-aspect-ratio: 600\/400;\" \/><\/a><\/center><\/p>\n<p>\u00bfCon cu\u00e1l te quedas? Mientras te lo piensas, puedes ver el v\u00eddeo de arriba para ver c\u00f3mo funcionan todas estas novedades \u00a1A nosotros ya se nos est\u00e1n poniendo los dientes largos!<\/p>\n","protected":false},"excerpt":{"rendered":"<p>\u00a1Por fin! Seguro que llevabas esperando este d\u00eda desde que el pasado marzo, durante el Sal\u00f3n Internacional del Autom\u00f3vil de Nueva York, se present\u00f3 el nuevo Subaru Impreza WRX STI. Pues bien, ya no tienes que esperar m\u00e1s: el coche de tus sue\u00f1os ya ha salido a la venta en Espa\u00f1a. \u00bfCu\u00e1les son las novedades? [&hellip;]<\/p>\n","protected":false},"author":21,"featured_media":3326,"comment_status":"open","ping_status":"open","sticky":false,"template":"","format":"standard","meta":{"_acf_changed":false,"_eb_attr":"","inline_featured_image":false,"footnotes":""},"categories":[4401],"tags":[10,999,11,4390,62],"class_list":["post-3319","post","type-post","status-publish","format-standard","has-post-thumbnail","hentry","category-nuestra-marca","tag-impreza","tag-sedan","tag-sti","tag-subaru","tag-wrx"],"acf":[],"yoast_head":"<!-- This site is optimized with the Yoast SEO plugin v27.3 - https:\/\/yoast.com\/product\/yoast-seo-wordpress\/ -->\n<title>El nuevo Subaru WRX STI, ya en Espa\u00f1a - Universo Subaru<\/title>\n<meta name=\"robots\" content=\"index, follow, max-snippet:-1, max-image-preview:large, max-video-preview:-1\" \/>\n<link rel=\"canonical\" href=\"https:\/\/www.subaru.es\/blog\/nuestra-marca\/el-nuevo-subaru-wrx-sti-ya-en-espana\/\" \/>\n<meta property=\"og:locale\" content=\"es_ES\" \/>\n<meta property=\"og:type\" content=\"article\" \/>\n<meta property=\"og:title\" content=\"El nuevo Subaru WRX STI, ya en Espa\u00f1a - Universo Subaru\" \/>\n<meta property=\"og:description\" content=\"\u00a1Por fin! Seguro que llevabas esperando este d\u00eda desde que el pasado marzo, durante el Sal\u00f3n Internacional del Autom\u00f3vil de Nueva York, se present\u00f3 el nuevo Subaru Impreza WRX STI. Pues bien, ya no tienes que esperar m\u00e1s: el coche de tus sue\u00f1os ya ha salido a la venta en Espa\u00f1a. \u00bfCu\u00e1les son las novedades? [&hellip;]\" \/>\n<meta property=\"og:url\" content=\"https:\/\/www.subaru.es\/blog\/nuestra-marca\/el-nuevo-subaru-wrx-sti-ya-en-espana\/\" \/>\n<meta property=\"og:site_name\" content=\"Universo Subaru\" \/>\n<meta property=\"article:publisher\" content=\"https:\/\/www.facebook.com\/subaruespana\" \/>\n<meta property=\"article:published_time\" content=\"2010-10-21T17:00:05+00:00\" \/>\n<meta property=\"article:modified_time\" content=\"2016-10-17T13:11:09+00:00\" \/>\n<meta property=\"og:image\" content=\"https:\/\/www.subaru.es\/blog\/wp-content\/uploads\/2010\/10\/Subaru-STI-sedan.jpg\" \/>\n\t<meta property=\"og:image:width\" content=\"5436\" \/>\n\t<meta property=\"og:image:height\" content=\"4080\" \/>\n\t<meta property=\"og:image:type\" content=\"image\/jpeg\" \/>\n<meta name=\"author\" content=\"Subaru\" \/>\n<meta name=\"twitter:card\" content=\"summary_large_image\" \/>\n<meta name=\"twitter:label1\" content=\"Escrito por\" \/>\n\t<meta name=\"twitter:data1\" content=\"Subaru\" \/>\n\t<meta name=\"twitter:label2\" content=\"Tiempo de lectura\" \/>\n\t<meta name=\"twitter:data2\" content=\"1 minuto\" \/>\n<script type=\"application\/ld+json\" class=\"yoast-schema-graph\">{\"@context\":\"https:\\\/\\\/schema.org\",\"@graph\":[{\"@type\":\"Article\",\"@id\":\"https:\\\/\\\/www.subaru.es\\\/blog\\\/nuestra-marca\\\/el-nuevo-subaru-wrx-sti-ya-en-espana\\\/#article\",\"isPartOf\":{\"@id\":\"https:\\\/\\\/www.subaru.es\\\/blog\\\/nuestra-marca\\\/el-nuevo-subaru-wrx-sti-ya-en-espana\\\/\"},\"author\":{\"name\":\"Subaru\",\"@id\":\"https:\\\/\\\/www.subaru.es\\\/blog\\\/#\\\/schema\\\/person\\\/19a90b892230b8e0ec752704ddf4aa10\"},\"headline\":\"El nuevo Subaru WRX STI, ya en Espa\u00f1a\",\"datePublished\":\"2010-10-21T17:00:05+00:00\",\"dateModified\":\"2016-10-17T13:11:09+00:00\",\"mainEntityOfPage\":{\"@id\":\"https:\\\/\\\/www.subaru.es\\\/blog\\\/nuestra-marca\\\/el-nuevo-subaru-wrx-sti-ya-en-espana\\\/\"},\"wordCount\":276,\"commentCount\":0,\"publisher\":{\"@id\":\"https:\\\/\\\/www.subaru.es\\\/blog\\\/#organization\"},\"image\":{\"@id\":\"https:\\\/\\\/www.subaru.es\\\/blog\\\/nuestra-marca\\\/el-nuevo-subaru-wrx-sti-ya-en-espana\\\/#primaryimage\"},\"thumbnailUrl\":\"https:\\\/\\\/www.subaru.es\\\/blog\\\/wp-content\\\/uploads\\\/2010\\\/10\\\/Subaru-STI-sedan-scaled.jpg\",\"keywords\":[\"impreza\",\"sedan\",\"sti\",\"Subaru\",\"wrx\"],\"articleSection\":[\"Nuestra marca\"],\"inLanguage\":\"es\",\"potentialAction\":[{\"@type\":\"CommentAction\",\"name\":\"Comment\",\"target\":[\"https:\\\/\\\/www.subaru.es\\\/blog\\\/nuestra-marca\\\/el-nuevo-subaru-wrx-sti-ya-en-espana\\\/#respond\"]}]},{\"@type\":\"WebPage\",\"@id\":\"https:\\\/\\\/www.subaru.es\\\/blog\\\/nuestra-marca\\\/el-nuevo-subaru-wrx-sti-ya-en-espana\\\/\",\"url\":\"https:\\\/\\\/www.subaru.es\\\/blog\\\/nuestra-marca\\\/el-nuevo-subaru-wrx-sti-ya-en-espana\\\/\",\"name\":\"El nuevo Subaru WRX STI, ya en Espa\u00f1a - Universo Subaru\",\"isPartOf\":{\"@id\":\"https:\\\/\\\/www.subaru.es\\\/blog\\\/#website\"},\"primaryImageOfPage\":{\"@id\":\"https:\\\/\\\/www.subaru.es\\\/blog\\\/nuestra-marca\\\/el-nuevo-subaru-wrx-sti-ya-en-espana\\\/#primaryimage\"},\"image\":{\"@id\":\"https:\\\/\\\/www.subaru.es\\\/blog\\\/nuestra-marca\\\/el-nuevo-subaru-wrx-sti-ya-en-espana\\\/#primaryimage\"},\"thumbnailUrl\":\"https:\\\/\\\/www.subaru.es\\\/blog\\\/wp-content\\\/uploads\\\/2010\\\/10\\\/Subaru-STI-sedan-scaled.jpg\",\"datePublished\":\"2010-10-21T17:00:05+00:00\",\"dateModified\":\"2016-10-17T13:11:09+00:00\",\"breadcrumb\":{\"@id\":\"https:\\\/\\\/www.subaru.es\\\/blog\\\/nuestra-marca\\\/el-nuevo-subaru-wrx-sti-ya-en-espana\\\/#breadcrumb\"},\"inLanguage\":\"es\",\"potentialAction\":[{\"@type\":\"ReadAction\",\"target\":[\"https:\\\/\\\/www.subaru.es\\\/blog\\\/nuestra-marca\\\/el-nuevo-subaru-wrx-sti-ya-en-espana\\\/\"]}]},{\"@type\":\"ImageObject\",\"inLanguage\":\"es\",\"@id\":\"https:\\\/\\\/www.subaru.es\\\/blog\\\/nuestra-marca\\\/el-nuevo-subaru-wrx-sti-ya-en-espana\\\/#primaryimage\",\"url\":\"https:\\\/\\\/www.subaru.es\\\/blog\\\/wp-content\\\/uploads\\\/2010\\\/10\\\/Subaru-STI-sedan-scaled.jpg\",\"contentUrl\":\"https:\\\/\\\/www.subaru.es\\\/blog\\\/wp-content\\\/uploads\\\/2010\\\/10\\\/Subaru-STI-sedan-scaled.jpg\",\"width\":2560,\"height\":1921,\"caption\":\"Nuevo Subaru STI sedan\"},{\"@type\":\"BreadcrumbList\",\"@id\":\"https:\\\/\\\/www.subaru.es\\\/blog\\\/nuestra-marca\\\/el-nuevo-subaru-wrx-sti-ya-en-espana\\\/#breadcrumb\",\"itemListElement\":[{\"@type\":\"ListItem\",\"position\":1,\"name\":\"Portada\",\"item\":\"https:\\\/\\\/www.subaru.es\\\/blog\\\/\"},{\"@type\":\"ListItem\",\"position\":2,\"name\":\"El nuevo Subaru WRX STI, ya en Espa\u00f1a\"}]},{\"@type\":\"WebSite\",\"@id\":\"https:\\\/\\\/www.subaru.es\\\/blog\\\/#website\",\"url\":\"https:\\\/\\\/www.subaru.es\\\/blog\\\/\",\"name\":\"Universo Subaru\",\"description\":\"Descubre este apasionante espacio de Subaru donde vas a conocer todo sobre nuestros coches y las experiencias que vivimos con ellos. Si est\u00e1s preparado para dejarte seducir por la filosof\u00eda Subaru, qu\u00e9date con nosotros.\",\"publisher\":{\"@id\":\"https:\\\/\\\/www.subaru.es\\\/blog\\\/#organization\"},\"potentialAction\":[{\"@type\":\"SearchAction\",\"target\":{\"@type\":\"EntryPoint\",\"urlTemplate\":\"https:\\\/\\\/www.subaru.es\\\/blog\\\/?s={search_term_string}\"},\"query-input\":{\"@type\":\"PropertyValueSpecification\",\"valueRequired\":true,\"valueName\":\"search_term_string\"}}],\"inLanguage\":\"es\"},{\"@type\":\"Organization\",\"@id\":\"https:\\\/\\\/www.subaru.es\\\/blog\\\/#organization\",\"name\":\"Subaru Espa\u00f1a S.A.\",\"url\":\"https:\\\/\\\/www.subaru.es\\\/blog\\\/\",\"logo\":{\"@type\":\"ImageObject\",\"inLanguage\":\"es\",\"@id\":\"https:\\\/\\\/www.subaru.es\\\/blog\\\/#\\\/schema\\\/logo\\\/image\\\/\",\"url\":\"https:\\\/\\\/www.subaru.es\\\/blog\\\/wp-content\\\/uploads\\\/2016\\\/12\\\/Logo-Subaru-TypeV_C300-scaled.jpg\",\"contentUrl\":\"https:\\\/\\\/www.subaru.es\\\/blog\\\/wp-content\\\/uploads\\\/2016\\\/12\\\/Logo-Subaru-TypeV_C300-scaled.jpg\",\"width\":2560,\"height\":1864,\"caption\":\"Subaru Espa\u00f1a S.A.\"},\"image\":{\"@id\":\"https:\\\/\\\/www.subaru.es\\\/blog\\\/#\\\/schema\\\/logo\\\/image\\\/\"},\"sameAs\":[\"https:\\\/\\\/www.facebook.com\\\/subaruespana\",\"https:\\\/\\\/www.instagram.com\\\/subarues\\\/\",\"https:\\\/\\\/www.youtube.com\\\/user\\\/subaruespana\"]},{\"@type\":\"Person\",\"@id\":\"https:\\\/\\\/www.subaru.es\\\/blog\\\/#\\\/schema\\\/person\\\/19a90b892230b8e0ec752704ddf4aa10\",\"name\":\"Subaru\",\"url\":\"https:\\\/\\\/www.subaru.es\\\/blog\\\/author\\\/subaria\\\/\"}]}<\/script>\n<!-- \/ Yoast SEO plugin. -->","yoast_head_json":{"title":"El nuevo Subaru WRX STI, ya en Espa\u00f1a - Universo Subaru","robots":{"index":"index","follow":"follow","max-snippet":"max-snippet:-1","max-image-preview":"max-image-preview:large","max-video-preview":"max-video-preview:-1"},"canonical":"https:\/\/www.subaru.es\/blog\/nuestra-marca\/el-nuevo-subaru-wrx-sti-ya-en-espana\/","og_locale":"es_ES","og_type":"article","og_title":"El nuevo Subaru WRX STI, ya en Espa\u00f1a - Universo Subaru","og_description":"\u00a1Por fin! Seguro que llevabas esperando este d\u00eda desde que el pasado marzo, durante el Sal\u00f3n Internacional del Autom\u00f3vil de Nueva York, se present\u00f3 el nuevo Subaru Impreza WRX STI. Pues bien, ya no tienes que esperar m\u00e1s: el coche de tus sue\u00f1os ya ha salido a la venta en Espa\u00f1a. \u00bfCu\u00e1les son las novedades? [&hellip;]","og_url":"https:\/\/www.subaru.es\/blog\/nuestra-marca\/el-nuevo-subaru-wrx-sti-ya-en-espana\/","og_site_name":"Universo Subaru","article_publisher":"https:\/\/www.facebook.com\/subaruespana","article_published_time":"2010-10-21T17:00:05+00:00","article_modified_time":"2016-10-17T13:11:09+00:00","og_image":[{"width":5436,"height":4080,"url":"https:\/\/www.subaru.es\/blog\/wp-content\/uploads\/2010\/10\/Subaru-STI-sedan.jpg","type":"image\/jpeg"}],"author":"Subaru","twitter_card":"summary_large_image","twitter_misc":{"Escrito por":"Subaru","Tiempo de lectura":"1 minuto"},"schema":{"@context":"https:\/\/schema.org","@graph":[{"@type":"Article","@id":"https:\/\/www.subaru.es\/blog\/nuestra-marca\/el-nuevo-subaru-wrx-sti-ya-en-espana\/#article","isPartOf":{"@id":"https:\/\/www.subaru.es\/blog\/nuestra-marca\/el-nuevo-subaru-wrx-sti-ya-en-espana\/"},"author":{"name":"Subaru","@id":"https:\/\/www.subaru.es\/blog\/#\/schema\/person\/19a90b892230b8e0ec752704ddf4aa10"},"headline":"El nuevo Subaru WRX STI, ya en Espa\u00f1a","datePublished":"2010-10-21T17:00:05+00:00","dateModified":"2016-10-17T13:11:09+00:00","mainEntityOfPage":{"@id":"https:\/\/www.subaru.es\/blog\/nuestra-marca\/el-nuevo-subaru-wrx-sti-ya-en-espana\/"},"wordCount":276,"commentCount":0,"publisher":{"@id":"https:\/\/www.subaru.es\/blog\/#organization"},"image":{"@id":"https:\/\/www.subaru.es\/blog\/nuestra-marca\/el-nuevo-subaru-wrx-sti-ya-en-espana\/#primaryimage"},"thumbnailUrl":"https:\/\/www.subaru.es\/blog\/wp-content\/uploads\/2010\/10\/Subaru-STI-sedan-scaled.jpg","keywords":["impreza","sedan","sti","Subaru","wrx"],"articleSection":["Nuestra marca"],"inLanguage":"es","potentialAction":[{"@type":"CommentAction","name":"Comment","target":["https:\/\/www.subaru.es\/blog\/nuestra-marca\/el-nuevo-subaru-wrx-sti-ya-en-espana\/#respond"]}]},{"@type":"WebPage","@id":"https:\/\/www.subaru.es\/blog\/nuestra-marca\/el-nuevo-subaru-wrx-sti-ya-en-espana\/","url":"https:\/\/www.subaru.es\/blog\/nuestra-marca\/el-nuevo-subaru-wrx-sti-ya-en-espana\/","name":"El nuevo Subaru WRX STI, ya en Espa\u00f1a - Universo Subaru","isPartOf":{"@id":"https:\/\/www.subaru.es\/blog\/#website"},"primaryImageOfPage":{"@id":"https:\/\/www.subaru.es\/blog\/nuestra-marca\/el-nuevo-subaru-wrx-sti-ya-en-espana\/#primaryimage"},"image":{"@id":"https:\/\/www.subaru.es\/blog\/nuestra-marca\/el-nuevo-subaru-wrx-sti-ya-en-espana\/#primaryimage"},"thumbnailUrl":"https:\/\/www.subaru.es\/blog\/wp-content\/uploads\/2010\/10\/Subaru-STI-sedan-scaled.jpg","datePublished":"2010-10-21T17:00:05+00:00","dateModified":"2016-10-17T13:11:09+00:00","breadcrumb":{"@id":"https:\/\/www.subaru.es\/blog\/nuestra-marca\/el-nuevo-subaru-wrx-sti-ya-en-espana\/#breadcrumb"},"inLanguage":"es","potentialAction":[{"@type":"ReadAction","target":["https:\/\/www.subaru.es\/blog\/nuestra-marca\/el-nuevo-subaru-wrx-sti-ya-en-espana\/"]}]},{"@type":"ImageObject","inLanguage":"es","@id":"https:\/\/www.subaru.es\/blog\/nuestra-marca\/el-nuevo-subaru-wrx-sti-ya-en-espana\/#primaryimage","url":"https:\/\/www.subaru.es\/blog\/wp-content\/uploads\/2010\/10\/Subaru-STI-sedan-scaled.jpg","contentUrl":"https:\/\/www.subaru.es\/blog\/wp-content\/uploads\/2010\/10\/Subaru-STI-sedan-scaled.jpg","width":2560,"height":1921,"caption":"Nuevo Subaru STI sedan"},{"@type":"BreadcrumbList","@id":"https:\/\/www.subaru.es\/blog\/nuestra-marca\/el-nuevo-subaru-wrx-sti-ya-en-espana\/#breadcrumb","itemListElement":[{"@type":"ListItem","position":1,"name":"Portada","item":"https:\/\/www.subaru.es\/blog\/"},{"@type":"ListItem","position":2,"name":"El nuevo Subaru WRX STI, ya en Espa\u00f1a"}]},{"@type":"WebSite","@id":"https:\/\/www.subaru.es\/blog\/#website","url":"https:\/\/www.subaru.es\/blog\/","name":"Universo Subaru","description":"Descubre este apasionante espacio de Subaru donde vas a conocer todo sobre nuestros coches y las experiencias que vivimos con ellos. Si est\u00e1s preparado para dejarte seducir por la filosof\u00eda Subaru, qu\u00e9date con nosotros.","publisher":{"@id":"https:\/\/www.subaru.es\/blog\/#organization"},"potentialAction":[{"@type":"SearchAction","target":{"@type":"EntryPoint","urlTemplate":"https:\/\/www.subaru.es\/blog\/?s={search_term_string}"},"query-input":{"@type":"PropertyValueSpecification","valueRequired":true,"valueName":"search_term_string"}}],"inLanguage":"es"},{"@type":"Organization","@id":"https:\/\/www.subaru.es\/blog\/#organization","name":"Subaru Espa\u00f1a S.A.","url":"https:\/\/www.subaru.es\/blog\/","logo":{"@type":"ImageObject","inLanguage":"es","@id":"https:\/\/www.subaru.es\/blog\/#\/schema\/logo\/image\/","url":"https:\/\/www.subaru.es\/blog\/wp-content\/uploads\/2016\/12\/Logo-Subaru-TypeV_C300-scaled.jpg","contentUrl":"https:\/\/www.subaru.es\/blog\/wp-content\/uploads\/2016\/12\/Logo-Subaru-TypeV_C300-scaled.jpg","width":2560,"height":1864,"caption":"Subaru Espa\u00f1a S.A."},"image":{"@id":"https:\/\/www.subaru.es\/blog\/#\/schema\/logo\/image\/"},"sameAs":["https:\/\/www.facebook.com\/subaruespana","https:\/\/www.instagram.com\/subarues\/","https:\/\/www.youtube.com\/user\/subaruespana"]},{"@type":"Person","@id":"https:\/\/www.subaru.es\/blog\/#\/schema\/person\/19a90b892230b8e0ec752704ddf4aa10","name":"Subaru","url":"https:\/\/www.subaru.es\/blog\/author\/subaria\/"}]}},"_links":{"self":[{"href":"https:\/\/www.subaru.es\/blog\/wp-json\/wp\/v2\/posts\/3319","targetHints":{"allow":["GET"]}}],"collection":[{"href":"https:\/\/www.subaru.es\/blog\/wp-json\/wp\/v2\/posts"}],"about":[{"href":"https:\/\/www.subaru.es\/blog\/wp-json\/wp\/v2\/types\/post"}],"author":[{"embeddable":true,"href":"https:\/\/www.subaru.es\/blog\/wp-json\/wp\/v2\/users\/21"}],"replies":[{"embeddable":true,"href":"https:\/\/www.subaru.es\/blog\/wp-json\/wp\/v2\/comments?post=3319"}],"version-history":[{"count":1,"href":"https:\/\/www.subaru.es\/blog\/wp-json\/wp\/v2\/posts\/3319\/revisions"}],"predecessor-version":[{"id":15004,"href":"https:\/\/www.subaru.es\/blog\/wp-json\/wp\/v2\/posts\/3319\/revisions\/15004"}],"wp:featuredmedia":[{"embeddable":true,"href":"https:\/\/www.subaru.es\/blog\/wp-json\/wp\/v2\/media\/3326"}],"wp:attachment":[{"href":"https:\/\/www.subaru.es\/blog\/wp-json\/wp\/v2\/media?parent=3319"}],"wp:term":[{"taxonomy":"category","embeddable":true,"href":"https:\/\/www.subaru.es\/blog\/wp-json\/wp\/v2\/categories?post=3319"},{"taxonomy":"post_tag","embeddable":true,"href":"https:\/\/www.subaru.es\/blog\/wp-json\/wp\/v2\/tags?post=3319"}],"curies":[{"name":"wp","href":"https:\/\/api.w.org\/{rel}","templated":true}]}}