{"id":3274,"date":"2010-10-14T19:03:33","date_gmt":"2010-10-14T17:03:33","guid":{"rendered":"http:\/\/subaru.preproduccion.com\/blog\/?p=3274"},"modified":"2016-10-17T15:11:09","modified_gmt":"2016-10-17T13:11:09","slug":"la-importancia-de-ver-bien","status":"publish","type":"post","link":"https:\/\/www.subaru.es\/blog\/nuestra-marca\/la-importancia-de-ver-bien\/","title":{"rendered":"La importancia de ver bien"},"content":{"rendered":"<p style=\"text-align: center;\"><a href=\"https:\/\/www.subaru.es\/blog\/wp-content\/uploads\/2010\/09\/gafas.jpg\"><img decoding=\"async\" class=\"aligncenter size-full wp-image-3275 lazyload\" title=\"gafas\" data-src=\"https:\/\/www.subaru.es\/blog\/wp-content\/uploads\/2010\/09\/gafas.jpg\" alt=\"Gafas\" width=\"500\" height=\"333\" src=\"data:image\/svg+xml;base64,PHN2ZyB3aWR0aD0iMSIgaGVpZ2h0PSIxIiB4bWxucz0iaHR0cDovL3d3dy53My5vcmcvMjAwMC9zdmciPjwvc3ZnPg==\" style=\"--smush-placeholder-width: 500px; --smush-placeholder-aspect-ratio: 500\/333;\" \/><\/a><\/p>\n<p>Seguro que si tienes alg\u00fan <strong>problema de visi\u00f3n leve<\/strong> y no utilizas gafas ni lentillas, te fastidia bastante que una revisi\u00f3n haya indicado en tu carnet que s\u00ed necesitas lentes. Es posible incluso que hayas logrado librarte con alg\u00fan peque\u00f1o enga\u00f1o. No te vamos a felicitar por ello, solo te vamos a explicar por qu\u00e9 <strong>la vista es el sentido m\u00e1s importante a la hora de conducir<\/strong> y por qu\u00e9 tus ojos prefieren unas gafas.<br \/>\n<!--more--><br \/>\nPi\u00e9nsalo bien: el <strong>90% de la informaci\u00f3n<\/strong> que recibimos al conducir llega a trav\u00e9s de nuestros ojos. \u00abPero yo leo<a href=\"http:\/\/chorradasdetodaclase.com\/la-historia-de-la-senales-de-trafico\/\" target=\"_blank\"> las se\u00f1ales<\/a> sin problemas\u00bb, dir\u00e1s. \u00bfEl problema? No se trata tan solo de recibir la informaci\u00f3n de forma correcta: los problemas de vista sin corregir provocan que forcemos los ojos, que nuestro campo de visi\u00f3n sea m\u00e1s estrecho, que nos cansemos m\u00e1s y reaccionemos m\u00e1s tarde.<\/p>\n<p>La consecuencia es un aumento de nuestras posibilidades de <a href=\"http:\/\/primatecuasisapiens.blogspot.com\/2009\/01\/causas-de-los-accidentes-de-trfico.html\" target=\"_blank\">sufrir un accidente<\/a>. Y no nos lo estamos inventando: seg\u00fan la RACE, <strong>el 11% de los conductores ha sufrido alguna situaci\u00f3n de riesgo<\/strong> derivado de sus problemas de visi\u00f3n.<\/p>\n<p>La soluci\u00f3n es tan sencilla que hasta da un poco de rabia tener que decirlo: utiliza las gafas o lentillas que te ha recomendado tu m\u00e9dico, <strong>vete al oculista una vez al a\u00f1o<\/strong>, no uses <a href=\"http:\/\/www.circulaseguro.com\/conductor-y-ocupantes\/cuidado-con-las-gafas-que-llevamos-para-conducir\" target=\"_blank\">gafas de sol<\/a> no homologadas&#8230; Y no creas que eres raro por tener que llevar gafas: el 45% de los conductores tienen alg\u00fan defecto de visi\u00f3n diagnosticado. Y, aunque solo el 57% est\u00e1 obligado a llevar lentes, el 74% lo hace.<\/p>\n<p>Se trata de tu seguridad y la de los dem\u00e1s usuarios de la v\u00eda. Y en cuanto te acostumbres a ver bien te dar\u00e1s cuenta de lo m\u00e1s f\u00e1cil: <strong>estar\u00e1s mucho m\u00e1s c\u00f3modo<\/strong>.<\/p>\n<p>V\u00eda | <a href=\"http:\/\/autoconsultorio.com\/seguridad-vial\/problemas-de-vista-como-afectan-a-la-conduccion\/\" target=\"_blank\">autoconsultorio<\/a><br \/>\nFoto | <a href=\"http:\/\/www.flickr.com\/photos\/markjsebastian\/330756304\/\" target=\"_blank\">Flickr<\/a><\/p>\n","protected":false},"excerpt":{"rendered":"<p>Seguro que si tienes alg\u00fan problema de visi\u00f3n leve y no utilizas gafas ni lentillas, te fastidia bastante que una revisi\u00f3n haya indicado en tu carnet que s\u00ed necesitas lentes. Es posible incluso que hayas logrado librarte con alg\u00fan peque\u00f1o enga\u00f1o. No te vamos a felicitar por ello, solo te vamos a explicar por qu\u00e9 [&hellip;]<\/p>\n","protected":false},"author":21,"featured_media":3275,"comment_status":"open","ping_status":"open","sticky":false,"template":"","format":"standard","meta":{"_acf_changed":false,"_eb_attr":"","inline_featured_image":false,"footnotes":""},"categories":[4401],"tags":[3204,3227,3230,3229,3228],"class_list":["post-3274","post","type-post","status-publish","format-standard","has-post-thumbnail","hentry","category-nuestra-marca","tag-accidentes","tag-gafas","tag-miopia","tag-problemas-de-vista","tag-vision"],"acf":[],"yoast_head":"<!-- This site is optimized with the Yoast SEO plugin v27.3 - https:\/\/yoast.com\/product\/yoast-seo-wordpress\/ -->\n<title>La importancia de ver bien - Universo Subaru<\/title>\n<meta name=\"robots\" content=\"index, follow, max-snippet:-1, max-image-preview:large, max-video-preview:-1\" \/>\n<link rel=\"canonical\" href=\"https:\/\/www.subaru.es\/blog\/nuestra-marca\/la-importancia-de-ver-bien\/\" \/>\n<meta property=\"og:locale\" content=\"es_ES\" \/>\n<meta property=\"og:type\" content=\"article\" \/>\n<meta property=\"og:title\" content=\"La importancia de ver bien - Universo Subaru\" \/>\n<meta property=\"og:description\" content=\"Seguro que si tienes alg\u00fan problema de visi\u00f3n leve y no utilizas gafas ni lentillas, te fastidia bastante que una revisi\u00f3n haya indicado en tu carnet que s\u00ed necesitas lentes. Es posible incluso que hayas logrado librarte con alg\u00fan peque\u00f1o enga\u00f1o. No te vamos a felicitar por ello, solo te vamos a explicar por qu\u00e9 [&hellip;]\" \/>\n<meta property=\"og:url\" content=\"https:\/\/www.subaru.es\/blog\/nuestra-marca\/la-importancia-de-ver-bien\/\" \/>\n<meta property=\"og:site_name\" content=\"Universo Subaru\" \/>\n<meta property=\"article:publisher\" content=\"https:\/\/www.facebook.com\/subaruespana\" \/>\n<meta property=\"article:published_time\" content=\"2010-10-14T17:03:33+00:00\" \/>\n<meta property=\"article:modified_time\" content=\"2016-10-17T13:11:09+00:00\" \/>\n<meta property=\"og:image\" content=\"https:\/\/www.subaru.es\/blog\/wp-content\/uploads\/2010\/09\/gafas.jpg\" \/>\n\t<meta property=\"og:image:width\" content=\"500\" \/>\n\t<meta property=\"og:image:height\" content=\"333\" \/>\n\t<meta property=\"og:image:type\" content=\"image\/jpeg\" \/>\n<meta name=\"author\" content=\"Subaru\" \/>\n<meta name=\"twitter:card\" content=\"summary_large_image\" \/>\n<meta name=\"twitter:label1\" content=\"Escrito por\" \/>\n\t<meta name=\"twitter:data1\" content=\"Subaru\" \/>\n\t<meta name=\"twitter:label2\" content=\"Tiempo de lectura\" \/>\n\t<meta name=\"twitter:data2\" content=\"2 minutos\" \/>\n<script type=\"application\/ld+json\" class=\"yoast-schema-graph\">{\"@context\":\"https:\\\/\\\/schema.org\",\"@graph\":[{\"@type\":\"Article\",\"@id\":\"https:\\\/\\\/www.subaru.es\\\/blog\\\/nuestra-marca\\\/la-importancia-de-ver-bien\\\/#article\",\"isPartOf\":{\"@id\":\"https:\\\/\\\/www.subaru.es\\\/blog\\\/nuestra-marca\\\/la-importancia-de-ver-bien\\\/\"},\"author\":{\"name\":\"Subaru\",\"@id\":\"https:\\\/\\\/www.subaru.es\\\/blog\\\/#\\\/schema\\\/person\\\/19a90b892230b8e0ec752704ddf4aa10\"},\"headline\":\"La importancia de ver bien\",\"datePublished\":\"2010-10-14T17:03:33+00:00\",\"dateModified\":\"2016-10-17T13:11:09+00:00\",\"mainEntityOfPage\":{\"@id\":\"https:\\\/\\\/www.subaru.es\\\/blog\\\/nuestra-marca\\\/la-importancia-de-ver-bien\\\/\"},\"wordCount\":326,\"commentCount\":0,\"publisher\":{\"@id\":\"https:\\\/\\\/www.subaru.es\\\/blog\\\/#organization\"},\"image\":{\"@id\":\"https:\\\/\\\/www.subaru.es\\\/blog\\\/nuestra-marca\\\/la-importancia-de-ver-bien\\\/#primaryimage\"},\"thumbnailUrl\":\"https:\\\/\\\/www.subaru.es\\\/blog\\\/wp-content\\\/uploads\\\/2010\\\/09\\\/gafas.jpg\",\"keywords\":[\"accidentes\",\"gafas\",\"miop\u00eda\",\"problemas de vista\",\"visi\u00f3n\"],\"articleSection\":[\"Nuestra marca\"],\"inLanguage\":\"es\",\"potentialAction\":[{\"@type\":\"CommentAction\",\"name\":\"Comment\",\"target\":[\"https:\\\/\\\/www.subaru.es\\\/blog\\\/nuestra-marca\\\/la-importancia-de-ver-bien\\\/#respond\"]}]},{\"@type\":\"WebPage\",\"@id\":\"https:\\\/\\\/www.subaru.es\\\/blog\\\/nuestra-marca\\\/la-importancia-de-ver-bien\\\/\",\"url\":\"https:\\\/\\\/www.subaru.es\\\/blog\\\/nuestra-marca\\\/la-importancia-de-ver-bien\\\/\",\"name\":\"La importancia de ver bien - Universo Subaru\",\"isPartOf\":{\"@id\":\"https:\\\/\\\/www.subaru.es\\\/blog\\\/#website\"},\"primaryImageOfPage\":{\"@id\":\"https:\\\/\\\/www.subaru.es\\\/blog\\\/nuestra-marca\\\/la-importancia-de-ver-bien\\\/#primaryimage\"},\"image\":{\"@id\":\"https:\\\/\\\/www.subaru.es\\\/blog\\\/nuestra-marca\\\/la-importancia-de-ver-bien\\\/#primaryimage\"},\"thumbnailUrl\":\"https:\\\/\\\/www.subaru.es\\\/blog\\\/wp-content\\\/uploads\\\/2010\\\/09\\\/gafas.jpg\",\"datePublished\":\"2010-10-14T17:03:33+00:00\",\"dateModified\":\"2016-10-17T13:11:09+00:00\",\"breadcrumb\":{\"@id\":\"https:\\\/\\\/www.subaru.es\\\/blog\\\/nuestra-marca\\\/la-importancia-de-ver-bien\\\/#breadcrumb\"},\"inLanguage\":\"es\",\"potentialAction\":[{\"@type\":\"ReadAction\",\"target\":[\"https:\\\/\\\/www.subaru.es\\\/blog\\\/nuestra-marca\\\/la-importancia-de-ver-bien\\\/\"]}]},{\"@type\":\"ImageObject\",\"inLanguage\":\"es\",\"@id\":\"https:\\\/\\\/www.subaru.es\\\/blog\\\/nuestra-marca\\\/la-importancia-de-ver-bien\\\/#primaryimage\",\"url\":\"https:\\\/\\\/www.subaru.es\\\/blog\\\/wp-content\\\/uploads\\\/2010\\\/09\\\/gafas.jpg\",\"contentUrl\":\"https:\\\/\\\/www.subaru.es\\\/blog\\\/wp-content\\\/uploads\\\/2010\\\/09\\\/gafas.jpg\",\"width\":500,\"height\":333,\"caption\":\"Gafas\"},{\"@type\":\"BreadcrumbList\",\"@id\":\"https:\\\/\\\/www.subaru.es\\\/blog\\\/nuestra-marca\\\/la-importancia-de-ver-bien\\\/#breadcrumb\",\"itemListElement\":[{\"@type\":\"ListItem\",\"position\":1,\"name\":\"Portada\",\"item\":\"https:\\\/\\\/www.subaru.es\\\/blog\\\/\"},{\"@type\":\"ListItem\",\"position\":2,\"name\":\"La importancia de ver bien\"}]},{\"@type\":\"WebSite\",\"@id\":\"https:\\\/\\\/www.subaru.es\\\/blog\\\/#website\",\"url\":\"https:\\\/\\\/www.subaru.es\\\/blog\\\/\",\"name\":\"Universo Subaru\",\"description\":\"Descubre este apasionante espacio de Subaru donde vas a conocer todo sobre nuestros coches y las experiencias que vivimos con ellos. Si est\u00e1s preparado para dejarte seducir por la filosof\u00eda Subaru, qu\u00e9date con nosotros.\",\"publisher\":{\"@id\":\"https:\\\/\\\/www.subaru.es\\\/blog\\\/#organization\"},\"potentialAction\":[{\"@type\":\"SearchAction\",\"target\":{\"@type\":\"EntryPoint\",\"urlTemplate\":\"https:\\\/\\\/www.subaru.es\\\/blog\\\/?s={search_term_string}\"},\"query-input\":{\"@type\":\"PropertyValueSpecification\",\"valueRequired\":true,\"valueName\":\"search_term_string\"}}],\"inLanguage\":\"es\"},{\"@type\":\"Organization\",\"@id\":\"https:\\\/\\\/www.subaru.es\\\/blog\\\/#organization\",\"name\":\"Subaru Espa\u00f1a S.A.\",\"url\":\"https:\\\/\\\/www.subaru.es\\\/blog\\\/\",\"logo\":{\"@type\":\"ImageObject\",\"inLanguage\":\"es\",\"@id\":\"https:\\\/\\\/www.subaru.es\\\/blog\\\/#\\\/schema\\\/logo\\\/image\\\/\",\"url\":\"https:\\\/\\\/www.subaru.es\\\/blog\\\/wp-content\\\/uploads\\\/2016\\\/12\\\/Logo-Subaru-TypeV_C300-scaled.jpg\",\"contentUrl\":\"https:\\\/\\\/www.subaru.es\\\/blog\\\/wp-content\\\/uploads\\\/2016\\\/12\\\/Logo-Subaru-TypeV_C300-scaled.jpg\",\"width\":2560,\"height\":1864,\"caption\":\"Subaru Espa\u00f1a S.A.\"},\"image\":{\"@id\":\"https:\\\/\\\/www.subaru.es\\\/blog\\\/#\\\/schema\\\/logo\\\/image\\\/\"},\"sameAs\":[\"https:\\\/\\\/www.facebook.com\\\/subaruespana\",\"https:\\\/\\\/www.instagram.com\\\/subarues\\\/\",\"https:\\\/\\\/www.youtube.com\\\/user\\\/subaruespana\"]},{\"@type\":\"Person\",\"@id\":\"https:\\\/\\\/www.subaru.es\\\/blog\\\/#\\\/schema\\\/person\\\/19a90b892230b8e0ec752704ddf4aa10\",\"name\":\"Subaru\",\"url\":\"https:\\\/\\\/www.subaru.es\\\/blog\\\/author\\\/subaria\\\/\"}]}<\/script>\n<!-- \/ Yoast SEO plugin. -->","yoast_head_json":{"title":"La importancia de ver bien - Universo Subaru","robots":{"index":"index","follow":"follow","max-snippet":"max-snippet:-1","max-image-preview":"max-image-preview:large","max-video-preview":"max-video-preview:-1"},"canonical":"https:\/\/www.subaru.es\/blog\/nuestra-marca\/la-importancia-de-ver-bien\/","og_locale":"es_ES","og_type":"article","og_title":"La importancia de ver bien - Universo Subaru","og_description":"Seguro que si tienes alg\u00fan problema de visi\u00f3n leve y no utilizas gafas ni lentillas, te fastidia bastante que una revisi\u00f3n haya indicado en tu carnet que s\u00ed necesitas lentes. Es posible incluso que hayas logrado librarte con alg\u00fan peque\u00f1o enga\u00f1o. No te vamos a felicitar por ello, solo te vamos a explicar por qu\u00e9 [&hellip;]","og_url":"https:\/\/www.subaru.es\/blog\/nuestra-marca\/la-importancia-de-ver-bien\/","og_site_name":"Universo Subaru","article_publisher":"https:\/\/www.facebook.com\/subaruespana","article_published_time":"2010-10-14T17:03:33+00:00","article_modified_time":"2016-10-17T13:11:09+00:00","og_image":[{"width":500,"height":333,"url":"https:\/\/www.subaru.es\/blog\/wp-content\/uploads\/2010\/09\/gafas.jpg","type":"image\/jpeg"}],"author":"Subaru","twitter_card":"summary_large_image","twitter_misc":{"Escrito por":"Subaru","Tiempo de lectura":"2 minutos"},"schema":{"@context":"https:\/\/schema.org","@graph":[{"@type":"Article","@id":"https:\/\/www.subaru.es\/blog\/nuestra-marca\/la-importancia-de-ver-bien\/#article","isPartOf":{"@id":"https:\/\/www.subaru.es\/blog\/nuestra-marca\/la-importancia-de-ver-bien\/"},"author":{"name":"Subaru","@id":"https:\/\/www.subaru.es\/blog\/#\/schema\/person\/19a90b892230b8e0ec752704ddf4aa10"},"headline":"La importancia de ver bien","datePublished":"2010-10-14T17:03:33+00:00","dateModified":"2016-10-17T13:11:09+00:00","mainEntityOfPage":{"@id":"https:\/\/www.subaru.es\/blog\/nuestra-marca\/la-importancia-de-ver-bien\/"},"wordCount":326,"commentCount":0,"publisher":{"@id":"https:\/\/www.subaru.es\/blog\/#organization"},"image":{"@id":"https:\/\/www.subaru.es\/blog\/nuestra-marca\/la-importancia-de-ver-bien\/#primaryimage"},"thumbnailUrl":"https:\/\/www.subaru.es\/blog\/wp-content\/uploads\/2010\/09\/gafas.jpg","keywords":["accidentes","gafas","miop\u00eda","problemas de vista","visi\u00f3n"],"articleSection":["Nuestra marca"],"inLanguage":"es","potentialAction":[{"@type":"CommentAction","name":"Comment","target":["https:\/\/www.subaru.es\/blog\/nuestra-marca\/la-importancia-de-ver-bien\/#respond"]}]},{"@type":"WebPage","@id":"https:\/\/www.subaru.es\/blog\/nuestra-marca\/la-importancia-de-ver-bien\/","url":"https:\/\/www.subaru.es\/blog\/nuestra-marca\/la-importancia-de-ver-bien\/","name":"La importancia de ver bien - Universo Subaru","isPartOf":{"@id":"https:\/\/www.subaru.es\/blog\/#website"},"primaryImageOfPage":{"@id":"https:\/\/www.subaru.es\/blog\/nuestra-marca\/la-importancia-de-ver-bien\/#primaryimage"},"image":{"@id":"https:\/\/www.subaru.es\/blog\/nuestra-marca\/la-importancia-de-ver-bien\/#primaryimage"},"thumbnailUrl":"https:\/\/www.subaru.es\/blog\/wp-content\/uploads\/2010\/09\/gafas.jpg","datePublished":"2010-10-14T17:03:33+00:00","dateModified":"2016-10-17T13:11:09+00:00","breadcrumb":{"@id":"https:\/\/www.subaru.es\/blog\/nuestra-marca\/la-importancia-de-ver-bien\/#breadcrumb"},"inLanguage":"es","potentialAction":[{"@type":"ReadAction","target":["https:\/\/www.subaru.es\/blog\/nuestra-marca\/la-importancia-de-ver-bien\/"]}]},{"@type":"ImageObject","inLanguage":"es","@id":"https:\/\/www.subaru.es\/blog\/nuestra-marca\/la-importancia-de-ver-bien\/#primaryimage","url":"https:\/\/www.subaru.es\/blog\/wp-content\/uploads\/2010\/09\/gafas.jpg","contentUrl":"https:\/\/www.subaru.es\/blog\/wp-content\/uploads\/2010\/09\/gafas.jpg","width":500,"height":333,"caption":"Gafas"},{"@type":"BreadcrumbList","@id":"https:\/\/www.subaru.es\/blog\/nuestra-marca\/la-importancia-de-ver-bien\/#breadcrumb","itemListElement":[{"@type":"ListItem","position":1,"name":"Portada","item":"https:\/\/www.subaru.es\/blog\/"},{"@type":"ListItem","position":2,"name":"La importancia de ver bien"}]},{"@type":"WebSite","@id":"https:\/\/www.subaru.es\/blog\/#website","url":"https:\/\/www.subaru.es\/blog\/","name":"Universo Subaru","description":"Descubre este apasionante espacio de Subaru donde vas a conocer todo sobre nuestros coches y las experiencias que vivimos con ellos. Si est\u00e1s preparado para dejarte seducir por la filosof\u00eda Subaru, qu\u00e9date con nosotros.","publisher":{"@id":"https:\/\/www.subaru.es\/blog\/#organization"},"potentialAction":[{"@type":"SearchAction","target":{"@type":"EntryPoint","urlTemplate":"https:\/\/www.subaru.es\/blog\/?s={search_term_string}"},"query-input":{"@type":"PropertyValueSpecification","valueRequired":true,"valueName":"search_term_string"}}],"inLanguage":"es"},{"@type":"Organization","@id":"https:\/\/www.subaru.es\/blog\/#organization","name":"Subaru Espa\u00f1a S.A.","url":"https:\/\/www.subaru.es\/blog\/","logo":{"@type":"ImageObject","inLanguage":"es","@id":"https:\/\/www.subaru.es\/blog\/#\/schema\/logo\/image\/","url":"https:\/\/www.subaru.es\/blog\/wp-content\/uploads\/2016\/12\/Logo-Subaru-TypeV_C300-scaled.jpg","contentUrl":"https:\/\/www.subaru.es\/blog\/wp-content\/uploads\/2016\/12\/Logo-Subaru-TypeV_C300-scaled.jpg","width":2560,"height":1864,"caption":"Subaru Espa\u00f1a S.A."},"image":{"@id":"https:\/\/www.subaru.es\/blog\/#\/schema\/logo\/image\/"},"sameAs":["https:\/\/www.facebook.com\/subaruespana","https:\/\/www.instagram.com\/subarues\/","https:\/\/www.youtube.com\/user\/subaruespana"]},{"@type":"Person","@id":"https:\/\/www.subaru.es\/blog\/#\/schema\/person\/19a90b892230b8e0ec752704ddf4aa10","name":"Subaru","url":"https:\/\/www.subaru.es\/blog\/author\/subaria\/"}]}},"_links":{"self":[{"href":"https:\/\/www.subaru.es\/blog\/wp-json\/wp\/v2\/posts\/3274","targetHints":{"allow":["GET"]}}],"collection":[{"href":"https:\/\/www.subaru.es\/blog\/wp-json\/wp\/v2\/posts"}],"about":[{"href":"https:\/\/www.subaru.es\/blog\/wp-json\/wp\/v2\/types\/post"}],"author":[{"embeddable":true,"href":"https:\/\/www.subaru.es\/blog\/wp-json\/wp\/v2\/users\/21"}],"replies":[{"embeddable":true,"href":"https:\/\/www.subaru.es\/blog\/wp-json\/wp\/v2\/comments?post=3274"}],"version-history":[{"count":1,"href":"https:\/\/www.subaru.es\/blog\/wp-json\/wp\/v2\/posts\/3274\/revisions"}],"predecessor-version":[{"id":15005,"href":"https:\/\/www.subaru.es\/blog\/wp-json\/wp\/v2\/posts\/3274\/revisions\/15005"}],"wp:featuredmedia":[{"embeddable":true,"href":"https:\/\/www.subaru.es\/blog\/wp-json\/wp\/v2\/media\/3275"}],"wp:attachment":[{"href":"https:\/\/www.subaru.es\/blog\/wp-json\/wp\/v2\/media?parent=3274"}],"wp:term":[{"taxonomy":"category","embeddable":true,"href":"https:\/\/www.subaru.es\/blog\/wp-json\/wp\/v2\/categories?post=3274"},{"taxonomy":"post_tag","embeddable":true,"href":"https:\/\/www.subaru.es\/blog\/wp-json\/wp\/v2\/tags?post=3274"}],"curies":[{"name":"wp","href":"https:\/\/api.w.org\/{rel}","templated":true}]}}