{"id":326,"date":"2007-10-25T09:58:52","date_gmt":"2007-10-25T07:58:52","guid":{"rendered":"http:\/\/subaru.preproduccion.com\/blog\/wp-content\/2007\/10\/25\/comunidad-de-imprezas-en-costa-rica\/"},"modified":"2016-10-17T15:09:27","modified_gmt":"2016-10-17T13:09:27","slug":"comunidad-de-imprezas-en-costa-rica","status":"publish","type":"post","link":"https:\/\/www.subaru.es\/blog\/nuestra-marca\/comunidad-de-imprezas-en-costa-rica\/","title":{"rendered":"Comunidad de Imprezas en Costa Rica"},"content":{"rendered":"<p><\/a>No es novedoso decir que la marca<strong> Subaru <\/strong>y sus coches, en particular el <strong>Impreza<\/strong> gozan de seguidores cuasi fan\u00e1ticos a lo largo del globo terr\u00e1queo, seguidores que se aglutinan en torno a la marca como lo hacen los tifosi de los equipos de f\u00fatbol. Viviendo con absoluta la pasi\u00f3n el devenir de la marca.<\/p>\n<p>Esta afici\u00f3n por Subaru, se consolida en muchos lugares ya, y aunque en un principio los seguidores se hac\u00edan m\u00e1s patentes en zonas con tradici\u00f3n en competiciones de <strong>Rallys<\/strong>, lo cierto es que ahora no importa mucho el sitio para encontrarte con un club de Subaru o de seguidores del Impreza.<\/p>\n<p>Precisamente queremos destacar una comunidad, la <a href=\"http:\/\/www.imprezacr.com\/joomla\/index.php?option=com_frontpage&#038;Itemid=1\">Comunidad de Imprezas de Costa Rica <\/a>por la curiosa e interesante p\u00e1gina Web que han lanzado en Internet.<\/p>\n<p><center><img data-src='https:\/\/www.subaru.es\/blog\/wp-content\/uploads\/2007\/10\/costrica.jpg' alt='costrica.jpg' src='data:image\/svg+xml;base64,PHN2ZyB3aWR0aD0iMSIgaGVpZ2h0PSIxIiB4bWxucz0iaHR0cDovL3d3dy53My5vcmcvMjAwMC9zdmciPjwvc3ZnPg==' class='lazyload' style='--smush-placeholder-width: 199px; --smush-placeholder-aspect-ratio: 199\/152;' \/><\/center><\/p>\n<p><strong>Una Web donde se recogen todo tipo de noticias relacionadas con Subaru y fundamentalmente de los Impreza<\/strong>.<\/p>\n<p>Adem\u00e1s tambi\u00e9n existen lugares espec\u00edficos para art\u00edculos de opini\u00f3n, nociones sobre t\u00e9cnicas de conducci\u00f3n, espacios para descargas multimedia y lo que yo considero m\u00e1s importante, un <strong>foro,<\/strong> un lugar abierto al p\u00fablico donde los usuarios del Impreza pueden compartir y debatir opiniones. <\/p>\n<p>Todo esto hace de la Comunidad de Imprezas de Costa Rica, un lugar vivo donde los parroquianos de Subaru se dan cita como si de una iglesia se tratase.<\/p>\n","protected":false},"excerpt":{"rendered":"<p>No es novedoso decir que la marca Subaru y sus coches, en particular el Impreza gozan de seguidores cuasi fan\u00e1ticos a lo largo del globo terr\u00e1queo, seguidores que se aglutinan en torno a la marca como lo hacen los tifosi de los equipos de f\u00fatbol. Viviendo con absoluta la pasi\u00f3n el devenir de la marca. [&hellip;]<\/p>\n","protected":false},"author":21,"featured_media":327,"comment_status":"open","ping_status":"open","sticky":false,"template":"","format":"standard","meta":{"_acf_changed":false,"_eb_attr":"","inline_featured_image":false,"footnotes":""},"categories":[4401],"tags":[],"class_list":["post-326","post","type-post","status-publish","format-standard","has-post-thumbnail","hentry","category-nuestra-marca"],"acf":[],"yoast_head":"<!-- This site is optimized with the Yoast SEO plugin v27.3 - https:\/\/yoast.com\/product\/yoast-seo-wordpress\/ -->\n<title>Comunidad de Imprezas en Costa Rica - Universo Subaru<\/title>\n<meta name=\"robots\" content=\"index, follow, max-snippet:-1, max-image-preview:large, max-video-preview:-1\" \/>\n<link rel=\"canonical\" href=\"https:\/\/www.subaru.es\/blog\/nuestra-marca\/comunidad-de-imprezas-en-costa-rica\/\" \/>\n<meta property=\"og:locale\" content=\"es_ES\" \/>\n<meta property=\"og:type\" content=\"article\" \/>\n<meta property=\"og:title\" content=\"Comunidad de Imprezas en Costa Rica - Universo Subaru\" \/>\n<meta property=\"og:description\" content=\"No es novedoso decir que la marca Subaru y sus coches, en particular el Impreza gozan de seguidores cuasi fan\u00e1ticos a lo largo del globo terr\u00e1queo, seguidores que se aglutinan en torno a la marca como lo hacen los tifosi de los equipos de f\u00fatbol. Viviendo con absoluta la pasi\u00f3n el devenir de la marca. [&hellip;]\" \/>\n<meta property=\"og:url\" content=\"https:\/\/www.subaru.es\/blog\/nuestra-marca\/comunidad-de-imprezas-en-costa-rica\/\" \/>\n<meta property=\"og:site_name\" content=\"Universo Subaru\" \/>\n<meta property=\"article:publisher\" content=\"https:\/\/www.facebook.com\/subaruespana\" \/>\n<meta property=\"article:published_time\" content=\"2007-10-25T07:58:52+00:00\" \/>\n<meta property=\"article:modified_time\" content=\"2016-10-17T13:09:27+00:00\" \/>\n<meta property=\"og:image\" content=\"https:\/\/www.subaru.es\/blog\/wp-content\/uploads\/2007\/10\/costrica.jpg\" \/>\n\t<meta property=\"og:image:width\" content=\"199\" \/>\n\t<meta property=\"og:image:height\" content=\"152\" \/>\n\t<meta property=\"og:image:type\" content=\"image\/jpeg\" \/>\n<meta name=\"author\" content=\"Subaru\" \/>\n<meta name=\"twitter:card\" content=\"summary_large_image\" \/>\n<meta name=\"twitter:label1\" content=\"Escrito por\" \/>\n\t<meta name=\"twitter:data1\" content=\"Subaru\" \/>\n\t<meta name=\"twitter:label2\" content=\"Tiempo de lectura\" \/>\n\t<meta name=\"twitter:data2\" content=\"1 minuto\" \/>\n<script type=\"application\/ld+json\" class=\"yoast-schema-graph\">{\"@context\":\"https:\\\/\\\/schema.org\",\"@graph\":[{\"@type\":\"Article\",\"@id\":\"https:\\\/\\\/www.subaru.es\\\/blog\\\/nuestra-marca\\\/comunidad-de-imprezas-en-costa-rica\\\/#article\",\"isPartOf\":{\"@id\":\"https:\\\/\\\/www.subaru.es\\\/blog\\\/nuestra-marca\\\/comunidad-de-imprezas-en-costa-rica\\\/\"},\"author\":{\"name\":\"Subaru\",\"@id\":\"https:\\\/\\\/www.subaru.es\\\/blog\\\/#\\\/schema\\\/person\\\/19a90b892230b8e0ec752704ddf4aa10\"},\"headline\":\"Comunidad de Imprezas en Costa Rica\",\"datePublished\":\"2007-10-25T07:58:52+00:00\",\"dateModified\":\"2016-10-17T13:09:27+00:00\",\"mainEntityOfPage\":{\"@id\":\"https:\\\/\\\/www.subaru.es\\\/blog\\\/nuestra-marca\\\/comunidad-de-imprezas-en-costa-rica\\\/\"},\"wordCount\":242,\"commentCount\":3,\"publisher\":{\"@id\":\"https:\\\/\\\/www.subaru.es\\\/blog\\\/#organization\"},\"image\":{\"@id\":\"https:\\\/\\\/www.subaru.es\\\/blog\\\/nuestra-marca\\\/comunidad-de-imprezas-en-costa-rica\\\/#primaryimage\"},\"thumbnailUrl\":\"https:\\\/\\\/www.subaru.es\\\/blog\\\/wp-content\\\/uploads\\\/2007\\\/10\\\/costrica.jpg\",\"articleSection\":[\"Nuestra marca\"],\"inLanguage\":\"es\",\"potentialAction\":[{\"@type\":\"CommentAction\",\"name\":\"Comment\",\"target\":[\"https:\\\/\\\/www.subaru.es\\\/blog\\\/nuestra-marca\\\/comunidad-de-imprezas-en-costa-rica\\\/#respond\"]}]},{\"@type\":\"WebPage\",\"@id\":\"https:\\\/\\\/www.subaru.es\\\/blog\\\/nuestra-marca\\\/comunidad-de-imprezas-en-costa-rica\\\/\",\"url\":\"https:\\\/\\\/www.subaru.es\\\/blog\\\/nuestra-marca\\\/comunidad-de-imprezas-en-costa-rica\\\/\",\"name\":\"Comunidad de Imprezas en Costa Rica - Universo Subaru\",\"isPartOf\":{\"@id\":\"https:\\\/\\\/www.subaru.es\\\/blog\\\/#website\"},\"primaryImageOfPage\":{\"@id\":\"https:\\\/\\\/www.subaru.es\\\/blog\\\/nuestra-marca\\\/comunidad-de-imprezas-en-costa-rica\\\/#primaryimage\"},\"image\":{\"@id\":\"https:\\\/\\\/www.subaru.es\\\/blog\\\/nuestra-marca\\\/comunidad-de-imprezas-en-costa-rica\\\/#primaryimage\"},\"thumbnailUrl\":\"https:\\\/\\\/www.subaru.es\\\/blog\\\/wp-content\\\/uploads\\\/2007\\\/10\\\/costrica.jpg\",\"datePublished\":\"2007-10-25T07:58:52+00:00\",\"dateModified\":\"2016-10-17T13:09:27+00:00\",\"breadcrumb\":{\"@id\":\"https:\\\/\\\/www.subaru.es\\\/blog\\\/nuestra-marca\\\/comunidad-de-imprezas-en-costa-rica\\\/#breadcrumb\"},\"inLanguage\":\"es\",\"potentialAction\":[{\"@type\":\"ReadAction\",\"target\":[\"https:\\\/\\\/www.subaru.es\\\/blog\\\/nuestra-marca\\\/comunidad-de-imprezas-en-costa-rica\\\/\"]}]},{\"@type\":\"ImageObject\",\"inLanguage\":\"es\",\"@id\":\"https:\\\/\\\/www.subaru.es\\\/blog\\\/nuestra-marca\\\/comunidad-de-imprezas-en-costa-rica\\\/#primaryimage\",\"url\":\"https:\\\/\\\/www.subaru.es\\\/blog\\\/wp-content\\\/uploads\\\/2007\\\/10\\\/costrica.jpg\",\"contentUrl\":\"https:\\\/\\\/www.subaru.es\\\/blog\\\/wp-content\\\/uploads\\\/2007\\\/10\\\/costrica.jpg\",\"width\":199,\"height\":152},{\"@type\":\"BreadcrumbList\",\"@id\":\"https:\\\/\\\/www.subaru.es\\\/blog\\\/nuestra-marca\\\/comunidad-de-imprezas-en-costa-rica\\\/#breadcrumb\",\"itemListElement\":[{\"@type\":\"ListItem\",\"position\":1,\"name\":\"Portada\",\"item\":\"https:\\\/\\\/www.subaru.es\\\/blog\\\/\"},{\"@type\":\"ListItem\",\"position\":2,\"name\":\"Comunidad de Imprezas en Costa Rica\"}]},{\"@type\":\"WebSite\",\"@id\":\"https:\\\/\\\/www.subaru.es\\\/blog\\\/#website\",\"url\":\"https:\\\/\\\/www.subaru.es\\\/blog\\\/\",\"name\":\"Universo Subaru\",\"description\":\"Descubre este apasionante espacio de Subaru donde vas a conocer todo sobre nuestros coches y las experiencias que vivimos con ellos. Si est\u00e1s preparado para dejarte seducir por la filosof\u00eda Subaru, qu\u00e9date con nosotros.\",\"publisher\":{\"@id\":\"https:\\\/\\\/www.subaru.es\\\/blog\\\/#organization\"},\"potentialAction\":[{\"@type\":\"SearchAction\",\"target\":{\"@type\":\"EntryPoint\",\"urlTemplate\":\"https:\\\/\\\/www.subaru.es\\\/blog\\\/?s={search_term_string}\"},\"query-input\":{\"@type\":\"PropertyValueSpecification\",\"valueRequired\":true,\"valueName\":\"search_term_string\"}}],\"inLanguage\":\"es\"},{\"@type\":\"Organization\",\"@id\":\"https:\\\/\\\/www.subaru.es\\\/blog\\\/#organization\",\"name\":\"Subaru Espa\u00f1a S.A.\",\"url\":\"https:\\\/\\\/www.subaru.es\\\/blog\\\/\",\"logo\":{\"@type\":\"ImageObject\",\"inLanguage\":\"es\",\"@id\":\"https:\\\/\\\/www.subaru.es\\\/blog\\\/#\\\/schema\\\/logo\\\/image\\\/\",\"url\":\"https:\\\/\\\/www.subaru.es\\\/blog\\\/wp-content\\\/uploads\\\/2016\\\/12\\\/Logo-Subaru-TypeV_C300-scaled.jpg\",\"contentUrl\":\"https:\\\/\\\/www.subaru.es\\\/blog\\\/wp-content\\\/uploads\\\/2016\\\/12\\\/Logo-Subaru-TypeV_C300-scaled.jpg\",\"width\":2560,\"height\":1864,\"caption\":\"Subaru Espa\u00f1a S.A.\"},\"image\":{\"@id\":\"https:\\\/\\\/www.subaru.es\\\/blog\\\/#\\\/schema\\\/logo\\\/image\\\/\"},\"sameAs\":[\"https:\\\/\\\/www.facebook.com\\\/subaruespana\",\"https:\\\/\\\/www.instagram.com\\\/subarues\\\/\",\"https:\\\/\\\/www.youtube.com\\\/user\\\/subaruespana\"]},{\"@type\":\"Person\",\"@id\":\"https:\\\/\\\/www.subaru.es\\\/blog\\\/#\\\/schema\\\/person\\\/19a90b892230b8e0ec752704ddf4aa10\",\"name\":\"Subaru\",\"url\":\"https:\\\/\\\/www.subaru.es\\\/blog\\\/author\\\/subaria\\\/\"}]}<\/script>\n<!-- \/ Yoast SEO plugin. -->","yoast_head_json":{"title":"Comunidad de Imprezas en Costa Rica - Universo Subaru","robots":{"index":"index","follow":"follow","max-snippet":"max-snippet:-1","max-image-preview":"max-image-preview:large","max-video-preview":"max-video-preview:-1"},"canonical":"https:\/\/www.subaru.es\/blog\/nuestra-marca\/comunidad-de-imprezas-en-costa-rica\/","og_locale":"es_ES","og_type":"article","og_title":"Comunidad de Imprezas en Costa Rica - Universo Subaru","og_description":"No es novedoso decir que la marca Subaru y sus coches, en particular el Impreza gozan de seguidores cuasi fan\u00e1ticos a lo largo del globo terr\u00e1queo, seguidores que se aglutinan en torno a la marca como lo hacen los tifosi de los equipos de f\u00fatbol. Viviendo con absoluta la pasi\u00f3n el devenir de la marca. [&hellip;]","og_url":"https:\/\/www.subaru.es\/blog\/nuestra-marca\/comunidad-de-imprezas-en-costa-rica\/","og_site_name":"Universo Subaru","article_publisher":"https:\/\/www.facebook.com\/subaruespana","article_published_time":"2007-10-25T07:58:52+00:00","article_modified_time":"2016-10-17T13:09:27+00:00","og_image":[{"width":199,"height":152,"url":"https:\/\/www.subaru.es\/blog\/wp-content\/uploads\/2007\/10\/costrica.jpg","type":"image\/jpeg"}],"author":"Subaru","twitter_card":"summary_large_image","twitter_misc":{"Escrito por":"Subaru","Tiempo de lectura":"1 minuto"},"schema":{"@context":"https:\/\/schema.org","@graph":[{"@type":"Article","@id":"https:\/\/www.subaru.es\/blog\/nuestra-marca\/comunidad-de-imprezas-en-costa-rica\/#article","isPartOf":{"@id":"https:\/\/www.subaru.es\/blog\/nuestra-marca\/comunidad-de-imprezas-en-costa-rica\/"},"author":{"name":"Subaru","@id":"https:\/\/www.subaru.es\/blog\/#\/schema\/person\/19a90b892230b8e0ec752704ddf4aa10"},"headline":"Comunidad de Imprezas en Costa Rica","datePublished":"2007-10-25T07:58:52+00:00","dateModified":"2016-10-17T13:09:27+00:00","mainEntityOfPage":{"@id":"https:\/\/www.subaru.es\/blog\/nuestra-marca\/comunidad-de-imprezas-en-costa-rica\/"},"wordCount":242,"commentCount":3,"publisher":{"@id":"https:\/\/www.subaru.es\/blog\/#organization"},"image":{"@id":"https:\/\/www.subaru.es\/blog\/nuestra-marca\/comunidad-de-imprezas-en-costa-rica\/#primaryimage"},"thumbnailUrl":"https:\/\/www.subaru.es\/blog\/wp-content\/uploads\/2007\/10\/costrica.jpg","articleSection":["Nuestra marca"],"inLanguage":"es","potentialAction":[{"@type":"CommentAction","name":"Comment","target":["https:\/\/www.subaru.es\/blog\/nuestra-marca\/comunidad-de-imprezas-en-costa-rica\/#respond"]}]},{"@type":"WebPage","@id":"https:\/\/www.subaru.es\/blog\/nuestra-marca\/comunidad-de-imprezas-en-costa-rica\/","url":"https:\/\/www.subaru.es\/blog\/nuestra-marca\/comunidad-de-imprezas-en-costa-rica\/","name":"Comunidad de Imprezas en Costa Rica - Universo Subaru","isPartOf":{"@id":"https:\/\/www.subaru.es\/blog\/#website"},"primaryImageOfPage":{"@id":"https:\/\/www.subaru.es\/blog\/nuestra-marca\/comunidad-de-imprezas-en-costa-rica\/#primaryimage"},"image":{"@id":"https:\/\/www.subaru.es\/blog\/nuestra-marca\/comunidad-de-imprezas-en-costa-rica\/#primaryimage"},"thumbnailUrl":"https:\/\/www.subaru.es\/blog\/wp-content\/uploads\/2007\/10\/costrica.jpg","datePublished":"2007-10-25T07:58:52+00:00","dateModified":"2016-10-17T13:09:27+00:00","breadcrumb":{"@id":"https:\/\/www.subaru.es\/blog\/nuestra-marca\/comunidad-de-imprezas-en-costa-rica\/#breadcrumb"},"inLanguage":"es","potentialAction":[{"@type":"ReadAction","target":["https:\/\/www.subaru.es\/blog\/nuestra-marca\/comunidad-de-imprezas-en-costa-rica\/"]}]},{"@type":"ImageObject","inLanguage":"es","@id":"https:\/\/www.subaru.es\/blog\/nuestra-marca\/comunidad-de-imprezas-en-costa-rica\/#primaryimage","url":"https:\/\/www.subaru.es\/blog\/wp-content\/uploads\/2007\/10\/costrica.jpg","contentUrl":"https:\/\/www.subaru.es\/blog\/wp-content\/uploads\/2007\/10\/costrica.jpg","width":199,"height":152},{"@type":"BreadcrumbList","@id":"https:\/\/www.subaru.es\/blog\/nuestra-marca\/comunidad-de-imprezas-en-costa-rica\/#breadcrumb","itemListElement":[{"@type":"ListItem","position":1,"name":"Portada","item":"https:\/\/www.subaru.es\/blog\/"},{"@type":"ListItem","position":2,"name":"Comunidad de Imprezas en Costa Rica"}]},{"@type":"WebSite","@id":"https:\/\/www.subaru.es\/blog\/#website","url":"https:\/\/www.subaru.es\/blog\/","name":"Universo Subaru","description":"Descubre este apasionante espacio de Subaru donde vas a conocer todo sobre nuestros coches y las experiencias que vivimos con ellos. Si est\u00e1s preparado para dejarte seducir por la filosof\u00eda Subaru, qu\u00e9date con nosotros.","publisher":{"@id":"https:\/\/www.subaru.es\/blog\/#organization"},"potentialAction":[{"@type":"SearchAction","target":{"@type":"EntryPoint","urlTemplate":"https:\/\/www.subaru.es\/blog\/?s={search_term_string}"},"query-input":{"@type":"PropertyValueSpecification","valueRequired":true,"valueName":"search_term_string"}}],"inLanguage":"es"},{"@type":"Organization","@id":"https:\/\/www.subaru.es\/blog\/#organization","name":"Subaru Espa\u00f1a S.A.","url":"https:\/\/www.subaru.es\/blog\/","logo":{"@type":"ImageObject","inLanguage":"es","@id":"https:\/\/www.subaru.es\/blog\/#\/schema\/logo\/image\/","url":"https:\/\/www.subaru.es\/blog\/wp-content\/uploads\/2016\/12\/Logo-Subaru-TypeV_C300-scaled.jpg","contentUrl":"https:\/\/www.subaru.es\/blog\/wp-content\/uploads\/2016\/12\/Logo-Subaru-TypeV_C300-scaled.jpg","width":2560,"height":1864,"caption":"Subaru Espa\u00f1a S.A."},"image":{"@id":"https:\/\/www.subaru.es\/blog\/#\/schema\/logo\/image\/"},"sameAs":["https:\/\/www.facebook.com\/subaruespana","https:\/\/www.instagram.com\/subarues\/","https:\/\/www.youtube.com\/user\/subaruespana"]},{"@type":"Person","@id":"https:\/\/www.subaru.es\/blog\/#\/schema\/person\/19a90b892230b8e0ec752704ddf4aa10","name":"Subaru","url":"https:\/\/www.subaru.es\/blog\/author\/subaria\/"}]}},"_links":{"self":[{"href":"https:\/\/www.subaru.es\/blog\/wp-json\/wp\/v2\/posts\/326","targetHints":{"allow":["GET"]}}],"collection":[{"href":"https:\/\/www.subaru.es\/blog\/wp-json\/wp\/v2\/posts"}],"about":[{"href":"https:\/\/www.subaru.es\/blog\/wp-json\/wp\/v2\/types\/post"}],"author":[{"embeddable":true,"href":"https:\/\/www.subaru.es\/blog\/wp-json\/wp\/v2\/users\/21"}],"replies":[{"embeddable":true,"href":"https:\/\/www.subaru.es\/blog\/wp-json\/wp\/v2\/comments?post=326"}],"version-history":[{"count":1,"href":"https:\/\/www.subaru.es\/blog\/wp-json\/wp\/v2\/posts\/326\/revisions"}],"predecessor-version":[{"id":15761,"href":"https:\/\/www.subaru.es\/blog\/wp-json\/wp\/v2\/posts\/326\/revisions\/15761"}],"wp:featuredmedia":[{"embeddable":true,"href":"https:\/\/www.subaru.es\/blog\/wp-json\/wp\/v2\/media\/327"}],"wp:attachment":[{"href":"https:\/\/www.subaru.es\/blog\/wp-json\/wp\/v2\/media?parent=326"}],"wp:term":[{"taxonomy":"category","embeddable":true,"href":"https:\/\/www.subaru.es\/blog\/wp-json\/wp\/v2\/categories?post=326"},{"taxonomy":"post_tag","embeddable":true,"href":"https:\/\/www.subaru.es\/blog\/wp-json\/wp\/v2\/tags?post=326"}],"curies":[{"name":"wp","href":"https:\/\/api.w.org\/{rel}","templated":true}]}}