{"id":3254,"date":"2010-10-20T11:43:09","date_gmt":"2010-10-20T09:43:09","guid":{"rendered":"http:\/\/subaru.preproduccion.com\/blog\/?p=3254"},"modified":"2020-08-12T12:01:58","modified_gmt":"2020-08-12T10:01:58","slug":"como-y-donde-llevar-la-bicicleta-en-el-coche","status":"publish","type":"post","link":"https:\/\/www.subaru.es\/blog\/subaru-lifestyle\/como-y-donde-llevar-la-bicicleta-en-el-coche\/","title":{"rendered":"C\u00f3mo (y d\u00f3nde) llevar la bicicleta en el coche"},"content":{"rendered":"<p><center><a href=\"https:\/\/www.subaru.es\/blog\/wp-content\/uploads\/2010\/09\/bicis.jpg\"><img decoding=\"async\" class=\"aligncenter size-full wp-image-3255 lazyload\" title=\"Portabicicletas\" data-src=\"https:\/\/www.subaru.es\/blog\/wp-content\/uploads\/2010\/09\/bicis.jpg\" alt=\"Portabicicletas\" width=\"500\" height=\"315\" src=\"data:image\/svg+xml;base64,PHN2ZyB3aWR0aD0iMSIgaGVpZ2h0PSIxIiB4bWxucz0iaHR0cDovL3d3dy53My5vcmcvMjAwMC9zdmciPjwvc3ZnPg==\" style=\"--smush-placeholder-width: 500px; --smush-placeholder-aspect-ratio: 500\/315;\"><\/a><\/center><\/p>\n<p>Si eres aficionado al ciclismo y te gusta practicarlo, seguro que m\u00e1s de una vez has querido realizar una ruta a cuyo inicio solo pod\u00edas llegar en coche. La pregunta es entonces inmediata: <strong>\u00bfc\u00f3mo hago para transportar la bicicleta en el veh\u00edculo?<\/strong> Y la respuesta no es nada obvia, ya que, <a href=\"http:\/\/www.race.es\/corporativo\/prensa\/noticias_NP\/index.html?fichero=\/contenido\/noticias\/not2010_09_23.html&amp;mostrar_buscador=0&amp;mostrar_listado=0&amp;mostrar_detalle=1\" target=\"_blank\" rel=\"noopener noreferrer\">seg\u00fan informa RACE<\/a>, nueve de cada diez conductores no sabe c\u00f3mo hacerlo de forma segura.<br \/>\n<!--more--><\/p>\n<p>Lo primero que tendr\u00e1s que decidir es si la bici va <strong>por dentro o por fuera<\/strong>. Llevarla dentro del veh\u00edculo requerir\u00e1, en primer lugar, un maletero amplio o una <a href=\"http:\/\/www.consumer.es\/web\/es\/medio_ambiente\/urbano\/2007\/10\/19\/170794.php\" target=\"_blank\" rel=\"noopener noreferrer\">bicicleta plegable<\/a>. Si te decides por esta opci\u00f3n, es vital que la sujetes muy bien, de forma que sea imposible que la bici pueda salir despedida en caso de accidente o un simple frenazo. Recuerda: en caso de choque, los elementos sueltos dentro del veh\u00edculo suponen u<strong>n impacto con una fuerza equivalente a 50 veces su peso<\/strong>.<\/p>\n<p>Si optas por transportar la bici en el exterior del coche,<strong> necesitar\u00e1s un portabicicletas<\/strong>. Eso s\u00ed, no te dejes llevar por el precio a la hora de elegirlo: escoge un <strong>dispositivo homologado<\/strong> y, a ser posible, recomendado por tu fabricante, ya que ser\u00e1 el que mejor se adapte a tu veh\u00edculo. Hay tres tipos: los que van en la baca, los del port\u00f3n trasero y los de bola de remolque. \u00a1Inf\u00f3rmate en <a href=\"http:\/\/www.subaru.es\/CMS\/concesionarios.html\" target=\"_blank\" rel=\"noopener noreferrer\">tu concesionario<\/a>!<\/p>\n<p>Es posible que tambi\u00e9n te preguntes <strong>qu\u00e9 dice la ley<\/strong>. Pues bien, si cumples una serie de cuestiones no deber\u00edas tener problemas: utiliza dispositivos homologados, evita que la carga sobresalga por los laterales, no tapes ni matr\u00edcula ni luces y se\u00f1aliza siempre todo lo que salga por detr\u00e1s con un <a href=\"http:\/\/blogs.hoy.es\/paco\/2008\/12\/10\/panel-v-20\" target=\"_blank\" rel=\"noopener noreferrer\">panel V-20<\/a>.<\/p>\n<p>\u00bfUn \u00faltimo consejo? Lee la <strong>letra peque\u00f1a de tu seguro<\/strong>, muchas de las sorpresas m\u00e1s desagradables salen de ah\u00ed.<\/p>\n<p>V\u00eda | <a href=\"http:\/\/www.mountainbike.es\/front\/noticia\/%C2%BFC%C3%93MO-LLEVAR-MI-BICI-EN-EL-COCHE?\/2c90a847190ff641011913969e6a0019\" target=\"_blank\" rel=\"noopener noreferrer\">Bike<\/a><br \/>\nFoto | <a href=\"http:\/\/www.subaru.com\/\" target=\"_blank\" rel=\"noopener noreferrer\">Subaru<\/a><\/p>\n","protected":false},"excerpt":{"rendered":"<p>Si eres aficionado al ciclismo y te gusta practicarlo, seguro que m\u00e1s de una vez has querido realizar una ruta a cuyo inicio solo pod\u00edas llegar en coche. La pregunta es entonces inmediata: \u00bfc\u00f3mo hago para transportar la bicicleta en el veh\u00edculo? Y la respuesta no es nada obvia, ya que, seg\u00fan informa RACE, nueve [&hellip;]<\/p>\n","protected":false},"author":21,"featured_media":3255,"comment_status":"open","ping_status":"open","sticky":false,"template":"","format":"standard","meta":{"_acf_changed":false,"_eb_attr":"","inline_featured_image":false,"footnotes":""},"categories":[4520],"tags":[578,2980,3222],"class_list":["post-3254","post","type-post","status-publish","format-standard","has-post-thumbnail","hentry","category-subaru-lifestyle","tag-bici","tag-bicicleta","tag-portabicicletas"],"acf":[],"yoast_head":"<!-- This site is optimized with the Yoast SEO plugin v27.3 - https:\/\/yoast.com\/product\/yoast-seo-wordpress\/ -->\n<title>C\u00f3mo (y d\u00f3nde) llevar la bicicleta en el coche - Universo Subaru<\/title>\n<meta name=\"robots\" content=\"index, follow, max-snippet:-1, max-image-preview:large, max-video-preview:-1\" \/>\n<link rel=\"canonical\" href=\"https:\/\/www.subaru.es\/blog\/subaru-lifestyle\/como-y-donde-llevar-la-bicicleta-en-el-coche\/\" \/>\n<meta property=\"og:locale\" content=\"es_ES\" \/>\n<meta property=\"og:type\" content=\"article\" \/>\n<meta property=\"og:title\" content=\"C\u00f3mo (y d\u00f3nde) llevar la bicicleta en el coche - Universo Subaru\" \/>\n<meta property=\"og:description\" content=\"Si eres aficionado al ciclismo y te gusta practicarlo, seguro que m\u00e1s de una vez has querido realizar una ruta a cuyo inicio solo pod\u00edas llegar en coche. La pregunta es entonces inmediata: \u00bfc\u00f3mo hago para transportar la bicicleta en el veh\u00edculo? Y la respuesta no es nada obvia, ya que, seg\u00fan informa RACE, nueve [&hellip;]\" \/>\n<meta property=\"og:url\" content=\"https:\/\/www.subaru.es\/blog\/subaru-lifestyle\/como-y-donde-llevar-la-bicicleta-en-el-coche\/\" \/>\n<meta property=\"og:site_name\" content=\"Universo Subaru\" \/>\n<meta property=\"article:publisher\" content=\"https:\/\/www.facebook.com\/subaruespana\" \/>\n<meta property=\"article:published_time\" content=\"2010-10-20T09:43:09+00:00\" \/>\n<meta property=\"article:modified_time\" content=\"2020-08-12T10:01:58+00:00\" \/>\n<meta property=\"og:image\" content=\"https:\/\/www.subaru.es\/blog\/wp-content\/uploads\/2010\/09\/bicis.jpg\" \/>\n\t<meta property=\"og:image:width\" content=\"500\" \/>\n\t<meta property=\"og:image:height\" content=\"315\" \/>\n\t<meta property=\"og:image:type\" content=\"image\/jpeg\" \/>\n<meta name=\"author\" content=\"Subaru\" \/>\n<meta name=\"twitter:card\" content=\"summary_large_image\" \/>\n<meta name=\"twitter:label1\" content=\"Escrito por\" \/>\n\t<meta name=\"twitter:data1\" content=\"Subaru\" \/>\n\t<meta name=\"twitter:label2\" content=\"Tiempo de lectura\" \/>\n\t<meta name=\"twitter:data2\" content=\"2 minutos\" \/>\n<script type=\"application\/ld+json\" class=\"yoast-schema-graph\">{\"@context\":\"https:\\\/\\\/schema.org\",\"@graph\":[{\"@type\":\"Article\",\"@id\":\"https:\\\/\\\/www.subaru.es\\\/blog\\\/subaru-lifestyle\\\/como-y-donde-llevar-la-bicicleta-en-el-coche\\\/#article\",\"isPartOf\":{\"@id\":\"https:\\\/\\\/www.subaru.es\\\/blog\\\/subaru-lifestyle\\\/como-y-donde-llevar-la-bicicleta-en-el-coche\\\/\"},\"author\":{\"name\":\"Subaru\",\"@id\":\"https:\\\/\\\/www.subaru.es\\\/blog\\\/#\\\/schema\\\/person\\\/19a90b892230b8e0ec752704ddf4aa10\"},\"headline\":\"C\u00f3mo (y d\u00f3nde) llevar la bicicleta en el coche\",\"datePublished\":\"2010-10-20T09:43:09+00:00\",\"dateModified\":\"2020-08-12T10:01:58+00:00\",\"mainEntityOfPage\":{\"@id\":\"https:\\\/\\\/www.subaru.es\\\/blog\\\/subaru-lifestyle\\\/como-y-donde-llevar-la-bicicleta-en-el-coche\\\/\"},\"wordCount\":333,\"commentCount\":0,\"publisher\":{\"@id\":\"https:\\\/\\\/www.subaru.es\\\/blog\\\/#organization\"},\"image\":{\"@id\":\"https:\\\/\\\/www.subaru.es\\\/blog\\\/subaru-lifestyle\\\/como-y-donde-llevar-la-bicicleta-en-el-coche\\\/#primaryimage\"},\"thumbnailUrl\":\"https:\\\/\\\/www.subaru.es\\\/blog\\\/wp-content\\\/uploads\\\/2010\\\/09\\\/bicis.jpg\",\"keywords\":[\"bici\",\"bicicleta\",\"portabicicletas\"],\"articleSection\":[\"Subaru LifeStyle\"],\"inLanguage\":\"es\",\"potentialAction\":[{\"@type\":\"CommentAction\",\"name\":\"Comment\",\"target\":[\"https:\\\/\\\/www.subaru.es\\\/blog\\\/subaru-lifestyle\\\/como-y-donde-llevar-la-bicicleta-en-el-coche\\\/#respond\"]}]},{\"@type\":\"WebPage\",\"@id\":\"https:\\\/\\\/www.subaru.es\\\/blog\\\/subaru-lifestyle\\\/como-y-donde-llevar-la-bicicleta-en-el-coche\\\/\",\"url\":\"https:\\\/\\\/www.subaru.es\\\/blog\\\/subaru-lifestyle\\\/como-y-donde-llevar-la-bicicleta-en-el-coche\\\/\",\"name\":\"C\u00f3mo (y d\u00f3nde) llevar la bicicleta en el coche - Universo Subaru\",\"isPartOf\":{\"@id\":\"https:\\\/\\\/www.subaru.es\\\/blog\\\/#website\"},\"primaryImageOfPage\":{\"@id\":\"https:\\\/\\\/www.subaru.es\\\/blog\\\/subaru-lifestyle\\\/como-y-donde-llevar-la-bicicleta-en-el-coche\\\/#primaryimage\"},\"image\":{\"@id\":\"https:\\\/\\\/www.subaru.es\\\/blog\\\/subaru-lifestyle\\\/como-y-donde-llevar-la-bicicleta-en-el-coche\\\/#primaryimage\"},\"thumbnailUrl\":\"https:\\\/\\\/www.subaru.es\\\/blog\\\/wp-content\\\/uploads\\\/2010\\\/09\\\/bicis.jpg\",\"datePublished\":\"2010-10-20T09:43:09+00:00\",\"dateModified\":\"2020-08-12T10:01:58+00:00\",\"breadcrumb\":{\"@id\":\"https:\\\/\\\/www.subaru.es\\\/blog\\\/subaru-lifestyle\\\/como-y-donde-llevar-la-bicicleta-en-el-coche\\\/#breadcrumb\"},\"inLanguage\":\"es\",\"potentialAction\":[{\"@type\":\"ReadAction\",\"target\":[\"https:\\\/\\\/www.subaru.es\\\/blog\\\/subaru-lifestyle\\\/como-y-donde-llevar-la-bicicleta-en-el-coche\\\/\"]}]},{\"@type\":\"ImageObject\",\"inLanguage\":\"es\",\"@id\":\"https:\\\/\\\/www.subaru.es\\\/blog\\\/subaru-lifestyle\\\/como-y-donde-llevar-la-bicicleta-en-el-coche\\\/#primaryimage\",\"url\":\"https:\\\/\\\/www.subaru.es\\\/blog\\\/wp-content\\\/uploads\\\/2010\\\/09\\\/bicis.jpg\",\"contentUrl\":\"https:\\\/\\\/www.subaru.es\\\/blog\\\/wp-content\\\/uploads\\\/2010\\\/09\\\/bicis.jpg\",\"width\":500,\"height\":315,\"caption\":\"Portabicicletas\"},{\"@type\":\"BreadcrumbList\",\"@id\":\"https:\\\/\\\/www.subaru.es\\\/blog\\\/subaru-lifestyle\\\/como-y-donde-llevar-la-bicicleta-en-el-coche\\\/#breadcrumb\",\"itemListElement\":[{\"@type\":\"ListItem\",\"position\":1,\"name\":\"Portada\",\"item\":\"https:\\\/\\\/www.subaru.es\\\/blog\\\/\"},{\"@type\":\"ListItem\",\"position\":2,\"name\":\"C\u00f3mo (y d\u00f3nde) llevar la bicicleta en el coche\"}]},{\"@type\":\"WebSite\",\"@id\":\"https:\\\/\\\/www.subaru.es\\\/blog\\\/#website\",\"url\":\"https:\\\/\\\/www.subaru.es\\\/blog\\\/\",\"name\":\"Universo Subaru\",\"description\":\"Descubre este apasionante espacio de Subaru donde vas a conocer todo sobre nuestros coches y las experiencias que vivimos con ellos. Si est\u00e1s preparado para dejarte seducir por la filosof\u00eda Subaru, qu\u00e9date con nosotros.\",\"publisher\":{\"@id\":\"https:\\\/\\\/www.subaru.es\\\/blog\\\/#organization\"},\"potentialAction\":[{\"@type\":\"SearchAction\",\"target\":{\"@type\":\"EntryPoint\",\"urlTemplate\":\"https:\\\/\\\/www.subaru.es\\\/blog\\\/?s={search_term_string}\"},\"query-input\":{\"@type\":\"PropertyValueSpecification\",\"valueRequired\":true,\"valueName\":\"search_term_string\"}}],\"inLanguage\":\"es\"},{\"@type\":\"Organization\",\"@id\":\"https:\\\/\\\/www.subaru.es\\\/blog\\\/#organization\",\"name\":\"Subaru Espa\u00f1a S.A.\",\"url\":\"https:\\\/\\\/www.subaru.es\\\/blog\\\/\",\"logo\":{\"@type\":\"ImageObject\",\"inLanguage\":\"es\",\"@id\":\"https:\\\/\\\/www.subaru.es\\\/blog\\\/#\\\/schema\\\/logo\\\/image\\\/\",\"url\":\"https:\\\/\\\/www.subaru.es\\\/blog\\\/wp-content\\\/uploads\\\/2016\\\/12\\\/Logo-Subaru-TypeV_C300-scaled.jpg\",\"contentUrl\":\"https:\\\/\\\/www.subaru.es\\\/blog\\\/wp-content\\\/uploads\\\/2016\\\/12\\\/Logo-Subaru-TypeV_C300-scaled.jpg\",\"width\":2560,\"height\":1864,\"caption\":\"Subaru Espa\u00f1a S.A.\"},\"image\":{\"@id\":\"https:\\\/\\\/www.subaru.es\\\/blog\\\/#\\\/schema\\\/logo\\\/image\\\/\"},\"sameAs\":[\"https:\\\/\\\/www.facebook.com\\\/subaruespana\",\"https:\\\/\\\/www.instagram.com\\\/subarues\\\/\",\"https:\\\/\\\/www.youtube.com\\\/user\\\/subaruespana\"]},{\"@type\":\"Person\",\"@id\":\"https:\\\/\\\/www.subaru.es\\\/blog\\\/#\\\/schema\\\/person\\\/19a90b892230b8e0ec752704ddf4aa10\",\"name\":\"Subaru\",\"url\":\"https:\\\/\\\/www.subaru.es\\\/blog\\\/author\\\/subaria\\\/\"}]}<\/script>\n<!-- \/ Yoast SEO plugin. -->","yoast_head_json":{"title":"C\u00f3mo (y d\u00f3nde) llevar la bicicleta en el coche - Universo Subaru","robots":{"index":"index","follow":"follow","max-snippet":"max-snippet:-1","max-image-preview":"max-image-preview:large","max-video-preview":"max-video-preview:-1"},"canonical":"https:\/\/www.subaru.es\/blog\/subaru-lifestyle\/como-y-donde-llevar-la-bicicleta-en-el-coche\/","og_locale":"es_ES","og_type":"article","og_title":"C\u00f3mo (y d\u00f3nde) llevar la bicicleta en el coche - Universo Subaru","og_description":"Si eres aficionado al ciclismo y te gusta practicarlo, seguro que m\u00e1s de una vez has querido realizar una ruta a cuyo inicio solo pod\u00edas llegar en coche. La pregunta es entonces inmediata: \u00bfc\u00f3mo hago para transportar la bicicleta en el veh\u00edculo? Y la respuesta no es nada obvia, ya que, seg\u00fan informa RACE, nueve [&hellip;]","og_url":"https:\/\/www.subaru.es\/blog\/subaru-lifestyle\/como-y-donde-llevar-la-bicicleta-en-el-coche\/","og_site_name":"Universo Subaru","article_publisher":"https:\/\/www.facebook.com\/subaruespana","article_published_time":"2010-10-20T09:43:09+00:00","article_modified_time":"2020-08-12T10:01:58+00:00","og_image":[{"width":500,"height":315,"url":"https:\/\/www.subaru.es\/blog\/wp-content\/uploads\/2010\/09\/bicis.jpg","type":"image\/jpeg"}],"author":"Subaru","twitter_card":"summary_large_image","twitter_misc":{"Escrito por":"Subaru","Tiempo de lectura":"2 minutos"},"schema":{"@context":"https:\/\/schema.org","@graph":[{"@type":"Article","@id":"https:\/\/www.subaru.es\/blog\/subaru-lifestyle\/como-y-donde-llevar-la-bicicleta-en-el-coche\/#article","isPartOf":{"@id":"https:\/\/www.subaru.es\/blog\/subaru-lifestyle\/como-y-donde-llevar-la-bicicleta-en-el-coche\/"},"author":{"name":"Subaru","@id":"https:\/\/www.subaru.es\/blog\/#\/schema\/person\/19a90b892230b8e0ec752704ddf4aa10"},"headline":"C\u00f3mo (y d\u00f3nde) llevar la bicicleta en el coche","datePublished":"2010-10-20T09:43:09+00:00","dateModified":"2020-08-12T10:01:58+00:00","mainEntityOfPage":{"@id":"https:\/\/www.subaru.es\/blog\/subaru-lifestyle\/como-y-donde-llevar-la-bicicleta-en-el-coche\/"},"wordCount":333,"commentCount":0,"publisher":{"@id":"https:\/\/www.subaru.es\/blog\/#organization"},"image":{"@id":"https:\/\/www.subaru.es\/blog\/subaru-lifestyle\/como-y-donde-llevar-la-bicicleta-en-el-coche\/#primaryimage"},"thumbnailUrl":"https:\/\/www.subaru.es\/blog\/wp-content\/uploads\/2010\/09\/bicis.jpg","keywords":["bici","bicicleta","portabicicletas"],"articleSection":["Subaru LifeStyle"],"inLanguage":"es","potentialAction":[{"@type":"CommentAction","name":"Comment","target":["https:\/\/www.subaru.es\/blog\/subaru-lifestyle\/como-y-donde-llevar-la-bicicleta-en-el-coche\/#respond"]}]},{"@type":"WebPage","@id":"https:\/\/www.subaru.es\/blog\/subaru-lifestyle\/como-y-donde-llevar-la-bicicleta-en-el-coche\/","url":"https:\/\/www.subaru.es\/blog\/subaru-lifestyle\/como-y-donde-llevar-la-bicicleta-en-el-coche\/","name":"C\u00f3mo (y d\u00f3nde) llevar la bicicleta en el coche - Universo Subaru","isPartOf":{"@id":"https:\/\/www.subaru.es\/blog\/#website"},"primaryImageOfPage":{"@id":"https:\/\/www.subaru.es\/blog\/subaru-lifestyle\/como-y-donde-llevar-la-bicicleta-en-el-coche\/#primaryimage"},"image":{"@id":"https:\/\/www.subaru.es\/blog\/subaru-lifestyle\/como-y-donde-llevar-la-bicicleta-en-el-coche\/#primaryimage"},"thumbnailUrl":"https:\/\/www.subaru.es\/blog\/wp-content\/uploads\/2010\/09\/bicis.jpg","datePublished":"2010-10-20T09:43:09+00:00","dateModified":"2020-08-12T10:01:58+00:00","breadcrumb":{"@id":"https:\/\/www.subaru.es\/blog\/subaru-lifestyle\/como-y-donde-llevar-la-bicicleta-en-el-coche\/#breadcrumb"},"inLanguage":"es","potentialAction":[{"@type":"ReadAction","target":["https:\/\/www.subaru.es\/blog\/subaru-lifestyle\/como-y-donde-llevar-la-bicicleta-en-el-coche\/"]}]},{"@type":"ImageObject","inLanguage":"es","@id":"https:\/\/www.subaru.es\/blog\/subaru-lifestyle\/como-y-donde-llevar-la-bicicleta-en-el-coche\/#primaryimage","url":"https:\/\/www.subaru.es\/blog\/wp-content\/uploads\/2010\/09\/bicis.jpg","contentUrl":"https:\/\/www.subaru.es\/blog\/wp-content\/uploads\/2010\/09\/bicis.jpg","width":500,"height":315,"caption":"Portabicicletas"},{"@type":"BreadcrumbList","@id":"https:\/\/www.subaru.es\/blog\/subaru-lifestyle\/como-y-donde-llevar-la-bicicleta-en-el-coche\/#breadcrumb","itemListElement":[{"@type":"ListItem","position":1,"name":"Portada","item":"https:\/\/www.subaru.es\/blog\/"},{"@type":"ListItem","position":2,"name":"C\u00f3mo (y d\u00f3nde) llevar la bicicleta en el coche"}]},{"@type":"WebSite","@id":"https:\/\/www.subaru.es\/blog\/#website","url":"https:\/\/www.subaru.es\/blog\/","name":"Universo Subaru","description":"Descubre este apasionante espacio de Subaru donde vas a conocer todo sobre nuestros coches y las experiencias que vivimos con ellos. Si est\u00e1s preparado para dejarte seducir por la filosof\u00eda Subaru, qu\u00e9date con nosotros.","publisher":{"@id":"https:\/\/www.subaru.es\/blog\/#organization"},"potentialAction":[{"@type":"SearchAction","target":{"@type":"EntryPoint","urlTemplate":"https:\/\/www.subaru.es\/blog\/?s={search_term_string}"},"query-input":{"@type":"PropertyValueSpecification","valueRequired":true,"valueName":"search_term_string"}}],"inLanguage":"es"},{"@type":"Organization","@id":"https:\/\/www.subaru.es\/blog\/#organization","name":"Subaru Espa\u00f1a S.A.","url":"https:\/\/www.subaru.es\/blog\/","logo":{"@type":"ImageObject","inLanguage":"es","@id":"https:\/\/www.subaru.es\/blog\/#\/schema\/logo\/image\/","url":"https:\/\/www.subaru.es\/blog\/wp-content\/uploads\/2016\/12\/Logo-Subaru-TypeV_C300-scaled.jpg","contentUrl":"https:\/\/www.subaru.es\/blog\/wp-content\/uploads\/2016\/12\/Logo-Subaru-TypeV_C300-scaled.jpg","width":2560,"height":1864,"caption":"Subaru Espa\u00f1a S.A."},"image":{"@id":"https:\/\/www.subaru.es\/blog\/#\/schema\/logo\/image\/"},"sameAs":["https:\/\/www.facebook.com\/subaruespana","https:\/\/www.instagram.com\/subarues\/","https:\/\/www.youtube.com\/user\/subaruespana"]},{"@type":"Person","@id":"https:\/\/www.subaru.es\/blog\/#\/schema\/person\/19a90b892230b8e0ec752704ddf4aa10","name":"Subaru","url":"https:\/\/www.subaru.es\/blog\/author\/subaria\/"}]}},"_links":{"self":[{"href":"https:\/\/www.subaru.es\/blog\/wp-json\/wp\/v2\/posts\/3254","targetHints":{"allow":["GET"]}}],"collection":[{"href":"https:\/\/www.subaru.es\/blog\/wp-json\/wp\/v2\/posts"}],"about":[{"href":"https:\/\/www.subaru.es\/blog\/wp-json\/wp\/v2\/types\/post"}],"author":[{"embeddable":true,"href":"https:\/\/www.subaru.es\/blog\/wp-json\/wp\/v2\/users\/21"}],"replies":[{"embeddable":true,"href":"https:\/\/www.subaru.es\/blog\/wp-json\/wp\/v2\/comments?post=3254"}],"version-history":[{"count":3,"href":"https:\/\/www.subaru.es\/blog\/wp-json\/wp\/v2\/posts\/3254\/revisions"}],"predecessor-version":[{"id":22215,"href":"https:\/\/www.subaru.es\/blog\/wp-json\/wp\/v2\/posts\/3254\/revisions\/22215"}],"wp:featuredmedia":[{"embeddable":true,"href":"https:\/\/www.subaru.es\/blog\/wp-json\/wp\/v2\/media\/3255"}],"wp:attachment":[{"href":"https:\/\/www.subaru.es\/blog\/wp-json\/wp\/v2\/media?parent=3254"}],"wp:term":[{"taxonomy":"category","embeddable":true,"href":"https:\/\/www.subaru.es\/blog\/wp-json\/wp\/v2\/categories?post=3254"},{"taxonomy":"post_tag","embeddable":true,"href":"https:\/\/www.subaru.es\/blog\/wp-json\/wp\/v2\/tags?post=3254"}],"curies":[{"name":"wp","href":"https:\/\/api.w.org\/{rel}","templated":true}]}}