{"id":323,"date":"2007-10-24T09:58:18","date_gmt":"2007-10-24T07:58:18","guid":{"rendered":"http:\/\/subaru.preproduccion.com\/blog\/wp-content\/2007\/10\/24\/el-dia-que-coulthard-homenajeo-a-colin-mcrae\/"},"modified":"2016-10-17T15:09:27","modified_gmt":"2016-10-17T13:09:27","slug":"el-dia-que-coulthard-homenajeo-a-colin-mcrae","status":"publish","type":"post","link":"https:\/\/www.subaru.es\/blog\/nuestra-marca\/el-dia-que-coulthard-homenajeo-a-colin-mcrae\/","title":{"rendered":"El d\u00eda que Coulthard homenaje\u00f3 a Colin Mcrae"},"content":{"rendered":"<p>En el <a href=\"http:\/\/f1.gpupdate.net\/es\/raceresults.php?racepartID=1243\">Gran Premio de Jap\u00f3n<\/a> de este a\u00f1o quiz\u00e1s nuestra atenci\u00f3n se centr\u00f3 en el descalabro de Fernando Alonso y lo lejos que le quedaban las oportunidades para alzarse con la victoria este a\u00f1o en el Campeonato de Formula 1, pero en ese Gran Premio hubo otro hecho que debi\u00f3 hacernos reparar, el homenaje del piloto <strong>David Coulthard<\/strong> y que arrastr\u00f3 al resto de sus compa\u00f1eros al admirado <a href=\"http:\/\/es.wikipedia.org\/wiki\/Colin_McRae\">Colin Mcrae<\/a>.<\/p>\n<p>Ese d\u00eda Coulthard quiso <a href=\"http:\/\/www.racingpasion.com\/2007\/09\/27-el-homenaje-de-david-coulthard-a-colin-mcrae\">homenajear<\/a> a su amigo potando un casco con el dise\u00f1o con el que el escoc\u00e9s particip\u00f3 en la que quiz\u00e1s fuera su \u00faltima prueba \u201cbrillant\u00edsima\u201d, los <strong>X-Games de Estados Unidos<\/strong>, en los que condujo un Subaru Impreza demostrando que aun estando retirado segu\u00eda siendo un autentico genio y que el Impreza en sus manos se convert\u00eda en un veh\u00edculo aun mejor.<\/p>\n<p><center><img data-src='https:\/\/www.subaru.es\/blog\/wp-content\/uploads\/2007\/10\/cascocoulthard.jpg' alt='cascocoulthard.jpg' src='data:image\/svg+xml;base64,PHN2ZyB3aWR0aD0iMSIgaGVpZ2h0PSIxIiB4bWxucz0iaHR0cDovL3d3dy53My5vcmcvMjAwMC9zdmciPjwvc3ZnPg==' class='lazyload' style='--smush-placeholder-width: 400px; --smush-placeholder-aspect-ratio: 400\/188;' \/><\/a><\/center><center>El caso con el dise\u00f1o basado en el que port\u00f3 Mcrae en los X-Games<\/center><\/p>\n<p>El <a href=\"http:\/\/www.as.com\/motor\/articulo\/david-coulthard-llevara-casco-especial\/dasmot\/20070925dasdasmot_1\/Tes\">gesto<\/a> le honra a Coulthard y adem\u00e1s consigui\u00f3 que dicho casco fuese firmado por todos los participantes en la prueba para ser entregado a la viuda de Mcrae.<\/p>\n<p>Un bonito gesto en la Formula 1, esa competici\u00f3n donde la rivalidad es siempre tan dura y desagradable. Un bonito homenaje y reconocimiento al gran piloto que fue Colin Mcrae. <\/p>\n","protected":false},"excerpt":{"rendered":"<p>En el Gran Premio de Jap\u00f3n de este a\u00f1o quiz\u00e1s nuestra atenci\u00f3n se centr\u00f3 en el descalabro de Fernando Alonso y lo lejos que le quedaban las oportunidades para alzarse con la victoria este a\u00f1o en el Campeonato de Formula 1, pero en ese Gran Premio hubo otro hecho que debi\u00f3 hacernos reparar, el homenaje [&hellip;]<\/p>\n","protected":false},"author":21,"featured_media":324,"comment_status":"open","ping_status":"open","sticky":false,"template":"","format":"standard","meta":{"_acf_changed":false,"_eb_attr":"","inline_featured_image":false,"footnotes":""},"categories":[4401],"tags":[],"class_list":["post-323","post","type-post","status-publish","format-standard","has-post-thumbnail","hentry","category-nuestra-marca"],"acf":[],"yoast_head":"<!-- This site is optimized with the Yoast SEO plugin v27.3 - https:\/\/yoast.com\/product\/yoast-seo-wordpress\/ -->\n<title>El d\u00eda que Coulthard homenaje\u00f3 a Colin Mcrae - Universo Subaru<\/title>\n<meta name=\"robots\" content=\"index, follow, max-snippet:-1, max-image-preview:large, max-video-preview:-1\" \/>\n<link rel=\"canonical\" href=\"https:\/\/www.subaru.es\/blog\/nuestra-marca\/el-dia-que-coulthard-homenajeo-a-colin-mcrae\/\" \/>\n<meta property=\"og:locale\" content=\"es_ES\" \/>\n<meta property=\"og:type\" content=\"article\" \/>\n<meta property=\"og:title\" content=\"El d\u00eda que Coulthard homenaje\u00f3 a Colin Mcrae - Universo Subaru\" \/>\n<meta property=\"og:description\" content=\"En el Gran Premio de Jap\u00f3n de este a\u00f1o quiz\u00e1s nuestra atenci\u00f3n se centr\u00f3 en el descalabro de Fernando Alonso y lo lejos que le quedaban las oportunidades para alzarse con la victoria este a\u00f1o en el Campeonato de Formula 1, pero en ese Gran Premio hubo otro hecho que debi\u00f3 hacernos reparar, el homenaje [&hellip;]\" \/>\n<meta property=\"og:url\" content=\"https:\/\/www.subaru.es\/blog\/nuestra-marca\/el-dia-que-coulthard-homenajeo-a-colin-mcrae\/\" \/>\n<meta property=\"og:site_name\" content=\"Universo Subaru\" \/>\n<meta property=\"article:publisher\" content=\"https:\/\/www.facebook.com\/subaruespana\" \/>\n<meta property=\"article:published_time\" content=\"2007-10-24T07:58:18+00:00\" \/>\n<meta property=\"article:modified_time\" content=\"2016-10-17T13:09:27+00:00\" \/>\n<meta property=\"og:image\" content=\"https:\/\/www.subaru.es\/blog\/wp-content\/uploads\/2007\/10\/cascocoulthard.jpg\" \/>\n\t<meta property=\"og:image:width\" content=\"400\" \/>\n\t<meta property=\"og:image:height\" content=\"188\" \/>\n\t<meta property=\"og:image:type\" content=\"image\/jpeg\" \/>\n<meta name=\"author\" content=\"Subaru\" \/>\n<meta name=\"twitter:card\" content=\"summary_large_image\" \/>\n<meta name=\"twitter:label1\" content=\"Escrito por\" \/>\n\t<meta name=\"twitter:data1\" content=\"Subaru\" \/>\n\t<meta name=\"twitter:label2\" content=\"Tiempo de lectura\" \/>\n\t<meta name=\"twitter:data2\" content=\"1 minuto\" \/>\n<script type=\"application\/ld+json\" class=\"yoast-schema-graph\">{\"@context\":\"https:\\\/\\\/schema.org\",\"@graph\":[{\"@type\":\"Article\",\"@id\":\"https:\\\/\\\/www.subaru.es\\\/blog\\\/nuestra-marca\\\/el-dia-que-coulthard-homenajeo-a-colin-mcrae\\\/#article\",\"isPartOf\":{\"@id\":\"https:\\\/\\\/www.subaru.es\\\/blog\\\/nuestra-marca\\\/el-dia-que-coulthard-homenajeo-a-colin-mcrae\\\/\"},\"author\":{\"name\":\"Subaru\",\"@id\":\"https:\\\/\\\/www.subaru.es\\\/blog\\\/#\\\/schema\\\/person\\\/19a90b892230b8e0ec752704ddf4aa10\"},\"headline\":\"El d\u00eda que Coulthard homenaje\u00f3 a Colin Mcrae\",\"datePublished\":\"2007-10-24T07:58:18+00:00\",\"dateModified\":\"2016-10-17T13:09:27+00:00\",\"mainEntityOfPage\":{\"@id\":\"https:\\\/\\\/www.subaru.es\\\/blog\\\/nuestra-marca\\\/el-dia-que-coulthard-homenajeo-a-colin-mcrae\\\/\"},\"wordCount\":233,\"commentCount\":0,\"publisher\":{\"@id\":\"https:\\\/\\\/www.subaru.es\\\/blog\\\/#organization\"},\"image\":{\"@id\":\"https:\\\/\\\/www.subaru.es\\\/blog\\\/nuestra-marca\\\/el-dia-que-coulthard-homenajeo-a-colin-mcrae\\\/#primaryimage\"},\"thumbnailUrl\":\"https:\\\/\\\/www.subaru.es\\\/blog\\\/wp-content\\\/uploads\\\/2007\\\/10\\\/cascocoulthard.jpg\",\"articleSection\":[\"Nuestra marca\"],\"inLanguage\":\"es\",\"potentialAction\":[{\"@type\":\"CommentAction\",\"name\":\"Comment\",\"target\":[\"https:\\\/\\\/www.subaru.es\\\/blog\\\/nuestra-marca\\\/el-dia-que-coulthard-homenajeo-a-colin-mcrae\\\/#respond\"]}]},{\"@type\":\"WebPage\",\"@id\":\"https:\\\/\\\/www.subaru.es\\\/blog\\\/nuestra-marca\\\/el-dia-que-coulthard-homenajeo-a-colin-mcrae\\\/\",\"url\":\"https:\\\/\\\/www.subaru.es\\\/blog\\\/nuestra-marca\\\/el-dia-que-coulthard-homenajeo-a-colin-mcrae\\\/\",\"name\":\"El d\u00eda que Coulthard homenaje\u00f3 a Colin Mcrae - Universo Subaru\",\"isPartOf\":{\"@id\":\"https:\\\/\\\/www.subaru.es\\\/blog\\\/#website\"},\"primaryImageOfPage\":{\"@id\":\"https:\\\/\\\/www.subaru.es\\\/blog\\\/nuestra-marca\\\/el-dia-que-coulthard-homenajeo-a-colin-mcrae\\\/#primaryimage\"},\"image\":{\"@id\":\"https:\\\/\\\/www.subaru.es\\\/blog\\\/nuestra-marca\\\/el-dia-que-coulthard-homenajeo-a-colin-mcrae\\\/#primaryimage\"},\"thumbnailUrl\":\"https:\\\/\\\/www.subaru.es\\\/blog\\\/wp-content\\\/uploads\\\/2007\\\/10\\\/cascocoulthard.jpg\",\"datePublished\":\"2007-10-24T07:58:18+00:00\",\"dateModified\":\"2016-10-17T13:09:27+00:00\",\"breadcrumb\":{\"@id\":\"https:\\\/\\\/www.subaru.es\\\/blog\\\/nuestra-marca\\\/el-dia-que-coulthard-homenajeo-a-colin-mcrae\\\/#breadcrumb\"},\"inLanguage\":\"es\",\"potentialAction\":[{\"@type\":\"ReadAction\",\"target\":[\"https:\\\/\\\/www.subaru.es\\\/blog\\\/nuestra-marca\\\/el-dia-que-coulthard-homenajeo-a-colin-mcrae\\\/\"]}]},{\"@type\":\"ImageObject\",\"inLanguage\":\"es\",\"@id\":\"https:\\\/\\\/www.subaru.es\\\/blog\\\/nuestra-marca\\\/el-dia-que-coulthard-homenajeo-a-colin-mcrae\\\/#primaryimage\",\"url\":\"https:\\\/\\\/www.subaru.es\\\/blog\\\/wp-content\\\/uploads\\\/2007\\\/10\\\/cascocoulthard.jpg\",\"contentUrl\":\"https:\\\/\\\/www.subaru.es\\\/blog\\\/wp-content\\\/uploads\\\/2007\\\/10\\\/cascocoulthard.jpg\",\"width\":400,\"height\":188},{\"@type\":\"BreadcrumbList\",\"@id\":\"https:\\\/\\\/www.subaru.es\\\/blog\\\/nuestra-marca\\\/el-dia-que-coulthard-homenajeo-a-colin-mcrae\\\/#breadcrumb\",\"itemListElement\":[{\"@type\":\"ListItem\",\"position\":1,\"name\":\"Portada\",\"item\":\"https:\\\/\\\/www.subaru.es\\\/blog\\\/\"},{\"@type\":\"ListItem\",\"position\":2,\"name\":\"El d\u00eda que Coulthard homenaje\u00f3 a Colin Mcrae\"}]},{\"@type\":\"WebSite\",\"@id\":\"https:\\\/\\\/www.subaru.es\\\/blog\\\/#website\",\"url\":\"https:\\\/\\\/www.subaru.es\\\/blog\\\/\",\"name\":\"Universo Subaru\",\"description\":\"Descubre este apasionante espacio de Subaru donde vas a conocer todo sobre nuestros coches y las experiencias que vivimos con ellos. Si est\u00e1s preparado para dejarte seducir por la filosof\u00eda Subaru, qu\u00e9date con nosotros.\",\"publisher\":{\"@id\":\"https:\\\/\\\/www.subaru.es\\\/blog\\\/#organization\"},\"potentialAction\":[{\"@type\":\"SearchAction\",\"target\":{\"@type\":\"EntryPoint\",\"urlTemplate\":\"https:\\\/\\\/www.subaru.es\\\/blog\\\/?s={search_term_string}\"},\"query-input\":{\"@type\":\"PropertyValueSpecification\",\"valueRequired\":true,\"valueName\":\"search_term_string\"}}],\"inLanguage\":\"es\"},{\"@type\":\"Organization\",\"@id\":\"https:\\\/\\\/www.subaru.es\\\/blog\\\/#organization\",\"name\":\"Subaru Espa\u00f1a S.A.\",\"url\":\"https:\\\/\\\/www.subaru.es\\\/blog\\\/\",\"logo\":{\"@type\":\"ImageObject\",\"inLanguage\":\"es\",\"@id\":\"https:\\\/\\\/www.subaru.es\\\/blog\\\/#\\\/schema\\\/logo\\\/image\\\/\",\"url\":\"https:\\\/\\\/www.subaru.es\\\/blog\\\/wp-content\\\/uploads\\\/2016\\\/12\\\/Logo-Subaru-TypeV_C300-scaled.jpg\",\"contentUrl\":\"https:\\\/\\\/www.subaru.es\\\/blog\\\/wp-content\\\/uploads\\\/2016\\\/12\\\/Logo-Subaru-TypeV_C300-scaled.jpg\",\"width\":2560,\"height\":1864,\"caption\":\"Subaru Espa\u00f1a S.A.\"},\"image\":{\"@id\":\"https:\\\/\\\/www.subaru.es\\\/blog\\\/#\\\/schema\\\/logo\\\/image\\\/\"},\"sameAs\":[\"https:\\\/\\\/www.facebook.com\\\/subaruespana\",\"https:\\\/\\\/www.instagram.com\\\/subarues\\\/\",\"https:\\\/\\\/www.youtube.com\\\/user\\\/subaruespana\"]},{\"@type\":\"Person\",\"@id\":\"https:\\\/\\\/www.subaru.es\\\/blog\\\/#\\\/schema\\\/person\\\/19a90b892230b8e0ec752704ddf4aa10\",\"name\":\"Subaru\",\"url\":\"https:\\\/\\\/www.subaru.es\\\/blog\\\/author\\\/subaria\\\/\"}]}<\/script>\n<!-- \/ Yoast SEO plugin. -->","yoast_head_json":{"title":"El d\u00eda que Coulthard homenaje\u00f3 a Colin Mcrae - Universo Subaru","robots":{"index":"index","follow":"follow","max-snippet":"max-snippet:-1","max-image-preview":"max-image-preview:large","max-video-preview":"max-video-preview:-1"},"canonical":"https:\/\/www.subaru.es\/blog\/nuestra-marca\/el-dia-que-coulthard-homenajeo-a-colin-mcrae\/","og_locale":"es_ES","og_type":"article","og_title":"El d\u00eda que Coulthard homenaje\u00f3 a Colin Mcrae - Universo Subaru","og_description":"En el Gran Premio de Jap\u00f3n de este a\u00f1o quiz\u00e1s nuestra atenci\u00f3n se centr\u00f3 en el descalabro de Fernando Alonso y lo lejos que le quedaban las oportunidades para alzarse con la victoria este a\u00f1o en el Campeonato de Formula 1, pero en ese Gran Premio hubo otro hecho que debi\u00f3 hacernos reparar, el homenaje [&hellip;]","og_url":"https:\/\/www.subaru.es\/blog\/nuestra-marca\/el-dia-que-coulthard-homenajeo-a-colin-mcrae\/","og_site_name":"Universo Subaru","article_publisher":"https:\/\/www.facebook.com\/subaruespana","article_published_time":"2007-10-24T07:58:18+00:00","article_modified_time":"2016-10-17T13:09:27+00:00","og_image":[{"width":400,"height":188,"url":"https:\/\/www.subaru.es\/blog\/wp-content\/uploads\/2007\/10\/cascocoulthard.jpg","type":"image\/jpeg"}],"author":"Subaru","twitter_card":"summary_large_image","twitter_misc":{"Escrito por":"Subaru","Tiempo de lectura":"1 minuto"},"schema":{"@context":"https:\/\/schema.org","@graph":[{"@type":"Article","@id":"https:\/\/www.subaru.es\/blog\/nuestra-marca\/el-dia-que-coulthard-homenajeo-a-colin-mcrae\/#article","isPartOf":{"@id":"https:\/\/www.subaru.es\/blog\/nuestra-marca\/el-dia-que-coulthard-homenajeo-a-colin-mcrae\/"},"author":{"name":"Subaru","@id":"https:\/\/www.subaru.es\/blog\/#\/schema\/person\/19a90b892230b8e0ec752704ddf4aa10"},"headline":"El d\u00eda que Coulthard homenaje\u00f3 a Colin Mcrae","datePublished":"2007-10-24T07:58:18+00:00","dateModified":"2016-10-17T13:09:27+00:00","mainEntityOfPage":{"@id":"https:\/\/www.subaru.es\/blog\/nuestra-marca\/el-dia-que-coulthard-homenajeo-a-colin-mcrae\/"},"wordCount":233,"commentCount":0,"publisher":{"@id":"https:\/\/www.subaru.es\/blog\/#organization"},"image":{"@id":"https:\/\/www.subaru.es\/blog\/nuestra-marca\/el-dia-que-coulthard-homenajeo-a-colin-mcrae\/#primaryimage"},"thumbnailUrl":"https:\/\/www.subaru.es\/blog\/wp-content\/uploads\/2007\/10\/cascocoulthard.jpg","articleSection":["Nuestra marca"],"inLanguage":"es","potentialAction":[{"@type":"CommentAction","name":"Comment","target":["https:\/\/www.subaru.es\/blog\/nuestra-marca\/el-dia-que-coulthard-homenajeo-a-colin-mcrae\/#respond"]}]},{"@type":"WebPage","@id":"https:\/\/www.subaru.es\/blog\/nuestra-marca\/el-dia-que-coulthard-homenajeo-a-colin-mcrae\/","url":"https:\/\/www.subaru.es\/blog\/nuestra-marca\/el-dia-que-coulthard-homenajeo-a-colin-mcrae\/","name":"El d\u00eda que Coulthard homenaje\u00f3 a Colin Mcrae - Universo Subaru","isPartOf":{"@id":"https:\/\/www.subaru.es\/blog\/#website"},"primaryImageOfPage":{"@id":"https:\/\/www.subaru.es\/blog\/nuestra-marca\/el-dia-que-coulthard-homenajeo-a-colin-mcrae\/#primaryimage"},"image":{"@id":"https:\/\/www.subaru.es\/blog\/nuestra-marca\/el-dia-que-coulthard-homenajeo-a-colin-mcrae\/#primaryimage"},"thumbnailUrl":"https:\/\/www.subaru.es\/blog\/wp-content\/uploads\/2007\/10\/cascocoulthard.jpg","datePublished":"2007-10-24T07:58:18+00:00","dateModified":"2016-10-17T13:09:27+00:00","breadcrumb":{"@id":"https:\/\/www.subaru.es\/blog\/nuestra-marca\/el-dia-que-coulthard-homenajeo-a-colin-mcrae\/#breadcrumb"},"inLanguage":"es","potentialAction":[{"@type":"ReadAction","target":["https:\/\/www.subaru.es\/blog\/nuestra-marca\/el-dia-que-coulthard-homenajeo-a-colin-mcrae\/"]}]},{"@type":"ImageObject","inLanguage":"es","@id":"https:\/\/www.subaru.es\/blog\/nuestra-marca\/el-dia-que-coulthard-homenajeo-a-colin-mcrae\/#primaryimage","url":"https:\/\/www.subaru.es\/blog\/wp-content\/uploads\/2007\/10\/cascocoulthard.jpg","contentUrl":"https:\/\/www.subaru.es\/blog\/wp-content\/uploads\/2007\/10\/cascocoulthard.jpg","width":400,"height":188},{"@type":"BreadcrumbList","@id":"https:\/\/www.subaru.es\/blog\/nuestra-marca\/el-dia-que-coulthard-homenajeo-a-colin-mcrae\/#breadcrumb","itemListElement":[{"@type":"ListItem","position":1,"name":"Portada","item":"https:\/\/www.subaru.es\/blog\/"},{"@type":"ListItem","position":2,"name":"El d\u00eda que Coulthard homenaje\u00f3 a Colin Mcrae"}]},{"@type":"WebSite","@id":"https:\/\/www.subaru.es\/blog\/#website","url":"https:\/\/www.subaru.es\/blog\/","name":"Universo Subaru","description":"Descubre este apasionante espacio de Subaru donde vas a conocer todo sobre nuestros coches y las experiencias que vivimos con ellos. Si est\u00e1s preparado para dejarte seducir por la filosof\u00eda Subaru, qu\u00e9date con nosotros.","publisher":{"@id":"https:\/\/www.subaru.es\/blog\/#organization"},"potentialAction":[{"@type":"SearchAction","target":{"@type":"EntryPoint","urlTemplate":"https:\/\/www.subaru.es\/blog\/?s={search_term_string}"},"query-input":{"@type":"PropertyValueSpecification","valueRequired":true,"valueName":"search_term_string"}}],"inLanguage":"es"},{"@type":"Organization","@id":"https:\/\/www.subaru.es\/blog\/#organization","name":"Subaru Espa\u00f1a S.A.","url":"https:\/\/www.subaru.es\/blog\/","logo":{"@type":"ImageObject","inLanguage":"es","@id":"https:\/\/www.subaru.es\/blog\/#\/schema\/logo\/image\/","url":"https:\/\/www.subaru.es\/blog\/wp-content\/uploads\/2016\/12\/Logo-Subaru-TypeV_C300-scaled.jpg","contentUrl":"https:\/\/www.subaru.es\/blog\/wp-content\/uploads\/2016\/12\/Logo-Subaru-TypeV_C300-scaled.jpg","width":2560,"height":1864,"caption":"Subaru Espa\u00f1a S.A."},"image":{"@id":"https:\/\/www.subaru.es\/blog\/#\/schema\/logo\/image\/"},"sameAs":["https:\/\/www.facebook.com\/subaruespana","https:\/\/www.instagram.com\/subarues\/","https:\/\/www.youtube.com\/user\/subaruespana"]},{"@type":"Person","@id":"https:\/\/www.subaru.es\/blog\/#\/schema\/person\/19a90b892230b8e0ec752704ddf4aa10","name":"Subaru","url":"https:\/\/www.subaru.es\/blog\/author\/subaria\/"}]}},"_links":{"self":[{"href":"https:\/\/www.subaru.es\/blog\/wp-json\/wp\/v2\/posts\/323","targetHints":{"allow":["GET"]}}],"collection":[{"href":"https:\/\/www.subaru.es\/blog\/wp-json\/wp\/v2\/posts"}],"about":[{"href":"https:\/\/www.subaru.es\/blog\/wp-json\/wp\/v2\/types\/post"}],"author":[{"embeddable":true,"href":"https:\/\/www.subaru.es\/blog\/wp-json\/wp\/v2\/users\/21"}],"replies":[{"embeddable":true,"href":"https:\/\/www.subaru.es\/blog\/wp-json\/wp\/v2\/comments?post=323"}],"version-history":[{"count":1,"href":"https:\/\/www.subaru.es\/blog\/wp-json\/wp\/v2\/posts\/323\/revisions"}],"predecessor-version":[{"id":15763,"href":"https:\/\/www.subaru.es\/blog\/wp-json\/wp\/v2\/posts\/323\/revisions\/15763"}],"wp:featuredmedia":[{"embeddable":true,"href":"https:\/\/www.subaru.es\/blog\/wp-json\/wp\/v2\/media\/324"}],"wp:attachment":[{"href":"https:\/\/www.subaru.es\/blog\/wp-json\/wp\/v2\/media?parent=323"}],"wp:term":[{"taxonomy":"category","embeddable":true,"href":"https:\/\/www.subaru.es\/blog\/wp-json\/wp\/v2\/categories?post=323"},{"taxonomy":"post_tag","embeddable":true,"href":"https:\/\/www.subaru.es\/blog\/wp-json\/wp\/v2\/tags?post=323"}],"curies":[{"name":"wp","href":"https:\/\/api.w.org\/{rel}","templated":true}]}}