{"id":321,"date":"2007-10-23T09:57:43","date_gmt":"2007-10-23T07:57:43","guid":{"rendered":"http:\/\/subaru.preproduccion.com\/blog\/wp-content\/2007\/10\/23\/subaru-patrocino-la-carrera-titan-desert-el-lisboa-dakar-del-mountain-bike\/"},"modified":"2016-10-17T15:09:27","modified_gmt":"2016-10-17T13:09:27","slug":"subaru-patrocino-la-carrera-titan-desert-el-lisboa-dakar-del-mountain-bike","status":"publish","type":"post","link":"https:\/\/www.subaru.es\/blog\/nuestra-marca\/subaru-patrocino-la-carrera-titan-desert-el-lisboa-dakar-del-mountain-bike\/","title":{"rendered":"Subaru patrocin\u00f3 la carrera Titan Desert, el Lisboa Dakar del Mountain Bike"},"content":{"rendered":"<p>A <strong>Subaru<\/strong> le gustan las competiciones extremas. De hecho el mundo del Rally es donde m\u00e1s se vuelca, pero tambi\u00e9n apoya otras competiciones que aunque no tienen su participaci\u00f3n directa, en este caso porque el motor lo ponen las piernas de los ciclistas, <strong>el riesgo, la emoci\u00f3n, el sacrificio y el esfuerzo por la v\u00edctoria est\u00e1n muy patentes.<\/strong><\/p>\n<p>La <a href=\"http:\/\/www.titandesert.es\/cast\/index.html\">Titan Desert<\/a> es una carrera para campeones de la bicicleta, disputada bajo condiciones extremas. Durante la edici\u00f3n del a\u00f1o 2007, celebrada en el mes de mayo, Subaru quiso colaborar <a href=\"http:\/\/www.autoglobal.com\/noticias\/8000\/8403.html\">patrocinando<\/a> el evento.<\/p>\n<p><center><img data-src='https:\/\/www.subaru.es\/blog\/wp-content\/uploads\/2007\/10\/titandesert_20070501_2.jpg' alt='titandesert_20070501_2.jpg' src='data:image\/svg+xml;base64,PHN2ZyB3aWR0aD0iMSIgaGVpZ2h0PSIxIiB4bWxucz0iaHR0cDovL3d3dy53My5vcmcvMjAwMC9zdmciPjwvc3ZnPg==' class='lazyload' style='--smush-placeholder-width: 375px; --smush-placeholder-aspect-ratio: 375\/281;' \/><\/a><\/center><\/p>\n<p>La competici\u00f3n se celebr\u00f3 a lo largo de se\u00eds durisimos d\u00edas en el vecino pa\u00eds de Marruecos. Las condiciones tan duras y exigentes llevaron a que fuese un antiguo ciclista profesional, el catal\u00e1n <a href=\"http:\/\/es.wikipedia.org\/wiki\/Melchor_Mauri\">Melcior Mauri<\/a> quien se adjudicase la v\u00edctoria.<\/p>\n<p>En el siguiente enlace os dejamos una <a href=\"http:\/\/www.amigosdelciclismo.com\/actualidad\/noticia_ampliada_accs_odbc.asp?id=3839\">entrevista con Mauri<\/a>.<\/p>\n","protected":false},"excerpt":{"rendered":"<p>A Subaru le gustan las competiciones extremas. De hecho el mundo del Rally es donde m\u00e1s se vuelca, pero tambi\u00e9n apoya otras competiciones que aunque no tienen su participaci\u00f3n directa, en este caso porque el motor lo ponen las piernas de los ciclistas, el riesgo, la emoci\u00f3n, el sacrificio y el esfuerzo por la v\u00edctoria [&hellip;]<\/p>\n","protected":false},"author":21,"featured_media":322,"comment_status":"open","ping_status":"open","sticky":false,"template":"","format":"standard","meta":{"_acf_changed":false,"_eb_attr":"","inline_featured_image":false,"footnotes":""},"categories":[4401],"tags":[],"class_list":["post-321","post","type-post","status-publish","format-standard","has-post-thumbnail","hentry","category-nuestra-marca"],"acf":[],"yoast_head":"<!-- This site is optimized with the Yoast SEO plugin v27.3 - https:\/\/yoast.com\/product\/yoast-seo-wordpress\/ -->\n<title>Subaru patrocin\u00f3 la carrera Titan Desert, el Lisboa Dakar del Mountain Bike - Universo Subaru<\/title>\n<meta name=\"robots\" content=\"index, follow, max-snippet:-1, max-image-preview:large, max-video-preview:-1\" \/>\n<link rel=\"canonical\" href=\"https:\/\/www.subaru.es\/blog\/nuestra-marca\/subaru-patrocino-la-carrera-titan-desert-el-lisboa-dakar-del-mountain-bike\/\" \/>\n<meta property=\"og:locale\" content=\"es_ES\" \/>\n<meta property=\"og:type\" content=\"article\" \/>\n<meta property=\"og:title\" content=\"Subaru patrocin\u00f3 la carrera Titan Desert, el Lisboa Dakar del Mountain Bike - Universo Subaru\" \/>\n<meta property=\"og:description\" content=\"A Subaru le gustan las competiciones extremas. De hecho el mundo del Rally es donde m\u00e1s se vuelca, pero tambi\u00e9n apoya otras competiciones que aunque no tienen su participaci\u00f3n directa, en este caso porque el motor lo ponen las piernas de los ciclistas, el riesgo, la emoci\u00f3n, el sacrificio y el esfuerzo por la v\u00edctoria [&hellip;]\" \/>\n<meta property=\"og:url\" content=\"https:\/\/www.subaru.es\/blog\/nuestra-marca\/subaru-patrocino-la-carrera-titan-desert-el-lisboa-dakar-del-mountain-bike\/\" \/>\n<meta property=\"og:site_name\" content=\"Universo Subaru\" \/>\n<meta property=\"article:publisher\" content=\"https:\/\/www.facebook.com\/subaruespana\" \/>\n<meta property=\"article:published_time\" content=\"2007-10-23T07:57:43+00:00\" \/>\n<meta property=\"article:modified_time\" content=\"2016-10-17T13:09:27+00:00\" \/>\n<meta property=\"og:image\" content=\"https:\/\/www.subaru.es\/blog\/wp-content\/uploads\/2007\/10\/titandesert_20070501_2.jpg\" \/>\n\t<meta property=\"og:image:width\" content=\"375\" \/>\n\t<meta property=\"og:image:height\" content=\"281\" \/>\n\t<meta property=\"og:image:type\" content=\"image\/jpeg\" \/>\n<meta name=\"author\" content=\"Subaru\" \/>\n<meta name=\"twitter:card\" content=\"summary_large_image\" \/>\n<meta name=\"twitter:label1\" content=\"Escrito por\" \/>\n\t<meta name=\"twitter:data1\" content=\"Subaru\" \/>\n\t<meta name=\"twitter:label2\" content=\"Tiempo de lectura\" \/>\n\t<meta name=\"twitter:data2\" content=\"1 minuto\" \/>\n<script type=\"application\/ld+json\" class=\"yoast-schema-graph\">{\"@context\":\"https:\\\/\\\/schema.org\",\"@graph\":[{\"@type\":\"Article\",\"@id\":\"https:\\\/\\\/www.subaru.es\\\/blog\\\/nuestra-marca\\\/subaru-patrocino-la-carrera-titan-desert-el-lisboa-dakar-del-mountain-bike\\\/#article\",\"isPartOf\":{\"@id\":\"https:\\\/\\\/www.subaru.es\\\/blog\\\/nuestra-marca\\\/subaru-patrocino-la-carrera-titan-desert-el-lisboa-dakar-del-mountain-bike\\\/\"},\"author\":{\"name\":\"Subaru\",\"@id\":\"https:\\\/\\\/www.subaru.es\\\/blog\\\/#\\\/schema\\\/person\\\/19a90b892230b8e0ec752704ddf4aa10\"},\"headline\":\"Subaru patrocin\u00f3 la carrera Titan Desert, el Lisboa Dakar del Mountain Bike\",\"datePublished\":\"2007-10-23T07:57:43+00:00\",\"dateModified\":\"2016-10-17T13:09:27+00:00\",\"mainEntityOfPage\":{\"@id\":\"https:\\\/\\\/www.subaru.es\\\/blog\\\/nuestra-marca\\\/subaru-patrocino-la-carrera-titan-desert-el-lisboa-dakar-del-mountain-bike\\\/\"},\"wordCount\":166,\"commentCount\":0,\"publisher\":{\"@id\":\"https:\\\/\\\/www.subaru.es\\\/blog\\\/#organization\"},\"image\":{\"@id\":\"https:\\\/\\\/www.subaru.es\\\/blog\\\/nuestra-marca\\\/subaru-patrocino-la-carrera-titan-desert-el-lisboa-dakar-del-mountain-bike\\\/#primaryimage\"},\"thumbnailUrl\":\"https:\\\/\\\/www.subaru.es\\\/blog\\\/wp-content\\\/uploads\\\/2007\\\/10\\\/titandesert_20070501_2.jpg\",\"articleSection\":[\"Nuestra marca\"],\"inLanguage\":\"es\",\"potentialAction\":[{\"@type\":\"CommentAction\",\"name\":\"Comment\",\"target\":[\"https:\\\/\\\/www.subaru.es\\\/blog\\\/nuestra-marca\\\/subaru-patrocino-la-carrera-titan-desert-el-lisboa-dakar-del-mountain-bike\\\/#respond\"]}]},{\"@type\":\"WebPage\",\"@id\":\"https:\\\/\\\/www.subaru.es\\\/blog\\\/nuestra-marca\\\/subaru-patrocino-la-carrera-titan-desert-el-lisboa-dakar-del-mountain-bike\\\/\",\"url\":\"https:\\\/\\\/www.subaru.es\\\/blog\\\/nuestra-marca\\\/subaru-patrocino-la-carrera-titan-desert-el-lisboa-dakar-del-mountain-bike\\\/\",\"name\":\"Subaru patrocin\u00f3 la carrera Titan Desert, el Lisboa Dakar del Mountain Bike - Universo Subaru\",\"isPartOf\":{\"@id\":\"https:\\\/\\\/www.subaru.es\\\/blog\\\/#website\"},\"primaryImageOfPage\":{\"@id\":\"https:\\\/\\\/www.subaru.es\\\/blog\\\/nuestra-marca\\\/subaru-patrocino-la-carrera-titan-desert-el-lisboa-dakar-del-mountain-bike\\\/#primaryimage\"},\"image\":{\"@id\":\"https:\\\/\\\/www.subaru.es\\\/blog\\\/nuestra-marca\\\/subaru-patrocino-la-carrera-titan-desert-el-lisboa-dakar-del-mountain-bike\\\/#primaryimage\"},\"thumbnailUrl\":\"https:\\\/\\\/www.subaru.es\\\/blog\\\/wp-content\\\/uploads\\\/2007\\\/10\\\/titandesert_20070501_2.jpg\",\"datePublished\":\"2007-10-23T07:57:43+00:00\",\"dateModified\":\"2016-10-17T13:09:27+00:00\",\"breadcrumb\":{\"@id\":\"https:\\\/\\\/www.subaru.es\\\/blog\\\/nuestra-marca\\\/subaru-patrocino-la-carrera-titan-desert-el-lisboa-dakar-del-mountain-bike\\\/#breadcrumb\"},\"inLanguage\":\"es\",\"potentialAction\":[{\"@type\":\"ReadAction\",\"target\":[\"https:\\\/\\\/www.subaru.es\\\/blog\\\/nuestra-marca\\\/subaru-patrocino-la-carrera-titan-desert-el-lisboa-dakar-del-mountain-bike\\\/\"]}]},{\"@type\":\"ImageObject\",\"inLanguage\":\"es\",\"@id\":\"https:\\\/\\\/www.subaru.es\\\/blog\\\/nuestra-marca\\\/subaru-patrocino-la-carrera-titan-desert-el-lisboa-dakar-del-mountain-bike\\\/#primaryimage\",\"url\":\"https:\\\/\\\/www.subaru.es\\\/blog\\\/wp-content\\\/uploads\\\/2007\\\/10\\\/titandesert_20070501_2.jpg\",\"contentUrl\":\"https:\\\/\\\/www.subaru.es\\\/blog\\\/wp-content\\\/uploads\\\/2007\\\/10\\\/titandesert_20070501_2.jpg\",\"width\":375,\"height\":281},{\"@type\":\"BreadcrumbList\",\"@id\":\"https:\\\/\\\/www.subaru.es\\\/blog\\\/nuestra-marca\\\/subaru-patrocino-la-carrera-titan-desert-el-lisboa-dakar-del-mountain-bike\\\/#breadcrumb\",\"itemListElement\":[{\"@type\":\"ListItem\",\"position\":1,\"name\":\"Portada\",\"item\":\"https:\\\/\\\/www.subaru.es\\\/blog\\\/\"},{\"@type\":\"ListItem\",\"position\":2,\"name\":\"Subaru patrocin\u00f3 la carrera Titan Desert, el Lisboa Dakar del Mountain Bike\"}]},{\"@type\":\"WebSite\",\"@id\":\"https:\\\/\\\/www.subaru.es\\\/blog\\\/#website\",\"url\":\"https:\\\/\\\/www.subaru.es\\\/blog\\\/\",\"name\":\"Universo Subaru\",\"description\":\"Descubre este apasionante espacio de Subaru donde vas a conocer todo sobre nuestros coches y las experiencias que vivimos con ellos. Si est\u00e1s preparado para dejarte seducir por la filosof\u00eda Subaru, qu\u00e9date con nosotros.\",\"publisher\":{\"@id\":\"https:\\\/\\\/www.subaru.es\\\/blog\\\/#organization\"},\"potentialAction\":[{\"@type\":\"SearchAction\",\"target\":{\"@type\":\"EntryPoint\",\"urlTemplate\":\"https:\\\/\\\/www.subaru.es\\\/blog\\\/?s={search_term_string}\"},\"query-input\":{\"@type\":\"PropertyValueSpecification\",\"valueRequired\":true,\"valueName\":\"search_term_string\"}}],\"inLanguage\":\"es\"},{\"@type\":\"Organization\",\"@id\":\"https:\\\/\\\/www.subaru.es\\\/blog\\\/#organization\",\"name\":\"Subaru Espa\u00f1a S.A.\",\"url\":\"https:\\\/\\\/www.subaru.es\\\/blog\\\/\",\"logo\":{\"@type\":\"ImageObject\",\"inLanguage\":\"es\",\"@id\":\"https:\\\/\\\/www.subaru.es\\\/blog\\\/#\\\/schema\\\/logo\\\/image\\\/\",\"url\":\"https:\\\/\\\/www.subaru.es\\\/blog\\\/wp-content\\\/uploads\\\/2016\\\/12\\\/Logo-Subaru-TypeV_C300-scaled.jpg\",\"contentUrl\":\"https:\\\/\\\/www.subaru.es\\\/blog\\\/wp-content\\\/uploads\\\/2016\\\/12\\\/Logo-Subaru-TypeV_C300-scaled.jpg\",\"width\":2560,\"height\":1864,\"caption\":\"Subaru Espa\u00f1a S.A.\"},\"image\":{\"@id\":\"https:\\\/\\\/www.subaru.es\\\/blog\\\/#\\\/schema\\\/logo\\\/image\\\/\"},\"sameAs\":[\"https:\\\/\\\/www.facebook.com\\\/subaruespana\",\"https:\\\/\\\/www.instagram.com\\\/subarues\\\/\",\"https:\\\/\\\/www.youtube.com\\\/user\\\/subaruespana\"]},{\"@type\":\"Person\",\"@id\":\"https:\\\/\\\/www.subaru.es\\\/blog\\\/#\\\/schema\\\/person\\\/19a90b892230b8e0ec752704ddf4aa10\",\"name\":\"Subaru\",\"url\":\"https:\\\/\\\/www.subaru.es\\\/blog\\\/author\\\/subaria\\\/\"}]}<\/script>\n<!-- \/ Yoast SEO plugin. -->","yoast_head_json":{"title":"Subaru patrocin\u00f3 la carrera Titan Desert, el Lisboa Dakar del Mountain Bike - Universo Subaru","robots":{"index":"index","follow":"follow","max-snippet":"max-snippet:-1","max-image-preview":"max-image-preview:large","max-video-preview":"max-video-preview:-1"},"canonical":"https:\/\/www.subaru.es\/blog\/nuestra-marca\/subaru-patrocino-la-carrera-titan-desert-el-lisboa-dakar-del-mountain-bike\/","og_locale":"es_ES","og_type":"article","og_title":"Subaru patrocin\u00f3 la carrera Titan Desert, el Lisboa Dakar del Mountain Bike - Universo Subaru","og_description":"A Subaru le gustan las competiciones extremas. De hecho el mundo del Rally es donde m\u00e1s se vuelca, pero tambi\u00e9n apoya otras competiciones que aunque no tienen su participaci\u00f3n directa, en este caso porque el motor lo ponen las piernas de los ciclistas, el riesgo, la emoci\u00f3n, el sacrificio y el esfuerzo por la v\u00edctoria [&hellip;]","og_url":"https:\/\/www.subaru.es\/blog\/nuestra-marca\/subaru-patrocino-la-carrera-titan-desert-el-lisboa-dakar-del-mountain-bike\/","og_site_name":"Universo Subaru","article_publisher":"https:\/\/www.facebook.com\/subaruespana","article_published_time":"2007-10-23T07:57:43+00:00","article_modified_time":"2016-10-17T13:09:27+00:00","og_image":[{"width":375,"height":281,"url":"https:\/\/www.subaru.es\/blog\/wp-content\/uploads\/2007\/10\/titandesert_20070501_2.jpg","type":"image\/jpeg"}],"author":"Subaru","twitter_card":"summary_large_image","twitter_misc":{"Escrito por":"Subaru","Tiempo de lectura":"1 minuto"},"schema":{"@context":"https:\/\/schema.org","@graph":[{"@type":"Article","@id":"https:\/\/www.subaru.es\/blog\/nuestra-marca\/subaru-patrocino-la-carrera-titan-desert-el-lisboa-dakar-del-mountain-bike\/#article","isPartOf":{"@id":"https:\/\/www.subaru.es\/blog\/nuestra-marca\/subaru-patrocino-la-carrera-titan-desert-el-lisboa-dakar-del-mountain-bike\/"},"author":{"name":"Subaru","@id":"https:\/\/www.subaru.es\/blog\/#\/schema\/person\/19a90b892230b8e0ec752704ddf4aa10"},"headline":"Subaru patrocin\u00f3 la carrera Titan Desert, el Lisboa Dakar del Mountain Bike","datePublished":"2007-10-23T07:57:43+00:00","dateModified":"2016-10-17T13:09:27+00:00","mainEntityOfPage":{"@id":"https:\/\/www.subaru.es\/blog\/nuestra-marca\/subaru-patrocino-la-carrera-titan-desert-el-lisboa-dakar-del-mountain-bike\/"},"wordCount":166,"commentCount":0,"publisher":{"@id":"https:\/\/www.subaru.es\/blog\/#organization"},"image":{"@id":"https:\/\/www.subaru.es\/blog\/nuestra-marca\/subaru-patrocino-la-carrera-titan-desert-el-lisboa-dakar-del-mountain-bike\/#primaryimage"},"thumbnailUrl":"https:\/\/www.subaru.es\/blog\/wp-content\/uploads\/2007\/10\/titandesert_20070501_2.jpg","articleSection":["Nuestra marca"],"inLanguage":"es","potentialAction":[{"@type":"CommentAction","name":"Comment","target":["https:\/\/www.subaru.es\/blog\/nuestra-marca\/subaru-patrocino-la-carrera-titan-desert-el-lisboa-dakar-del-mountain-bike\/#respond"]}]},{"@type":"WebPage","@id":"https:\/\/www.subaru.es\/blog\/nuestra-marca\/subaru-patrocino-la-carrera-titan-desert-el-lisboa-dakar-del-mountain-bike\/","url":"https:\/\/www.subaru.es\/blog\/nuestra-marca\/subaru-patrocino-la-carrera-titan-desert-el-lisboa-dakar-del-mountain-bike\/","name":"Subaru patrocin\u00f3 la carrera Titan Desert, el Lisboa Dakar del Mountain Bike - Universo Subaru","isPartOf":{"@id":"https:\/\/www.subaru.es\/blog\/#website"},"primaryImageOfPage":{"@id":"https:\/\/www.subaru.es\/blog\/nuestra-marca\/subaru-patrocino-la-carrera-titan-desert-el-lisboa-dakar-del-mountain-bike\/#primaryimage"},"image":{"@id":"https:\/\/www.subaru.es\/blog\/nuestra-marca\/subaru-patrocino-la-carrera-titan-desert-el-lisboa-dakar-del-mountain-bike\/#primaryimage"},"thumbnailUrl":"https:\/\/www.subaru.es\/blog\/wp-content\/uploads\/2007\/10\/titandesert_20070501_2.jpg","datePublished":"2007-10-23T07:57:43+00:00","dateModified":"2016-10-17T13:09:27+00:00","breadcrumb":{"@id":"https:\/\/www.subaru.es\/blog\/nuestra-marca\/subaru-patrocino-la-carrera-titan-desert-el-lisboa-dakar-del-mountain-bike\/#breadcrumb"},"inLanguage":"es","potentialAction":[{"@type":"ReadAction","target":["https:\/\/www.subaru.es\/blog\/nuestra-marca\/subaru-patrocino-la-carrera-titan-desert-el-lisboa-dakar-del-mountain-bike\/"]}]},{"@type":"ImageObject","inLanguage":"es","@id":"https:\/\/www.subaru.es\/blog\/nuestra-marca\/subaru-patrocino-la-carrera-titan-desert-el-lisboa-dakar-del-mountain-bike\/#primaryimage","url":"https:\/\/www.subaru.es\/blog\/wp-content\/uploads\/2007\/10\/titandesert_20070501_2.jpg","contentUrl":"https:\/\/www.subaru.es\/blog\/wp-content\/uploads\/2007\/10\/titandesert_20070501_2.jpg","width":375,"height":281},{"@type":"BreadcrumbList","@id":"https:\/\/www.subaru.es\/blog\/nuestra-marca\/subaru-patrocino-la-carrera-titan-desert-el-lisboa-dakar-del-mountain-bike\/#breadcrumb","itemListElement":[{"@type":"ListItem","position":1,"name":"Portada","item":"https:\/\/www.subaru.es\/blog\/"},{"@type":"ListItem","position":2,"name":"Subaru patrocin\u00f3 la carrera Titan Desert, el Lisboa Dakar del Mountain Bike"}]},{"@type":"WebSite","@id":"https:\/\/www.subaru.es\/blog\/#website","url":"https:\/\/www.subaru.es\/blog\/","name":"Universo Subaru","description":"Descubre este apasionante espacio de Subaru donde vas a conocer todo sobre nuestros coches y las experiencias que vivimos con ellos. Si est\u00e1s preparado para dejarte seducir por la filosof\u00eda Subaru, qu\u00e9date con nosotros.","publisher":{"@id":"https:\/\/www.subaru.es\/blog\/#organization"},"potentialAction":[{"@type":"SearchAction","target":{"@type":"EntryPoint","urlTemplate":"https:\/\/www.subaru.es\/blog\/?s={search_term_string}"},"query-input":{"@type":"PropertyValueSpecification","valueRequired":true,"valueName":"search_term_string"}}],"inLanguage":"es"},{"@type":"Organization","@id":"https:\/\/www.subaru.es\/blog\/#organization","name":"Subaru Espa\u00f1a S.A.","url":"https:\/\/www.subaru.es\/blog\/","logo":{"@type":"ImageObject","inLanguage":"es","@id":"https:\/\/www.subaru.es\/blog\/#\/schema\/logo\/image\/","url":"https:\/\/www.subaru.es\/blog\/wp-content\/uploads\/2016\/12\/Logo-Subaru-TypeV_C300-scaled.jpg","contentUrl":"https:\/\/www.subaru.es\/blog\/wp-content\/uploads\/2016\/12\/Logo-Subaru-TypeV_C300-scaled.jpg","width":2560,"height":1864,"caption":"Subaru Espa\u00f1a S.A."},"image":{"@id":"https:\/\/www.subaru.es\/blog\/#\/schema\/logo\/image\/"},"sameAs":["https:\/\/www.facebook.com\/subaruespana","https:\/\/www.instagram.com\/subarues\/","https:\/\/www.youtube.com\/user\/subaruespana"]},{"@type":"Person","@id":"https:\/\/www.subaru.es\/blog\/#\/schema\/person\/19a90b892230b8e0ec752704ddf4aa10","name":"Subaru","url":"https:\/\/www.subaru.es\/blog\/author\/subaria\/"}]}},"_links":{"self":[{"href":"https:\/\/www.subaru.es\/blog\/wp-json\/wp\/v2\/posts\/321","targetHints":{"allow":["GET"]}}],"collection":[{"href":"https:\/\/www.subaru.es\/blog\/wp-json\/wp\/v2\/posts"}],"about":[{"href":"https:\/\/www.subaru.es\/blog\/wp-json\/wp\/v2\/types\/post"}],"author":[{"embeddable":true,"href":"https:\/\/www.subaru.es\/blog\/wp-json\/wp\/v2\/users\/21"}],"replies":[{"embeddable":true,"href":"https:\/\/www.subaru.es\/blog\/wp-json\/wp\/v2\/comments?post=321"}],"version-history":[{"count":1,"href":"https:\/\/www.subaru.es\/blog\/wp-json\/wp\/v2\/posts\/321\/revisions"}],"predecessor-version":[{"id":15764,"href":"https:\/\/www.subaru.es\/blog\/wp-json\/wp\/v2\/posts\/321\/revisions\/15764"}],"wp:featuredmedia":[{"embeddable":true,"href":"https:\/\/www.subaru.es\/blog\/wp-json\/wp\/v2\/media\/322"}],"wp:attachment":[{"href":"https:\/\/www.subaru.es\/blog\/wp-json\/wp\/v2\/media?parent=321"}],"wp:term":[{"taxonomy":"category","embeddable":true,"href":"https:\/\/www.subaru.es\/blog\/wp-json\/wp\/v2\/categories?post=321"},{"taxonomy":"post_tag","embeddable":true,"href":"https:\/\/www.subaru.es\/blog\/wp-json\/wp\/v2\/tags?post=321"}],"curies":[{"name":"wp","href":"https:\/\/api.w.org\/{rel}","templated":true}]}}