{"id":314,"date":"2007-11-03T16:38:04","date_gmt":"2007-11-03T14:38:04","guid":{"rendered":"http:\/\/subaru.preproduccion.com\/blog\/wp-content\/2007\/11\/03\/tribeca-limusina-mezcla-de-genialidades\/"},"modified":"2016-10-17T15:09:27","modified_gmt":"2016-10-17T13:09:27","slug":"tribeca-limusina-mezcla-de-genialidades","status":"publish","type":"post","link":"https:\/\/www.subaru.es\/blog\/nuestra-marca\/tribeca-limusina-mezcla-de-genialidades\/","title":{"rendered":"Tribeca Limusina, mezcla de genialidades"},"content":{"rendered":"<p><strong>Ernie Bosch Jr<\/strong>, se enamor\u00f3 del modelo <strong>Tribeca de Subaru<\/strong> en cuanto lo vio, quer\u00eda hacer algo grande con ese coche. Bosch que es un distribuidor de autom\u00f3viles de Boston, y que ten\u00eda proyectos previos para el modelo <strong>Forester<\/strong>, viaj\u00f3 hasta Jap\u00f3n y les mostr\u00f3 a la gente de Subaru sus ideas, quer\u00eda convertir el Tribeca en una limusina de lujo.<\/p>\n<p><img data-src='https:\/\/www.subaru.es\/blog\/wp-content\/uploads\/2007\/10\/tribeca-limousine1.jpg' alt='tribeca-limousine1.jpg' src='data:image\/svg+xml;base64,PHN2ZyB3aWR0aD0iMSIgaGVpZ2h0PSIxIiB4bWxucz0iaHR0cDovL3d3dy53My5vcmcvMjAwMC9zdmciPjwvc3ZnPg==' class='lazyload' style='--smush-placeholder-width: 450px; --smush-placeholder-aspect-ratio: 450\/338;' \/><\/a><\/p>\n<p><a href=\"http:\/\/icarros.uol.com.br\/icarros\/noticias\/ultnoticiasdetalhe.jsp?id=5194\">La idea gust\u00f3<\/a> tanto que desde Jap\u00f3n se envi\u00f3 a la f\u00e1brica de Subaru en Indiana, Estados Unidos, los datos necesarios para que se materializase el sue\u00f1o de Bosch. El resultado es un Tribeca, exactamente igual al est\u00e1ndar, pero m\u00e1s largo, mucho m\u00e1s largo.<\/p>\n<p>La mezcla de la inventiva de Bosch y el talento de los ingenieros de Subaru ha dado lugar a este incre\u00edble veh\u00edculo.<\/p>\n<p><img data-src='https:\/\/www.subaru.es\/blog\/wp-content\/uploads\/2007\/10\/tribeca-limousine2.jpg' alt='tribeca-limousine2.jpg' src='data:image\/svg+xml;base64,PHN2ZyB3aWR0aD0iMSIgaGVpZ2h0PSIxIiB4bWxucz0iaHR0cDovL3d3dy53My5vcmcvMjAwMC9zdmciPjwvc3ZnPg==' class='lazyload' style='--smush-placeholder-width: 450px; --smush-placeholder-aspect-ratio: 450\/300;' \/><\/a><\/p>\n<p>El resultado como se puede comprobar en las fotos es espectacular.<\/p>\n","protected":false},"excerpt":{"rendered":"<p>Ernie Bosch Jr, se enamor\u00f3 del modelo Tribeca de Subaru en cuanto lo vio, quer\u00eda hacer algo grande con ese coche. Bosch que es un distribuidor de autom\u00f3viles de Boston, y que ten\u00eda proyectos previos para el modelo Forester, viaj\u00f3 hasta Jap\u00f3n y les mostr\u00f3 a la gente de Subaru sus ideas, quer\u00eda convertir el [&hellip;]<\/p>\n","protected":false},"author":21,"featured_media":315,"comment_status":"open","ping_status":"open","sticky":false,"template":"","format":"standard","meta":{"_acf_changed":false,"_eb_attr":"","inline_featured_image":false,"footnotes":""},"categories":[4401],"tags":[],"class_list":["post-314","post","type-post","status-publish","format-standard","has-post-thumbnail","hentry","category-nuestra-marca"],"acf":[],"yoast_head":"<!-- This site is optimized with the Yoast SEO plugin v27.3 - https:\/\/yoast.com\/product\/yoast-seo-wordpress\/ -->\n<title>Tribeca Limusina, mezcla de genialidades - Universo Subaru<\/title>\n<meta name=\"robots\" content=\"index, follow, max-snippet:-1, max-image-preview:large, max-video-preview:-1\" \/>\n<link rel=\"canonical\" href=\"https:\/\/www.subaru.es\/blog\/nuestra-marca\/tribeca-limusina-mezcla-de-genialidades\/\" \/>\n<meta property=\"og:locale\" content=\"es_ES\" \/>\n<meta property=\"og:type\" content=\"article\" \/>\n<meta property=\"og:title\" content=\"Tribeca Limusina, mezcla de genialidades - Universo Subaru\" \/>\n<meta property=\"og:description\" content=\"Ernie Bosch Jr, se enamor\u00f3 del modelo Tribeca de Subaru en cuanto lo vio, quer\u00eda hacer algo grande con ese coche. Bosch que es un distribuidor de autom\u00f3viles de Boston, y que ten\u00eda proyectos previos para el modelo Forester, viaj\u00f3 hasta Jap\u00f3n y les mostr\u00f3 a la gente de Subaru sus ideas, quer\u00eda convertir el [&hellip;]\" \/>\n<meta property=\"og:url\" content=\"https:\/\/www.subaru.es\/blog\/nuestra-marca\/tribeca-limusina-mezcla-de-genialidades\/\" \/>\n<meta property=\"og:site_name\" content=\"Universo Subaru\" \/>\n<meta property=\"article:publisher\" content=\"https:\/\/www.facebook.com\/subaruespana\" \/>\n<meta property=\"article:published_time\" content=\"2007-11-03T14:38:04+00:00\" \/>\n<meta property=\"article:modified_time\" content=\"2016-10-17T13:09:27+00:00\" \/>\n<meta property=\"og:image\" content=\"https:\/\/www.subaru.es\/blog\/wp-content\/uploads\/2007\/10\/tribeca-limousine1.jpg\" \/>\n\t<meta property=\"og:image:width\" content=\"450\" \/>\n\t<meta property=\"og:image:height\" content=\"338\" \/>\n\t<meta property=\"og:image:type\" content=\"image\/jpeg\" \/>\n<meta name=\"author\" content=\"Subaru\" \/>\n<meta name=\"twitter:card\" content=\"summary_large_image\" \/>\n<meta name=\"twitter:label1\" content=\"Escrito por\" \/>\n\t<meta name=\"twitter:data1\" content=\"Subaru\" \/>\n\t<meta name=\"twitter:label2\" content=\"Tiempo de lectura\" \/>\n\t<meta name=\"twitter:data2\" content=\"1 minuto\" \/>\n<script type=\"application\/ld+json\" class=\"yoast-schema-graph\">{\"@context\":\"https:\\\/\\\/schema.org\",\"@graph\":[{\"@type\":\"Article\",\"@id\":\"https:\\\/\\\/www.subaru.es\\\/blog\\\/nuestra-marca\\\/tribeca-limusina-mezcla-de-genialidades\\\/#article\",\"isPartOf\":{\"@id\":\"https:\\\/\\\/www.subaru.es\\\/blog\\\/nuestra-marca\\\/tribeca-limusina-mezcla-de-genialidades\\\/\"},\"author\":{\"name\":\"Subaru\",\"@id\":\"https:\\\/\\\/www.subaru.es\\\/blog\\\/#\\\/schema\\\/person\\\/19a90b892230b8e0ec752704ddf4aa10\"},\"headline\":\"Tribeca Limusina, mezcla de genialidades\",\"datePublished\":\"2007-11-03T14:38:04+00:00\",\"dateModified\":\"2016-10-17T13:09:27+00:00\",\"mainEntityOfPage\":{\"@id\":\"https:\\\/\\\/www.subaru.es\\\/blog\\\/nuestra-marca\\\/tribeca-limusina-mezcla-de-genialidades\\\/\"},\"wordCount\":156,\"commentCount\":2,\"publisher\":{\"@id\":\"https:\\\/\\\/www.subaru.es\\\/blog\\\/#organization\"},\"image\":{\"@id\":\"https:\\\/\\\/www.subaru.es\\\/blog\\\/nuestra-marca\\\/tribeca-limusina-mezcla-de-genialidades\\\/#primaryimage\"},\"thumbnailUrl\":\"https:\\\/\\\/www.subaru.es\\\/blog\\\/wp-content\\\/uploads\\\/2007\\\/10\\\/tribeca-limousine1.jpg\",\"articleSection\":[\"Nuestra marca\"],\"inLanguage\":\"es\",\"potentialAction\":[{\"@type\":\"CommentAction\",\"name\":\"Comment\",\"target\":[\"https:\\\/\\\/www.subaru.es\\\/blog\\\/nuestra-marca\\\/tribeca-limusina-mezcla-de-genialidades\\\/#respond\"]}]},{\"@type\":\"WebPage\",\"@id\":\"https:\\\/\\\/www.subaru.es\\\/blog\\\/nuestra-marca\\\/tribeca-limusina-mezcla-de-genialidades\\\/\",\"url\":\"https:\\\/\\\/www.subaru.es\\\/blog\\\/nuestra-marca\\\/tribeca-limusina-mezcla-de-genialidades\\\/\",\"name\":\"Tribeca Limusina, mezcla de genialidades - Universo Subaru\",\"isPartOf\":{\"@id\":\"https:\\\/\\\/www.subaru.es\\\/blog\\\/#website\"},\"primaryImageOfPage\":{\"@id\":\"https:\\\/\\\/www.subaru.es\\\/blog\\\/nuestra-marca\\\/tribeca-limusina-mezcla-de-genialidades\\\/#primaryimage\"},\"image\":{\"@id\":\"https:\\\/\\\/www.subaru.es\\\/blog\\\/nuestra-marca\\\/tribeca-limusina-mezcla-de-genialidades\\\/#primaryimage\"},\"thumbnailUrl\":\"https:\\\/\\\/www.subaru.es\\\/blog\\\/wp-content\\\/uploads\\\/2007\\\/10\\\/tribeca-limousine1.jpg\",\"datePublished\":\"2007-11-03T14:38:04+00:00\",\"dateModified\":\"2016-10-17T13:09:27+00:00\",\"breadcrumb\":{\"@id\":\"https:\\\/\\\/www.subaru.es\\\/blog\\\/nuestra-marca\\\/tribeca-limusina-mezcla-de-genialidades\\\/#breadcrumb\"},\"inLanguage\":\"es\",\"potentialAction\":[{\"@type\":\"ReadAction\",\"target\":[\"https:\\\/\\\/www.subaru.es\\\/blog\\\/nuestra-marca\\\/tribeca-limusina-mezcla-de-genialidades\\\/\"]}]},{\"@type\":\"ImageObject\",\"inLanguage\":\"es\",\"@id\":\"https:\\\/\\\/www.subaru.es\\\/blog\\\/nuestra-marca\\\/tribeca-limusina-mezcla-de-genialidades\\\/#primaryimage\",\"url\":\"https:\\\/\\\/www.subaru.es\\\/blog\\\/wp-content\\\/uploads\\\/2007\\\/10\\\/tribeca-limousine1.jpg\",\"contentUrl\":\"https:\\\/\\\/www.subaru.es\\\/blog\\\/wp-content\\\/uploads\\\/2007\\\/10\\\/tribeca-limousine1.jpg\",\"width\":450,\"height\":338},{\"@type\":\"BreadcrumbList\",\"@id\":\"https:\\\/\\\/www.subaru.es\\\/blog\\\/nuestra-marca\\\/tribeca-limusina-mezcla-de-genialidades\\\/#breadcrumb\",\"itemListElement\":[{\"@type\":\"ListItem\",\"position\":1,\"name\":\"Portada\",\"item\":\"https:\\\/\\\/www.subaru.es\\\/blog\\\/\"},{\"@type\":\"ListItem\",\"position\":2,\"name\":\"Tribeca Limusina, mezcla de genialidades\"}]},{\"@type\":\"WebSite\",\"@id\":\"https:\\\/\\\/www.subaru.es\\\/blog\\\/#website\",\"url\":\"https:\\\/\\\/www.subaru.es\\\/blog\\\/\",\"name\":\"Universo Subaru\",\"description\":\"Descubre este apasionante espacio de Subaru donde vas a conocer todo sobre nuestros coches y las experiencias que vivimos con ellos. Si est\u00e1s preparado para dejarte seducir por la filosof\u00eda Subaru, qu\u00e9date con nosotros.\",\"publisher\":{\"@id\":\"https:\\\/\\\/www.subaru.es\\\/blog\\\/#organization\"},\"potentialAction\":[{\"@type\":\"SearchAction\",\"target\":{\"@type\":\"EntryPoint\",\"urlTemplate\":\"https:\\\/\\\/www.subaru.es\\\/blog\\\/?s={search_term_string}\"},\"query-input\":{\"@type\":\"PropertyValueSpecification\",\"valueRequired\":true,\"valueName\":\"search_term_string\"}}],\"inLanguage\":\"es\"},{\"@type\":\"Organization\",\"@id\":\"https:\\\/\\\/www.subaru.es\\\/blog\\\/#organization\",\"name\":\"Subaru Espa\u00f1a S.A.\",\"url\":\"https:\\\/\\\/www.subaru.es\\\/blog\\\/\",\"logo\":{\"@type\":\"ImageObject\",\"inLanguage\":\"es\",\"@id\":\"https:\\\/\\\/www.subaru.es\\\/blog\\\/#\\\/schema\\\/logo\\\/image\\\/\",\"url\":\"https:\\\/\\\/www.subaru.es\\\/blog\\\/wp-content\\\/uploads\\\/2016\\\/12\\\/Logo-Subaru-TypeV_C300-scaled.jpg\",\"contentUrl\":\"https:\\\/\\\/www.subaru.es\\\/blog\\\/wp-content\\\/uploads\\\/2016\\\/12\\\/Logo-Subaru-TypeV_C300-scaled.jpg\",\"width\":2560,\"height\":1864,\"caption\":\"Subaru Espa\u00f1a S.A.\"},\"image\":{\"@id\":\"https:\\\/\\\/www.subaru.es\\\/blog\\\/#\\\/schema\\\/logo\\\/image\\\/\"},\"sameAs\":[\"https:\\\/\\\/www.facebook.com\\\/subaruespana\",\"https:\\\/\\\/www.instagram.com\\\/subarues\\\/\",\"https:\\\/\\\/www.youtube.com\\\/user\\\/subaruespana\"]},{\"@type\":\"Person\",\"@id\":\"https:\\\/\\\/www.subaru.es\\\/blog\\\/#\\\/schema\\\/person\\\/19a90b892230b8e0ec752704ddf4aa10\",\"name\":\"Subaru\",\"url\":\"https:\\\/\\\/www.subaru.es\\\/blog\\\/author\\\/subaria\\\/\"}]}<\/script>\n<!-- \/ Yoast SEO plugin. -->","yoast_head_json":{"title":"Tribeca Limusina, mezcla de genialidades - Universo Subaru","robots":{"index":"index","follow":"follow","max-snippet":"max-snippet:-1","max-image-preview":"max-image-preview:large","max-video-preview":"max-video-preview:-1"},"canonical":"https:\/\/www.subaru.es\/blog\/nuestra-marca\/tribeca-limusina-mezcla-de-genialidades\/","og_locale":"es_ES","og_type":"article","og_title":"Tribeca Limusina, mezcla de genialidades - Universo Subaru","og_description":"Ernie Bosch Jr, se enamor\u00f3 del modelo Tribeca de Subaru en cuanto lo vio, quer\u00eda hacer algo grande con ese coche. Bosch que es un distribuidor de autom\u00f3viles de Boston, y que ten\u00eda proyectos previos para el modelo Forester, viaj\u00f3 hasta Jap\u00f3n y les mostr\u00f3 a la gente de Subaru sus ideas, quer\u00eda convertir el [&hellip;]","og_url":"https:\/\/www.subaru.es\/blog\/nuestra-marca\/tribeca-limusina-mezcla-de-genialidades\/","og_site_name":"Universo Subaru","article_publisher":"https:\/\/www.facebook.com\/subaruespana","article_published_time":"2007-11-03T14:38:04+00:00","article_modified_time":"2016-10-17T13:09:27+00:00","og_image":[{"width":450,"height":338,"url":"https:\/\/www.subaru.es\/blog\/wp-content\/uploads\/2007\/10\/tribeca-limousine1.jpg","type":"image\/jpeg"}],"author":"Subaru","twitter_card":"summary_large_image","twitter_misc":{"Escrito por":"Subaru","Tiempo de lectura":"1 minuto"},"schema":{"@context":"https:\/\/schema.org","@graph":[{"@type":"Article","@id":"https:\/\/www.subaru.es\/blog\/nuestra-marca\/tribeca-limusina-mezcla-de-genialidades\/#article","isPartOf":{"@id":"https:\/\/www.subaru.es\/blog\/nuestra-marca\/tribeca-limusina-mezcla-de-genialidades\/"},"author":{"name":"Subaru","@id":"https:\/\/www.subaru.es\/blog\/#\/schema\/person\/19a90b892230b8e0ec752704ddf4aa10"},"headline":"Tribeca Limusina, mezcla de genialidades","datePublished":"2007-11-03T14:38:04+00:00","dateModified":"2016-10-17T13:09:27+00:00","mainEntityOfPage":{"@id":"https:\/\/www.subaru.es\/blog\/nuestra-marca\/tribeca-limusina-mezcla-de-genialidades\/"},"wordCount":156,"commentCount":2,"publisher":{"@id":"https:\/\/www.subaru.es\/blog\/#organization"},"image":{"@id":"https:\/\/www.subaru.es\/blog\/nuestra-marca\/tribeca-limusina-mezcla-de-genialidades\/#primaryimage"},"thumbnailUrl":"https:\/\/www.subaru.es\/blog\/wp-content\/uploads\/2007\/10\/tribeca-limousine1.jpg","articleSection":["Nuestra marca"],"inLanguage":"es","potentialAction":[{"@type":"CommentAction","name":"Comment","target":["https:\/\/www.subaru.es\/blog\/nuestra-marca\/tribeca-limusina-mezcla-de-genialidades\/#respond"]}]},{"@type":"WebPage","@id":"https:\/\/www.subaru.es\/blog\/nuestra-marca\/tribeca-limusina-mezcla-de-genialidades\/","url":"https:\/\/www.subaru.es\/blog\/nuestra-marca\/tribeca-limusina-mezcla-de-genialidades\/","name":"Tribeca Limusina, mezcla de genialidades - Universo Subaru","isPartOf":{"@id":"https:\/\/www.subaru.es\/blog\/#website"},"primaryImageOfPage":{"@id":"https:\/\/www.subaru.es\/blog\/nuestra-marca\/tribeca-limusina-mezcla-de-genialidades\/#primaryimage"},"image":{"@id":"https:\/\/www.subaru.es\/blog\/nuestra-marca\/tribeca-limusina-mezcla-de-genialidades\/#primaryimage"},"thumbnailUrl":"https:\/\/www.subaru.es\/blog\/wp-content\/uploads\/2007\/10\/tribeca-limousine1.jpg","datePublished":"2007-11-03T14:38:04+00:00","dateModified":"2016-10-17T13:09:27+00:00","breadcrumb":{"@id":"https:\/\/www.subaru.es\/blog\/nuestra-marca\/tribeca-limusina-mezcla-de-genialidades\/#breadcrumb"},"inLanguage":"es","potentialAction":[{"@type":"ReadAction","target":["https:\/\/www.subaru.es\/blog\/nuestra-marca\/tribeca-limusina-mezcla-de-genialidades\/"]}]},{"@type":"ImageObject","inLanguage":"es","@id":"https:\/\/www.subaru.es\/blog\/nuestra-marca\/tribeca-limusina-mezcla-de-genialidades\/#primaryimage","url":"https:\/\/www.subaru.es\/blog\/wp-content\/uploads\/2007\/10\/tribeca-limousine1.jpg","contentUrl":"https:\/\/www.subaru.es\/blog\/wp-content\/uploads\/2007\/10\/tribeca-limousine1.jpg","width":450,"height":338},{"@type":"BreadcrumbList","@id":"https:\/\/www.subaru.es\/blog\/nuestra-marca\/tribeca-limusina-mezcla-de-genialidades\/#breadcrumb","itemListElement":[{"@type":"ListItem","position":1,"name":"Portada","item":"https:\/\/www.subaru.es\/blog\/"},{"@type":"ListItem","position":2,"name":"Tribeca Limusina, mezcla de genialidades"}]},{"@type":"WebSite","@id":"https:\/\/www.subaru.es\/blog\/#website","url":"https:\/\/www.subaru.es\/blog\/","name":"Universo Subaru","description":"Descubre este apasionante espacio de Subaru donde vas a conocer todo sobre nuestros coches y las experiencias que vivimos con ellos. Si est\u00e1s preparado para dejarte seducir por la filosof\u00eda Subaru, qu\u00e9date con nosotros.","publisher":{"@id":"https:\/\/www.subaru.es\/blog\/#organization"},"potentialAction":[{"@type":"SearchAction","target":{"@type":"EntryPoint","urlTemplate":"https:\/\/www.subaru.es\/blog\/?s={search_term_string}"},"query-input":{"@type":"PropertyValueSpecification","valueRequired":true,"valueName":"search_term_string"}}],"inLanguage":"es"},{"@type":"Organization","@id":"https:\/\/www.subaru.es\/blog\/#organization","name":"Subaru Espa\u00f1a S.A.","url":"https:\/\/www.subaru.es\/blog\/","logo":{"@type":"ImageObject","inLanguage":"es","@id":"https:\/\/www.subaru.es\/blog\/#\/schema\/logo\/image\/","url":"https:\/\/www.subaru.es\/blog\/wp-content\/uploads\/2016\/12\/Logo-Subaru-TypeV_C300-scaled.jpg","contentUrl":"https:\/\/www.subaru.es\/blog\/wp-content\/uploads\/2016\/12\/Logo-Subaru-TypeV_C300-scaled.jpg","width":2560,"height":1864,"caption":"Subaru Espa\u00f1a S.A."},"image":{"@id":"https:\/\/www.subaru.es\/blog\/#\/schema\/logo\/image\/"},"sameAs":["https:\/\/www.facebook.com\/subaruespana","https:\/\/www.instagram.com\/subarues\/","https:\/\/www.youtube.com\/user\/subaruespana"]},{"@type":"Person","@id":"https:\/\/www.subaru.es\/blog\/#\/schema\/person\/19a90b892230b8e0ec752704ddf4aa10","name":"Subaru","url":"https:\/\/www.subaru.es\/blog\/author\/subaria\/"}]}},"_links":{"self":[{"href":"https:\/\/www.subaru.es\/blog\/wp-json\/wp\/v2\/posts\/314","targetHints":{"allow":["GET"]}}],"collection":[{"href":"https:\/\/www.subaru.es\/blog\/wp-json\/wp\/v2\/posts"}],"about":[{"href":"https:\/\/www.subaru.es\/blog\/wp-json\/wp\/v2\/types\/post"}],"author":[{"embeddable":true,"href":"https:\/\/www.subaru.es\/blog\/wp-json\/wp\/v2\/users\/21"}],"replies":[{"embeddable":true,"href":"https:\/\/www.subaru.es\/blog\/wp-json\/wp\/v2\/comments?post=314"}],"version-history":[{"count":1,"href":"https:\/\/www.subaru.es\/blog\/wp-json\/wp\/v2\/posts\/314\/revisions"}],"predecessor-version":[{"id":15751,"href":"https:\/\/www.subaru.es\/blog\/wp-json\/wp\/v2\/posts\/314\/revisions\/15751"}],"wp:featuredmedia":[{"embeddable":true,"href":"https:\/\/www.subaru.es\/blog\/wp-json\/wp\/v2\/media\/315"}],"wp:attachment":[{"href":"https:\/\/www.subaru.es\/blog\/wp-json\/wp\/v2\/media?parent=314"}],"wp:term":[{"taxonomy":"category","embeddable":true,"href":"https:\/\/www.subaru.es\/blog\/wp-json\/wp\/v2\/categories?post=314"},{"taxonomy":"post_tag","embeddable":true,"href":"https:\/\/www.subaru.es\/blog\/wp-json\/wp\/v2\/tags?post=314"}],"curies":[{"name":"wp","href":"https:\/\/api.w.org\/{rel}","templated":true}]}}