{"id":3135,"date":"2010-09-20T12:00:52","date_gmt":"2010-09-20T10:00:52","guid":{"rendered":"http:\/\/subaru.preproduccion.com\/blog\/?p=3135"},"modified":"2020-08-12T12:02:14","modified_gmt":"2020-08-12T10:02:14","slug":"sorteamos-2-inscripciones-alojamiento-desayuno-para-3-dies-de-mtb-dels-cingles","status":"publish","type":"post","link":"https:\/\/www.subaru.es\/blog\/subaru-lifestyle\/sorteamos-2-inscripciones-alojamiento-desayuno-para-3-dies-de-mtb-dels-cingles\/","title":{"rendered":"Sorteamos 2 inscripciones, alojamiento + desayuno para 3 dies de MTB dels Cingles"},"content":{"rendered":"<p style=\"text-align: center;\"><a href=\"https:\/\/www.subaru.es\/blog\/wp-content\/uploads\/2010\/09\/963320182_aTeXG-O.jpg\"><img decoding=\"async\" class=\"aligncenter size-full wp-image-3179 lazyload\" title=\"__963320182_aTeXG-O\" data-src=\"https:\/\/www.subaru.es\/blog\/wp-content\/uploads\/2010\/09\/963320182_aTeXG-O.jpg\" alt=\"\" width=\"553\" height=\"369\" data-srcset=\"https:\/\/www.subaru.es\/blog\/wp-content\/uploads\/2010\/09\/963320182_aTeXG-O.jpg 1024w, https:\/\/www.subaru.es\/blog\/wp-content\/uploads\/2010\/09\/963320182_aTeXG-O-560x374.jpg 560w, https:\/\/www.subaru.es\/blog\/wp-content\/uploads\/2010\/09\/963320182_aTeXG-O-768x512.jpg 768w\" data-sizes=\"(max-width: 553px) 100vw, 553px\" src=\"data:image\/svg+xml;base64,PHN2ZyB3aWR0aD0iMSIgaGVpZ2h0PSIxIiB4bWxucz0iaHR0cDovL3d3dy53My5vcmcvMjAwMC9zdmciPjwvc3ZnPg==\" style=\"--smush-placeholder-width: 553px; --smush-placeholder-aspect-ratio: 553\/369;\" \/><\/a><\/p>\n<p>Si vas a Sant Feliu de Codines (Barcelona) durante los pr\u00f3ximos 9, 10 y 11 de octubre, te encontrar\u00e1s con una peque\u00f1a sorpresa:  el municipio habr\u00e1 sido tomado por bicicletas de monta\u00f1a. La raz\u00f3n es que se estar\u00e1 celebrando la prueba<strong> \u201c3 dies de MTB dels Cingles\u201d<\/strong>, que reunir\u00e1 a cientos de riders de todo el mundo. \u00bfSolo bicis?<br \/>\nNo,<strong> Subaru no quer\u00eda perderse este evento<\/strong>, y ha decidido patrocinarlo <strong>convirti\u00e9ndose en coche oficial<\/strong>. As\u00ed que no te sorprendas si, entre mountain bike y mountain bike, te parece ver un Impreza o un Outback. Ser\u00e1 normal.<\/p>\n<p>Y es que Subaru tiene bastantes<strong> modelos ideales para la pr\u00e1ctica de actividades al aire libre<\/strong>, por lo que desde Subaru Espa\u00f1a se ceder\u00e1n seis unidades de los modelos <strong>Forester, Impreza y Outback<\/strong>. \u00bfHace falta que te expliquemos por qu\u00e9 estos veh\u00edculos son compa\u00f1eros perfectos para la pr\u00e1ctica del <a href=\"http:\/\/www.revistamountainbike.com\/\" target=\"_blank\" rel=\"noopener noreferrer\">mountain bike<\/a>? Ya lo sabes: el sistema All Wheel Drive, los motores Boxer Diesel, su gran capacidad de carga y remolque\u2026<\/p>\n<p><a href=\"https:\/\/www.subaru.es\/blog\/wp-content\/uploads\/2010\/09\/3-Dies-dels-Cingles-de-MTB-Google-Chrome_2.jpg\"><img decoding=\"async\" class=\"aligncenter size-full wp-image-3168 lazyload\" title=\"3 Dies dels Cingles de MTB - Google Chrome_2\" data-src=\"https:\/\/www.subaru.es\/blog\/wp-content\/uploads\/2010\/09\/3-Dies-dels-Cingles-de-MTB-Google-Chrome_2.jpg\" alt=\"\" width=\"585\" height=\"110\" data-srcset=\"https:\/\/www.subaru.es\/blog\/wp-content\/uploads\/2010\/09\/3-Dies-dels-Cingles-de-MTB-Google-Chrome_2.jpg 650w, https:\/\/www.subaru.es\/blog\/wp-content\/uploads\/2010\/09\/3-Dies-dels-Cingles-de-MTB-Google-Chrome_2-560x105.jpg 560w\" data-sizes=\"(max-width: 585px) 100vw, 585px\" src=\"data:image\/svg+xml;base64,PHN2ZyB3aWR0aD0iMSIgaGVpZ2h0PSIxIiB4bWxucz0iaHR0cDovL3d3dy53My5vcmcvMjAwMC9zdmciPjwvc3ZnPg==\" style=\"--smush-placeholder-width: 585px; --smush-placeholder-aspect-ratio: 585\/110;\" \/><\/a><br \/>\nPero la participaci\u00f3n de Subaru Espa\u00f1a no se limitar\u00e1 a los coches oficiales: la marca ha pensado en ti, seguidor de Subaru a trav\u00e9s de este blog, <a href=\"    http:\/\/www.facebook.com\/subaruespana\">Facebook <\/a>y <a href=\"http:\/\/www.twitter.com\/subaru_es\" target=\"_blank\" rel=\"noopener noreferrer\">Twitter<\/a>, y premiar\u00e1 tu confianza con un<strong> sorteo de <strong>dos inscripciones<\/strong> para la prueba<\/strong> y estancia en <strong>hotel + desayuno<\/strong>. Puedes optar a ellas <strong>dej\u00e1ndonos un comentario y cont\u00e1ndonos por qu\u00e9 te las mereces m\u00e1s que nadie en el mundo<\/strong>. Y si nos gusta podr\u00e1s disfrutar de esta gran competici\u00f3n.<\/p>\n<p>Recuerda: del 9 al 11 de octubre en<a href=\"http:\/\/www.deviajes.es\/finesdesemana\/SANT_FELIU_DE_CODINES_1.html\" target=\"_blank\" rel=\"noopener noreferrer\"> Sant Feliu de Codines<\/a> tienes una <strong>cita con la bicicleta de monta\u00f1a<\/strong> y los 200 kil\u00f3metros de distancia y el desnivel positivo acumulado de m\u00e1s de 4.000 metros a los que se enfrentar\u00e1n los ciclistas. \u00a1Como para perd\u00e9rselo!<\/p>\n<p>M\u00e1s informaci\u00f3n | <a href=\"http:\/\/www.3diescinglesmtb.com\/\" target=\"_blank\" rel=\"noopener noreferrer\">3 Dies de MTB dels Cingles<\/a><\/p>\n","protected":false},"excerpt":{"rendered":"<p>Si vas a Sant Feliu de Codines (Barcelona) durante los pr\u00f3ximos 9, 10 y 11 de octubre, te encontrar\u00e1s con una peque\u00f1a sorpresa: el municipio habr\u00e1 sido tomado por bicicletas de monta\u00f1a. La raz\u00f3n es que se estar\u00e1 celebrando la prueba \u201c3 dies de MTB dels Cingles\u201d, que reunir\u00e1 a cientos de riders de todo [&hellip;]<\/p>\n","protected":false},"author":21,"featured_media":3136,"comment_status":"open","ping_status":"open","sticky":false,"template":"","format":"standard","meta":{"_acf_changed":false,"_eb_attr":"","inline_featured_image":false,"footnotes":""},"categories":[4520],"tags":[3195,13,10,214,143,64],"class_list":["post-3135","post","type-post","status-publish","format-standard","has-post-thumbnail","hentry","category-subaru-lifestyle","tag-3-dies-de-mtb-del-cingles","tag-forester","tag-impreza","tag-mountain-bike","tag-outback","tag-subaru-espana"],"acf":[],"yoast_head":"<!-- This site is optimized with the Yoast SEO plugin v27.3 - https:\/\/yoast.com\/product\/yoast-seo-wordpress\/ -->\n<title>Sorteamos 2 inscripciones, alojamiento + desayuno para 3 dies de MTB dels Cingles - Universo Subaru<\/title>\n<meta name=\"robots\" content=\"index, follow, max-snippet:-1, max-image-preview:large, max-video-preview:-1\" \/>\n<link rel=\"canonical\" href=\"https:\/\/www.subaru.es\/blog\/subaru-lifestyle\/sorteamos-2-inscripciones-alojamiento-desayuno-para-3-dies-de-mtb-dels-cingles\/\" \/>\n<meta property=\"og:locale\" content=\"es_ES\" \/>\n<meta property=\"og:type\" content=\"article\" \/>\n<meta property=\"og:title\" content=\"Sorteamos 2 inscripciones, alojamiento + desayuno para 3 dies de MTB dels Cingles - Universo Subaru\" \/>\n<meta property=\"og:description\" content=\"Si vas a Sant Feliu de Codines (Barcelona) durante los pr\u00f3ximos 9, 10 y 11 de octubre, te encontrar\u00e1s con una peque\u00f1a sorpresa: el municipio habr\u00e1 sido tomado por bicicletas de monta\u00f1a. La raz\u00f3n es que se estar\u00e1 celebrando la prueba \u201c3 dies de MTB dels Cingles\u201d, que reunir\u00e1 a cientos de riders de todo [&hellip;]\" \/>\n<meta property=\"og:url\" content=\"https:\/\/www.subaru.es\/blog\/subaru-lifestyle\/sorteamos-2-inscripciones-alojamiento-desayuno-para-3-dies-de-mtb-dels-cingles\/\" \/>\n<meta property=\"og:site_name\" content=\"Universo Subaru\" \/>\n<meta property=\"article:publisher\" content=\"https:\/\/www.facebook.com\/subaruespana\" \/>\n<meta property=\"article:published_time\" content=\"2010-09-20T10:00:52+00:00\" \/>\n<meta property=\"article:modified_time\" content=\"2020-08-12T10:02:14+00:00\" \/>\n<meta property=\"og:image\" content=\"https:\/\/www.subaru.es\/blog\/wp-content\/uploads\/2010\/09\/mountainbike.jpg\" \/>\n\t<meta property=\"og:image:width\" content=\"500\" \/>\n\t<meta property=\"og:image:height\" content=\"333\" \/>\n\t<meta property=\"og:image:type\" content=\"image\/jpeg\" \/>\n<meta name=\"author\" content=\"Subaru\" \/>\n<meta name=\"twitter:card\" content=\"summary_large_image\" \/>\n<meta name=\"twitter:label1\" content=\"Escrito por\" \/>\n\t<meta name=\"twitter:data1\" content=\"Subaru\" \/>\n\t<meta name=\"twitter:label2\" content=\"Tiempo de lectura\" \/>\n\t<meta name=\"twitter:data2\" content=\"2 minutos\" \/>\n<script type=\"application\/ld+json\" class=\"yoast-schema-graph\">{\"@context\":\"https:\\\/\\\/schema.org\",\"@graph\":[{\"@type\":\"Article\",\"@id\":\"https:\\\/\\\/www.subaru.es\\\/blog\\\/subaru-lifestyle\\\/sorteamos-2-inscripciones-alojamiento-desayuno-para-3-dies-de-mtb-dels-cingles\\\/#article\",\"isPartOf\":{\"@id\":\"https:\\\/\\\/www.subaru.es\\\/blog\\\/subaru-lifestyle\\\/sorteamos-2-inscripciones-alojamiento-desayuno-para-3-dies-de-mtb-dels-cingles\\\/\"},\"author\":{\"name\":\"Subaru\",\"@id\":\"https:\\\/\\\/www.subaru.es\\\/blog\\\/#\\\/schema\\\/person\\\/19a90b892230b8e0ec752704ddf4aa10\"},\"headline\":\"Sorteamos 2 inscripciones, alojamiento + desayuno para 3 dies de MTB dels Cingles\",\"datePublished\":\"2010-09-20T10:00:52+00:00\",\"dateModified\":\"2020-08-12T10:02:14+00:00\",\"mainEntityOfPage\":{\"@id\":\"https:\\\/\\\/www.subaru.es\\\/blog\\\/subaru-lifestyle\\\/sorteamos-2-inscripciones-alojamiento-desayuno-para-3-dies-de-mtb-dels-cingles\\\/\"},\"wordCount\":327,\"commentCount\":8,\"publisher\":{\"@id\":\"https:\\\/\\\/www.subaru.es\\\/blog\\\/#organization\"},\"image\":{\"@id\":\"https:\\\/\\\/www.subaru.es\\\/blog\\\/subaru-lifestyle\\\/sorteamos-2-inscripciones-alojamiento-desayuno-para-3-dies-de-mtb-dels-cingles\\\/#primaryimage\"},\"thumbnailUrl\":\"https:\\\/\\\/www.subaru.es\\\/blog\\\/wp-content\\\/uploads\\\/2010\\\/09\\\/mountainbike.jpg\",\"keywords\":[\"3 dies de MTB del Cingles\",\"forester\",\"impreza\",\"mountain bike\",\"outback\",\"subaru espa\u00f1a\"],\"articleSection\":[\"Subaru LifeStyle\"],\"inLanguage\":\"es\",\"potentialAction\":[{\"@type\":\"CommentAction\",\"name\":\"Comment\",\"target\":[\"https:\\\/\\\/www.subaru.es\\\/blog\\\/subaru-lifestyle\\\/sorteamos-2-inscripciones-alojamiento-desayuno-para-3-dies-de-mtb-dels-cingles\\\/#respond\"]}]},{\"@type\":\"WebPage\",\"@id\":\"https:\\\/\\\/www.subaru.es\\\/blog\\\/subaru-lifestyle\\\/sorteamos-2-inscripciones-alojamiento-desayuno-para-3-dies-de-mtb-dels-cingles\\\/\",\"url\":\"https:\\\/\\\/www.subaru.es\\\/blog\\\/subaru-lifestyle\\\/sorteamos-2-inscripciones-alojamiento-desayuno-para-3-dies-de-mtb-dels-cingles\\\/\",\"name\":\"Sorteamos 2 inscripciones, alojamiento + desayuno para 3 dies de MTB dels Cingles - Universo Subaru\",\"isPartOf\":{\"@id\":\"https:\\\/\\\/www.subaru.es\\\/blog\\\/#website\"},\"primaryImageOfPage\":{\"@id\":\"https:\\\/\\\/www.subaru.es\\\/blog\\\/subaru-lifestyle\\\/sorteamos-2-inscripciones-alojamiento-desayuno-para-3-dies-de-mtb-dels-cingles\\\/#primaryimage\"},\"image\":{\"@id\":\"https:\\\/\\\/www.subaru.es\\\/blog\\\/subaru-lifestyle\\\/sorteamos-2-inscripciones-alojamiento-desayuno-para-3-dies-de-mtb-dels-cingles\\\/#primaryimage\"},\"thumbnailUrl\":\"https:\\\/\\\/www.subaru.es\\\/blog\\\/wp-content\\\/uploads\\\/2010\\\/09\\\/mountainbike.jpg\",\"datePublished\":\"2010-09-20T10:00:52+00:00\",\"dateModified\":\"2020-08-12T10:02:14+00:00\",\"breadcrumb\":{\"@id\":\"https:\\\/\\\/www.subaru.es\\\/blog\\\/subaru-lifestyle\\\/sorteamos-2-inscripciones-alojamiento-desayuno-para-3-dies-de-mtb-dels-cingles\\\/#breadcrumb\"},\"inLanguage\":\"es\",\"potentialAction\":[{\"@type\":\"ReadAction\",\"target\":[\"https:\\\/\\\/www.subaru.es\\\/blog\\\/subaru-lifestyle\\\/sorteamos-2-inscripciones-alojamiento-desayuno-para-3-dies-de-mtb-dels-cingles\\\/\"]}]},{\"@type\":\"ImageObject\",\"inLanguage\":\"es\",\"@id\":\"https:\\\/\\\/www.subaru.es\\\/blog\\\/subaru-lifestyle\\\/sorteamos-2-inscripciones-alojamiento-desayuno-para-3-dies-de-mtb-dels-cingles\\\/#primaryimage\",\"url\":\"https:\\\/\\\/www.subaru.es\\\/blog\\\/wp-content\\\/uploads\\\/2010\\\/09\\\/mountainbike.jpg\",\"contentUrl\":\"https:\\\/\\\/www.subaru.es\\\/blog\\\/wp-content\\\/uploads\\\/2010\\\/09\\\/mountainbike.jpg\",\"width\":500,\"height\":333,\"caption\":\"Mountain Bike\"},{\"@type\":\"BreadcrumbList\",\"@id\":\"https:\\\/\\\/www.subaru.es\\\/blog\\\/subaru-lifestyle\\\/sorteamos-2-inscripciones-alojamiento-desayuno-para-3-dies-de-mtb-dels-cingles\\\/#breadcrumb\",\"itemListElement\":[{\"@type\":\"ListItem\",\"position\":1,\"name\":\"Portada\",\"item\":\"https:\\\/\\\/www.subaru.es\\\/blog\\\/\"},{\"@type\":\"ListItem\",\"position\":2,\"name\":\"Sorteamos 2 inscripciones, alojamiento + desayuno para 3 dies de MTB dels Cingles\"}]},{\"@type\":\"WebSite\",\"@id\":\"https:\\\/\\\/www.subaru.es\\\/blog\\\/#website\",\"url\":\"https:\\\/\\\/www.subaru.es\\\/blog\\\/\",\"name\":\"Universo Subaru\",\"description\":\"Descubre este apasionante espacio de Subaru donde vas a conocer todo sobre nuestros coches y las experiencias que vivimos con ellos. Si est\u00e1s preparado para dejarte seducir por la filosof\u00eda Subaru, qu\u00e9date con nosotros.\",\"publisher\":{\"@id\":\"https:\\\/\\\/www.subaru.es\\\/blog\\\/#organization\"},\"potentialAction\":[{\"@type\":\"SearchAction\",\"target\":{\"@type\":\"EntryPoint\",\"urlTemplate\":\"https:\\\/\\\/www.subaru.es\\\/blog\\\/?s={search_term_string}\"},\"query-input\":{\"@type\":\"PropertyValueSpecification\",\"valueRequired\":true,\"valueName\":\"search_term_string\"}}],\"inLanguage\":\"es\"},{\"@type\":\"Organization\",\"@id\":\"https:\\\/\\\/www.subaru.es\\\/blog\\\/#organization\",\"name\":\"Subaru Espa\u00f1a S.A.\",\"url\":\"https:\\\/\\\/www.subaru.es\\\/blog\\\/\",\"logo\":{\"@type\":\"ImageObject\",\"inLanguage\":\"es\",\"@id\":\"https:\\\/\\\/www.subaru.es\\\/blog\\\/#\\\/schema\\\/logo\\\/image\\\/\",\"url\":\"https:\\\/\\\/www.subaru.es\\\/blog\\\/wp-content\\\/uploads\\\/2016\\\/12\\\/Logo-Subaru-TypeV_C300-scaled.jpg\",\"contentUrl\":\"https:\\\/\\\/www.subaru.es\\\/blog\\\/wp-content\\\/uploads\\\/2016\\\/12\\\/Logo-Subaru-TypeV_C300-scaled.jpg\",\"width\":2560,\"height\":1864,\"caption\":\"Subaru Espa\u00f1a S.A.\"},\"image\":{\"@id\":\"https:\\\/\\\/www.subaru.es\\\/blog\\\/#\\\/schema\\\/logo\\\/image\\\/\"},\"sameAs\":[\"https:\\\/\\\/www.facebook.com\\\/subaruespana\",\"https:\\\/\\\/www.instagram.com\\\/subarues\\\/\",\"https:\\\/\\\/www.youtube.com\\\/user\\\/subaruespana\"]},{\"@type\":\"Person\",\"@id\":\"https:\\\/\\\/www.subaru.es\\\/blog\\\/#\\\/schema\\\/person\\\/19a90b892230b8e0ec752704ddf4aa10\",\"name\":\"Subaru\",\"url\":\"https:\\\/\\\/www.subaru.es\\\/blog\\\/author\\\/subaria\\\/\"}]}<\/script>\n<!-- \/ Yoast SEO plugin. -->","yoast_head_json":{"title":"Sorteamos 2 inscripciones, alojamiento + desayuno para 3 dies de MTB dels Cingles - Universo Subaru","robots":{"index":"index","follow":"follow","max-snippet":"max-snippet:-1","max-image-preview":"max-image-preview:large","max-video-preview":"max-video-preview:-1"},"canonical":"https:\/\/www.subaru.es\/blog\/subaru-lifestyle\/sorteamos-2-inscripciones-alojamiento-desayuno-para-3-dies-de-mtb-dels-cingles\/","og_locale":"es_ES","og_type":"article","og_title":"Sorteamos 2 inscripciones, alojamiento + desayuno para 3 dies de MTB dels Cingles - Universo Subaru","og_description":"Si vas a Sant Feliu de Codines (Barcelona) durante los pr\u00f3ximos 9, 10 y 11 de octubre, te encontrar\u00e1s con una peque\u00f1a sorpresa: el municipio habr\u00e1 sido tomado por bicicletas de monta\u00f1a. La raz\u00f3n es que se estar\u00e1 celebrando la prueba \u201c3 dies de MTB dels Cingles\u201d, que reunir\u00e1 a cientos de riders de todo [&hellip;]","og_url":"https:\/\/www.subaru.es\/blog\/subaru-lifestyle\/sorteamos-2-inscripciones-alojamiento-desayuno-para-3-dies-de-mtb-dels-cingles\/","og_site_name":"Universo Subaru","article_publisher":"https:\/\/www.facebook.com\/subaruespana","article_published_time":"2010-09-20T10:00:52+00:00","article_modified_time":"2020-08-12T10:02:14+00:00","og_image":[{"width":500,"height":333,"url":"https:\/\/www.subaru.es\/blog\/wp-content\/uploads\/2010\/09\/mountainbike.jpg","type":"image\/jpeg"}],"author":"Subaru","twitter_card":"summary_large_image","twitter_misc":{"Escrito por":"Subaru","Tiempo de lectura":"2 minutos"},"schema":{"@context":"https:\/\/schema.org","@graph":[{"@type":"Article","@id":"https:\/\/www.subaru.es\/blog\/subaru-lifestyle\/sorteamos-2-inscripciones-alojamiento-desayuno-para-3-dies-de-mtb-dels-cingles\/#article","isPartOf":{"@id":"https:\/\/www.subaru.es\/blog\/subaru-lifestyle\/sorteamos-2-inscripciones-alojamiento-desayuno-para-3-dies-de-mtb-dels-cingles\/"},"author":{"name":"Subaru","@id":"https:\/\/www.subaru.es\/blog\/#\/schema\/person\/19a90b892230b8e0ec752704ddf4aa10"},"headline":"Sorteamos 2 inscripciones, alojamiento + desayuno para 3 dies de MTB dels Cingles","datePublished":"2010-09-20T10:00:52+00:00","dateModified":"2020-08-12T10:02:14+00:00","mainEntityOfPage":{"@id":"https:\/\/www.subaru.es\/blog\/subaru-lifestyle\/sorteamos-2-inscripciones-alojamiento-desayuno-para-3-dies-de-mtb-dels-cingles\/"},"wordCount":327,"commentCount":8,"publisher":{"@id":"https:\/\/www.subaru.es\/blog\/#organization"},"image":{"@id":"https:\/\/www.subaru.es\/blog\/subaru-lifestyle\/sorteamos-2-inscripciones-alojamiento-desayuno-para-3-dies-de-mtb-dels-cingles\/#primaryimage"},"thumbnailUrl":"https:\/\/www.subaru.es\/blog\/wp-content\/uploads\/2010\/09\/mountainbike.jpg","keywords":["3 dies de MTB del Cingles","forester","impreza","mountain bike","outback","subaru espa\u00f1a"],"articleSection":["Subaru LifeStyle"],"inLanguage":"es","potentialAction":[{"@type":"CommentAction","name":"Comment","target":["https:\/\/www.subaru.es\/blog\/subaru-lifestyle\/sorteamos-2-inscripciones-alojamiento-desayuno-para-3-dies-de-mtb-dels-cingles\/#respond"]}]},{"@type":"WebPage","@id":"https:\/\/www.subaru.es\/blog\/subaru-lifestyle\/sorteamos-2-inscripciones-alojamiento-desayuno-para-3-dies-de-mtb-dels-cingles\/","url":"https:\/\/www.subaru.es\/blog\/subaru-lifestyle\/sorteamos-2-inscripciones-alojamiento-desayuno-para-3-dies-de-mtb-dels-cingles\/","name":"Sorteamos 2 inscripciones, alojamiento + desayuno para 3 dies de MTB dels Cingles - Universo Subaru","isPartOf":{"@id":"https:\/\/www.subaru.es\/blog\/#website"},"primaryImageOfPage":{"@id":"https:\/\/www.subaru.es\/blog\/subaru-lifestyle\/sorteamos-2-inscripciones-alojamiento-desayuno-para-3-dies-de-mtb-dels-cingles\/#primaryimage"},"image":{"@id":"https:\/\/www.subaru.es\/blog\/subaru-lifestyle\/sorteamos-2-inscripciones-alojamiento-desayuno-para-3-dies-de-mtb-dels-cingles\/#primaryimage"},"thumbnailUrl":"https:\/\/www.subaru.es\/blog\/wp-content\/uploads\/2010\/09\/mountainbike.jpg","datePublished":"2010-09-20T10:00:52+00:00","dateModified":"2020-08-12T10:02:14+00:00","breadcrumb":{"@id":"https:\/\/www.subaru.es\/blog\/subaru-lifestyle\/sorteamos-2-inscripciones-alojamiento-desayuno-para-3-dies-de-mtb-dels-cingles\/#breadcrumb"},"inLanguage":"es","potentialAction":[{"@type":"ReadAction","target":["https:\/\/www.subaru.es\/blog\/subaru-lifestyle\/sorteamos-2-inscripciones-alojamiento-desayuno-para-3-dies-de-mtb-dels-cingles\/"]}]},{"@type":"ImageObject","inLanguage":"es","@id":"https:\/\/www.subaru.es\/blog\/subaru-lifestyle\/sorteamos-2-inscripciones-alojamiento-desayuno-para-3-dies-de-mtb-dels-cingles\/#primaryimage","url":"https:\/\/www.subaru.es\/blog\/wp-content\/uploads\/2010\/09\/mountainbike.jpg","contentUrl":"https:\/\/www.subaru.es\/blog\/wp-content\/uploads\/2010\/09\/mountainbike.jpg","width":500,"height":333,"caption":"Mountain Bike"},{"@type":"BreadcrumbList","@id":"https:\/\/www.subaru.es\/blog\/subaru-lifestyle\/sorteamos-2-inscripciones-alojamiento-desayuno-para-3-dies-de-mtb-dels-cingles\/#breadcrumb","itemListElement":[{"@type":"ListItem","position":1,"name":"Portada","item":"https:\/\/www.subaru.es\/blog\/"},{"@type":"ListItem","position":2,"name":"Sorteamos 2 inscripciones, alojamiento + desayuno para 3 dies de MTB dels Cingles"}]},{"@type":"WebSite","@id":"https:\/\/www.subaru.es\/blog\/#website","url":"https:\/\/www.subaru.es\/blog\/","name":"Universo Subaru","description":"Descubre este apasionante espacio de Subaru donde vas a conocer todo sobre nuestros coches y las experiencias que vivimos con ellos. Si est\u00e1s preparado para dejarte seducir por la filosof\u00eda Subaru, qu\u00e9date con nosotros.","publisher":{"@id":"https:\/\/www.subaru.es\/blog\/#organization"},"potentialAction":[{"@type":"SearchAction","target":{"@type":"EntryPoint","urlTemplate":"https:\/\/www.subaru.es\/blog\/?s={search_term_string}"},"query-input":{"@type":"PropertyValueSpecification","valueRequired":true,"valueName":"search_term_string"}}],"inLanguage":"es"},{"@type":"Organization","@id":"https:\/\/www.subaru.es\/blog\/#organization","name":"Subaru Espa\u00f1a S.A.","url":"https:\/\/www.subaru.es\/blog\/","logo":{"@type":"ImageObject","inLanguage":"es","@id":"https:\/\/www.subaru.es\/blog\/#\/schema\/logo\/image\/","url":"https:\/\/www.subaru.es\/blog\/wp-content\/uploads\/2016\/12\/Logo-Subaru-TypeV_C300-scaled.jpg","contentUrl":"https:\/\/www.subaru.es\/blog\/wp-content\/uploads\/2016\/12\/Logo-Subaru-TypeV_C300-scaled.jpg","width":2560,"height":1864,"caption":"Subaru Espa\u00f1a S.A."},"image":{"@id":"https:\/\/www.subaru.es\/blog\/#\/schema\/logo\/image\/"},"sameAs":["https:\/\/www.facebook.com\/subaruespana","https:\/\/www.instagram.com\/subarues\/","https:\/\/www.youtube.com\/user\/subaruespana"]},{"@type":"Person","@id":"https:\/\/www.subaru.es\/blog\/#\/schema\/person\/19a90b892230b8e0ec752704ddf4aa10","name":"Subaru","url":"https:\/\/www.subaru.es\/blog\/author\/subaria\/"}]}},"_links":{"self":[{"href":"https:\/\/www.subaru.es\/blog\/wp-json\/wp\/v2\/posts\/3135","targetHints":{"allow":["GET"]}}],"collection":[{"href":"https:\/\/www.subaru.es\/blog\/wp-json\/wp\/v2\/posts"}],"about":[{"href":"https:\/\/www.subaru.es\/blog\/wp-json\/wp\/v2\/types\/post"}],"author":[{"embeddable":true,"href":"https:\/\/www.subaru.es\/blog\/wp-json\/wp\/v2\/users\/21"}],"replies":[{"embeddable":true,"href":"https:\/\/www.subaru.es\/blog\/wp-json\/wp\/v2\/comments?post=3135"}],"version-history":[{"count":3,"href":"https:\/\/www.subaru.es\/blog\/wp-json\/wp\/v2\/posts\/3135\/revisions"}],"predecessor-version":[{"id":22216,"href":"https:\/\/www.subaru.es\/blog\/wp-json\/wp\/v2\/posts\/3135\/revisions\/22216"}],"wp:featuredmedia":[{"embeddable":true,"href":"https:\/\/www.subaru.es\/blog\/wp-json\/wp\/v2\/media\/3136"}],"wp:attachment":[{"href":"https:\/\/www.subaru.es\/blog\/wp-json\/wp\/v2\/media?parent=3135"}],"wp:term":[{"taxonomy":"category","embeddable":true,"href":"https:\/\/www.subaru.es\/blog\/wp-json\/wp\/v2\/categories?post=3135"},{"taxonomy":"post_tag","embeddable":true,"href":"https:\/\/www.subaru.es\/blog\/wp-json\/wp\/v2\/tags?post=3135"}],"curies":[{"name":"wp","href":"https:\/\/api.w.org\/{rel}","templated":true}]}}