{"id":306,"date":"2007-10-16T12:43:18","date_gmt":"2007-10-16T10:43:18","guid":{"rendered":"http:\/\/subaru.preproduccion.com\/blog\/wp-content\/2007\/10\/16\/rally-de-francia-tour-de-corcega-3%c2%aa-etapa\/"},"modified":"2016-10-17T15:11:39","modified_gmt":"2016-10-17T13:11:39","slug":"rally-de-francia-tour-de-corcega-3%c2%aa-etapa","status":"publish","type":"post","link":"https:\/\/www.subaru.es\/blog\/nuestra-marca\/rally-de-francia-tour-de-corcega-3%c2%aa-etapa\/","title":{"rendered":"Rally de Francia-Tour de C\u00f3rcega- 3\u00aa Etapa"},"content":{"rendered":"<p><strong>La tercera y \u00faltima etapa del Rally de Francia \u2013 Tour de C\u00f3rcega se ha saldado con suerte dispar para el equipo Subaru World Rally Team, pero a\u00fan as\u00ed, dos de sus tres coches han finalizado entre los seis primeros clasificados. Tras una intensa batalla con el Ford de Jari-Matti Latvala, Petter Solberg ha terminado quinto, mientras que Chris Atkinson y Xevi Pons han acabado en sexta y octava posici\u00f3n respectivamente.<\/strong> <\/p>\n<p><center><img data-src='https:\/\/www.subaru.es\/blog\/wp-content\/uploads\/2007\/10\/etapatourdecega.jpg' alt='etapa' src='data:image\/svg+xml;base64,PHN2ZyB3aWR0aD0iMSIgaGVpZ2h0PSIxIiB4bWxucz0iaHR0cDovL3d3dy53My5vcmcvMjAwMC9zdmciPjwvc3ZnPg==' class='lazyload' style='--smush-placeholder-width: 350px; --smush-placeholder-aspect-ratio: 350\/257;' \/> <\/center><\/p>\n<p><strong>Richard Taylor<\/strong>, Director del equipo <a href=\"http:\/\/www.swrt.com\/\">Subaru World Rally Team<\/a>:<\/p>\n<blockquote><p>El equipo est\u00e1 satisfecho de haber podido situar los tres coches en los puntos aqu\u00ed en C\u00f3rcega. <strong>Chris y Petter <\/strong>han logrado clasificarse entre los tres m\u00e1s r\u00e1pidos en una especial, pero est\u00e1 claro que todav\u00eda tenemos m\u00e1s trabajo por delante para poder <strong>exprimir al m\u00e1ximo todo el potencial <\/strong>de nuestro coche y volver a pisar el podio con cierta regularidad.<\/p><\/blockquote>\n<p><strong>Petter Solberg:<\/strong><\/p>\n<blockquote><p>El coche ha respondido mejor hoy y ha sido m\u00e1s f\u00e1cil de <strong>conducir<\/strong>, lo que supone un buen paso adelante para nosotros. Todav\u00eda nos falta velocidad y seguimos con problemas en las <strong>zonas m\u00e1s r\u00e1pidas<\/strong>. Desafortunadamente para nosotros, las especiales de hoy eran muy r\u00e1pidas, as\u00ed que no hemos podido coger a<strong> Jari-Matti Latvala<\/strong>, aunque hemos librado una buena batalla hasta la \u00faltima especial. En general, el fin de semana ha sido positivo para el equipo y estoy m\u00e1s <strong>confiado con el coche<\/strong>, lo cual es importante para la pr\u00f3xima cita en Jap\u00f3n.<\/p><\/blockquote>\n<p><strong>Chris Atkinson:<\/strong><\/p>\n<blockquote><p>Este fin de semana no se ha desarrollado tal y como esper\u00e1bamos y el resultado final tampoco es el que pretend\u00edamos, pero hemos sumado unos buenos puntos y el equipo ha mejorado de cara a<strong> la cita de Jap\u00f3n.<\/strong> Ayer ya vimos que el coche es capaz de marcar un buen ritmo con el tercer mejor tiempo que logramos en la ES9, pero todav\u00eda hemos de mejorar en <strong>cuanto a velocidad<\/strong>.  Algo en lo que tenemos mucho que trabajar a\u00fan es en mi confianza en el coche sobre asfalto liso. La superficie aqu\u00ed a lo largo de <strong>las tres etapas <\/strong>ha sido muy variada, desde los baches a un asfalto liso, as\u00ed que me ha costado encontrar un buen ritmo.<\/p><\/blockquote>\n<p><strong>Xevi Pons:<\/strong><\/p>\n<blockquote><p>Si nos quedamos con la <strong>jornada de hoy<\/strong>, la verdad es que no ha sido buena para nosotros, pero en cuanto al fin de semana en general estoy bastante contento. El coche no ha <strong>experimentado problemas<\/strong>, lo cual es importante, y hemos podido centrarnos en mejorar mi estilo de pilotaje adapt\u00e1ndolo al coche, lo que me ha ayudado bastante. La primera etapa fue dura para nosotros, pero ayer nos fue bien. Esta ma\u00f1ana hemos vuelto a tener problemas, pero por la tarde <strong>hemos mejorado<\/strong>. Xavier y yo seguimos adaptando nuestro estilo al coche y sumar un punto en el Campeonato siempre es muy positivo.<\/p><\/blockquote>\n","protected":false},"excerpt":{"rendered":"<p>La tercera y \u00faltima etapa del Rally de Francia \u2013 Tour de C\u00f3rcega se ha saldado con suerte dispar para el equipo Subaru World Rally Team, pero a\u00fan as\u00ed, dos de sus tres coches han finalizado entre los seis primeros clasificados. Tras una intensa batalla con el Ford de Jari-Matti Latvala, Petter Solberg ha terminado [&hellip;]<\/p>\n","protected":false},"author":21,"featured_media":307,"comment_status":"open","ping_status":"open","sticky":false,"template":"","format":"standard","meta":{"_acf_changed":false,"_eb_attr":"","inline_featured_image":false,"footnotes":""},"categories":[4401],"tags":[],"class_list":["post-306","post","type-post","status-publish","format-standard","has-post-thumbnail","hentry","category-nuestra-marca"],"acf":[],"yoast_head":"<!-- This site is optimized with the Yoast SEO plugin v27.3 - https:\/\/yoast.com\/product\/yoast-seo-wordpress\/ -->\n<title>Rally de Francia-Tour de C\u00f3rcega- 3\u00aa Etapa - Universo Subaru<\/title>\n<meta name=\"robots\" content=\"index, follow, max-snippet:-1, max-image-preview:large, max-video-preview:-1\" \/>\n<link rel=\"canonical\" href=\"https:\/\/www.subaru.es\/blog\/nuestra-marca\/rally-de-francia-tour-de-corcega-3\u00aa-etapa\/\" \/>\n<meta property=\"og:locale\" content=\"es_ES\" \/>\n<meta property=\"og:type\" content=\"article\" \/>\n<meta property=\"og:title\" content=\"Rally de Francia-Tour de C\u00f3rcega- 3\u00aa Etapa - Universo Subaru\" \/>\n<meta property=\"og:description\" content=\"La tercera y \u00faltima etapa del Rally de Francia \u2013 Tour de C\u00f3rcega se ha saldado con suerte dispar para el equipo Subaru World Rally Team, pero a\u00fan as\u00ed, dos de sus tres coches han finalizado entre los seis primeros clasificados. Tras una intensa batalla con el Ford de Jari-Matti Latvala, Petter Solberg ha terminado [&hellip;]\" \/>\n<meta property=\"og:url\" content=\"https:\/\/www.subaru.es\/blog\/nuestra-marca\/rally-de-francia-tour-de-corcega-3\u00aa-etapa\/\" \/>\n<meta property=\"og:site_name\" content=\"Universo Subaru\" \/>\n<meta property=\"article:publisher\" content=\"https:\/\/www.facebook.com\/subaruespana\" \/>\n<meta property=\"article:published_time\" content=\"2007-10-16T10:43:18+00:00\" \/>\n<meta property=\"article:modified_time\" content=\"2016-10-17T13:11:39+00:00\" \/>\n<meta property=\"og:image\" content=\"https:\/\/www.subaru.es\/blog\/wp-content\/uploads\/2007\/10\/etapatourdecega.jpg\" \/>\n\t<meta property=\"og:image:width\" content=\"350\" \/>\n\t<meta property=\"og:image:height\" content=\"257\" \/>\n\t<meta property=\"og:image:type\" content=\"image\/jpeg\" \/>\n<meta name=\"author\" content=\"Subaru\" \/>\n<meta name=\"twitter:card\" content=\"summary_large_image\" \/>\n<meta name=\"twitter:label1\" content=\"Escrito por\" \/>\n\t<meta name=\"twitter:data1\" content=\"Subaru\" \/>\n\t<meta name=\"twitter:label2\" content=\"Tiempo de lectura\" \/>\n\t<meta name=\"twitter:data2\" content=\"2 minutos\" \/>\n<script type=\"application\/ld+json\" class=\"yoast-schema-graph\">{\"@context\":\"https:\\\/\\\/schema.org\",\"@graph\":[{\"@type\":\"Article\",\"@id\":\"https:\\\/\\\/www.subaru.es\\\/blog\\\/nuestra-marca\\\/rally-de-francia-tour-de-corcega-3%c2%aa-etapa\\\/#article\",\"isPartOf\":{\"@id\":\"https:\\\/\\\/www.subaru.es\\\/blog\\\/nuestra-marca\\\/rally-de-francia-tour-de-corcega-3%c2%aa-etapa\\\/\"},\"author\":{\"name\":\"Subaru\",\"@id\":\"https:\\\/\\\/www.subaru.es\\\/blog\\\/#\\\/schema\\\/person\\\/19a90b892230b8e0ec752704ddf4aa10\"},\"headline\":\"Rally de Francia-Tour de C\u00f3rcega- 3\u00aa Etapa\",\"datePublished\":\"2007-10-16T10:43:18+00:00\",\"dateModified\":\"2016-10-17T13:11:39+00:00\",\"mainEntityOfPage\":{\"@id\":\"https:\\\/\\\/www.subaru.es\\\/blog\\\/nuestra-marca\\\/rally-de-francia-tour-de-corcega-3%c2%aa-etapa\\\/\"},\"wordCount\":495,\"commentCount\":1,\"publisher\":{\"@id\":\"https:\\\/\\\/www.subaru.es\\\/blog\\\/#organization\"},\"image\":{\"@id\":\"https:\\\/\\\/www.subaru.es\\\/blog\\\/nuestra-marca\\\/rally-de-francia-tour-de-corcega-3%c2%aa-etapa\\\/#primaryimage\"},\"thumbnailUrl\":\"https:\\\/\\\/www.subaru.es\\\/blog\\\/wp-content\\\/uploads\\\/2007\\\/10\\\/etapatourdecega.jpg\",\"articleSection\":[\"Nuestra marca\"],\"inLanguage\":\"es\",\"potentialAction\":[{\"@type\":\"CommentAction\",\"name\":\"Comment\",\"target\":[\"https:\\\/\\\/www.subaru.es\\\/blog\\\/nuestra-marca\\\/rally-de-francia-tour-de-corcega-3%c2%aa-etapa\\\/#respond\"]}]},{\"@type\":\"WebPage\",\"@id\":\"https:\\\/\\\/www.subaru.es\\\/blog\\\/nuestra-marca\\\/rally-de-francia-tour-de-corcega-3%c2%aa-etapa\\\/\",\"url\":\"https:\\\/\\\/www.subaru.es\\\/blog\\\/nuestra-marca\\\/rally-de-francia-tour-de-corcega-3%c2%aa-etapa\\\/\",\"name\":\"Rally de Francia-Tour de C\u00f3rcega- 3\u00aa Etapa - Universo Subaru\",\"isPartOf\":{\"@id\":\"https:\\\/\\\/www.subaru.es\\\/blog\\\/#website\"},\"primaryImageOfPage\":{\"@id\":\"https:\\\/\\\/www.subaru.es\\\/blog\\\/nuestra-marca\\\/rally-de-francia-tour-de-corcega-3%c2%aa-etapa\\\/#primaryimage\"},\"image\":{\"@id\":\"https:\\\/\\\/www.subaru.es\\\/blog\\\/nuestra-marca\\\/rally-de-francia-tour-de-corcega-3%c2%aa-etapa\\\/#primaryimage\"},\"thumbnailUrl\":\"https:\\\/\\\/www.subaru.es\\\/blog\\\/wp-content\\\/uploads\\\/2007\\\/10\\\/etapatourdecega.jpg\",\"datePublished\":\"2007-10-16T10:43:18+00:00\",\"dateModified\":\"2016-10-17T13:11:39+00:00\",\"breadcrumb\":{\"@id\":\"https:\\\/\\\/www.subaru.es\\\/blog\\\/nuestra-marca\\\/rally-de-francia-tour-de-corcega-3%c2%aa-etapa\\\/#breadcrumb\"},\"inLanguage\":\"es\",\"potentialAction\":[{\"@type\":\"ReadAction\",\"target\":[\"https:\\\/\\\/www.subaru.es\\\/blog\\\/nuestra-marca\\\/rally-de-francia-tour-de-corcega-3%c2%aa-etapa\\\/\"]}]},{\"@type\":\"ImageObject\",\"inLanguage\":\"es\",\"@id\":\"https:\\\/\\\/www.subaru.es\\\/blog\\\/nuestra-marca\\\/rally-de-francia-tour-de-corcega-3%c2%aa-etapa\\\/#primaryimage\",\"url\":\"https:\\\/\\\/www.subaru.es\\\/blog\\\/wp-content\\\/uploads\\\/2007\\\/10\\\/etapatourdecega.jpg\",\"contentUrl\":\"https:\\\/\\\/www.subaru.es\\\/blog\\\/wp-content\\\/uploads\\\/2007\\\/10\\\/etapatourdecega.jpg\",\"width\":350,\"height\":257},{\"@type\":\"BreadcrumbList\",\"@id\":\"https:\\\/\\\/www.subaru.es\\\/blog\\\/nuestra-marca\\\/rally-de-francia-tour-de-corcega-3%c2%aa-etapa\\\/#breadcrumb\",\"itemListElement\":[{\"@type\":\"ListItem\",\"position\":1,\"name\":\"Portada\",\"item\":\"https:\\\/\\\/www.subaru.es\\\/blog\\\/\"},{\"@type\":\"ListItem\",\"position\":2,\"name\":\"Rally de Francia-Tour de C\u00f3rcega- 3\u00aa Etapa\"}]},{\"@type\":\"WebSite\",\"@id\":\"https:\\\/\\\/www.subaru.es\\\/blog\\\/#website\",\"url\":\"https:\\\/\\\/www.subaru.es\\\/blog\\\/\",\"name\":\"Universo Subaru\",\"description\":\"Descubre este apasionante espacio de Subaru donde vas a conocer todo sobre nuestros coches y las experiencias que vivimos con ellos. Si est\u00e1s preparado para dejarte seducir por la filosof\u00eda Subaru, qu\u00e9date con nosotros.\",\"publisher\":{\"@id\":\"https:\\\/\\\/www.subaru.es\\\/blog\\\/#organization\"},\"potentialAction\":[{\"@type\":\"SearchAction\",\"target\":{\"@type\":\"EntryPoint\",\"urlTemplate\":\"https:\\\/\\\/www.subaru.es\\\/blog\\\/?s={search_term_string}\"},\"query-input\":{\"@type\":\"PropertyValueSpecification\",\"valueRequired\":true,\"valueName\":\"search_term_string\"}}],\"inLanguage\":\"es\"},{\"@type\":\"Organization\",\"@id\":\"https:\\\/\\\/www.subaru.es\\\/blog\\\/#organization\",\"name\":\"Subaru Espa\u00f1a S.A.\",\"url\":\"https:\\\/\\\/www.subaru.es\\\/blog\\\/\",\"logo\":{\"@type\":\"ImageObject\",\"inLanguage\":\"es\",\"@id\":\"https:\\\/\\\/www.subaru.es\\\/blog\\\/#\\\/schema\\\/logo\\\/image\\\/\",\"url\":\"https:\\\/\\\/www.subaru.es\\\/blog\\\/wp-content\\\/uploads\\\/2016\\\/12\\\/Logo-Subaru-TypeV_C300-scaled.jpg\",\"contentUrl\":\"https:\\\/\\\/www.subaru.es\\\/blog\\\/wp-content\\\/uploads\\\/2016\\\/12\\\/Logo-Subaru-TypeV_C300-scaled.jpg\",\"width\":2560,\"height\":1864,\"caption\":\"Subaru Espa\u00f1a S.A.\"},\"image\":{\"@id\":\"https:\\\/\\\/www.subaru.es\\\/blog\\\/#\\\/schema\\\/logo\\\/image\\\/\"},\"sameAs\":[\"https:\\\/\\\/www.facebook.com\\\/subaruespana\",\"https:\\\/\\\/www.instagram.com\\\/subarues\\\/\",\"https:\\\/\\\/www.youtube.com\\\/user\\\/subaruespana\"]},{\"@type\":\"Person\",\"@id\":\"https:\\\/\\\/www.subaru.es\\\/blog\\\/#\\\/schema\\\/person\\\/19a90b892230b8e0ec752704ddf4aa10\",\"name\":\"Subaru\",\"url\":\"https:\\\/\\\/www.subaru.es\\\/blog\\\/author\\\/subaria\\\/\"}]}<\/script>\n<!-- \/ Yoast SEO plugin. -->","yoast_head_json":{"title":"Rally de Francia-Tour de C\u00f3rcega- 3\u00aa Etapa - Universo Subaru","robots":{"index":"index","follow":"follow","max-snippet":"max-snippet:-1","max-image-preview":"max-image-preview:large","max-video-preview":"max-video-preview:-1"},"canonical":"https:\/\/www.subaru.es\/blog\/nuestra-marca\/rally-de-francia-tour-de-corcega-3\u00aa-etapa\/","og_locale":"es_ES","og_type":"article","og_title":"Rally de Francia-Tour de C\u00f3rcega- 3\u00aa Etapa - Universo Subaru","og_description":"La tercera y \u00faltima etapa del Rally de Francia \u2013 Tour de C\u00f3rcega se ha saldado con suerte dispar para el equipo Subaru World Rally Team, pero a\u00fan as\u00ed, dos de sus tres coches han finalizado entre los seis primeros clasificados. Tras una intensa batalla con el Ford de Jari-Matti Latvala, Petter Solberg ha terminado [&hellip;]","og_url":"https:\/\/www.subaru.es\/blog\/nuestra-marca\/rally-de-francia-tour-de-corcega-3\u00aa-etapa\/","og_site_name":"Universo Subaru","article_publisher":"https:\/\/www.facebook.com\/subaruespana","article_published_time":"2007-10-16T10:43:18+00:00","article_modified_time":"2016-10-17T13:11:39+00:00","og_image":[{"width":350,"height":257,"url":"https:\/\/www.subaru.es\/blog\/wp-content\/uploads\/2007\/10\/etapatourdecega.jpg","type":"image\/jpeg"}],"author":"Subaru","twitter_card":"summary_large_image","twitter_misc":{"Escrito por":"Subaru","Tiempo de lectura":"2 minutos"},"schema":{"@context":"https:\/\/schema.org","@graph":[{"@type":"Article","@id":"https:\/\/www.subaru.es\/blog\/nuestra-marca\/rally-de-francia-tour-de-corcega-3%c2%aa-etapa\/#article","isPartOf":{"@id":"https:\/\/www.subaru.es\/blog\/nuestra-marca\/rally-de-francia-tour-de-corcega-3%c2%aa-etapa\/"},"author":{"name":"Subaru","@id":"https:\/\/www.subaru.es\/blog\/#\/schema\/person\/19a90b892230b8e0ec752704ddf4aa10"},"headline":"Rally de Francia-Tour de C\u00f3rcega- 3\u00aa Etapa","datePublished":"2007-10-16T10:43:18+00:00","dateModified":"2016-10-17T13:11:39+00:00","mainEntityOfPage":{"@id":"https:\/\/www.subaru.es\/blog\/nuestra-marca\/rally-de-francia-tour-de-corcega-3%c2%aa-etapa\/"},"wordCount":495,"commentCount":1,"publisher":{"@id":"https:\/\/www.subaru.es\/blog\/#organization"},"image":{"@id":"https:\/\/www.subaru.es\/blog\/nuestra-marca\/rally-de-francia-tour-de-corcega-3%c2%aa-etapa\/#primaryimage"},"thumbnailUrl":"https:\/\/www.subaru.es\/blog\/wp-content\/uploads\/2007\/10\/etapatourdecega.jpg","articleSection":["Nuestra marca"],"inLanguage":"es","potentialAction":[{"@type":"CommentAction","name":"Comment","target":["https:\/\/www.subaru.es\/blog\/nuestra-marca\/rally-de-francia-tour-de-corcega-3%c2%aa-etapa\/#respond"]}]},{"@type":"WebPage","@id":"https:\/\/www.subaru.es\/blog\/nuestra-marca\/rally-de-francia-tour-de-corcega-3%c2%aa-etapa\/","url":"https:\/\/www.subaru.es\/blog\/nuestra-marca\/rally-de-francia-tour-de-corcega-3%c2%aa-etapa\/","name":"Rally de Francia-Tour de C\u00f3rcega- 3\u00aa Etapa - Universo Subaru","isPartOf":{"@id":"https:\/\/www.subaru.es\/blog\/#website"},"primaryImageOfPage":{"@id":"https:\/\/www.subaru.es\/blog\/nuestra-marca\/rally-de-francia-tour-de-corcega-3%c2%aa-etapa\/#primaryimage"},"image":{"@id":"https:\/\/www.subaru.es\/blog\/nuestra-marca\/rally-de-francia-tour-de-corcega-3%c2%aa-etapa\/#primaryimage"},"thumbnailUrl":"https:\/\/www.subaru.es\/blog\/wp-content\/uploads\/2007\/10\/etapatourdecega.jpg","datePublished":"2007-10-16T10:43:18+00:00","dateModified":"2016-10-17T13:11:39+00:00","breadcrumb":{"@id":"https:\/\/www.subaru.es\/blog\/nuestra-marca\/rally-de-francia-tour-de-corcega-3%c2%aa-etapa\/#breadcrumb"},"inLanguage":"es","potentialAction":[{"@type":"ReadAction","target":["https:\/\/www.subaru.es\/blog\/nuestra-marca\/rally-de-francia-tour-de-corcega-3%c2%aa-etapa\/"]}]},{"@type":"ImageObject","inLanguage":"es","@id":"https:\/\/www.subaru.es\/blog\/nuestra-marca\/rally-de-francia-tour-de-corcega-3%c2%aa-etapa\/#primaryimage","url":"https:\/\/www.subaru.es\/blog\/wp-content\/uploads\/2007\/10\/etapatourdecega.jpg","contentUrl":"https:\/\/www.subaru.es\/blog\/wp-content\/uploads\/2007\/10\/etapatourdecega.jpg","width":350,"height":257},{"@type":"BreadcrumbList","@id":"https:\/\/www.subaru.es\/blog\/nuestra-marca\/rally-de-francia-tour-de-corcega-3%c2%aa-etapa\/#breadcrumb","itemListElement":[{"@type":"ListItem","position":1,"name":"Portada","item":"https:\/\/www.subaru.es\/blog\/"},{"@type":"ListItem","position":2,"name":"Rally de Francia-Tour de C\u00f3rcega- 3\u00aa Etapa"}]},{"@type":"WebSite","@id":"https:\/\/www.subaru.es\/blog\/#website","url":"https:\/\/www.subaru.es\/blog\/","name":"Universo Subaru","description":"Descubre este apasionante espacio de Subaru donde vas a conocer todo sobre nuestros coches y las experiencias que vivimos con ellos. Si est\u00e1s preparado para dejarte seducir por la filosof\u00eda Subaru, qu\u00e9date con nosotros.","publisher":{"@id":"https:\/\/www.subaru.es\/blog\/#organization"},"potentialAction":[{"@type":"SearchAction","target":{"@type":"EntryPoint","urlTemplate":"https:\/\/www.subaru.es\/blog\/?s={search_term_string}"},"query-input":{"@type":"PropertyValueSpecification","valueRequired":true,"valueName":"search_term_string"}}],"inLanguage":"es"},{"@type":"Organization","@id":"https:\/\/www.subaru.es\/blog\/#organization","name":"Subaru Espa\u00f1a S.A.","url":"https:\/\/www.subaru.es\/blog\/","logo":{"@type":"ImageObject","inLanguage":"es","@id":"https:\/\/www.subaru.es\/blog\/#\/schema\/logo\/image\/","url":"https:\/\/www.subaru.es\/blog\/wp-content\/uploads\/2016\/12\/Logo-Subaru-TypeV_C300-scaled.jpg","contentUrl":"https:\/\/www.subaru.es\/blog\/wp-content\/uploads\/2016\/12\/Logo-Subaru-TypeV_C300-scaled.jpg","width":2560,"height":1864,"caption":"Subaru Espa\u00f1a S.A."},"image":{"@id":"https:\/\/www.subaru.es\/blog\/#\/schema\/logo\/image\/"},"sameAs":["https:\/\/www.facebook.com\/subaruespana","https:\/\/www.instagram.com\/subarues\/","https:\/\/www.youtube.com\/user\/subaruespana"]},{"@type":"Person","@id":"https:\/\/www.subaru.es\/blog\/#\/schema\/person\/19a90b892230b8e0ec752704ddf4aa10","name":"Subaru","url":"https:\/\/www.subaru.es\/blog\/author\/subaria\/"}]}},"_links":{"self":[{"href":"https:\/\/www.subaru.es\/blog\/wp-json\/wp\/v2\/posts\/306","targetHints":{"allow":["GET"]}}],"collection":[{"href":"https:\/\/www.subaru.es\/blog\/wp-json\/wp\/v2\/posts"}],"about":[{"href":"https:\/\/www.subaru.es\/blog\/wp-json\/wp\/v2\/types\/post"}],"author":[{"embeddable":true,"href":"https:\/\/www.subaru.es\/blog\/wp-json\/wp\/v2\/users\/21"}],"replies":[{"embeddable":true,"href":"https:\/\/www.subaru.es\/blog\/wp-json\/wp\/v2\/comments?post=306"}],"version-history":[{"count":1,"href":"https:\/\/www.subaru.es\/blog\/wp-json\/wp\/v2\/posts\/306\/revisions"}],"predecessor-version":[{"id":15771,"href":"https:\/\/www.subaru.es\/blog\/wp-json\/wp\/v2\/posts\/306\/revisions\/15771"}],"wp:featuredmedia":[{"embeddable":true,"href":"https:\/\/www.subaru.es\/blog\/wp-json\/wp\/v2\/media\/307"}],"wp:attachment":[{"href":"https:\/\/www.subaru.es\/blog\/wp-json\/wp\/v2\/media?parent=306"}],"wp:term":[{"taxonomy":"category","embeddable":true,"href":"https:\/\/www.subaru.es\/blog\/wp-json\/wp\/v2\/categories?post=306"},{"taxonomy":"post_tag","embeddable":true,"href":"https:\/\/www.subaru.es\/blog\/wp-json\/wp\/v2\/tags?post=306"}],"curies":[{"name":"wp","href":"https:\/\/api.w.org\/{rel}","templated":true}]}}