{"id":304,"date":"2007-10-16T12:10:05","date_gmt":"2007-10-16T10:10:05","guid":{"rendered":"http:\/\/subaru.preproduccion.com\/blog\/wp-content\/2007\/10\/16\/rally-de-francia-tour-de-corcega-2%c2%aa-etapa\/"},"modified":"2016-10-17T15:11:39","modified_gmt":"2016-10-17T13:11:39","slug":"rally-de-francia-tour-de-corcega-2%c2%aa-etapa","status":"publish","type":"post","link":"https:\/\/www.subaru.es\/blog\/nuestra-marca\/rally-de-francia-tour-de-corcega-2%c2%aa-etapa\/","title":{"rendered":"Rally de Francia-Tour de C\u00f3rcega- 2\u00aa Etapa"},"content":{"rendered":"<p><strong>Los tres Impreza WRC2007 del equipo Subaru World Rally Team siguen entre los siete primeros de la clasificaci\u00f3n general despu\u00e9s de las seis especiales de hoy. Petter es quinto despu\u00e9s de una re\u00f1ida batalla con Jari Matti Latvala, y Chris y Xevi ocupan el sexto y s\u00e9ptimo lugar. <\/strong><\/p>\n<p><center><img data-src='https:\/\/www.subaru.es\/blog\/wp-content\/uploads\/2007\/10\/pettersolbergcorcega.jpg' alt='peter' src='data:image\/svg+xml;base64,PHN2ZyB3aWR0aD0iMSIgaGVpZ2h0PSIxIiB4bWxucz0iaHR0cDovL3d3dy53My5vcmcvMjAwMC9zdmciPjwvc3ZnPg==' class='lazyload' style='--smush-placeholder-width: 350px; --smush-placeholder-aspect-ratio: 350\/232;' \/><\/center><\/p>\n<p><strong>Petter Solberg<\/strong>: <\/p>\n<blockquote><p>Hoy he hecho todo lo posible, pero al principio no estaba <strong>satisfecho <\/strong>con la estabilidad del coche. Hemos librado <strong>una dura batalla con Latvala <\/strong>esta ma\u00f1ana pero no hemos podido mantener el ritmo por la tarde. He hecho algunos cambios que cre\u00eda que mejorar\u00edan el coche y hemos marcado el tercer mejor tiempo en la \u00faltima especial, lo que es un buen paso adelante. El <strong>coche va mejor <\/strong>y haremos algunos cambios m\u00e1s antes de ma\u00f1ana para intentar <strong>mejorar <\/strong>durante los \u00faltimos tramos.<\/p><\/blockquote>\n<p><strong>Chris Atkinson<\/strong>:<\/p>\n<blockquote><p>Ahora me siento m\u00e1s seguro en los tramos que no son del todo lisos. La <strong>ES9<\/strong> y la <strong>ES12 <\/strong>nos han ido mejor y he podido presionar. Lo que necesitamos es trabajar para tener el mismo resultado en las <strong>secciones lisas<\/strong>. Va a ser dif\u00edcil alcanzar a los de delante, pero <strong>lo intentaremos <\/strong>y veremos qu\u00e9 podemos hacer.<\/p><\/blockquote>\n<p><strong>Xevi Pons<\/strong>:<\/p>\n<blockquote><p>Esta tarde las especiales eran muy dif\u00edciles porque hab\u00eda <strong>mucha gravilla y arena <\/strong>en la superficie despu\u00e9s de la primera pasada. Sin embargo, estoy contento con el coche, ten\u00eda buena <strong>estabilidad <\/strong>y no hemos hecho cambios en los reglajes en todo el d\u00eda. Me he centrado en mi pilotaje en las curvas lentas esta ma\u00f1ana y creo que he mejorado mucho. Creo que a\u00fan podemos sacarle m\u00e1s, pero por ahora <strong>estoy contento <\/strong>con nuestro ritmo y posici\u00f3n.<\/p><\/blockquote>\n<p><strong>Richard Taylor<\/strong>, Director del equipo <a href=\"http:\/\/www.swrt.com\/\">Subaru World Rally Team<\/a>: <\/p>\n<blockquote><p><strong>Petter y Chris <\/strong>han conseguido un tiempo entre los tres primeros pero en conjunto seguimos teniendo problemas para lograr el ritmo que esper\u00e1bamos despu\u00e9s de las <strong>\u00faltimas pruebas<\/strong>. Sin embargo, los tres coches siguen en posici\u00f3n de puntos y Petter est\u00e1 lo bastante cerca para intentar <strong>luchar por la cuarta posici\u00f3n <\/strong>el \u00faltimo d\u00eda.<\/p><\/blockquote>\n","protected":false},"excerpt":{"rendered":"<p>Los tres Impreza WRC2007 del equipo Subaru World Rally Team siguen entre los siete primeros de la clasificaci\u00f3n general despu\u00e9s de las seis especiales de hoy. Petter es quinto despu\u00e9s de una re\u00f1ida batalla con Jari Matti Latvala, y Chris y Xevi ocupan el sexto y s\u00e9ptimo lugar. Petter Solberg: Hoy he hecho todo lo [&hellip;]<\/p>\n","protected":false},"author":21,"featured_media":305,"comment_status":"open","ping_status":"open","sticky":false,"template":"","format":"standard","meta":{"_acf_changed":false,"_eb_attr":"","inline_featured_image":false,"footnotes":""},"categories":[4401],"tags":[],"class_list":["post-304","post","type-post","status-publish","format-standard","has-post-thumbnail","hentry","category-nuestra-marca"],"acf":[],"yoast_head":"<!-- This site is optimized with the Yoast SEO plugin v27.3 - https:\/\/yoast.com\/product\/yoast-seo-wordpress\/ -->\n<title>Rally de Francia-Tour de C\u00f3rcega- 2\u00aa Etapa - Universo Subaru<\/title>\n<meta name=\"robots\" content=\"index, follow, max-snippet:-1, max-image-preview:large, max-video-preview:-1\" \/>\n<link rel=\"canonical\" href=\"https:\/\/www.subaru.es\/blog\/nuestra-marca\/rally-de-francia-tour-de-corcega-2\u00aa-etapa\/\" \/>\n<meta property=\"og:locale\" content=\"es_ES\" \/>\n<meta property=\"og:type\" content=\"article\" \/>\n<meta property=\"og:title\" content=\"Rally de Francia-Tour de C\u00f3rcega- 2\u00aa Etapa - Universo Subaru\" \/>\n<meta property=\"og:description\" content=\"Los tres Impreza WRC2007 del equipo Subaru World Rally Team siguen entre los siete primeros de la clasificaci\u00f3n general despu\u00e9s de las seis especiales de hoy. Petter es quinto despu\u00e9s de una re\u00f1ida batalla con Jari Matti Latvala, y Chris y Xevi ocupan el sexto y s\u00e9ptimo lugar. Petter Solberg: Hoy he hecho todo lo [&hellip;]\" \/>\n<meta property=\"og:url\" content=\"https:\/\/www.subaru.es\/blog\/nuestra-marca\/rally-de-francia-tour-de-corcega-2\u00aa-etapa\/\" \/>\n<meta property=\"og:site_name\" content=\"Universo Subaru\" \/>\n<meta property=\"article:publisher\" content=\"https:\/\/www.facebook.com\/subaruespana\" \/>\n<meta property=\"article:published_time\" content=\"2007-10-16T10:10:05+00:00\" \/>\n<meta property=\"article:modified_time\" content=\"2016-10-17T13:11:39+00:00\" \/>\n<meta property=\"og:image\" content=\"https:\/\/www.subaru.es\/blog\/wp-content\/uploads\/2007\/10\/pettersolbergcorcega.jpg\" \/>\n\t<meta property=\"og:image:width\" content=\"350\" \/>\n\t<meta property=\"og:image:height\" content=\"232\" \/>\n\t<meta property=\"og:image:type\" content=\"image\/jpeg\" \/>\n<meta name=\"author\" content=\"Subaru\" \/>\n<meta name=\"twitter:card\" content=\"summary_large_image\" \/>\n<meta name=\"twitter:label1\" content=\"Escrito por\" \/>\n\t<meta name=\"twitter:data1\" content=\"Subaru\" \/>\n\t<meta name=\"twitter:label2\" content=\"Tiempo de lectura\" \/>\n\t<meta name=\"twitter:data2\" content=\"2 minutos\" \/>\n<script type=\"application\/ld+json\" class=\"yoast-schema-graph\">{\"@context\":\"https:\\\/\\\/schema.org\",\"@graph\":[{\"@type\":\"Article\",\"@id\":\"https:\\\/\\\/www.subaru.es\\\/blog\\\/nuestra-marca\\\/rally-de-francia-tour-de-corcega-2%c2%aa-etapa\\\/#article\",\"isPartOf\":{\"@id\":\"https:\\\/\\\/www.subaru.es\\\/blog\\\/nuestra-marca\\\/rally-de-francia-tour-de-corcega-2%c2%aa-etapa\\\/\"},\"author\":{\"name\":\"Subaru\",\"@id\":\"https:\\\/\\\/www.subaru.es\\\/blog\\\/#\\\/schema\\\/person\\\/19a90b892230b8e0ec752704ddf4aa10\"},\"headline\":\"Rally de Francia-Tour de C\u00f3rcega- 2\u00aa Etapa\",\"datePublished\":\"2007-10-16T10:10:05+00:00\",\"dateModified\":\"2016-10-17T13:11:39+00:00\",\"mainEntityOfPage\":{\"@id\":\"https:\\\/\\\/www.subaru.es\\\/blog\\\/nuestra-marca\\\/rally-de-francia-tour-de-corcega-2%c2%aa-etapa\\\/\"},\"wordCount\":368,\"commentCount\":0,\"publisher\":{\"@id\":\"https:\\\/\\\/www.subaru.es\\\/blog\\\/#organization\"},\"image\":{\"@id\":\"https:\\\/\\\/www.subaru.es\\\/blog\\\/nuestra-marca\\\/rally-de-francia-tour-de-corcega-2%c2%aa-etapa\\\/#primaryimage\"},\"thumbnailUrl\":\"https:\\\/\\\/www.subaru.es\\\/blog\\\/wp-content\\\/uploads\\\/2007\\\/10\\\/pettersolbergcorcega.jpg\",\"articleSection\":[\"Nuestra marca\"],\"inLanguage\":\"es\",\"potentialAction\":[{\"@type\":\"CommentAction\",\"name\":\"Comment\",\"target\":[\"https:\\\/\\\/www.subaru.es\\\/blog\\\/nuestra-marca\\\/rally-de-francia-tour-de-corcega-2%c2%aa-etapa\\\/#respond\"]}]},{\"@type\":\"WebPage\",\"@id\":\"https:\\\/\\\/www.subaru.es\\\/blog\\\/nuestra-marca\\\/rally-de-francia-tour-de-corcega-2%c2%aa-etapa\\\/\",\"url\":\"https:\\\/\\\/www.subaru.es\\\/blog\\\/nuestra-marca\\\/rally-de-francia-tour-de-corcega-2%c2%aa-etapa\\\/\",\"name\":\"Rally de Francia-Tour de C\u00f3rcega- 2\u00aa Etapa - Universo Subaru\",\"isPartOf\":{\"@id\":\"https:\\\/\\\/www.subaru.es\\\/blog\\\/#website\"},\"primaryImageOfPage\":{\"@id\":\"https:\\\/\\\/www.subaru.es\\\/blog\\\/nuestra-marca\\\/rally-de-francia-tour-de-corcega-2%c2%aa-etapa\\\/#primaryimage\"},\"image\":{\"@id\":\"https:\\\/\\\/www.subaru.es\\\/blog\\\/nuestra-marca\\\/rally-de-francia-tour-de-corcega-2%c2%aa-etapa\\\/#primaryimage\"},\"thumbnailUrl\":\"https:\\\/\\\/www.subaru.es\\\/blog\\\/wp-content\\\/uploads\\\/2007\\\/10\\\/pettersolbergcorcega.jpg\",\"datePublished\":\"2007-10-16T10:10:05+00:00\",\"dateModified\":\"2016-10-17T13:11:39+00:00\",\"breadcrumb\":{\"@id\":\"https:\\\/\\\/www.subaru.es\\\/blog\\\/nuestra-marca\\\/rally-de-francia-tour-de-corcega-2%c2%aa-etapa\\\/#breadcrumb\"},\"inLanguage\":\"es\",\"potentialAction\":[{\"@type\":\"ReadAction\",\"target\":[\"https:\\\/\\\/www.subaru.es\\\/blog\\\/nuestra-marca\\\/rally-de-francia-tour-de-corcega-2%c2%aa-etapa\\\/\"]}]},{\"@type\":\"ImageObject\",\"inLanguage\":\"es\",\"@id\":\"https:\\\/\\\/www.subaru.es\\\/blog\\\/nuestra-marca\\\/rally-de-francia-tour-de-corcega-2%c2%aa-etapa\\\/#primaryimage\",\"url\":\"https:\\\/\\\/www.subaru.es\\\/blog\\\/wp-content\\\/uploads\\\/2007\\\/10\\\/pettersolbergcorcega.jpg\",\"contentUrl\":\"https:\\\/\\\/www.subaru.es\\\/blog\\\/wp-content\\\/uploads\\\/2007\\\/10\\\/pettersolbergcorcega.jpg\",\"width\":350,\"height\":232},{\"@type\":\"BreadcrumbList\",\"@id\":\"https:\\\/\\\/www.subaru.es\\\/blog\\\/nuestra-marca\\\/rally-de-francia-tour-de-corcega-2%c2%aa-etapa\\\/#breadcrumb\",\"itemListElement\":[{\"@type\":\"ListItem\",\"position\":1,\"name\":\"Portada\",\"item\":\"https:\\\/\\\/www.subaru.es\\\/blog\\\/\"},{\"@type\":\"ListItem\",\"position\":2,\"name\":\"Rally de Francia-Tour de C\u00f3rcega- 2\u00aa Etapa\"}]},{\"@type\":\"WebSite\",\"@id\":\"https:\\\/\\\/www.subaru.es\\\/blog\\\/#website\",\"url\":\"https:\\\/\\\/www.subaru.es\\\/blog\\\/\",\"name\":\"Universo Subaru\",\"description\":\"Descubre este apasionante espacio de Subaru donde vas a conocer todo sobre nuestros coches y las experiencias que vivimos con ellos. Si est\u00e1s preparado para dejarte seducir por la filosof\u00eda Subaru, qu\u00e9date con nosotros.\",\"publisher\":{\"@id\":\"https:\\\/\\\/www.subaru.es\\\/blog\\\/#organization\"},\"potentialAction\":[{\"@type\":\"SearchAction\",\"target\":{\"@type\":\"EntryPoint\",\"urlTemplate\":\"https:\\\/\\\/www.subaru.es\\\/blog\\\/?s={search_term_string}\"},\"query-input\":{\"@type\":\"PropertyValueSpecification\",\"valueRequired\":true,\"valueName\":\"search_term_string\"}}],\"inLanguage\":\"es\"},{\"@type\":\"Organization\",\"@id\":\"https:\\\/\\\/www.subaru.es\\\/blog\\\/#organization\",\"name\":\"Subaru Espa\u00f1a S.A.\",\"url\":\"https:\\\/\\\/www.subaru.es\\\/blog\\\/\",\"logo\":{\"@type\":\"ImageObject\",\"inLanguage\":\"es\",\"@id\":\"https:\\\/\\\/www.subaru.es\\\/blog\\\/#\\\/schema\\\/logo\\\/image\\\/\",\"url\":\"https:\\\/\\\/www.subaru.es\\\/blog\\\/wp-content\\\/uploads\\\/2016\\\/12\\\/Logo-Subaru-TypeV_C300-scaled.jpg\",\"contentUrl\":\"https:\\\/\\\/www.subaru.es\\\/blog\\\/wp-content\\\/uploads\\\/2016\\\/12\\\/Logo-Subaru-TypeV_C300-scaled.jpg\",\"width\":2560,\"height\":1864,\"caption\":\"Subaru Espa\u00f1a S.A.\"},\"image\":{\"@id\":\"https:\\\/\\\/www.subaru.es\\\/blog\\\/#\\\/schema\\\/logo\\\/image\\\/\"},\"sameAs\":[\"https:\\\/\\\/www.facebook.com\\\/subaruespana\",\"https:\\\/\\\/www.instagram.com\\\/subarues\\\/\",\"https:\\\/\\\/www.youtube.com\\\/user\\\/subaruespana\"]},{\"@type\":\"Person\",\"@id\":\"https:\\\/\\\/www.subaru.es\\\/blog\\\/#\\\/schema\\\/person\\\/19a90b892230b8e0ec752704ddf4aa10\",\"name\":\"Subaru\",\"url\":\"https:\\\/\\\/www.subaru.es\\\/blog\\\/author\\\/subaria\\\/\"}]}<\/script>\n<!-- \/ Yoast SEO plugin. -->","yoast_head_json":{"title":"Rally de Francia-Tour de C\u00f3rcega- 2\u00aa Etapa - Universo Subaru","robots":{"index":"index","follow":"follow","max-snippet":"max-snippet:-1","max-image-preview":"max-image-preview:large","max-video-preview":"max-video-preview:-1"},"canonical":"https:\/\/www.subaru.es\/blog\/nuestra-marca\/rally-de-francia-tour-de-corcega-2\u00aa-etapa\/","og_locale":"es_ES","og_type":"article","og_title":"Rally de Francia-Tour de C\u00f3rcega- 2\u00aa Etapa - Universo Subaru","og_description":"Los tres Impreza WRC2007 del equipo Subaru World Rally Team siguen entre los siete primeros de la clasificaci\u00f3n general despu\u00e9s de las seis especiales de hoy. Petter es quinto despu\u00e9s de una re\u00f1ida batalla con Jari Matti Latvala, y Chris y Xevi ocupan el sexto y s\u00e9ptimo lugar. Petter Solberg: Hoy he hecho todo lo [&hellip;]","og_url":"https:\/\/www.subaru.es\/blog\/nuestra-marca\/rally-de-francia-tour-de-corcega-2\u00aa-etapa\/","og_site_name":"Universo Subaru","article_publisher":"https:\/\/www.facebook.com\/subaruespana","article_published_time":"2007-10-16T10:10:05+00:00","article_modified_time":"2016-10-17T13:11:39+00:00","og_image":[{"width":350,"height":232,"url":"https:\/\/www.subaru.es\/blog\/wp-content\/uploads\/2007\/10\/pettersolbergcorcega.jpg","type":"image\/jpeg"}],"author":"Subaru","twitter_card":"summary_large_image","twitter_misc":{"Escrito por":"Subaru","Tiempo de lectura":"2 minutos"},"schema":{"@context":"https:\/\/schema.org","@graph":[{"@type":"Article","@id":"https:\/\/www.subaru.es\/blog\/nuestra-marca\/rally-de-francia-tour-de-corcega-2%c2%aa-etapa\/#article","isPartOf":{"@id":"https:\/\/www.subaru.es\/blog\/nuestra-marca\/rally-de-francia-tour-de-corcega-2%c2%aa-etapa\/"},"author":{"name":"Subaru","@id":"https:\/\/www.subaru.es\/blog\/#\/schema\/person\/19a90b892230b8e0ec752704ddf4aa10"},"headline":"Rally de Francia-Tour de C\u00f3rcega- 2\u00aa Etapa","datePublished":"2007-10-16T10:10:05+00:00","dateModified":"2016-10-17T13:11:39+00:00","mainEntityOfPage":{"@id":"https:\/\/www.subaru.es\/blog\/nuestra-marca\/rally-de-francia-tour-de-corcega-2%c2%aa-etapa\/"},"wordCount":368,"commentCount":0,"publisher":{"@id":"https:\/\/www.subaru.es\/blog\/#organization"},"image":{"@id":"https:\/\/www.subaru.es\/blog\/nuestra-marca\/rally-de-francia-tour-de-corcega-2%c2%aa-etapa\/#primaryimage"},"thumbnailUrl":"https:\/\/www.subaru.es\/blog\/wp-content\/uploads\/2007\/10\/pettersolbergcorcega.jpg","articleSection":["Nuestra marca"],"inLanguage":"es","potentialAction":[{"@type":"CommentAction","name":"Comment","target":["https:\/\/www.subaru.es\/blog\/nuestra-marca\/rally-de-francia-tour-de-corcega-2%c2%aa-etapa\/#respond"]}]},{"@type":"WebPage","@id":"https:\/\/www.subaru.es\/blog\/nuestra-marca\/rally-de-francia-tour-de-corcega-2%c2%aa-etapa\/","url":"https:\/\/www.subaru.es\/blog\/nuestra-marca\/rally-de-francia-tour-de-corcega-2%c2%aa-etapa\/","name":"Rally de Francia-Tour de C\u00f3rcega- 2\u00aa Etapa - Universo Subaru","isPartOf":{"@id":"https:\/\/www.subaru.es\/blog\/#website"},"primaryImageOfPage":{"@id":"https:\/\/www.subaru.es\/blog\/nuestra-marca\/rally-de-francia-tour-de-corcega-2%c2%aa-etapa\/#primaryimage"},"image":{"@id":"https:\/\/www.subaru.es\/blog\/nuestra-marca\/rally-de-francia-tour-de-corcega-2%c2%aa-etapa\/#primaryimage"},"thumbnailUrl":"https:\/\/www.subaru.es\/blog\/wp-content\/uploads\/2007\/10\/pettersolbergcorcega.jpg","datePublished":"2007-10-16T10:10:05+00:00","dateModified":"2016-10-17T13:11:39+00:00","breadcrumb":{"@id":"https:\/\/www.subaru.es\/blog\/nuestra-marca\/rally-de-francia-tour-de-corcega-2%c2%aa-etapa\/#breadcrumb"},"inLanguage":"es","potentialAction":[{"@type":"ReadAction","target":["https:\/\/www.subaru.es\/blog\/nuestra-marca\/rally-de-francia-tour-de-corcega-2%c2%aa-etapa\/"]}]},{"@type":"ImageObject","inLanguage":"es","@id":"https:\/\/www.subaru.es\/blog\/nuestra-marca\/rally-de-francia-tour-de-corcega-2%c2%aa-etapa\/#primaryimage","url":"https:\/\/www.subaru.es\/blog\/wp-content\/uploads\/2007\/10\/pettersolbergcorcega.jpg","contentUrl":"https:\/\/www.subaru.es\/blog\/wp-content\/uploads\/2007\/10\/pettersolbergcorcega.jpg","width":350,"height":232},{"@type":"BreadcrumbList","@id":"https:\/\/www.subaru.es\/blog\/nuestra-marca\/rally-de-francia-tour-de-corcega-2%c2%aa-etapa\/#breadcrumb","itemListElement":[{"@type":"ListItem","position":1,"name":"Portada","item":"https:\/\/www.subaru.es\/blog\/"},{"@type":"ListItem","position":2,"name":"Rally de Francia-Tour de C\u00f3rcega- 2\u00aa Etapa"}]},{"@type":"WebSite","@id":"https:\/\/www.subaru.es\/blog\/#website","url":"https:\/\/www.subaru.es\/blog\/","name":"Universo Subaru","description":"Descubre este apasionante espacio de Subaru donde vas a conocer todo sobre nuestros coches y las experiencias que vivimos con ellos. Si est\u00e1s preparado para dejarte seducir por la filosof\u00eda Subaru, qu\u00e9date con nosotros.","publisher":{"@id":"https:\/\/www.subaru.es\/blog\/#organization"},"potentialAction":[{"@type":"SearchAction","target":{"@type":"EntryPoint","urlTemplate":"https:\/\/www.subaru.es\/blog\/?s={search_term_string}"},"query-input":{"@type":"PropertyValueSpecification","valueRequired":true,"valueName":"search_term_string"}}],"inLanguage":"es"},{"@type":"Organization","@id":"https:\/\/www.subaru.es\/blog\/#organization","name":"Subaru Espa\u00f1a S.A.","url":"https:\/\/www.subaru.es\/blog\/","logo":{"@type":"ImageObject","inLanguage":"es","@id":"https:\/\/www.subaru.es\/blog\/#\/schema\/logo\/image\/","url":"https:\/\/www.subaru.es\/blog\/wp-content\/uploads\/2016\/12\/Logo-Subaru-TypeV_C300-scaled.jpg","contentUrl":"https:\/\/www.subaru.es\/blog\/wp-content\/uploads\/2016\/12\/Logo-Subaru-TypeV_C300-scaled.jpg","width":2560,"height":1864,"caption":"Subaru Espa\u00f1a S.A."},"image":{"@id":"https:\/\/www.subaru.es\/blog\/#\/schema\/logo\/image\/"},"sameAs":["https:\/\/www.facebook.com\/subaruespana","https:\/\/www.instagram.com\/subarues\/","https:\/\/www.youtube.com\/user\/subaruespana"]},{"@type":"Person","@id":"https:\/\/www.subaru.es\/blog\/#\/schema\/person\/19a90b892230b8e0ec752704ddf4aa10","name":"Subaru","url":"https:\/\/www.subaru.es\/blog\/author\/subaria\/"}]}},"_links":{"self":[{"href":"https:\/\/www.subaru.es\/blog\/wp-json\/wp\/v2\/posts\/304","targetHints":{"allow":["GET"]}}],"collection":[{"href":"https:\/\/www.subaru.es\/blog\/wp-json\/wp\/v2\/posts"}],"about":[{"href":"https:\/\/www.subaru.es\/blog\/wp-json\/wp\/v2\/types\/post"}],"author":[{"embeddable":true,"href":"https:\/\/www.subaru.es\/blog\/wp-json\/wp\/v2\/users\/21"}],"replies":[{"embeddable":true,"href":"https:\/\/www.subaru.es\/blog\/wp-json\/wp\/v2\/comments?post=304"}],"version-history":[{"count":1,"href":"https:\/\/www.subaru.es\/blog\/wp-json\/wp\/v2\/posts\/304\/revisions"}],"predecessor-version":[{"id":15772,"href":"https:\/\/www.subaru.es\/blog\/wp-json\/wp\/v2\/posts\/304\/revisions\/15772"}],"wp:featuredmedia":[{"embeddable":true,"href":"https:\/\/www.subaru.es\/blog\/wp-json\/wp\/v2\/media\/305"}],"wp:attachment":[{"href":"https:\/\/www.subaru.es\/blog\/wp-json\/wp\/v2\/media?parent=304"}],"wp:term":[{"taxonomy":"category","embeddable":true,"href":"https:\/\/www.subaru.es\/blog\/wp-json\/wp\/v2\/categories?post=304"},{"taxonomy":"post_tag","embeddable":true,"href":"https:\/\/www.subaru.es\/blog\/wp-json\/wp\/v2\/tags?post=304"}],"curies":[{"name":"wp","href":"https:\/\/api.w.org\/{rel}","templated":true}]}}