{"id":303,"date":"2007-10-16T12:03:27","date_gmt":"2007-10-16T10:03:27","guid":{"rendered":"http:\/\/subaru.preproduccion.com\/blog\/wp-content\/2007\/10\/16\/rally-de-francia-tour-de-corcega-%e2%80%93-1%c2%aa-etapa\/"},"modified":"2016-10-17T15:11:39","modified_gmt":"2016-10-17T13:11:39","slug":"rally-de-francia-tour-de-corcega-1%c2%aa-etapa","status":"publish","type":"post","link":"https:\/\/www.subaru.es\/blog\/nuestra-marca\/rally-de-francia-tour-de-corcega-1%c2%aa-etapa\/","title":{"rendered":"Rally de Francia-Tour de C\u00f3rcega \u2013 1\u00aa Etapa"},"content":{"rendered":"<p><strong>Al final del primer d\u00eda de competici\u00f3n en C\u00f3rcega, los Impreza del equipo Subaru World Rally Team con Petter Solberg, Chris Atkinson y Xevi Pons ocupan la quinta, s\u00e9ptima y octava posici\u00f3n respectivamente.<\/strong> <\/p>\n<p><center><img data-src='https:\/\/www.subaru.es\/blog\/wp-content\/uploads\/2007\/10\/xevi-pons-corcega.jpg' alt='corcega1' src='data:image\/svg+xml;base64,PHN2ZyB3aWR0aD0iMSIgaGVpZ2h0PSIxIiB4bWxucz0iaHR0cDovL3d3dy53My5vcmcvMjAwMC9zdmciPjwvc3ZnPg==' class='lazyload' style='--smush-placeholder-width: 350px; --smush-placeholder-aspect-ratio: 350\/233;' \/><\/center><\/p>\n<p><strong>Petter Solberg<\/strong>:<\/p>\n<blockquote><p>Hoy ha sido un poco frustrante porque hemos acabado <strong>5,3 segundos por detr\u00e1s de Duval<\/strong>, en quinta posici\u00f3n, pero se ha calado el coche en la ES5 y he perdido seis u ocho segundos. Adem\u00e1s, hemos tenido problemas de adherencia. A\u00fan as\u00ed, estamos en el quinto puesto de la general tras la primera etapa y lo <strong>bastante cerca del cuarto<\/strong>, as\u00ed que podemos seguir presionando. Hemos ganado aqu\u00ed anteriormente y espero que podamos lograr un buen resultado <strong>este fin de semana<\/strong>.<\/p><\/blockquote>\n<p><strong>Chris Atkinson<\/strong>:<\/p>\n<blockquote><p>El sector central del \u00faltimo tramo no estaba muy mal, pero cuando <strong>hab\u00eda baches <\/strong>parec\u00eda que hoy me iba mejor que en asfalto muy liso. No tengo confianza para presionar en las curvas m\u00e1s largas y r\u00e1pidas. El coche tiene buena estabilidad pero la <strong>adherencia es muy dif\u00edcil <\/strong>de predecir. Hemos dado los pasos que parecen m\u00e1s l\u00f3gicos para lograr buenos reglajes, pero no parecen funcionar, as\u00ed que tendremos que probar <strong>algo distinto<\/strong>.<\/p><\/blockquote>\n<p><strong>Xevi Pons<\/strong>: <\/p>\n<blockquote><p>Hoy las cosas no me han ido del todo bien, ya que no he tenido la sensaci\u00f3n de <strong>poder forzar el ritmo lo suficiente<\/strong>. Hemos introducido algunos cambios en el coche y <strong>hemos mejorado <\/strong>en el bucle de esta tarde, pero me gustar\u00eda estar mejor posicionado tras esta primera etapa, as\u00ed que habr\u00e1 que seguir tirando al m\u00e1ximo mientras intento mejorar mis <strong>sensaciones al volante<\/strong>. Todav\u00eda quedan dos etapas m\u00e1s y diez especiales por delante, as\u00ed que espero que ma\u00f1ana podamos <strong>ser m\u00e1s r\u00e1pidos <\/strong>y el domingo a\u00fan m\u00e1s. Ser\u00eda importante para el equipo poder llegar a <strong>Jap\u00f3n <\/strong>sabiendo que contamos con un buen ritmo.<\/p><\/blockquote>\n<p><strong>Richard Taylor<\/strong>, Director del <a href=\"http:\/\/www.swrt.com\/\">Subaru World Rally Team<\/a>: <\/p>\n<blockquote><p>Hemos finalizado hoy con <strong>los tres coches <\/strong>en los puntos, pero a\u00fan no estamos rindiendo al nivel que esper\u00e1bamos sobre asfalto. Las especiales de ma\u00f1ana son ligeramente distintas, y el equipo <strong>seguir\u00e1 trabajando <\/strong>duro para poder <strong>ganar posiciones <\/strong>en la general.<\/p><\/blockquote>\n","protected":false},"excerpt":{"rendered":"<p>Al final del primer d\u00eda de competici\u00f3n en C\u00f3rcega, los Impreza del equipo Subaru World Rally Team con Petter Solberg, Chris Atkinson y Xevi Pons ocupan la quinta, s\u00e9ptima y octava posici\u00f3n respectivamente. Petter Solberg: Hoy ha sido un poco frustrante porque hemos acabado 5,3 segundos por detr\u00e1s de Duval, en quinta posici\u00f3n, pero se [&hellip;]<\/p>\n","protected":false},"author":21,"featured_media":302,"comment_status":"open","ping_status":"open","sticky":false,"template":"","format":"standard","meta":{"_acf_changed":false,"_eb_attr":"","inline_featured_image":false,"footnotes":""},"categories":[4401],"tags":[],"class_list":["post-303","post","type-post","status-publish","format-standard","has-post-thumbnail","hentry","category-nuestra-marca"],"acf":[],"yoast_head":"<!-- This site is optimized with the Yoast SEO plugin v27.3 - https:\/\/yoast.com\/product\/yoast-seo-wordpress\/ -->\n<title>Rally de Francia-Tour de C\u00f3rcega \u2013 1\u00aa Etapa - Universo Subaru<\/title>\n<meta name=\"robots\" content=\"index, follow, max-snippet:-1, max-image-preview:large, max-video-preview:-1\" \/>\n<link rel=\"canonical\" href=\"https:\/\/www.subaru.es\/blog\/nuestra-marca\/rally-de-francia-tour-de-corcega-1\u00aa-etapa\/\" \/>\n<meta property=\"og:locale\" content=\"es_ES\" \/>\n<meta property=\"og:type\" content=\"article\" \/>\n<meta property=\"og:title\" content=\"Rally de Francia-Tour de C\u00f3rcega \u2013 1\u00aa Etapa - Universo Subaru\" \/>\n<meta property=\"og:description\" content=\"Al final del primer d\u00eda de competici\u00f3n en C\u00f3rcega, los Impreza del equipo Subaru World Rally Team con Petter Solberg, Chris Atkinson y Xevi Pons ocupan la quinta, s\u00e9ptima y octava posici\u00f3n respectivamente. Petter Solberg: Hoy ha sido un poco frustrante porque hemos acabado 5,3 segundos por detr\u00e1s de Duval, en quinta posici\u00f3n, pero se [&hellip;]\" \/>\n<meta property=\"og:url\" content=\"https:\/\/www.subaru.es\/blog\/nuestra-marca\/rally-de-francia-tour-de-corcega-1\u00aa-etapa\/\" \/>\n<meta property=\"og:site_name\" content=\"Universo Subaru\" \/>\n<meta property=\"article:publisher\" content=\"https:\/\/www.facebook.com\/subaruespana\" \/>\n<meta property=\"article:published_time\" content=\"2007-10-16T10:03:27+00:00\" \/>\n<meta property=\"article:modified_time\" content=\"2016-10-17T13:11:39+00:00\" \/>\n<meta property=\"og:image\" content=\"https:\/\/www.subaru.es\/blog\/wp-content\/uploads\/2007\/10\/xevi-pons-corcega.jpg\" \/>\n\t<meta property=\"og:image:width\" content=\"350\" \/>\n\t<meta property=\"og:image:height\" content=\"233\" \/>\n\t<meta property=\"og:image:type\" content=\"image\/jpeg\" \/>\n<meta name=\"author\" content=\"Subaru\" \/>\n<meta name=\"twitter:card\" content=\"summary_large_image\" \/>\n<meta name=\"twitter:label1\" content=\"Escrito por\" \/>\n\t<meta name=\"twitter:data1\" content=\"Subaru\" \/>\n\t<meta name=\"twitter:label2\" content=\"Tiempo de lectura\" \/>\n\t<meta name=\"twitter:data2\" content=\"2 minutos\" \/>\n<script type=\"application\/ld+json\" class=\"yoast-schema-graph\">{\"@context\":\"https:\\\/\\\/schema.org\",\"@graph\":[{\"@type\":\"Article\",\"@id\":\"https:\\\/\\\/www.subaru.es\\\/blog\\\/nuestra-marca\\\/rally-de-francia-tour-de-corcega-1%c2%aa-etapa\\\/#article\",\"isPartOf\":{\"@id\":\"https:\\\/\\\/www.subaru.es\\\/blog\\\/nuestra-marca\\\/rally-de-francia-tour-de-corcega-1%c2%aa-etapa\\\/\"},\"author\":{\"name\":\"Subaru\",\"@id\":\"https:\\\/\\\/www.subaru.es\\\/blog\\\/#\\\/schema\\\/person\\\/19a90b892230b8e0ec752704ddf4aa10\"},\"headline\":\"Rally de Francia-Tour de C\u00f3rcega \u2013 1\u00aa Etapa\",\"datePublished\":\"2007-10-16T10:03:27+00:00\",\"dateModified\":\"2016-10-17T13:11:39+00:00\",\"mainEntityOfPage\":{\"@id\":\"https:\\\/\\\/www.subaru.es\\\/blog\\\/nuestra-marca\\\/rally-de-francia-tour-de-corcega-1%c2%aa-etapa\\\/\"},\"wordCount\":384,\"commentCount\":0,\"publisher\":{\"@id\":\"https:\\\/\\\/www.subaru.es\\\/blog\\\/#organization\"},\"image\":{\"@id\":\"https:\\\/\\\/www.subaru.es\\\/blog\\\/nuestra-marca\\\/rally-de-francia-tour-de-corcega-1%c2%aa-etapa\\\/#primaryimage\"},\"thumbnailUrl\":\"https:\\\/\\\/www.subaru.es\\\/blog\\\/wp-content\\\/uploads\\\/2007\\\/10\\\/xevi-pons-corcega.jpg\",\"articleSection\":[\"Nuestra marca\"],\"inLanguage\":\"es\",\"potentialAction\":[{\"@type\":\"CommentAction\",\"name\":\"Comment\",\"target\":[\"https:\\\/\\\/www.subaru.es\\\/blog\\\/nuestra-marca\\\/rally-de-francia-tour-de-corcega-1%c2%aa-etapa\\\/#respond\"]}]},{\"@type\":\"WebPage\",\"@id\":\"https:\\\/\\\/www.subaru.es\\\/blog\\\/nuestra-marca\\\/rally-de-francia-tour-de-corcega-1%c2%aa-etapa\\\/\",\"url\":\"https:\\\/\\\/www.subaru.es\\\/blog\\\/nuestra-marca\\\/rally-de-francia-tour-de-corcega-1%c2%aa-etapa\\\/\",\"name\":\"Rally de Francia-Tour de C\u00f3rcega \u2013 1\u00aa Etapa - Universo Subaru\",\"isPartOf\":{\"@id\":\"https:\\\/\\\/www.subaru.es\\\/blog\\\/#website\"},\"primaryImageOfPage\":{\"@id\":\"https:\\\/\\\/www.subaru.es\\\/blog\\\/nuestra-marca\\\/rally-de-francia-tour-de-corcega-1%c2%aa-etapa\\\/#primaryimage\"},\"image\":{\"@id\":\"https:\\\/\\\/www.subaru.es\\\/blog\\\/nuestra-marca\\\/rally-de-francia-tour-de-corcega-1%c2%aa-etapa\\\/#primaryimage\"},\"thumbnailUrl\":\"https:\\\/\\\/www.subaru.es\\\/blog\\\/wp-content\\\/uploads\\\/2007\\\/10\\\/xevi-pons-corcega.jpg\",\"datePublished\":\"2007-10-16T10:03:27+00:00\",\"dateModified\":\"2016-10-17T13:11:39+00:00\",\"breadcrumb\":{\"@id\":\"https:\\\/\\\/www.subaru.es\\\/blog\\\/nuestra-marca\\\/rally-de-francia-tour-de-corcega-1%c2%aa-etapa\\\/#breadcrumb\"},\"inLanguage\":\"es\",\"potentialAction\":[{\"@type\":\"ReadAction\",\"target\":[\"https:\\\/\\\/www.subaru.es\\\/blog\\\/nuestra-marca\\\/rally-de-francia-tour-de-corcega-1%c2%aa-etapa\\\/\"]}]},{\"@type\":\"ImageObject\",\"inLanguage\":\"es\",\"@id\":\"https:\\\/\\\/www.subaru.es\\\/blog\\\/nuestra-marca\\\/rally-de-francia-tour-de-corcega-1%c2%aa-etapa\\\/#primaryimage\",\"url\":\"https:\\\/\\\/www.subaru.es\\\/blog\\\/wp-content\\\/uploads\\\/2007\\\/10\\\/xevi-pons-corcega.jpg\",\"contentUrl\":\"https:\\\/\\\/www.subaru.es\\\/blog\\\/wp-content\\\/uploads\\\/2007\\\/10\\\/xevi-pons-corcega.jpg\",\"width\":350,\"height\":233},{\"@type\":\"BreadcrumbList\",\"@id\":\"https:\\\/\\\/www.subaru.es\\\/blog\\\/nuestra-marca\\\/rally-de-francia-tour-de-corcega-1%c2%aa-etapa\\\/#breadcrumb\",\"itemListElement\":[{\"@type\":\"ListItem\",\"position\":1,\"name\":\"Portada\",\"item\":\"https:\\\/\\\/www.subaru.es\\\/blog\\\/\"},{\"@type\":\"ListItem\",\"position\":2,\"name\":\"Rally de Francia-Tour de C\u00f3rcega \u2013 1\u00aa Etapa\"}]},{\"@type\":\"WebSite\",\"@id\":\"https:\\\/\\\/www.subaru.es\\\/blog\\\/#website\",\"url\":\"https:\\\/\\\/www.subaru.es\\\/blog\\\/\",\"name\":\"Universo Subaru\",\"description\":\"Descubre este apasionante espacio de Subaru donde vas a conocer todo sobre nuestros coches y las experiencias que vivimos con ellos. Si est\u00e1s preparado para dejarte seducir por la filosof\u00eda Subaru, qu\u00e9date con nosotros.\",\"publisher\":{\"@id\":\"https:\\\/\\\/www.subaru.es\\\/blog\\\/#organization\"},\"potentialAction\":[{\"@type\":\"SearchAction\",\"target\":{\"@type\":\"EntryPoint\",\"urlTemplate\":\"https:\\\/\\\/www.subaru.es\\\/blog\\\/?s={search_term_string}\"},\"query-input\":{\"@type\":\"PropertyValueSpecification\",\"valueRequired\":true,\"valueName\":\"search_term_string\"}}],\"inLanguage\":\"es\"},{\"@type\":\"Organization\",\"@id\":\"https:\\\/\\\/www.subaru.es\\\/blog\\\/#organization\",\"name\":\"Subaru Espa\u00f1a S.A.\",\"url\":\"https:\\\/\\\/www.subaru.es\\\/blog\\\/\",\"logo\":{\"@type\":\"ImageObject\",\"inLanguage\":\"es\",\"@id\":\"https:\\\/\\\/www.subaru.es\\\/blog\\\/#\\\/schema\\\/logo\\\/image\\\/\",\"url\":\"https:\\\/\\\/www.subaru.es\\\/blog\\\/wp-content\\\/uploads\\\/2016\\\/12\\\/Logo-Subaru-TypeV_C300-scaled.jpg\",\"contentUrl\":\"https:\\\/\\\/www.subaru.es\\\/blog\\\/wp-content\\\/uploads\\\/2016\\\/12\\\/Logo-Subaru-TypeV_C300-scaled.jpg\",\"width\":2560,\"height\":1864,\"caption\":\"Subaru Espa\u00f1a S.A.\"},\"image\":{\"@id\":\"https:\\\/\\\/www.subaru.es\\\/blog\\\/#\\\/schema\\\/logo\\\/image\\\/\"},\"sameAs\":[\"https:\\\/\\\/www.facebook.com\\\/subaruespana\",\"https:\\\/\\\/www.instagram.com\\\/subarues\\\/\",\"https:\\\/\\\/www.youtube.com\\\/user\\\/subaruespana\"]},{\"@type\":\"Person\",\"@id\":\"https:\\\/\\\/www.subaru.es\\\/blog\\\/#\\\/schema\\\/person\\\/19a90b892230b8e0ec752704ddf4aa10\",\"name\":\"Subaru\",\"url\":\"https:\\\/\\\/www.subaru.es\\\/blog\\\/author\\\/subaria\\\/\"}]}<\/script>\n<!-- \/ Yoast SEO plugin. -->","yoast_head_json":{"title":"Rally de Francia-Tour de C\u00f3rcega \u2013 1\u00aa Etapa - Universo Subaru","robots":{"index":"index","follow":"follow","max-snippet":"max-snippet:-1","max-image-preview":"max-image-preview:large","max-video-preview":"max-video-preview:-1"},"canonical":"https:\/\/www.subaru.es\/blog\/nuestra-marca\/rally-de-francia-tour-de-corcega-1\u00aa-etapa\/","og_locale":"es_ES","og_type":"article","og_title":"Rally de Francia-Tour de C\u00f3rcega \u2013 1\u00aa Etapa - Universo Subaru","og_description":"Al final del primer d\u00eda de competici\u00f3n en C\u00f3rcega, los Impreza del equipo Subaru World Rally Team con Petter Solberg, Chris Atkinson y Xevi Pons ocupan la quinta, s\u00e9ptima y octava posici\u00f3n respectivamente. Petter Solberg: Hoy ha sido un poco frustrante porque hemos acabado 5,3 segundos por detr\u00e1s de Duval, en quinta posici\u00f3n, pero se [&hellip;]","og_url":"https:\/\/www.subaru.es\/blog\/nuestra-marca\/rally-de-francia-tour-de-corcega-1\u00aa-etapa\/","og_site_name":"Universo Subaru","article_publisher":"https:\/\/www.facebook.com\/subaruespana","article_published_time":"2007-10-16T10:03:27+00:00","article_modified_time":"2016-10-17T13:11:39+00:00","og_image":[{"width":350,"height":233,"url":"https:\/\/www.subaru.es\/blog\/wp-content\/uploads\/2007\/10\/xevi-pons-corcega.jpg","type":"image\/jpeg"}],"author":"Subaru","twitter_card":"summary_large_image","twitter_misc":{"Escrito por":"Subaru","Tiempo de lectura":"2 minutos"},"schema":{"@context":"https:\/\/schema.org","@graph":[{"@type":"Article","@id":"https:\/\/www.subaru.es\/blog\/nuestra-marca\/rally-de-francia-tour-de-corcega-1%c2%aa-etapa\/#article","isPartOf":{"@id":"https:\/\/www.subaru.es\/blog\/nuestra-marca\/rally-de-francia-tour-de-corcega-1%c2%aa-etapa\/"},"author":{"name":"Subaru","@id":"https:\/\/www.subaru.es\/blog\/#\/schema\/person\/19a90b892230b8e0ec752704ddf4aa10"},"headline":"Rally de Francia-Tour de C\u00f3rcega \u2013 1\u00aa Etapa","datePublished":"2007-10-16T10:03:27+00:00","dateModified":"2016-10-17T13:11:39+00:00","mainEntityOfPage":{"@id":"https:\/\/www.subaru.es\/blog\/nuestra-marca\/rally-de-francia-tour-de-corcega-1%c2%aa-etapa\/"},"wordCount":384,"commentCount":0,"publisher":{"@id":"https:\/\/www.subaru.es\/blog\/#organization"},"image":{"@id":"https:\/\/www.subaru.es\/blog\/nuestra-marca\/rally-de-francia-tour-de-corcega-1%c2%aa-etapa\/#primaryimage"},"thumbnailUrl":"https:\/\/www.subaru.es\/blog\/wp-content\/uploads\/2007\/10\/xevi-pons-corcega.jpg","articleSection":["Nuestra marca"],"inLanguage":"es","potentialAction":[{"@type":"CommentAction","name":"Comment","target":["https:\/\/www.subaru.es\/blog\/nuestra-marca\/rally-de-francia-tour-de-corcega-1%c2%aa-etapa\/#respond"]}]},{"@type":"WebPage","@id":"https:\/\/www.subaru.es\/blog\/nuestra-marca\/rally-de-francia-tour-de-corcega-1%c2%aa-etapa\/","url":"https:\/\/www.subaru.es\/blog\/nuestra-marca\/rally-de-francia-tour-de-corcega-1%c2%aa-etapa\/","name":"Rally de Francia-Tour de C\u00f3rcega \u2013 1\u00aa Etapa - Universo Subaru","isPartOf":{"@id":"https:\/\/www.subaru.es\/blog\/#website"},"primaryImageOfPage":{"@id":"https:\/\/www.subaru.es\/blog\/nuestra-marca\/rally-de-francia-tour-de-corcega-1%c2%aa-etapa\/#primaryimage"},"image":{"@id":"https:\/\/www.subaru.es\/blog\/nuestra-marca\/rally-de-francia-tour-de-corcega-1%c2%aa-etapa\/#primaryimage"},"thumbnailUrl":"https:\/\/www.subaru.es\/blog\/wp-content\/uploads\/2007\/10\/xevi-pons-corcega.jpg","datePublished":"2007-10-16T10:03:27+00:00","dateModified":"2016-10-17T13:11:39+00:00","breadcrumb":{"@id":"https:\/\/www.subaru.es\/blog\/nuestra-marca\/rally-de-francia-tour-de-corcega-1%c2%aa-etapa\/#breadcrumb"},"inLanguage":"es","potentialAction":[{"@type":"ReadAction","target":["https:\/\/www.subaru.es\/blog\/nuestra-marca\/rally-de-francia-tour-de-corcega-1%c2%aa-etapa\/"]}]},{"@type":"ImageObject","inLanguage":"es","@id":"https:\/\/www.subaru.es\/blog\/nuestra-marca\/rally-de-francia-tour-de-corcega-1%c2%aa-etapa\/#primaryimage","url":"https:\/\/www.subaru.es\/blog\/wp-content\/uploads\/2007\/10\/xevi-pons-corcega.jpg","contentUrl":"https:\/\/www.subaru.es\/blog\/wp-content\/uploads\/2007\/10\/xevi-pons-corcega.jpg","width":350,"height":233},{"@type":"BreadcrumbList","@id":"https:\/\/www.subaru.es\/blog\/nuestra-marca\/rally-de-francia-tour-de-corcega-1%c2%aa-etapa\/#breadcrumb","itemListElement":[{"@type":"ListItem","position":1,"name":"Portada","item":"https:\/\/www.subaru.es\/blog\/"},{"@type":"ListItem","position":2,"name":"Rally de Francia-Tour de C\u00f3rcega \u2013 1\u00aa Etapa"}]},{"@type":"WebSite","@id":"https:\/\/www.subaru.es\/blog\/#website","url":"https:\/\/www.subaru.es\/blog\/","name":"Universo Subaru","description":"Descubre este apasionante espacio de Subaru donde vas a conocer todo sobre nuestros coches y las experiencias que vivimos con ellos. Si est\u00e1s preparado para dejarte seducir por la filosof\u00eda Subaru, qu\u00e9date con nosotros.","publisher":{"@id":"https:\/\/www.subaru.es\/blog\/#organization"},"potentialAction":[{"@type":"SearchAction","target":{"@type":"EntryPoint","urlTemplate":"https:\/\/www.subaru.es\/blog\/?s={search_term_string}"},"query-input":{"@type":"PropertyValueSpecification","valueRequired":true,"valueName":"search_term_string"}}],"inLanguage":"es"},{"@type":"Organization","@id":"https:\/\/www.subaru.es\/blog\/#organization","name":"Subaru Espa\u00f1a S.A.","url":"https:\/\/www.subaru.es\/blog\/","logo":{"@type":"ImageObject","inLanguage":"es","@id":"https:\/\/www.subaru.es\/blog\/#\/schema\/logo\/image\/","url":"https:\/\/www.subaru.es\/blog\/wp-content\/uploads\/2016\/12\/Logo-Subaru-TypeV_C300-scaled.jpg","contentUrl":"https:\/\/www.subaru.es\/blog\/wp-content\/uploads\/2016\/12\/Logo-Subaru-TypeV_C300-scaled.jpg","width":2560,"height":1864,"caption":"Subaru Espa\u00f1a S.A."},"image":{"@id":"https:\/\/www.subaru.es\/blog\/#\/schema\/logo\/image\/"},"sameAs":["https:\/\/www.facebook.com\/subaruespana","https:\/\/www.instagram.com\/subarues\/","https:\/\/www.youtube.com\/user\/subaruespana"]},{"@type":"Person","@id":"https:\/\/www.subaru.es\/blog\/#\/schema\/person\/19a90b892230b8e0ec752704ddf4aa10","name":"Subaru","url":"https:\/\/www.subaru.es\/blog\/author\/subaria\/"}]}},"_links":{"self":[{"href":"https:\/\/www.subaru.es\/blog\/wp-json\/wp\/v2\/posts\/303","targetHints":{"allow":["GET"]}}],"collection":[{"href":"https:\/\/www.subaru.es\/blog\/wp-json\/wp\/v2\/posts"}],"about":[{"href":"https:\/\/www.subaru.es\/blog\/wp-json\/wp\/v2\/types\/post"}],"author":[{"embeddable":true,"href":"https:\/\/www.subaru.es\/blog\/wp-json\/wp\/v2\/users\/21"}],"replies":[{"embeddable":true,"href":"https:\/\/www.subaru.es\/blog\/wp-json\/wp\/v2\/comments?post=303"}],"version-history":[{"count":1,"href":"https:\/\/www.subaru.es\/blog\/wp-json\/wp\/v2\/posts\/303\/revisions"}],"predecessor-version":[{"id":15773,"href":"https:\/\/www.subaru.es\/blog\/wp-json\/wp\/v2\/posts\/303\/revisions\/15773"}],"wp:featuredmedia":[{"embeddable":true,"href":"https:\/\/www.subaru.es\/blog\/wp-json\/wp\/v2\/media\/302"}],"wp:attachment":[{"href":"https:\/\/www.subaru.es\/blog\/wp-json\/wp\/v2\/media?parent=303"}],"wp:term":[{"taxonomy":"category","embeddable":true,"href":"https:\/\/www.subaru.es\/blog\/wp-json\/wp\/v2\/categories?post=303"},{"taxonomy":"post_tag","embeddable":true,"href":"https:\/\/www.subaru.es\/blog\/wp-json\/wp\/v2\/tags?post=303"}],"curies":[{"name":"wp","href":"https:\/\/api.w.org\/{rel}","templated":true}]}}