{"id":298,"date":"2007-10-15T13:03:35","date_gmt":"2007-10-15T11:03:35","guid":{"rendered":"http:\/\/subaru.preproduccion.com\/blog\/wp-content\/2007\/10\/15\/rally-cataluna-costa-dorada-rally-de-espana-3%c2%aa-etapa\/"},"modified":"2016-10-17T15:11:39","modified_gmt":"2016-10-17T13:11:39","slug":"rally-cataluna-costa-dorada-rally-de-espana-3%c2%aa-etapa","status":"publish","type":"post","link":"https:\/\/www.subaru.es\/blog\/nuestra-marca\/rally-cataluna-costa-dorada-rally-de-espana-3%c2%aa-etapa\/","title":{"rendered":"Rally Catalu\u00f1a-Costa Dorada, Rally de Espa\u00f1a-3\u00aa etapa"},"content":{"rendered":"<p><strong>Los tres coches del equipo Subaru World Rally Team con Petter, Chris y Xevi, han terminado entre los diez primeros despu\u00e9s de la \u00faltima etapa del Rally Catalunya. En el tercer y \u00faltimo d\u00eda de la prueba el ritmo del Impreza WRC2007 ha mejorado, consiguiendo mejores tiempos. Petter ha acabado sexto, con Chris octavo y Xevi noveno.<\/strong><\/p>\n<p><center><img width=400 data-src='https:\/\/www.subaru.es\/blog\/wp-content\/uploads\/2007\/10\/nota4.jpg' alt='nota4' src='data:image\/svg+xml;base64,PHN2ZyB3aWR0aD0iMSIgaGVpZ2h0PSIxIiB4bWxucz0iaHR0cDovL3d3dy53My5vcmcvMjAwMC9zdmciPjwvc3ZnPg==' class='lazyload' style='--smush-placeholder-width: 725px; --smush-placeholder-aspect-ratio: 725\/512;' \/><\/center><\/p>\n<p><strong>Petter Solberg:<\/strong><br \/>\nEstoy satisfecho. Hoy hemos probado varias cosas y parece que vuelve a funcionar mejor. Este fin de semana hemos acabado haciendo <strong>pruebas muy \u00fatiles <\/strong>y estoy seguro de que ser\u00e1 a\u00fan <strong>mejor en C\u00f3rcega<\/strong>. Tenemos algunos ases en la manga y espero que podamos tener una actuaci\u00f3n mejor all\u00ed. En conjunto el fin de semana ha ido bien, el equipo ha trabajado bien y hemos dado <strong>un buen paso adelante<\/strong>. <\/p>\n<p><strong>Chris Atkinson:<\/strong> <\/p>\n<blockquote><p>Hemos llevado el coche a la meta pero me hubiera gustado conseguir una posici\u00f3n mejor. Por desgracia, este fin de semana no hemos podido igualar los tiempos que marcamos en Alemania, pero sin duda no ha sido un mal rally y ha tenido <strong>muchas cosas positivas<\/strong>. Creo que <strong>en C\u00f3rcega e Irlanda <\/strong>podremos hacerlo un poco mejor, as\u00ed que estoy deseando llegar.<\/p><\/blockquote>\n<p><strong>Xevi Pons:<\/strong> <\/p>\n<blockquote><p>Es bueno llegar al final, pero no ha sido mi mejor a\u00f1o en <strong>este rally<\/strong>. Tuvimos algunos problemas el viernes. Ayer fue bien, pero hoy ha vuelto a ser dif\u00edcil. Sin embargo, ha sido muy \u00fatil, hemos hecho muchas <strong>pruebas para C\u00f3rcega <\/strong>y eso deber\u00eda ayudarnos para la pr\u00f3xima semana.<\/p><\/blockquote>\n<p><strong>Richard Taylor<\/strong>, director del <a href=\"http:\/\/www.swrt.com\/\">Subaru World Rally Team<\/a>: <\/p>\n<blockquote><p>Tenemos a los <strong>tres pilotos entre los diez primeros <\/strong>y en la meta del rally, aunque los resultados no son los que quer\u00edamos, o esper\u00e1bamos, al principio. Sin embargo, hemos aprendido m\u00e1s sobre el coche en asfalto y esperamos poder mostrar m\u00e1s mejoras en <strong>C\u00f3rcega la pr\u00f3xima <\/strong><strong>semana<\/strong>.<\/p><\/blockquote>\n<p><strong>Didier Martin<\/strong>, t\u00e9cnico rally de <strong>BFGoodrich<\/strong>: <\/p>\n<blockquote><p>No hemos tenido <strong>problemas con los neum\u00e1ticos <\/strong>este fin de semana, pero despu\u00e9s de lo bien que fueron las pruebas de la semana pasada es una pena que el resultado no sea mejor. Sin embargo, esperamos hacerlo mejor en C\u00f3rcega.<\/p><\/blockquote>\n","protected":false},"excerpt":{"rendered":"<p>Los tres coches del equipo Subaru World Rally Team con Petter, Chris y Xevi, han terminado entre los diez primeros despu\u00e9s de la \u00faltima etapa del Rally Catalunya. En el tercer y \u00faltimo d\u00eda de la prueba el ritmo del Impreza WRC2007 ha mejorado, consiguiendo mejores tiempos. Petter ha acabado sexto, con Chris octavo y [&hellip;]<\/p>\n","protected":false},"author":21,"featured_media":297,"comment_status":"open","ping_status":"open","sticky":false,"template":"","format":"standard","meta":{"_acf_changed":false,"_eb_attr":"","inline_featured_image":false,"footnotes":""},"categories":[4401],"tags":[],"class_list":["post-298","post","type-post","status-publish","format-standard","has-post-thumbnail","hentry","category-nuestra-marca"],"acf":[],"yoast_head":"<!-- This site is optimized with the Yoast SEO plugin v27.3 - https:\/\/yoast.com\/product\/yoast-seo-wordpress\/ -->\n<title>Rally Catalu\u00f1a-Costa Dorada, Rally de Espa\u00f1a-3\u00aa etapa - Universo Subaru<\/title>\n<meta name=\"robots\" content=\"index, follow, max-snippet:-1, max-image-preview:large, max-video-preview:-1\" \/>\n<link rel=\"canonical\" href=\"https:\/\/www.subaru.es\/blog\/nuestra-marca\/rally-cataluna-costa-dorada-rally-de-espana-3\u00aa-etapa\/\" \/>\n<meta property=\"og:locale\" content=\"es_ES\" \/>\n<meta property=\"og:type\" content=\"article\" \/>\n<meta property=\"og:title\" content=\"Rally Catalu\u00f1a-Costa Dorada, Rally de Espa\u00f1a-3\u00aa etapa - Universo Subaru\" \/>\n<meta property=\"og:description\" content=\"Los tres coches del equipo Subaru World Rally Team con Petter, Chris y Xevi, han terminado entre los diez primeros despu\u00e9s de la \u00faltima etapa del Rally Catalunya. En el tercer y \u00faltimo d\u00eda de la prueba el ritmo del Impreza WRC2007 ha mejorado, consiguiendo mejores tiempos. Petter ha acabado sexto, con Chris octavo y [&hellip;]\" \/>\n<meta property=\"og:url\" content=\"https:\/\/www.subaru.es\/blog\/nuestra-marca\/rally-cataluna-costa-dorada-rally-de-espana-3\u00aa-etapa\/\" \/>\n<meta property=\"og:site_name\" content=\"Universo Subaru\" \/>\n<meta property=\"article:publisher\" content=\"https:\/\/www.facebook.com\/subaruespana\" \/>\n<meta property=\"article:published_time\" content=\"2007-10-15T11:03:35+00:00\" \/>\n<meta property=\"article:modified_time\" content=\"2016-10-17T13:11:39+00:00\" \/>\n<meta property=\"og:image\" content=\"https:\/\/www.subaru.es\/blog\/wp-content\/uploads\/2007\/10\/nota4.jpg\" \/>\n\t<meta property=\"og:image:width\" content=\"725\" \/>\n\t<meta property=\"og:image:height\" content=\"512\" \/>\n\t<meta property=\"og:image:type\" content=\"image\/jpeg\" \/>\n<meta name=\"author\" content=\"Subaru\" \/>\n<meta name=\"twitter:card\" content=\"summary_large_image\" \/>\n<meta name=\"twitter:label1\" content=\"Escrito por\" \/>\n\t<meta name=\"twitter:data1\" content=\"Subaru\" \/>\n\t<meta name=\"twitter:label2\" content=\"Tiempo de lectura\" \/>\n\t<meta name=\"twitter:data2\" content=\"2 minutos\" \/>\n<script type=\"application\/ld+json\" class=\"yoast-schema-graph\">{\"@context\":\"https:\\\/\\\/schema.org\",\"@graph\":[{\"@type\":\"Article\",\"@id\":\"https:\\\/\\\/www.subaru.es\\\/blog\\\/nuestra-marca\\\/rally-cataluna-costa-dorada-rally-de-espana-3%c2%aa-etapa\\\/#article\",\"isPartOf\":{\"@id\":\"https:\\\/\\\/www.subaru.es\\\/blog\\\/nuestra-marca\\\/rally-cataluna-costa-dorada-rally-de-espana-3%c2%aa-etapa\\\/\"},\"author\":{\"name\":\"Subaru\",\"@id\":\"https:\\\/\\\/www.subaru.es\\\/blog\\\/#\\\/schema\\\/person\\\/19a90b892230b8e0ec752704ddf4aa10\"},\"headline\":\"Rally Catalu\u00f1a-Costa Dorada, Rally de Espa\u00f1a-3\u00aa etapa\",\"datePublished\":\"2007-10-15T11:03:35+00:00\",\"dateModified\":\"2016-10-17T13:11:39+00:00\",\"mainEntityOfPage\":{\"@id\":\"https:\\\/\\\/www.subaru.es\\\/blog\\\/nuestra-marca\\\/rally-cataluna-costa-dorada-rally-de-espana-3%c2%aa-etapa\\\/\"},\"wordCount\":378,\"commentCount\":0,\"publisher\":{\"@id\":\"https:\\\/\\\/www.subaru.es\\\/blog\\\/#organization\"},\"image\":{\"@id\":\"https:\\\/\\\/www.subaru.es\\\/blog\\\/nuestra-marca\\\/rally-cataluna-costa-dorada-rally-de-espana-3%c2%aa-etapa\\\/#primaryimage\"},\"thumbnailUrl\":\"https:\\\/\\\/www.subaru.es\\\/blog\\\/wp-content\\\/uploads\\\/2007\\\/10\\\/nota4.jpg\",\"articleSection\":[\"Nuestra marca\"],\"inLanguage\":\"es\",\"potentialAction\":[{\"@type\":\"CommentAction\",\"name\":\"Comment\",\"target\":[\"https:\\\/\\\/www.subaru.es\\\/blog\\\/nuestra-marca\\\/rally-cataluna-costa-dorada-rally-de-espana-3%c2%aa-etapa\\\/#respond\"]}]},{\"@type\":\"WebPage\",\"@id\":\"https:\\\/\\\/www.subaru.es\\\/blog\\\/nuestra-marca\\\/rally-cataluna-costa-dorada-rally-de-espana-3%c2%aa-etapa\\\/\",\"url\":\"https:\\\/\\\/www.subaru.es\\\/blog\\\/nuestra-marca\\\/rally-cataluna-costa-dorada-rally-de-espana-3%c2%aa-etapa\\\/\",\"name\":\"Rally Catalu\u00f1a-Costa Dorada, Rally de Espa\u00f1a-3\u00aa etapa - Universo Subaru\",\"isPartOf\":{\"@id\":\"https:\\\/\\\/www.subaru.es\\\/blog\\\/#website\"},\"primaryImageOfPage\":{\"@id\":\"https:\\\/\\\/www.subaru.es\\\/blog\\\/nuestra-marca\\\/rally-cataluna-costa-dorada-rally-de-espana-3%c2%aa-etapa\\\/#primaryimage\"},\"image\":{\"@id\":\"https:\\\/\\\/www.subaru.es\\\/blog\\\/nuestra-marca\\\/rally-cataluna-costa-dorada-rally-de-espana-3%c2%aa-etapa\\\/#primaryimage\"},\"thumbnailUrl\":\"https:\\\/\\\/www.subaru.es\\\/blog\\\/wp-content\\\/uploads\\\/2007\\\/10\\\/nota4.jpg\",\"datePublished\":\"2007-10-15T11:03:35+00:00\",\"dateModified\":\"2016-10-17T13:11:39+00:00\",\"breadcrumb\":{\"@id\":\"https:\\\/\\\/www.subaru.es\\\/blog\\\/nuestra-marca\\\/rally-cataluna-costa-dorada-rally-de-espana-3%c2%aa-etapa\\\/#breadcrumb\"},\"inLanguage\":\"es\",\"potentialAction\":[{\"@type\":\"ReadAction\",\"target\":[\"https:\\\/\\\/www.subaru.es\\\/blog\\\/nuestra-marca\\\/rally-cataluna-costa-dorada-rally-de-espana-3%c2%aa-etapa\\\/\"]}]},{\"@type\":\"ImageObject\",\"inLanguage\":\"es\",\"@id\":\"https:\\\/\\\/www.subaru.es\\\/blog\\\/nuestra-marca\\\/rally-cataluna-costa-dorada-rally-de-espana-3%c2%aa-etapa\\\/#primaryimage\",\"url\":\"https:\\\/\\\/www.subaru.es\\\/blog\\\/wp-content\\\/uploads\\\/2007\\\/10\\\/nota4.jpg\",\"contentUrl\":\"https:\\\/\\\/www.subaru.es\\\/blog\\\/wp-content\\\/uploads\\\/2007\\\/10\\\/nota4.jpg\",\"width\":725,\"height\":512},{\"@type\":\"BreadcrumbList\",\"@id\":\"https:\\\/\\\/www.subaru.es\\\/blog\\\/nuestra-marca\\\/rally-cataluna-costa-dorada-rally-de-espana-3%c2%aa-etapa\\\/#breadcrumb\",\"itemListElement\":[{\"@type\":\"ListItem\",\"position\":1,\"name\":\"Portada\",\"item\":\"https:\\\/\\\/www.subaru.es\\\/blog\\\/\"},{\"@type\":\"ListItem\",\"position\":2,\"name\":\"Rally Catalu\u00f1a-Costa Dorada, Rally de Espa\u00f1a-3\u00aa etapa\"}]},{\"@type\":\"WebSite\",\"@id\":\"https:\\\/\\\/www.subaru.es\\\/blog\\\/#website\",\"url\":\"https:\\\/\\\/www.subaru.es\\\/blog\\\/\",\"name\":\"Universo Subaru\",\"description\":\"Descubre este apasionante espacio de Subaru donde vas a conocer todo sobre nuestros coches y las experiencias que vivimos con ellos. Si est\u00e1s preparado para dejarte seducir por la filosof\u00eda Subaru, qu\u00e9date con nosotros.\",\"publisher\":{\"@id\":\"https:\\\/\\\/www.subaru.es\\\/blog\\\/#organization\"},\"potentialAction\":[{\"@type\":\"SearchAction\",\"target\":{\"@type\":\"EntryPoint\",\"urlTemplate\":\"https:\\\/\\\/www.subaru.es\\\/blog\\\/?s={search_term_string}\"},\"query-input\":{\"@type\":\"PropertyValueSpecification\",\"valueRequired\":true,\"valueName\":\"search_term_string\"}}],\"inLanguage\":\"es\"},{\"@type\":\"Organization\",\"@id\":\"https:\\\/\\\/www.subaru.es\\\/blog\\\/#organization\",\"name\":\"Subaru Espa\u00f1a S.A.\",\"url\":\"https:\\\/\\\/www.subaru.es\\\/blog\\\/\",\"logo\":{\"@type\":\"ImageObject\",\"inLanguage\":\"es\",\"@id\":\"https:\\\/\\\/www.subaru.es\\\/blog\\\/#\\\/schema\\\/logo\\\/image\\\/\",\"url\":\"https:\\\/\\\/www.subaru.es\\\/blog\\\/wp-content\\\/uploads\\\/2016\\\/12\\\/Logo-Subaru-TypeV_C300-scaled.jpg\",\"contentUrl\":\"https:\\\/\\\/www.subaru.es\\\/blog\\\/wp-content\\\/uploads\\\/2016\\\/12\\\/Logo-Subaru-TypeV_C300-scaled.jpg\",\"width\":2560,\"height\":1864,\"caption\":\"Subaru Espa\u00f1a S.A.\"},\"image\":{\"@id\":\"https:\\\/\\\/www.subaru.es\\\/blog\\\/#\\\/schema\\\/logo\\\/image\\\/\"},\"sameAs\":[\"https:\\\/\\\/www.facebook.com\\\/subaruespana\",\"https:\\\/\\\/www.instagram.com\\\/subarues\\\/\",\"https:\\\/\\\/www.youtube.com\\\/user\\\/subaruespana\"]},{\"@type\":\"Person\",\"@id\":\"https:\\\/\\\/www.subaru.es\\\/blog\\\/#\\\/schema\\\/person\\\/19a90b892230b8e0ec752704ddf4aa10\",\"name\":\"Subaru\",\"url\":\"https:\\\/\\\/www.subaru.es\\\/blog\\\/author\\\/subaria\\\/\"}]}<\/script>\n<!-- \/ Yoast SEO plugin. -->","yoast_head_json":{"title":"Rally Catalu\u00f1a-Costa Dorada, Rally de Espa\u00f1a-3\u00aa etapa - Universo Subaru","robots":{"index":"index","follow":"follow","max-snippet":"max-snippet:-1","max-image-preview":"max-image-preview:large","max-video-preview":"max-video-preview:-1"},"canonical":"https:\/\/www.subaru.es\/blog\/nuestra-marca\/rally-cataluna-costa-dorada-rally-de-espana-3\u00aa-etapa\/","og_locale":"es_ES","og_type":"article","og_title":"Rally Catalu\u00f1a-Costa Dorada, Rally de Espa\u00f1a-3\u00aa etapa - Universo Subaru","og_description":"Los tres coches del equipo Subaru World Rally Team con Petter, Chris y Xevi, han terminado entre los diez primeros despu\u00e9s de la \u00faltima etapa del Rally Catalunya. En el tercer y \u00faltimo d\u00eda de la prueba el ritmo del Impreza WRC2007 ha mejorado, consiguiendo mejores tiempos. Petter ha acabado sexto, con Chris octavo y [&hellip;]","og_url":"https:\/\/www.subaru.es\/blog\/nuestra-marca\/rally-cataluna-costa-dorada-rally-de-espana-3\u00aa-etapa\/","og_site_name":"Universo Subaru","article_publisher":"https:\/\/www.facebook.com\/subaruespana","article_published_time":"2007-10-15T11:03:35+00:00","article_modified_time":"2016-10-17T13:11:39+00:00","og_image":[{"width":725,"height":512,"url":"https:\/\/www.subaru.es\/blog\/wp-content\/uploads\/2007\/10\/nota4.jpg","type":"image\/jpeg"}],"author":"Subaru","twitter_card":"summary_large_image","twitter_misc":{"Escrito por":"Subaru","Tiempo de lectura":"2 minutos"},"schema":{"@context":"https:\/\/schema.org","@graph":[{"@type":"Article","@id":"https:\/\/www.subaru.es\/blog\/nuestra-marca\/rally-cataluna-costa-dorada-rally-de-espana-3%c2%aa-etapa\/#article","isPartOf":{"@id":"https:\/\/www.subaru.es\/blog\/nuestra-marca\/rally-cataluna-costa-dorada-rally-de-espana-3%c2%aa-etapa\/"},"author":{"name":"Subaru","@id":"https:\/\/www.subaru.es\/blog\/#\/schema\/person\/19a90b892230b8e0ec752704ddf4aa10"},"headline":"Rally Catalu\u00f1a-Costa Dorada, Rally de Espa\u00f1a-3\u00aa etapa","datePublished":"2007-10-15T11:03:35+00:00","dateModified":"2016-10-17T13:11:39+00:00","mainEntityOfPage":{"@id":"https:\/\/www.subaru.es\/blog\/nuestra-marca\/rally-cataluna-costa-dorada-rally-de-espana-3%c2%aa-etapa\/"},"wordCount":378,"commentCount":0,"publisher":{"@id":"https:\/\/www.subaru.es\/blog\/#organization"},"image":{"@id":"https:\/\/www.subaru.es\/blog\/nuestra-marca\/rally-cataluna-costa-dorada-rally-de-espana-3%c2%aa-etapa\/#primaryimage"},"thumbnailUrl":"https:\/\/www.subaru.es\/blog\/wp-content\/uploads\/2007\/10\/nota4.jpg","articleSection":["Nuestra marca"],"inLanguage":"es","potentialAction":[{"@type":"CommentAction","name":"Comment","target":["https:\/\/www.subaru.es\/blog\/nuestra-marca\/rally-cataluna-costa-dorada-rally-de-espana-3%c2%aa-etapa\/#respond"]}]},{"@type":"WebPage","@id":"https:\/\/www.subaru.es\/blog\/nuestra-marca\/rally-cataluna-costa-dorada-rally-de-espana-3%c2%aa-etapa\/","url":"https:\/\/www.subaru.es\/blog\/nuestra-marca\/rally-cataluna-costa-dorada-rally-de-espana-3%c2%aa-etapa\/","name":"Rally Catalu\u00f1a-Costa Dorada, Rally de Espa\u00f1a-3\u00aa etapa - Universo Subaru","isPartOf":{"@id":"https:\/\/www.subaru.es\/blog\/#website"},"primaryImageOfPage":{"@id":"https:\/\/www.subaru.es\/blog\/nuestra-marca\/rally-cataluna-costa-dorada-rally-de-espana-3%c2%aa-etapa\/#primaryimage"},"image":{"@id":"https:\/\/www.subaru.es\/blog\/nuestra-marca\/rally-cataluna-costa-dorada-rally-de-espana-3%c2%aa-etapa\/#primaryimage"},"thumbnailUrl":"https:\/\/www.subaru.es\/blog\/wp-content\/uploads\/2007\/10\/nota4.jpg","datePublished":"2007-10-15T11:03:35+00:00","dateModified":"2016-10-17T13:11:39+00:00","breadcrumb":{"@id":"https:\/\/www.subaru.es\/blog\/nuestra-marca\/rally-cataluna-costa-dorada-rally-de-espana-3%c2%aa-etapa\/#breadcrumb"},"inLanguage":"es","potentialAction":[{"@type":"ReadAction","target":["https:\/\/www.subaru.es\/blog\/nuestra-marca\/rally-cataluna-costa-dorada-rally-de-espana-3%c2%aa-etapa\/"]}]},{"@type":"ImageObject","inLanguage":"es","@id":"https:\/\/www.subaru.es\/blog\/nuestra-marca\/rally-cataluna-costa-dorada-rally-de-espana-3%c2%aa-etapa\/#primaryimage","url":"https:\/\/www.subaru.es\/blog\/wp-content\/uploads\/2007\/10\/nota4.jpg","contentUrl":"https:\/\/www.subaru.es\/blog\/wp-content\/uploads\/2007\/10\/nota4.jpg","width":725,"height":512},{"@type":"BreadcrumbList","@id":"https:\/\/www.subaru.es\/blog\/nuestra-marca\/rally-cataluna-costa-dorada-rally-de-espana-3%c2%aa-etapa\/#breadcrumb","itemListElement":[{"@type":"ListItem","position":1,"name":"Portada","item":"https:\/\/www.subaru.es\/blog\/"},{"@type":"ListItem","position":2,"name":"Rally Catalu\u00f1a-Costa Dorada, Rally de Espa\u00f1a-3\u00aa etapa"}]},{"@type":"WebSite","@id":"https:\/\/www.subaru.es\/blog\/#website","url":"https:\/\/www.subaru.es\/blog\/","name":"Universo Subaru","description":"Descubre este apasionante espacio de Subaru donde vas a conocer todo sobre nuestros coches y las experiencias que vivimos con ellos. Si est\u00e1s preparado para dejarte seducir por la filosof\u00eda Subaru, qu\u00e9date con nosotros.","publisher":{"@id":"https:\/\/www.subaru.es\/blog\/#organization"},"potentialAction":[{"@type":"SearchAction","target":{"@type":"EntryPoint","urlTemplate":"https:\/\/www.subaru.es\/blog\/?s={search_term_string}"},"query-input":{"@type":"PropertyValueSpecification","valueRequired":true,"valueName":"search_term_string"}}],"inLanguage":"es"},{"@type":"Organization","@id":"https:\/\/www.subaru.es\/blog\/#organization","name":"Subaru Espa\u00f1a S.A.","url":"https:\/\/www.subaru.es\/blog\/","logo":{"@type":"ImageObject","inLanguage":"es","@id":"https:\/\/www.subaru.es\/blog\/#\/schema\/logo\/image\/","url":"https:\/\/www.subaru.es\/blog\/wp-content\/uploads\/2016\/12\/Logo-Subaru-TypeV_C300-scaled.jpg","contentUrl":"https:\/\/www.subaru.es\/blog\/wp-content\/uploads\/2016\/12\/Logo-Subaru-TypeV_C300-scaled.jpg","width":2560,"height":1864,"caption":"Subaru Espa\u00f1a S.A."},"image":{"@id":"https:\/\/www.subaru.es\/blog\/#\/schema\/logo\/image\/"},"sameAs":["https:\/\/www.facebook.com\/subaruespana","https:\/\/www.instagram.com\/subarues\/","https:\/\/www.youtube.com\/user\/subaruespana"]},{"@type":"Person","@id":"https:\/\/www.subaru.es\/blog\/#\/schema\/person\/19a90b892230b8e0ec752704ddf4aa10","name":"Subaru","url":"https:\/\/www.subaru.es\/blog\/author\/subaria\/"}]}},"_links":{"self":[{"href":"https:\/\/www.subaru.es\/blog\/wp-json\/wp\/v2\/posts\/298","targetHints":{"allow":["GET"]}}],"collection":[{"href":"https:\/\/www.subaru.es\/blog\/wp-json\/wp\/v2\/posts"}],"about":[{"href":"https:\/\/www.subaru.es\/blog\/wp-json\/wp\/v2\/types\/post"}],"author":[{"embeddable":true,"href":"https:\/\/www.subaru.es\/blog\/wp-json\/wp\/v2\/users\/21"}],"replies":[{"embeddable":true,"href":"https:\/\/www.subaru.es\/blog\/wp-json\/wp\/v2\/comments?post=298"}],"version-history":[{"count":1,"href":"https:\/\/www.subaru.es\/blog\/wp-json\/wp\/v2\/posts\/298\/revisions"}],"predecessor-version":[{"id":15774,"href":"https:\/\/www.subaru.es\/blog\/wp-json\/wp\/v2\/posts\/298\/revisions\/15774"}],"wp:featuredmedia":[{"embeddable":true,"href":"https:\/\/www.subaru.es\/blog\/wp-json\/wp\/v2\/media\/297"}],"wp:attachment":[{"href":"https:\/\/www.subaru.es\/blog\/wp-json\/wp\/v2\/media?parent=298"}],"wp:term":[{"taxonomy":"category","embeddable":true,"href":"https:\/\/www.subaru.es\/blog\/wp-json\/wp\/v2\/categories?post=298"},{"taxonomy":"post_tag","embeddable":true,"href":"https:\/\/www.subaru.es\/blog\/wp-json\/wp\/v2\/tags?post=298"}],"curies":[{"name":"wp","href":"https:\/\/api.w.org\/{rel}","templated":true}]}}