{"id":2978,"date":"2010-10-01T14:09:34","date_gmt":"2010-10-01T12:09:34","guid":{"rendered":"http:\/\/subaru.preproduccion.com\/blog\/?p=2978"},"modified":"2020-08-06T11:06:54","modified_gmt":"2020-08-06T09:06:54","slug":"el-coto-de-las-mestas-el-sueno-de-los-pescadores-a-mosca","status":"publish","type":"post","link":"https:\/\/www.subaru.es\/blog\/subaru-lifestyle\/el-coto-de-las-mestas-el-sueno-de-los-pescadores-a-mosca\/","title":{"rendered":"El Coto de las Mestas, el sue\u00f1o de los pescadores a mosca"},"content":{"rendered":"<p style=\"text-align: center;\"><a href=\"https:\/\/www.subaru.es\/blog\/wp-content\/uploads\/2010\/08\/narcea.jpg\"><img decoding=\"async\" class=\"size-full wp-image-3079  aligncenter lazyload\" title=\"narcea\" data-src=\"https:\/\/www.subaru.es\/blog\/wp-content\/uploads\/2010\/08\/narcea.jpg\" alt=\"\" width=\"500\" height=\"333\" src=\"data:image\/svg+xml;base64,PHN2ZyB3aWR0aD0iMSIgaGVpZ2h0PSIxIiB4bWxucz0iaHR0cDovL3d3dy53My5vcmcvMjAwMC9zdmciPjwvc3ZnPg==\" style=\"--smush-placeholder-width: 500px; --smush-placeholder-aspect-ratio: 500\/333;\" \/><\/a><\/p>\n<p>En Espa\u00f1a podr\u00edamos decir que hay dos tipos de mosqueros: los que ya han estado en el<strong> Coto Salmonero de las Mestas en el r\u00edo Narcea<\/strong>, y los que sue\u00f1an con hacerlo alg\u00fan d\u00eda. \u00bfTe preguntas a qu\u00e9 se debe tanta fascinaci\u00f3n con este paraje? La respuesta es sencilla: <strong>1,3 kil\u00f3metros de r\u00edo en los que pescar salmones, reos y truchas<\/strong> es casi cosa de ni\u00f1os. Y a tu alrededor, un paisaje impresionante.<br \/>\n<!--more--><br \/>\nLlegar es bastante f\u00e1cil desde Oviedo por la <strong>N-634 en direcci\u00f3n a A Coru\u00f1a<\/strong>, desvi\u00e1ndose luego por la AS-15 hacia Cangas de Narcea. Cuando cruces el r\u00edo por el puente Villanueva, coge el desv\u00edo que sale a mano derecho hacia \u00c1lava. Pronto te encontrar\u00e1s una pasarela delimitando los cotos <strong>Villanueva y Mestas<\/strong>. Puedes aparcar y empezar tu sue\u00f1o.<\/p>\n<p>El coto tiene dos pozos, el de <strong>Las Mestas y el de Las Pumariegas<\/strong> , ambos perfectos para la <strong>pesca del salm\u00f3n o el reo<\/strong>. Una vez que consigues tu permiso y llega el d\u00eda esperado, todo quedar\u00e1 entre t\u00fa, otros dos pescadores, y el <strong>r\u00edo Narcea<\/strong>.<\/p>\n<p>S\u00ed, acabas de intuir d\u00f3nde est\u00e1 el peque\u00f1o problema: un coto que es un sue\u00f1o para la pesca a mosca no va a ser un lugar al que solo quieras ir t\u00fa. Tendr\u00e1s que <strong>gestionar el permiso con antelaci\u00f3n<\/strong> y, cuando te toque, no perder tu oportunidad. Qui\u00e9n sabe cu\u00e1ndo volver\u00e1n a permitirte pisar Las Mestas.<\/p>\n<p>V\u00eda | <a href=\"http:\/\/www.conmosca.com\/modules.php?name=News&amp;file=article&amp;sid=374\" target=\"_blank\" rel=\"noopener noreferrer\">ConMosca<\/a><br \/>\nFoto | Flickr<\/p>\n","protected":false},"excerpt":{"rendered":"<p>En Espa\u00f1a podr\u00edamos decir que hay dos tipos de mosqueros: los que ya han estado en el Coto Salmonero de las Mestas en el r\u00edo Narcea, y los que sue\u00f1an con hacerlo alg\u00fan d\u00eda. \u00bfTe preguntas a qu\u00e9 se debe tanta fascinaci\u00f3n con este paraje? La respuesta es sencilla: 1,3 kil\u00f3metros de r\u00edo en los [&hellip;]<\/p>\n","protected":false},"author":21,"featured_media":3079,"comment_status":"open","ping_status":"open","sticky":false,"template":"","format":"standard","meta":{"_acf_changed":false,"_eb_attr":"","inline_featured_image":false,"footnotes":""},"categories":[4520],"tags":[3153,3147,3148,3149,3151,3150,3152],"class_list":["post-2978","post","type-post","status-publish","format-standard","has-post-thumbnail","hentry","category-subaru-lifestyle","tag-asturias","tag-coto-de-las-mestas","tag-pesca","tag-pesca-a-mosca","tag-reo","tag-salmon","tag-trucha"],"acf":[],"yoast_head":"<!-- This site is optimized with the Yoast SEO plugin v27.3 - https:\/\/yoast.com\/product\/yoast-seo-wordpress\/ -->\n<title>El Coto de las Mestas, el sue\u00f1o de los pescadores a mosca - Universo Subaru<\/title>\n<meta name=\"robots\" content=\"index, follow, max-snippet:-1, max-image-preview:large, max-video-preview:-1\" \/>\n<link rel=\"canonical\" href=\"https:\/\/www.subaru.es\/blog\/subaru-lifestyle\/el-coto-de-las-mestas-el-sueno-de-los-pescadores-a-mosca\/\" \/>\n<meta property=\"og:locale\" content=\"es_ES\" \/>\n<meta property=\"og:type\" content=\"article\" \/>\n<meta property=\"og:title\" content=\"El Coto de las Mestas, el sue\u00f1o de los pescadores a mosca - Universo Subaru\" \/>\n<meta property=\"og:description\" content=\"En Espa\u00f1a podr\u00edamos decir que hay dos tipos de mosqueros: los que ya han estado en el Coto Salmonero de las Mestas en el r\u00edo Narcea, y los que sue\u00f1an con hacerlo alg\u00fan d\u00eda. \u00bfTe preguntas a qu\u00e9 se debe tanta fascinaci\u00f3n con este paraje? La respuesta es sencilla: 1,3 kil\u00f3metros de r\u00edo en los [&hellip;]\" \/>\n<meta property=\"og:url\" content=\"https:\/\/www.subaru.es\/blog\/subaru-lifestyle\/el-coto-de-las-mestas-el-sueno-de-los-pescadores-a-mosca\/\" \/>\n<meta property=\"og:site_name\" content=\"Universo Subaru\" \/>\n<meta property=\"article:publisher\" content=\"https:\/\/www.facebook.com\/subaruespana\" \/>\n<meta property=\"article:published_time\" content=\"2010-10-01T12:09:34+00:00\" \/>\n<meta property=\"article:modified_time\" content=\"2020-08-06T09:06:54+00:00\" \/>\n<meta property=\"og:image\" content=\"https:\/\/www.subaru.es\/blog\/wp-content\/uploads\/2010\/08\/narcea.jpg\" \/>\n\t<meta property=\"og:image:width\" content=\"500\" \/>\n\t<meta property=\"og:image:height\" content=\"333\" \/>\n\t<meta property=\"og:image:type\" content=\"image\/jpeg\" \/>\n<meta name=\"author\" content=\"Subaru\" \/>\n<meta name=\"twitter:card\" content=\"summary_large_image\" \/>\n<meta name=\"twitter:label1\" content=\"Escrito por\" \/>\n\t<meta name=\"twitter:data1\" content=\"Subaru\" \/>\n\t<meta name=\"twitter:label2\" content=\"Tiempo de lectura\" \/>\n\t<meta name=\"twitter:data2\" content=\"1 minuto\" \/>\n<script type=\"application\/ld+json\" class=\"yoast-schema-graph\">{\"@context\":\"https:\\\/\\\/schema.org\",\"@graph\":[{\"@type\":\"Article\",\"@id\":\"https:\\\/\\\/www.subaru.es\\\/blog\\\/subaru-lifestyle\\\/el-coto-de-las-mestas-el-sueno-de-los-pescadores-a-mosca\\\/#article\",\"isPartOf\":{\"@id\":\"https:\\\/\\\/www.subaru.es\\\/blog\\\/subaru-lifestyle\\\/el-coto-de-las-mestas-el-sueno-de-los-pescadores-a-mosca\\\/\"},\"author\":{\"name\":\"Subaru\",\"@id\":\"https:\\\/\\\/www.subaru.es\\\/blog\\\/#\\\/schema\\\/person\\\/19a90b892230b8e0ec752704ddf4aa10\"},\"headline\":\"El Coto de las Mestas, el sue\u00f1o de los pescadores a mosca\",\"datePublished\":\"2010-10-01T12:09:34+00:00\",\"dateModified\":\"2020-08-06T09:06:54+00:00\",\"mainEntityOfPage\":{\"@id\":\"https:\\\/\\\/www.subaru.es\\\/blog\\\/subaru-lifestyle\\\/el-coto-de-las-mestas-el-sueno-de-los-pescadores-a-mosca\\\/\"},\"wordCount\":279,\"commentCount\":0,\"publisher\":{\"@id\":\"https:\\\/\\\/www.subaru.es\\\/blog\\\/#organization\"},\"image\":{\"@id\":\"https:\\\/\\\/www.subaru.es\\\/blog\\\/subaru-lifestyle\\\/el-coto-de-las-mestas-el-sueno-de-los-pescadores-a-mosca\\\/#primaryimage\"},\"thumbnailUrl\":\"https:\\\/\\\/www.subaru.es\\\/blog\\\/wp-content\\\/uploads\\\/2010\\\/08\\\/narcea.jpg\",\"keywords\":[\"asturias\",\"coto de las mestas\",\"pesca\",\"pesca a mosca\",\"reo\",\"salm\u00f3n\",\"trucha\"],\"articleSection\":[\"Subaru LifeStyle\"],\"inLanguage\":\"es\",\"potentialAction\":[{\"@type\":\"CommentAction\",\"name\":\"Comment\",\"target\":[\"https:\\\/\\\/www.subaru.es\\\/blog\\\/subaru-lifestyle\\\/el-coto-de-las-mestas-el-sueno-de-los-pescadores-a-mosca\\\/#respond\"]}]},{\"@type\":\"WebPage\",\"@id\":\"https:\\\/\\\/www.subaru.es\\\/blog\\\/subaru-lifestyle\\\/el-coto-de-las-mestas-el-sueno-de-los-pescadores-a-mosca\\\/\",\"url\":\"https:\\\/\\\/www.subaru.es\\\/blog\\\/subaru-lifestyle\\\/el-coto-de-las-mestas-el-sueno-de-los-pescadores-a-mosca\\\/\",\"name\":\"El Coto de las Mestas, el sue\u00f1o de los pescadores a mosca - Universo Subaru\",\"isPartOf\":{\"@id\":\"https:\\\/\\\/www.subaru.es\\\/blog\\\/#website\"},\"primaryImageOfPage\":{\"@id\":\"https:\\\/\\\/www.subaru.es\\\/blog\\\/subaru-lifestyle\\\/el-coto-de-las-mestas-el-sueno-de-los-pescadores-a-mosca\\\/#primaryimage\"},\"image\":{\"@id\":\"https:\\\/\\\/www.subaru.es\\\/blog\\\/subaru-lifestyle\\\/el-coto-de-las-mestas-el-sueno-de-los-pescadores-a-mosca\\\/#primaryimage\"},\"thumbnailUrl\":\"https:\\\/\\\/www.subaru.es\\\/blog\\\/wp-content\\\/uploads\\\/2010\\\/08\\\/narcea.jpg\",\"datePublished\":\"2010-10-01T12:09:34+00:00\",\"dateModified\":\"2020-08-06T09:06:54+00:00\",\"breadcrumb\":{\"@id\":\"https:\\\/\\\/www.subaru.es\\\/blog\\\/subaru-lifestyle\\\/el-coto-de-las-mestas-el-sueno-de-los-pescadores-a-mosca\\\/#breadcrumb\"},\"inLanguage\":\"es\",\"potentialAction\":[{\"@type\":\"ReadAction\",\"target\":[\"https:\\\/\\\/www.subaru.es\\\/blog\\\/subaru-lifestyle\\\/el-coto-de-las-mestas-el-sueno-de-los-pescadores-a-mosca\\\/\"]}]},{\"@type\":\"ImageObject\",\"inLanguage\":\"es\",\"@id\":\"https:\\\/\\\/www.subaru.es\\\/blog\\\/subaru-lifestyle\\\/el-coto-de-las-mestas-el-sueno-de-los-pescadores-a-mosca\\\/#primaryimage\",\"url\":\"https:\\\/\\\/www.subaru.es\\\/blog\\\/wp-content\\\/uploads\\\/2010\\\/08\\\/narcea.jpg\",\"contentUrl\":\"https:\\\/\\\/www.subaru.es\\\/blog\\\/wp-content\\\/uploads\\\/2010\\\/08\\\/narcea.jpg\",\"width\":500,\"height\":333},{\"@type\":\"BreadcrumbList\",\"@id\":\"https:\\\/\\\/www.subaru.es\\\/blog\\\/subaru-lifestyle\\\/el-coto-de-las-mestas-el-sueno-de-los-pescadores-a-mosca\\\/#breadcrumb\",\"itemListElement\":[{\"@type\":\"ListItem\",\"position\":1,\"name\":\"Portada\",\"item\":\"https:\\\/\\\/www.subaru.es\\\/blog\\\/\"},{\"@type\":\"ListItem\",\"position\":2,\"name\":\"El Coto de las Mestas, el sue\u00f1o de los pescadores a mosca\"}]},{\"@type\":\"WebSite\",\"@id\":\"https:\\\/\\\/www.subaru.es\\\/blog\\\/#website\",\"url\":\"https:\\\/\\\/www.subaru.es\\\/blog\\\/\",\"name\":\"Universo Subaru\",\"description\":\"Descubre este apasionante espacio de Subaru donde vas a conocer todo sobre nuestros coches y las experiencias que vivimos con ellos. Si est\u00e1s preparado para dejarte seducir por la filosof\u00eda Subaru, qu\u00e9date con nosotros.\",\"publisher\":{\"@id\":\"https:\\\/\\\/www.subaru.es\\\/blog\\\/#organization\"},\"potentialAction\":[{\"@type\":\"SearchAction\",\"target\":{\"@type\":\"EntryPoint\",\"urlTemplate\":\"https:\\\/\\\/www.subaru.es\\\/blog\\\/?s={search_term_string}\"},\"query-input\":{\"@type\":\"PropertyValueSpecification\",\"valueRequired\":true,\"valueName\":\"search_term_string\"}}],\"inLanguage\":\"es\"},{\"@type\":\"Organization\",\"@id\":\"https:\\\/\\\/www.subaru.es\\\/blog\\\/#organization\",\"name\":\"Subaru Espa\u00f1a S.A.\",\"url\":\"https:\\\/\\\/www.subaru.es\\\/blog\\\/\",\"logo\":{\"@type\":\"ImageObject\",\"inLanguage\":\"es\",\"@id\":\"https:\\\/\\\/www.subaru.es\\\/blog\\\/#\\\/schema\\\/logo\\\/image\\\/\",\"url\":\"https:\\\/\\\/www.subaru.es\\\/blog\\\/wp-content\\\/uploads\\\/2016\\\/12\\\/Logo-Subaru-TypeV_C300-scaled.jpg\",\"contentUrl\":\"https:\\\/\\\/www.subaru.es\\\/blog\\\/wp-content\\\/uploads\\\/2016\\\/12\\\/Logo-Subaru-TypeV_C300-scaled.jpg\",\"width\":2560,\"height\":1864,\"caption\":\"Subaru Espa\u00f1a S.A.\"},\"image\":{\"@id\":\"https:\\\/\\\/www.subaru.es\\\/blog\\\/#\\\/schema\\\/logo\\\/image\\\/\"},\"sameAs\":[\"https:\\\/\\\/www.facebook.com\\\/subaruespana\",\"https:\\\/\\\/www.instagram.com\\\/subarues\\\/\",\"https:\\\/\\\/www.youtube.com\\\/user\\\/subaruespana\"]},{\"@type\":\"Person\",\"@id\":\"https:\\\/\\\/www.subaru.es\\\/blog\\\/#\\\/schema\\\/person\\\/19a90b892230b8e0ec752704ddf4aa10\",\"name\":\"Subaru\",\"url\":\"https:\\\/\\\/www.subaru.es\\\/blog\\\/author\\\/subaria\\\/\"}]}<\/script>\n<!-- \/ Yoast SEO plugin. -->","yoast_head_json":{"title":"El Coto de las Mestas, el sue\u00f1o de los pescadores a mosca - Universo Subaru","robots":{"index":"index","follow":"follow","max-snippet":"max-snippet:-1","max-image-preview":"max-image-preview:large","max-video-preview":"max-video-preview:-1"},"canonical":"https:\/\/www.subaru.es\/blog\/subaru-lifestyle\/el-coto-de-las-mestas-el-sueno-de-los-pescadores-a-mosca\/","og_locale":"es_ES","og_type":"article","og_title":"El Coto de las Mestas, el sue\u00f1o de los pescadores a mosca - Universo Subaru","og_description":"En Espa\u00f1a podr\u00edamos decir que hay dos tipos de mosqueros: los que ya han estado en el Coto Salmonero de las Mestas en el r\u00edo Narcea, y los que sue\u00f1an con hacerlo alg\u00fan d\u00eda. \u00bfTe preguntas a qu\u00e9 se debe tanta fascinaci\u00f3n con este paraje? La respuesta es sencilla: 1,3 kil\u00f3metros de r\u00edo en los [&hellip;]","og_url":"https:\/\/www.subaru.es\/blog\/subaru-lifestyle\/el-coto-de-las-mestas-el-sueno-de-los-pescadores-a-mosca\/","og_site_name":"Universo Subaru","article_publisher":"https:\/\/www.facebook.com\/subaruespana","article_published_time":"2010-10-01T12:09:34+00:00","article_modified_time":"2020-08-06T09:06:54+00:00","og_image":[{"width":500,"height":333,"url":"https:\/\/www.subaru.es\/blog\/wp-content\/uploads\/2010\/08\/narcea.jpg","type":"image\/jpeg"}],"author":"Subaru","twitter_card":"summary_large_image","twitter_misc":{"Escrito por":"Subaru","Tiempo de lectura":"1 minuto"},"schema":{"@context":"https:\/\/schema.org","@graph":[{"@type":"Article","@id":"https:\/\/www.subaru.es\/blog\/subaru-lifestyle\/el-coto-de-las-mestas-el-sueno-de-los-pescadores-a-mosca\/#article","isPartOf":{"@id":"https:\/\/www.subaru.es\/blog\/subaru-lifestyle\/el-coto-de-las-mestas-el-sueno-de-los-pescadores-a-mosca\/"},"author":{"name":"Subaru","@id":"https:\/\/www.subaru.es\/blog\/#\/schema\/person\/19a90b892230b8e0ec752704ddf4aa10"},"headline":"El Coto de las Mestas, el sue\u00f1o de los pescadores a mosca","datePublished":"2010-10-01T12:09:34+00:00","dateModified":"2020-08-06T09:06:54+00:00","mainEntityOfPage":{"@id":"https:\/\/www.subaru.es\/blog\/subaru-lifestyle\/el-coto-de-las-mestas-el-sueno-de-los-pescadores-a-mosca\/"},"wordCount":279,"commentCount":0,"publisher":{"@id":"https:\/\/www.subaru.es\/blog\/#organization"},"image":{"@id":"https:\/\/www.subaru.es\/blog\/subaru-lifestyle\/el-coto-de-las-mestas-el-sueno-de-los-pescadores-a-mosca\/#primaryimage"},"thumbnailUrl":"https:\/\/www.subaru.es\/blog\/wp-content\/uploads\/2010\/08\/narcea.jpg","keywords":["asturias","coto de las mestas","pesca","pesca a mosca","reo","salm\u00f3n","trucha"],"articleSection":["Subaru LifeStyle"],"inLanguage":"es","potentialAction":[{"@type":"CommentAction","name":"Comment","target":["https:\/\/www.subaru.es\/blog\/subaru-lifestyle\/el-coto-de-las-mestas-el-sueno-de-los-pescadores-a-mosca\/#respond"]}]},{"@type":"WebPage","@id":"https:\/\/www.subaru.es\/blog\/subaru-lifestyle\/el-coto-de-las-mestas-el-sueno-de-los-pescadores-a-mosca\/","url":"https:\/\/www.subaru.es\/blog\/subaru-lifestyle\/el-coto-de-las-mestas-el-sueno-de-los-pescadores-a-mosca\/","name":"El Coto de las Mestas, el sue\u00f1o de los pescadores a mosca - Universo Subaru","isPartOf":{"@id":"https:\/\/www.subaru.es\/blog\/#website"},"primaryImageOfPage":{"@id":"https:\/\/www.subaru.es\/blog\/subaru-lifestyle\/el-coto-de-las-mestas-el-sueno-de-los-pescadores-a-mosca\/#primaryimage"},"image":{"@id":"https:\/\/www.subaru.es\/blog\/subaru-lifestyle\/el-coto-de-las-mestas-el-sueno-de-los-pescadores-a-mosca\/#primaryimage"},"thumbnailUrl":"https:\/\/www.subaru.es\/blog\/wp-content\/uploads\/2010\/08\/narcea.jpg","datePublished":"2010-10-01T12:09:34+00:00","dateModified":"2020-08-06T09:06:54+00:00","breadcrumb":{"@id":"https:\/\/www.subaru.es\/blog\/subaru-lifestyle\/el-coto-de-las-mestas-el-sueno-de-los-pescadores-a-mosca\/#breadcrumb"},"inLanguage":"es","potentialAction":[{"@type":"ReadAction","target":["https:\/\/www.subaru.es\/blog\/subaru-lifestyle\/el-coto-de-las-mestas-el-sueno-de-los-pescadores-a-mosca\/"]}]},{"@type":"ImageObject","inLanguage":"es","@id":"https:\/\/www.subaru.es\/blog\/subaru-lifestyle\/el-coto-de-las-mestas-el-sueno-de-los-pescadores-a-mosca\/#primaryimage","url":"https:\/\/www.subaru.es\/blog\/wp-content\/uploads\/2010\/08\/narcea.jpg","contentUrl":"https:\/\/www.subaru.es\/blog\/wp-content\/uploads\/2010\/08\/narcea.jpg","width":500,"height":333},{"@type":"BreadcrumbList","@id":"https:\/\/www.subaru.es\/blog\/subaru-lifestyle\/el-coto-de-las-mestas-el-sueno-de-los-pescadores-a-mosca\/#breadcrumb","itemListElement":[{"@type":"ListItem","position":1,"name":"Portada","item":"https:\/\/www.subaru.es\/blog\/"},{"@type":"ListItem","position":2,"name":"El Coto de las Mestas, el sue\u00f1o de los pescadores a mosca"}]},{"@type":"WebSite","@id":"https:\/\/www.subaru.es\/blog\/#website","url":"https:\/\/www.subaru.es\/blog\/","name":"Universo Subaru","description":"Descubre este apasionante espacio de Subaru donde vas a conocer todo sobre nuestros coches y las experiencias que vivimos con ellos. Si est\u00e1s preparado para dejarte seducir por la filosof\u00eda Subaru, qu\u00e9date con nosotros.","publisher":{"@id":"https:\/\/www.subaru.es\/blog\/#organization"},"potentialAction":[{"@type":"SearchAction","target":{"@type":"EntryPoint","urlTemplate":"https:\/\/www.subaru.es\/blog\/?s={search_term_string}"},"query-input":{"@type":"PropertyValueSpecification","valueRequired":true,"valueName":"search_term_string"}}],"inLanguage":"es"},{"@type":"Organization","@id":"https:\/\/www.subaru.es\/blog\/#organization","name":"Subaru Espa\u00f1a S.A.","url":"https:\/\/www.subaru.es\/blog\/","logo":{"@type":"ImageObject","inLanguage":"es","@id":"https:\/\/www.subaru.es\/blog\/#\/schema\/logo\/image\/","url":"https:\/\/www.subaru.es\/blog\/wp-content\/uploads\/2016\/12\/Logo-Subaru-TypeV_C300-scaled.jpg","contentUrl":"https:\/\/www.subaru.es\/blog\/wp-content\/uploads\/2016\/12\/Logo-Subaru-TypeV_C300-scaled.jpg","width":2560,"height":1864,"caption":"Subaru Espa\u00f1a S.A."},"image":{"@id":"https:\/\/www.subaru.es\/blog\/#\/schema\/logo\/image\/"},"sameAs":["https:\/\/www.facebook.com\/subaruespana","https:\/\/www.instagram.com\/subarues\/","https:\/\/www.youtube.com\/user\/subaruespana"]},{"@type":"Person","@id":"https:\/\/www.subaru.es\/blog\/#\/schema\/person\/19a90b892230b8e0ec752704ddf4aa10","name":"Subaru","url":"https:\/\/www.subaru.es\/blog\/author\/subaria\/"}]}},"_links":{"self":[{"href":"https:\/\/www.subaru.es\/blog\/wp-json\/wp\/v2\/posts\/2978","targetHints":{"allow":["GET"]}}],"collection":[{"href":"https:\/\/www.subaru.es\/blog\/wp-json\/wp\/v2\/posts"}],"about":[{"href":"https:\/\/www.subaru.es\/blog\/wp-json\/wp\/v2\/types\/post"}],"author":[{"embeddable":true,"href":"https:\/\/www.subaru.es\/blog\/wp-json\/wp\/v2\/users\/21"}],"replies":[{"embeddable":true,"href":"https:\/\/www.subaru.es\/blog\/wp-json\/wp\/v2\/comments?post=2978"}],"version-history":[{"count":2,"href":"https:\/\/www.subaru.es\/blog\/wp-json\/wp\/v2\/posts\/2978\/revisions"}],"predecessor-version":[{"id":22069,"href":"https:\/\/www.subaru.es\/blog\/wp-json\/wp\/v2\/posts\/2978\/revisions\/22069"}],"wp:featuredmedia":[{"embeddable":true,"href":"https:\/\/www.subaru.es\/blog\/wp-json\/wp\/v2\/media\/3079"}],"wp:attachment":[{"href":"https:\/\/www.subaru.es\/blog\/wp-json\/wp\/v2\/media?parent=2978"}],"wp:term":[{"taxonomy":"category","embeddable":true,"href":"https:\/\/www.subaru.es\/blog\/wp-json\/wp\/v2\/categories?post=2978"},{"taxonomy":"post_tag","embeddable":true,"href":"https:\/\/www.subaru.es\/blog\/wp-json\/wp\/v2\/tags?post=2978"}],"curies":[{"name":"wp","href":"https:\/\/api.w.org\/{rel}","templated":true}]}}