{"id":296,"date":"2007-10-15T12:56:31","date_gmt":"2007-10-15T10:56:31","guid":{"rendered":"http:\/\/subaru.preproduccion.com\/blog\/wp-content\/2007\/10\/15\/rally-cataluna-costa-dorada-rally-de-espana-2%c2%aa-etapa\/"},"modified":"2016-10-17T15:11:39","modified_gmt":"2016-10-17T13:11:39","slug":"rally-cataluna-costa-dorada-rally-de-espana-2%c2%aa-etapa","status":"publish","type":"post","link":"https:\/\/www.subaru.es\/blog\/nuestra-marca\/rally-cataluna-costa-dorada-rally-de-espana-2%c2%aa-etapa\/","title":{"rendered":"Rally Catalu\u00f1a-Costa Dorada, Rally de Espa\u00f1a-2\u00aa etapa"},"content":{"rendered":"<p><strong>A pesar de conseguir algunos tiempos entre los cuatro primeros, el tr\u00edo de Subaru World Rally Team, Petter Solberg, Chris Atkinson y Xevi Pons siguen en la misma posici\u00f3n que al final de la primera etapa. A falta de un d\u00eda de competici\u00f3n, los pilotos siguen en sexto, octavo y noveno lugar, respectivamente. <\/strong><\/p>\n<p><center><img width=400 data-src='https:\/\/www.subaru.es\/blog\/wp-content\/uploads\/2007\/10\/nota3.jpg' alt='nota3' src='data:image\/svg+xml;base64,PHN2ZyB3aWR0aD0iMSIgaGVpZ2h0PSIxIiB4bWxucz0iaHR0cDovL3d3dy53My5vcmcvMjAwMC9zdmciPjwvc3ZnPg==' class='lazyload' style='--smush-placeholder-width: 743px; --smush-placeholder-aspect-ratio: 743\/481;' \/><\/center><\/p>\n<p><strong>Petter Solberg<\/strong>: <\/p>\n<blockquote><p>No ha sido un mal d\u00eda para nosotros. Hemos ido <strong>tranquilos<\/strong>, no hemos tenido <strong>problemas <\/strong>y el coche ha funcionado bien. Parece que va mejorando poco a poco, pero debemos seguir trabajando para sacarle un poco m\u00e1s.<\/p><\/blockquote>\n<p><strong>Chris Atkinson<\/strong>: <\/p>\n<blockquote><p>Hemos conseguido <strong>mantener la posici\u00f3n <\/strong>y eso est\u00e1 bien. La idea era subir un puesto, pero despu\u00e9s de un error en la segunda especial perdimos terreno y ahora nos conformamos con la <strong>octava posici\u00f3n<\/strong>. Estamos marcando un ritmo c\u00f3modo, intentando no cometer errores y centr\u00e1ndonos en llegar al final.<\/p><\/blockquote>\n<p><strong>Xevi Pons<\/strong>: <\/p>\n<blockquote><p>S\u00ed, hoy <strong>estoy muy contento.<\/strong> Me siento mejor con el coche a cada tramo. Hicimos un peque\u00f1o cambio en los <strong>reglajes <\/strong>y ahora estoy m\u00e1s c\u00f3modo, as\u00ed que no est\u00e1 mal. El coche ha ido perfecto, sin problemas. Es una pena que ayer perdi\u00e9ramos tanto tiempo, pero desde entonces ha ido bien y hemos aprendido algunas cosas que puede que nos <strong>ayuden en C\u00f3rcega<\/strong>.<\/p><\/blockquote>\n<p><strong>Richard Taylor<\/strong>, director del <a href=\"http:\/\/www.swrt.com\/\">Subaru World Rally Team<\/a>: <\/p>\n<blockquote><p>Hoy ha ido mejor para <strong>Petter, Chris y Xevi<\/strong>, y sus tiempos han mejorado. Xevi ha sido r\u00e1pido esta tarde y su segundo mejor tiempo en la ES14 ha sido fant\u00e1stico tanto para el equipo como para \u00e9l ante su p\u00fablico. Aunque no hemos conseguido subir en la <strong>clasificaci\u00f3n general<\/strong>, aun quedan otros <strong>85km ma\u00f1ana<\/strong>, as\u00ed que intentaremos recortar distancias tanto como podamos y seguir desarrollando el coche.<\/p><\/blockquote>\n","protected":false},"excerpt":{"rendered":"<p>A pesar de conseguir algunos tiempos entre los cuatro primeros, el tr\u00edo de Subaru World Rally Team, Petter Solberg, Chris Atkinson y Xevi Pons siguen en la misma posici\u00f3n que al final de la primera etapa. A falta de un d\u00eda de competici\u00f3n, los pilotos siguen en sexto, octavo y noveno lugar, respectivamente. Petter Solberg: [&hellip;]<\/p>\n","protected":false},"author":21,"featured_media":295,"comment_status":"open","ping_status":"open","sticky":false,"template":"","format":"standard","meta":{"_acf_changed":false,"_eb_attr":"","inline_featured_image":false,"footnotes":""},"categories":[4401],"tags":[],"class_list":["post-296","post","type-post","status-publish","format-standard","has-post-thumbnail","hentry","category-nuestra-marca"],"acf":[],"yoast_head":"<!-- This site is optimized with the Yoast SEO plugin v27.3 - https:\/\/yoast.com\/product\/yoast-seo-wordpress\/ -->\n<title>Rally Catalu\u00f1a-Costa Dorada, Rally de Espa\u00f1a-2\u00aa etapa - Universo Subaru<\/title>\n<meta name=\"robots\" content=\"index, follow, max-snippet:-1, max-image-preview:large, max-video-preview:-1\" \/>\n<link rel=\"canonical\" href=\"https:\/\/www.subaru.es\/blog\/nuestra-marca\/rally-cataluna-costa-dorada-rally-de-espana-2\u00aa-etapa\/\" \/>\n<meta property=\"og:locale\" content=\"es_ES\" \/>\n<meta property=\"og:type\" content=\"article\" \/>\n<meta property=\"og:title\" content=\"Rally Catalu\u00f1a-Costa Dorada, Rally de Espa\u00f1a-2\u00aa etapa - Universo Subaru\" \/>\n<meta property=\"og:description\" content=\"A pesar de conseguir algunos tiempos entre los cuatro primeros, el tr\u00edo de Subaru World Rally Team, Petter Solberg, Chris Atkinson y Xevi Pons siguen en la misma posici\u00f3n que al final de la primera etapa. A falta de un d\u00eda de competici\u00f3n, los pilotos siguen en sexto, octavo y noveno lugar, respectivamente. Petter Solberg: [&hellip;]\" \/>\n<meta property=\"og:url\" content=\"https:\/\/www.subaru.es\/blog\/nuestra-marca\/rally-cataluna-costa-dorada-rally-de-espana-2\u00aa-etapa\/\" \/>\n<meta property=\"og:site_name\" content=\"Universo Subaru\" \/>\n<meta property=\"article:publisher\" content=\"https:\/\/www.facebook.com\/subaruespana\" \/>\n<meta property=\"article:published_time\" content=\"2007-10-15T10:56:31+00:00\" \/>\n<meta property=\"article:modified_time\" content=\"2016-10-17T13:11:39+00:00\" \/>\n<meta property=\"og:image\" content=\"https:\/\/www.subaru.es\/blog\/wp-content\/uploads\/2007\/10\/nota3.jpg\" \/>\n\t<meta property=\"og:image:width\" content=\"743\" \/>\n\t<meta property=\"og:image:height\" content=\"481\" \/>\n\t<meta property=\"og:image:type\" content=\"image\/jpeg\" \/>\n<meta name=\"author\" content=\"Subaru\" \/>\n<meta name=\"twitter:card\" content=\"summary_large_image\" \/>\n<meta name=\"twitter:label1\" content=\"Escrito por\" \/>\n\t<meta name=\"twitter:data1\" content=\"Subaru\" \/>\n\t<meta name=\"twitter:label2\" content=\"Tiempo de lectura\" \/>\n\t<meta name=\"twitter:data2\" content=\"2 minutos\" \/>\n<script type=\"application\/ld+json\" class=\"yoast-schema-graph\">{\"@context\":\"https:\\\/\\\/schema.org\",\"@graph\":[{\"@type\":\"Article\",\"@id\":\"https:\\\/\\\/www.subaru.es\\\/blog\\\/nuestra-marca\\\/rally-cataluna-costa-dorada-rally-de-espana-2%c2%aa-etapa\\\/#article\",\"isPartOf\":{\"@id\":\"https:\\\/\\\/www.subaru.es\\\/blog\\\/nuestra-marca\\\/rally-cataluna-costa-dorada-rally-de-espana-2%c2%aa-etapa\\\/\"},\"author\":{\"name\":\"Subaru\",\"@id\":\"https:\\\/\\\/www.subaru.es\\\/blog\\\/#\\\/schema\\\/person\\\/19a90b892230b8e0ec752704ddf4aa10\"},\"headline\":\"Rally Catalu\u00f1a-Costa Dorada, Rally de Espa\u00f1a-2\u00aa etapa\",\"datePublished\":\"2007-10-15T10:56:31+00:00\",\"dateModified\":\"2016-10-17T13:11:39+00:00\",\"mainEntityOfPage\":{\"@id\":\"https:\\\/\\\/www.subaru.es\\\/blog\\\/nuestra-marca\\\/rally-cataluna-costa-dorada-rally-de-espana-2%c2%aa-etapa\\\/\"},\"wordCount\":315,\"commentCount\":0,\"publisher\":{\"@id\":\"https:\\\/\\\/www.subaru.es\\\/blog\\\/#organization\"},\"image\":{\"@id\":\"https:\\\/\\\/www.subaru.es\\\/blog\\\/nuestra-marca\\\/rally-cataluna-costa-dorada-rally-de-espana-2%c2%aa-etapa\\\/#primaryimage\"},\"thumbnailUrl\":\"https:\\\/\\\/www.subaru.es\\\/blog\\\/wp-content\\\/uploads\\\/2007\\\/10\\\/nota3.jpg\",\"articleSection\":[\"Nuestra marca\"],\"inLanguage\":\"es\",\"potentialAction\":[{\"@type\":\"CommentAction\",\"name\":\"Comment\",\"target\":[\"https:\\\/\\\/www.subaru.es\\\/blog\\\/nuestra-marca\\\/rally-cataluna-costa-dorada-rally-de-espana-2%c2%aa-etapa\\\/#respond\"]}]},{\"@type\":\"WebPage\",\"@id\":\"https:\\\/\\\/www.subaru.es\\\/blog\\\/nuestra-marca\\\/rally-cataluna-costa-dorada-rally-de-espana-2%c2%aa-etapa\\\/\",\"url\":\"https:\\\/\\\/www.subaru.es\\\/blog\\\/nuestra-marca\\\/rally-cataluna-costa-dorada-rally-de-espana-2%c2%aa-etapa\\\/\",\"name\":\"Rally Catalu\u00f1a-Costa Dorada, Rally de Espa\u00f1a-2\u00aa etapa - Universo Subaru\",\"isPartOf\":{\"@id\":\"https:\\\/\\\/www.subaru.es\\\/blog\\\/#website\"},\"primaryImageOfPage\":{\"@id\":\"https:\\\/\\\/www.subaru.es\\\/blog\\\/nuestra-marca\\\/rally-cataluna-costa-dorada-rally-de-espana-2%c2%aa-etapa\\\/#primaryimage\"},\"image\":{\"@id\":\"https:\\\/\\\/www.subaru.es\\\/blog\\\/nuestra-marca\\\/rally-cataluna-costa-dorada-rally-de-espana-2%c2%aa-etapa\\\/#primaryimage\"},\"thumbnailUrl\":\"https:\\\/\\\/www.subaru.es\\\/blog\\\/wp-content\\\/uploads\\\/2007\\\/10\\\/nota3.jpg\",\"datePublished\":\"2007-10-15T10:56:31+00:00\",\"dateModified\":\"2016-10-17T13:11:39+00:00\",\"breadcrumb\":{\"@id\":\"https:\\\/\\\/www.subaru.es\\\/blog\\\/nuestra-marca\\\/rally-cataluna-costa-dorada-rally-de-espana-2%c2%aa-etapa\\\/#breadcrumb\"},\"inLanguage\":\"es\",\"potentialAction\":[{\"@type\":\"ReadAction\",\"target\":[\"https:\\\/\\\/www.subaru.es\\\/blog\\\/nuestra-marca\\\/rally-cataluna-costa-dorada-rally-de-espana-2%c2%aa-etapa\\\/\"]}]},{\"@type\":\"ImageObject\",\"inLanguage\":\"es\",\"@id\":\"https:\\\/\\\/www.subaru.es\\\/blog\\\/nuestra-marca\\\/rally-cataluna-costa-dorada-rally-de-espana-2%c2%aa-etapa\\\/#primaryimage\",\"url\":\"https:\\\/\\\/www.subaru.es\\\/blog\\\/wp-content\\\/uploads\\\/2007\\\/10\\\/nota3.jpg\",\"contentUrl\":\"https:\\\/\\\/www.subaru.es\\\/blog\\\/wp-content\\\/uploads\\\/2007\\\/10\\\/nota3.jpg\",\"width\":743,\"height\":481},{\"@type\":\"BreadcrumbList\",\"@id\":\"https:\\\/\\\/www.subaru.es\\\/blog\\\/nuestra-marca\\\/rally-cataluna-costa-dorada-rally-de-espana-2%c2%aa-etapa\\\/#breadcrumb\",\"itemListElement\":[{\"@type\":\"ListItem\",\"position\":1,\"name\":\"Portada\",\"item\":\"https:\\\/\\\/www.subaru.es\\\/blog\\\/\"},{\"@type\":\"ListItem\",\"position\":2,\"name\":\"Rally Catalu\u00f1a-Costa Dorada, Rally de Espa\u00f1a-2\u00aa etapa\"}]},{\"@type\":\"WebSite\",\"@id\":\"https:\\\/\\\/www.subaru.es\\\/blog\\\/#website\",\"url\":\"https:\\\/\\\/www.subaru.es\\\/blog\\\/\",\"name\":\"Universo Subaru\",\"description\":\"Descubre este apasionante espacio de Subaru donde vas a conocer todo sobre nuestros coches y las experiencias que vivimos con ellos. Si est\u00e1s preparado para dejarte seducir por la filosof\u00eda Subaru, qu\u00e9date con nosotros.\",\"publisher\":{\"@id\":\"https:\\\/\\\/www.subaru.es\\\/blog\\\/#organization\"},\"potentialAction\":[{\"@type\":\"SearchAction\",\"target\":{\"@type\":\"EntryPoint\",\"urlTemplate\":\"https:\\\/\\\/www.subaru.es\\\/blog\\\/?s={search_term_string}\"},\"query-input\":{\"@type\":\"PropertyValueSpecification\",\"valueRequired\":true,\"valueName\":\"search_term_string\"}}],\"inLanguage\":\"es\"},{\"@type\":\"Organization\",\"@id\":\"https:\\\/\\\/www.subaru.es\\\/blog\\\/#organization\",\"name\":\"Subaru Espa\u00f1a S.A.\",\"url\":\"https:\\\/\\\/www.subaru.es\\\/blog\\\/\",\"logo\":{\"@type\":\"ImageObject\",\"inLanguage\":\"es\",\"@id\":\"https:\\\/\\\/www.subaru.es\\\/blog\\\/#\\\/schema\\\/logo\\\/image\\\/\",\"url\":\"https:\\\/\\\/www.subaru.es\\\/blog\\\/wp-content\\\/uploads\\\/2016\\\/12\\\/Logo-Subaru-TypeV_C300-scaled.jpg\",\"contentUrl\":\"https:\\\/\\\/www.subaru.es\\\/blog\\\/wp-content\\\/uploads\\\/2016\\\/12\\\/Logo-Subaru-TypeV_C300-scaled.jpg\",\"width\":2560,\"height\":1864,\"caption\":\"Subaru Espa\u00f1a S.A.\"},\"image\":{\"@id\":\"https:\\\/\\\/www.subaru.es\\\/blog\\\/#\\\/schema\\\/logo\\\/image\\\/\"},\"sameAs\":[\"https:\\\/\\\/www.facebook.com\\\/subaruespana\",\"https:\\\/\\\/www.instagram.com\\\/subarues\\\/\",\"https:\\\/\\\/www.youtube.com\\\/user\\\/subaruespana\"]},{\"@type\":\"Person\",\"@id\":\"https:\\\/\\\/www.subaru.es\\\/blog\\\/#\\\/schema\\\/person\\\/19a90b892230b8e0ec752704ddf4aa10\",\"name\":\"Subaru\",\"url\":\"https:\\\/\\\/www.subaru.es\\\/blog\\\/author\\\/subaria\\\/\"}]}<\/script>\n<!-- \/ Yoast SEO plugin. -->","yoast_head_json":{"title":"Rally Catalu\u00f1a-Costa Dorada, Rally de Espa\u00f1a-2\u00aa etapa - Universo Subaru","robots":{"index":"index","follow":"follow","max-snippet":"max-snippet:-1","max-image-preview":"max-image-preview:large","max-video-preview":"max-video-preview:-1"},"canonical":"https:\/\/www.subaru.es\/blog\/nuestra-marca\/rally-cataluna-costa-dorada-rally-de-espana-2\u00aa-etapa\/","og_locale":"es_ES","og_type":"article","og_title":"Rally Catalu\u00f1a-Costa Dorada, Rally de Espa\u00f1a-2\u00aa etapa - Universo Subaru","og_description":"A pesar de conseguir algunos tiempos entre los cuatro primeros, el tr\u00edo de Subaru World Rally Team, Petter Solberg, Chris Atkinson y Xevi Pons siguen en la misma posici\u00f3n que al final de la primera etapa. A falta de un d\u00eda de competici\u00f3n, los pilotos siguen en sexto, octavo y noveno lugar, respectivamente. Petter Solberg: [&hellip;]","og_url":"https:\/\/www.subaru.es\/blog\/nuestra-marca\/rally-cataluna-costa-dorada-rally-de-espana-2\u00aa-etapa\/","og_site_name":"Universo Subaru","article_publisher":"https:\/\/www.facebook.com\/subaruespana","article_published_time":"2007-10-15T10:56:31+00:00","article_modified_time":"2016-10-17T13:11:39+00:00","og_image":[{"width":743,"height":481,"url":"https:\/\/www.subaru.es\/blog\/wp-content\/uploads\/2007\/10\/nota3.jpg","type":"image\/jpeg"}],"author":"Subaru","twitter_card":"summary_large_image","twitter_misc":{"Escrito por":"Subaru","Tiempo de lectura":"2 minutos"},"schema":{"@context":"https:\/\/schema.org","@graph":[{"@type":"Article","@id":"https:\/\/www.subaru.es\/blog\/nuestra-marca\/rally-cataluna-costa-dorada-rally-de-espana-2%c2%aa-etapa\/#article","isPartOf":{"@id":"https:\/\/www.subaru.es\/blog\/nuestra-marca\/rally-cataluna-costa-dorada-rally-de-espana-2%c2%aa-etapa\/"},"author":{"name":"Subaru","@id":"https:\/\/www.subaru.es\/blog\/#\/schema\/person\/19a90b892230b8e0ec752704ddf4aa10"},"headline":"Rally Catalu\u00f1a-Costa Dorada, Rally de Espa\u00f1a-2\u00aa etapa","datePublished":"2007-10-15T10:56:31+00:00","dateModified":"2016-10-17T13:11:39+00:00","mainEntityOfPage":{"@id":"https:\/\/www.subaru.es\/blog\/nuestra-marca\/rally-cataluna-costa-dorada-rally-de-espana-2%c2%aa-etapa\/"},"wordCount":315,"commentCount":0,"publisher":{"@id":"https:\/\/www.subaru.es\/blog\/#organization"},"image":{"@id":"https:\/\/www.subaru.es\/blog\/nuestra-marca\/rally-cataluna-costa-dorada-rally-de-espana-2%c2%aa-etapa\/#primaryimage"},"thumbnailUrl":"https:\/\/www.subaru.es\/blog\/wp-content\/uploads\/2007\/10\/nota3.jpg","articleSection":["Nuestra marca"],"inLanguage":"es","potentialAction":[{"@type":"CommentAction","name":"Comment","target":["https:\/\/www.subaru.es\/blog\/nuestra-marca\/rally-cataluna-costa-dorada-rally-de-espana-2%c2%aa-etapa\/#respond"]}]},{"@type":"WebPage","@id":"https:\/\/www.subaru.es\/blog\/nuestra-marca\/rally-cataluna-costa-dorada-rally-de-espana-2%c2%aa-etapa\/","url":"https:\/\/www.subaru.es\/blog\/nuestra-marca\/rally-cataluna-costa-dorada-rally-de-espana-2%c2%aa-etapa\/","name":"Rally Catalu\u00f1a-Costa Dorada, Rally de Espa\u00f1a-2\u00aa etapa - Universo Subaru","isPartOf":{"@id":"https:\/\/www.subaru.es\/blog\/#website"},"primaryImageOfPage":{"@id":"https:\/\/www.subaru.es\/blog\/nuestra-marca\/rally-cataluna-costa-dorada-rally-de-espana-2%c2%aa-etapa\/#primaryimage"},"image":{"@id":"https:\/\/www.subaru.es\/blog\/nuestra-marca\/rally-cataluna-costa-dorada-rally-de-espana-2%c2%aa-etapa\/#primaryimage"},"thumbnailUrl":"https:\/\/www.subaru.es\/blog\/wp-content\/uploads\/2007\/10\/nota3.jpg","datePublished":"2007-10-15T10:56:31+00:00","dateModified":"2016-10-17T13:11:39+00:00","breadcrumb":{"@id":"https:\/\/www.subaru.es\/blog\/nuestra-marca\/rally-cataluna-costa-dorada-rally-de-espana-2%c2%aa-etapa\/#breadcrumb"},"inLanguage":"es","potentialAction":[{"@type":"ReadAction","target":["https:\/\/www.subaru.es\/blog\/nuestra-marca\/rally-cataluna-costa-dorada-rally-de-espana-2%c2%aa-etapa\/"]}]},{"@type":"ImageObject","inLanguage":"es","@id":"https:\/\/www.subaru.es\/blog\/nuestra-marca\/rally-cataluna-costa-dorada-rally-de-espana-2%c2%aa-etapa\/#primaryimage","url":"https:\/\/www.subaru.es\/blog\/wp-content\/uploads\/2007\/10\/nota3.jpg","contentUrl":"https:\/\/www.subaru.es\/blog\/wp-content\/uploads\/2007\/10\/nota3.jpg","width":743,"height":481},{"@type":"BreadcrumbList","@id":"https:\/\/www.subaru.es\/blog\/nuestra-marca\/rally-cataluna-costa-dorada-rally-de-espana-2%c2%aa-etapa\/#breadcrumb","itemListElement":[{"@type":"ListItem","position":1,"name":"Portada","item":"https:\/\/www.subaru.es\/blog\/"},{"@type":"ListItem","position":2,"name":"Rally Catalu\u00f1a-Costa Dorada, Rally de Espa\u00f1a-2\u00aa etapa"}]},{"@type":"WebSite","@id":"https:\/\/www.subaru.es\/blog\/#website","url":"https:\/\/www.subaru.es\/blog\/","name":"Universo Subaru","description":"Descubre este apasionante espacio de Subaru donde vas a conocer todo sobre nuestros coches y las experiencias que vivimos con ellos. Si est\u00e1s preparado para dejarte seducir por la filosof\u00eda Subaru, qu\u00e9date con nosotros.","publisher":{"@id":"https:\/\/www.subaru.es\/blog\/#organization"},"potentialAction":[{"@type":"SearchAction","target":{"@type":"EntryPoint","urlTemplate":"https:\/\/www.subaru.es\/blog\/?s={search_term_string}"},"query-input":{"@type":"PropertyValueSpecification","valueRequired":true,"valueName":"search_term_string"}}],"inLanguage":"es"},{"@type":"Organization","@id":"https:\/\/www.subaru.es\/blog\/#organization","name":"Subaru Espa\u00f1a S.A.","url":"https:\/\/www.subaru.es\/blog\/","logo":{"@type":"ImageObject","inLanguage":"es","@id":"https:\/\/www.subaru.es\/blog\/#\/schema\/logo\/image\/","url":"https:\/\/www.subaru.es\/blog\/wp-content\/uploads\/2016\/12\/Logo-Subaru-TypeV_C300-scaled.jpg","contentUrl":"https:\/\/www.subaru.es\/blog\/wp-content\/uploads\/2016\/12\/Logo-Subaru-TypeV_C300-scaled.jpg","width":2560,"height":1864,"caption":"Subaru Espa\u00f1a S.A."},"image":{"@id":"https:\/\/www.subaru.es\/blog\/#\/schema\/logo\/image\/"},"sameAs":["https:\/\/www.facebook.com\/subaruespana","https:\/\/www.instagram.com\/subarues\/","https:\/\/www.youtube.com\/user\/subaruespana"]},{"@type":"Person","@id":"https:\/\/www.subaru.es\/blog\/#\/schema\/person\/19a90b892230b8e0ec752704ddf4aa10","name":"Subaru","url":"https:\/\/www.subaru.es\/blog\/author\/subaria\/"}]}},"_links":{"self":[{"href":"https:\/\/www.subaru.es\/blog\/wp-json\/wp\/v2\/posts\/296","targetHints":{"allow":["GET"]}}],"collection":[{"href":"https:\/\/www.subaru.es\/blog\/wp-json\/wp\/v2\/posts"}],"about":[{"href":"https:\/\/www.subaru.es\/blog\/wp-json\/wp\/v2\/types\/post"}],"author":[{"embeddable":true,"href":"https:\/\/www.subaru.es\/blog\/wp-json\/wp\/v2\/users\/21"}],"replies":[{"embeddable":true,"href":"https:\/\/www.subaru.es\/blog\/wp-json\/wp\/v2\/comments?post=296"}],"version-history":[{"count":1,"href":"https:\/\/www.subaru.es\/blog\/wp-json\/wp\/v2\/posts\/296\/revisions"}],"predecessor-version":[{"id":15775,"href":"https:\/\/www.subaru.es\/blog\/wp-json\/wp\/v2\/posts\/296\/revisions\/15775"}],"wp:featuredmedia":[{"embeddable":true,"href":"https:\/\/www.subaru.es\/blog\/wp-json\/wp\/v2\/media\/295"}],"wp:attachment":[{"href":"https:\/\/www.subaru.es\/blog\/wp-json\/wp\/v2\/media?parent=296"}],"wp:term":[{"taxonomy":"category","embeddable":true,"href":"https:\/\/www.subaru.es\/blog\/wp-json\/wp\/v2\/categories?post=296"},{"taxonomy":"post_tag","embeddable":true,"href":"https:\/\/www.subaru.es\/blog\/wp-json\/wp\/v2\/tags?post=296"}],"curies":[{"name":"wp","href":"https:\/\/api.w.org\/{rel}","templated":true}]}}