{"id":294,"date":"2007-10-15T12:38:00","date_gmt":"2007-10-15T10:38:00","guid":{"rendered":"http:\/\/subaru.preproduccion.com\/blog\/wp-content\/2007\/10\/15\/rally-cataluna-costa-dorada-rally-de-espana-1%c2%aa-etapa\/"},"modified":"2016-10-17T15:11:39","modified_gmt":"2016-10-17T13:11:39","slug":"rally-cataluna-costa-dorada-rally-de-espana-1%c2%aa-etapa","status":"publish","type":"post","link":"https:\/\/www.subaru.es\/blog\/nuestra-marca\/rally-cataluna-costa-dorada-rally-de-espana-1%c2%aa-etapa\/","title":{"rendered":"Rally Catalu\u00f1a-Costa Dorada, Rally de Espa\u00f1a-1\u00aa etapa"},"content":{"rendered":"<p><strong>El equipo Subaru World Rally Team tiene sus tres coches entre los diez primeros al final de la primera etapa., despu\u00e9s de una dura jornada en las pistas de asfalto del Rally de Catalunya.<\/strong><\/p>\n<p><center><img data-src='https:\/\/www.subaru.es\/blog\/wp-content\/uploads\/2007\/10\/notaprensa2.jpg' alt='nota2' src='data:image\/svg+xml;base64,PHN2ZyB3aWR0aD0iMSIgaGVpZ2h0PSIxIiB4bWxucz0iaHR0cDovL3d3dy53My5vcmcvMjAwMC9zdmciPjwvc3ZnPg==' class='lazyload' style='--smush-placeholder-width: 400px; --smush-placeholder-aspect-ratio: 400\/248;' \/><\/center><\/p>\n<p><strong>Petter Solberg y Phil Mills<\/strong> han tenido un buen d\u00eda y han terminado la ES 6 en una s\u00f3lida cuarta posici\u00f3n, mientras <strong>Chris Atkinson <\/strong>ha acabado la primera etapa 8\u00ba a pesar de un <strong>peque\u00f1o incidente <\/strong>en el que por suerte no se ha da\u00f1ado el coche.<\/p>\n<p>Tras una sesi\u00f3n de shakedown alentadora en la que <a href=\"http:\/\/www.xevipons.com\">Xevi Pons<\/a> acab\u00f3 segundo, el viernes por la ma\u00f1ana ha sido m\u00e1s complicado para el piloto local de Subaru, que sin embargo ha logrado terminar el d\u00eda en <strong>novena posici\u00f3n <\/strong>a pesar de sufrir problemas de frenos durante el primer bucle de tramos.<\/p>\n<p><strong>Petter Solberg<\/strong><\/p>\n<blockquote><p>Hoy no hemos tenido problemas graves. El tiempo ha puesto las cosas <strong>interesantes <\/strong>y a veces ha sido <strong>complicado<\/strong>, pero en general estoy contento con mi actuaci\u00f3n aqu\u00ed. Ma\u00f1ana intentaremos hacer lo mismo otra vez, pero siempre intentamos <strong>mejorar e intentaremos <\/strong>superar a Duval.<\/p><\/blockquote>\n<p><strong>Chris Atkinson<\/strong><\/p>\n<blockquote><p>Ha ido bien. No empezamos con demasiada suerte, ya que hicimos una mala elecci\u00f3n de neum\u00e1ticos por la ma\u00f1ana y la lluvia de la tarde nos ha puesto las cosas dif\u00edciles, pero es bueno conseguir experiencia en estas condiciones. Esta noche haremos algunos cambios en el coche y veremos si ma\u00f1ana podemos ir m\u00e1s r\u00e1pido.. Creo que podemos subir una posici\u00f3n pero depende de c\u00f3mo vaya.<\/p><\/blockquote>\n<p><strong>Xevi Pons<\/strong><\/p>\n<blockquote><p>Ha sido un d\u00eda dif\u00edcil para m\u00ed. Hemos tenido algunos problemas con los frenos por la ma\u00f1ana y en<strong> la \u00faltima especial <\/strong>se me han roto los limpiaparabrisas justo cuando empezaba a llover, as\u00ed que no ha sido demasiado positivo. S\u00ed, estamos en novena posici\u00f3n y a\u00fan queda mucho rally, pero conseguir un buen resultado en este rally ser\u00e1 muy dif\u00edcil. Ma\u00f1ana lo har\u00e9 lo mejor posible, pero por ahora voy a prepararme para el pr\u00f3ximo <strong>rally en C\u00f3rcega <\/strong>adem\u00e1s de competir en este.<\/p><\/blockquote>\n<p><strong>Richard Taylor<\/strong>, director del <a href=\"http:\/\/www.swrt.com\/\">Subaru World Rally Team<\/a><\/p>\n<blockquote><p>Despu\u00e9s del buen ritmo que <strong>mostramos sobre asfalto en Alemania <\/strong>y en las pruebas en Espa\u00f1a, hoy ha sido un <strong>d\u00eda decepcionante <\/strong>para el equipo. Los resultados no han sido los que esper\u00e1bamos, as\u00ed que esta noche tendremos que comprobar nuestros datos <strong>cuidadosamente <\/strong>y salir ma\u00f1ana para intentar alcanzar a los coches de delante.<\/p><\/blockquote>\n","protected":false},"excerpt":{"rendered":"<p>El equipo Subaru World Rally Team tiene sus tres coches entre los diez primeros al final de la primera etapa., despu\u00e9s de una dura jornada en las pistas de asfalto del Rally de Catalunya. Petter Solberg y Phil Mills han tenido un buen d\u00eda y han terminado la ES 6 en una s\u00f3lida cuarta posici\u00f3n, [&hellip;]<\/p>\n","protected":false},"author":21,"featured_media":293,"comment_status":"open","ping_status":"open","sticky":false,"template":"","format":"standard","meta":{"_acf_changed":false,"_eb_attr":"","inline_featured_image":false,"footnotes":""},"categories":[4401],"tags":[],"class_list":["post-294","post","type-post","status-publish","format-standard","has-post-thumbnail","hentry","category-nuestra-marca"],"acf":[],"yoast_head":"<!-- This site is optimized with the Yoast SEO plugin v27.3 - https:\/\/yoast.com\/product\/yoast-seo-wordpress\/ -->\n<title>Rally Catalu\u00f1a-Costa Dorada, Rally de Espa\u00f1a-1\u00aa etapa - Universo Subaru<\/title>\n<meta name=\"robots\" content=\"index, follow, max-snippet:-1, max-image-preview:large, max-video-preview:-1\" \/>\n<link rel=\"canonical\" href=\"https:\/\/www.subaru.es\/blog\/nuestra-marca\/rally-cataluna-costa-dorada-rally-de-espana-1\u00aa-etapa\/\" \/>\n<meta property=\"og:locale\" content=\"es_ES\" \/>\n<meta property=\"og:type\" content=\"article\" \/>\n<meta property=\"og:title\" content=\"Rally Catalu\u00f1a-Costa Dorada, Rally de Espa\u00f1a-1\u00aa etapa - Universo Subaru\" \/>\n<meta property=\"og:description\" content=\"El equipo Subaru World Rally Team tiene sus tres coches entre los diez primeros al final de la primera etapa., despu\u00e9s de una dura jornada en las pistas de asfalto del Rally de Catalunya. Petter Solberg y Phil Mills han tenido un buen d\u00eda y han terminado la ES 6 en una s\u00f3lida cuarta posici\u00f3n, [&hellip;]\" \/>\n<meta property=\"og:url\" content=\"https:\/\/www.subaru.es\/blog\/nuestra-marca\/rally-cataluna-costa-dorada-rally-de-espana-1\u00aa-etapa\/\" \/>\n<meta property=\"og:site_name\" content=\"Universo Subaru\" \/>\n<meta property=\"article:publisher\" content=\"https:\/\/www.facebook.com\/subaruespana\" \/>\n<meta property=\"article:published_time\" content=\"2007-10-15T10:38:00+00:00\" \/>\n<meta property=\"article:modified_time\" content=\"2016-10-17T13:11:39+00:00\" \/>\n<meta property=\"og:image\" content=\"https:\/\/www.subaru.es\/blog\/wp-content\/uploads\/2007\/10\/notaprensa2.jpg\" \/>\n\t<meta property=\"og:image:width\" content=\"400\" \/>\n\t<meta property=\"og:image:height\" content=\"248\" \/>\n\t<meta property=\"og:image:type\" content=\"image\/jpeg\" \/>\n<meta name=\"author\" content=\"Subaru\" \/>\n<meta name=\"twitter:card\" content=\"summary_large_image\" \/>\n<meta name=\"twitter:label1\" content=\"Escrito por\" \/>\n\t<meta name=\"twitter:data1\" content=\"Subaru\" \/>\n\t<meta name=\"twitter:label2\" content=\"Tiempo de lectura\" \/>\n\t<meta name=\"twitter:data2\" content=\"2 minutos\" \/>\n<script type=\"application\/ld+json\" class=\"yoast-schema-graph\">{\"@context\":\"https:\\\/\\\/schema.org\",\"@graph\":[{\"@type\":\"Article\",\"@id\":\"https:\\\/\\\/www.subaru.es\\\/blog\\\/nuestra-marca\\\/rally-cataluna-costa-dorada-rally-de-espana-1%c2%aa-etapa\\\/#article\",\"isPartOf\":{\"@id\":\"https:\\\/\\\/www.subaru.es\\\/blog\\\/nuestra-marca\\\/rally-cataluna-costa-dorada-rally-de-espana-1%c2%aa-etapa\\\/\"},\"author\":{\"name\":\"Subaru\",\"@id\":\"https:\\\/\\\/www.subaru.es\\\/blog\\\/#\\\/schema\\\/person\\\/19a90b892230b8e0ec752704ddf4aa10\"},\"headline\":\"Rally Catalu\u00f1a-Costa Dorada, Rally de Espa\u00f1a-1\u00aa etapa\",\"datePublished\":\"2007-10-15T10:38:00+00:00\",\"dateModified\":\"2016-10-17T13:11:39+00:00\",\"mainEntityOfPage\":{\"@id\":\"https:\\\/\\\/www.subaru.es\\\/blog\\\/nuestra-marca\\\/rally-cataluna-costa-dorada-rally-de-espana-1%c2%aa-etapa\\\/\"},\"wordCount\":439,\"commentCount\":0,\"publisher\":{\"@id\":\"https:\\\/\\\/www.subaru.es\\\/blog\\\/#organization\"},\"image\":{\"@id\":\"https:\\\/\\\/www.subaru.es\\\/blog\\\/nuestra-marca\\\/rally-cataluna-costa-dorada-rally-de-espana-1%c2%aa-etapa\\\/#primaryimage\"},\"thumbnailUrl\":\"https:\\\/\\\/www.subaru.es\\\/blog\\\/wp-content\\\/uploads\\\/2007\\\/10\\\/notaprensa2.jpg\",\"articleSection\":[\"Nuestra marca\"],\"inLanguage\":\"es\",\"potentialAction\":[{\"@type\":\"CommentAction\",\"name\":\"Comment\",\"target\":[\"https:\\\/\\\/www.subaru.es\\\/blog\\\/nuestra-marca\\\/rally-cataluna-costa-dorada-rally-de-espana-1%c2%aa-etapa\\\/#respond\"]}]},{\"@type\":\"WebPage\",\"@id\":\"https:\\\/\\\/www.subaru.es\\\/blog\\\/nuestra-marca\\\/rally-cataluna-costa-dorada-rally-de-espana-1%c2%aa-etapa\\\/\",\"url\":\"https:\\\/\\\/www.subaru.es\\\/blog\\\/nuestra-marca\\\/rally-cataluna-costa-dorada-rally-de-espana-1%c2%aa-etapa\\\/\",\"name\":\"Rally Catalu\u00f1a-Costa Dorada, Rally de Espa\u00f1a-1\u00aa etapa - Universo Subaru\",\"isPartOf\":{\"@id\":\"https:\\\/\\\/www.subaru.es\\\/blog\\\/#website\"},\"primaryImageOfPage\":{\"@id\":\"https:\\\/\\\/www.subaru.es\\\/blog\\\/nuestra-marca\\\/rally-cataluna-costa-dorada-rally-de-espana-1%c2%aa-etapa\\\/#primaryimage\"},\"image\":{\"@id\":\"https:\\\/\\\/www.subaru.es\\\/blog\\\/nuestra-marca\\\/rally-cataluna-costa-dorada-rally-de-espana-1%c2%aa-etapa\\\/#primaryimage\"},\"thumbnailUrl\":\"https:\\\/\\\/www.subaru.es\\\/blog\\\/wp-content\\\/uploads\\\/2007\\\/10\\\/notaprensa2.jpg\",\"datePublished\":\"2007-10-15T10:38:00+00:00\",\"dateModified\":\"2016-10-17T13:11:39+00:00\",\"breadcrumb\":{\"@id\":\"https:\\\/\\\/www.subaru.es\\\/blog\\\/nuestra-marca\\\/rally-cataluna-costa-dorada-rally-de-espana-1%c2%aa-etapa\\\/#breadcrumb\"},\"inLanguage\":\"es\",\"potentialAction\":[{\"@type\":\"ReadAction\",\"target\":[\"https:\\\/\\\/www.subaru.es\\\/blog\\\/nuestra-marca\\\/rally-cataluna-costa-dorada-rally-de-espana-1%c2%aa-etapa\\\/\"]}]},{\"@type\":\"ImageObject\",\"inLanguage\":\"es\",\"@id\":\"https:\\\/\\\/www.subaru.es\\\/blog\\\/nuestra-marca\\\/rally-cataluna-costa-dorada-rally-de-espana-1%c2%aa-etapa\\\/#primaryimage\",\"url\":\"https:\\\/\\\/www.subaru.es\\\/blog\\\/wp-content\\\/uploads\\\/2007\\\/10\\\/notaprensa2.jpg\",\"contentUrl\":\"https:\\\/\\\/www.subaru.es\\\/blog\\\/wp-content\\\/uploads\\\/2007\\\/10\\\/notaprensa2.jpg\",\"width\":400,\"height\":248},{\"@type\":\"BreadcrumbList\",\"@id\":\"https:\\\/\\\/www.subaru.es\\\/blog\\\/nuestra-marca\\\/rally-cataluna-costa-dorada-rally-de-espana-1%c2%aa-etapa\\\/#breadcrumb\",\"itemListElement\":[{\"@type\":\"ListItem\",\"position\":1,\"name\":\"Portada\",\"item\":\"https:\\\/\\\/www.subaru.es\\\/blog\\\/\"},{\"@type\":\"ListItem\",\"position\":2,\"name\":\"Rally Catalu\u00f1a-Costa Dorada, Rally de Espa\u00f1a-1\u00aa etapa\"}]},{\"@type\":\"WebSite\",\"@id\":\"https:\\\/\\\/www.subaru.es\\\/blog\\\/#website\",\"url\":\"https:\\\/\\\/www.subaru.es\\\/blog\\\/\",\"name\":\"Universo Subaru\",\"description\":\"Descubre este apasionante espacio de Subaru donde vas a conocer todo sobre nuestros coches y las experiencias que vivimos con ellos. Si est\u00e1s preparado para dejarte seducir por la filosof\u00eda Subaru, qu\u00e9date con nosotros.\",\"publisher\":{\"@id\":\"https:\\\/\\\/www.subaru.es\\\/blog\\\/#organization\"},\"potentialAction\":[{\"@type\":\"SearchAction\",\"target\":{\"@type\":\"EntryPoint\",\"urlTemplate\":\"https:\\\/\\\/www.subaru.es\\\/blog\\\/?s={search_term_string}\"},\"query-input\":{\"@type\":\"PropertyValueSpecification\",\"valueRequired\":true,\"valueName\":\"search_term_string\"}}],\"inLanguage\":\"es\"},{\"@type\":\"Organization\",\"@id\":\"https:\\\/\\\/www.subaru.es\\\/blog\\\/#organization\",\"name\":\"Subaru Espa\u00f1a S.A.\",\"url\":\"https:\\\/\\\/www.subaru.es\\\/blog\\\/\",\"logo\":{\"@type\":\"ImageObject\",\"inLanguage\":\"es\",\"@id\":\"https:\\\/\\\/www.subaru.es\\\/blog\\\/#\\\/schema\\\/logo\\\/image\\\/\",\"url\":\"https:\\\/\\\/www.subaru.es\\\/blog\\\/wp-content\\\/uploads\\\/2016\\\/12\\\/Logo-Subaru-TypeV_C300-scaled.jpg\",\"contentUrl\":\"https:\\\/\\\/www.subaru.es\\\/blog\\\/wp-content\\\/uploads\\\/2016\\\/12\\\/Logo-Subaru-TypeV_C300-scaled.jpg\",\"width\":2560,\"height\":1864,\"caption\":\"Subaru Espa\u00f1a S.A.\"},\"image\":{\"@id\":\"https:\\\/\\\/www.subaru.es\\\/blog\\\/#\\\/schema\\\/logo\\\/image\\\/\"},\"sameAs\":[\"https:\\\/\\\/www.facebook.com\\\/subaruespana\",\"https:\\\/\\\/www.instagram.com\\\/subarues\\\/\",\"https:\\\/\\\/www.youtube.com\\\/user\\\/subaruespana\"]},{\"@type\":\"Person\",\"@id\":\"https:\\\/\\\/www.subaru.es\\\/blog\\\/#\\\/schema\\\/person\\\/19a90b892230b8e0ec752704ddf4aa10\",\"name\":\"Subaru\",\"url\":\"https:\\\/\\\/www.subaru.es\\\/blog\\\/author\\\/subaria\\\/\"}]}<\/script>\n<!-- \/ Yoast SEO plugin. -->","yoast_head_json":{"title":"Rally Catalu\u00f1a-Costa Dorada, Rally de Espa\u00f1a-1\u00aa etapa - Universo Subaru","robots":{"index":"index","follow":"follow","max-snippet":"max-snippet:-1","max-image-preview":"max-image-preview:large","max-video-preview":"max-video-preview:-1"},"canonical":"https:\/\/www.subaru.es\/blog\/nuestra-marca\/rally-cataluna-costa-dorada-rally-de-espana-1\u00aa-etapa\/","og_locale":"es_ES","og_type":"article","og_title":"Rally Catalu\u00f1a-Costa Dorada, Rally de Espa\u00f1a-1\u00aa etapa - Universo Subaru","og_description":"El equipo Subaru World Rally Team tiene sus tres coches entre los diez primeros al final de la primera etapa., despu\u00e9s de una dura jornada en las pistas de asfalto del Rally de Catalunya. Petter Solberg y Phil Mills han tenido un buen d\u00eda y han terminado la ES 6 en una s\u00f3lida cuarta posici\u00f3n, [&hellip;]","og_url":"https:\/\/www.subaru.es\/blog\/nuestra-marca\/rally-cataluna-costa-dorada-rally-de-espana-1\u00aa-etapa\/","og_site_name":"Universo Subaru","article_publisher":"https:\/\/www.facebook.com\/subaruespana","article_published_time":"2007-10-15T10:38:00+00:00","article_modified_time":"2016-10-17T13:11:39+00:00","og_image":[{"width":400,"height":248,"url":"https:\/\/www.subaru.es\/blog\/wp-content\/uploads\/2007\/10\/notaprensa2.jpg","type":"image\/jpeg"}],"author":"Subaru","twitter_card":"summary_large_image","twitter_misc":{"Escrito por":"Subaru","Tiempo de lectura":"2 minutos"},"schema":{"@context":"https:\/\/schema.org","@graph":[{"@type":"Article","@id":"https:\/\/www.subaru.es\/blog\/nuestra-marca\/rally-cataluna-costa-dorada-rally-de-espana-1%c2%aa-etapa\/#article","isPartOf":{"@id":"https:\/\/www.subaru.es\/blog\/nuestra-marca\/rally-cataluna-costa-dorada-rally-de-espana-1%c2%aa-etapa\/"},"author":{"name":"Subaru","@id":"https:\/\/www.subaru.es\/blog\/#\/schema\/person\/19a90b892230b8e0ec752704ddf4aa10"},"headline":"Rally Catalu\u00f1a-Costa Dorada, Rally de Espa\u00f1a-1\u00aa etapa","datePublished":"2007-10-15T10:38:00+00:00","dateModified":"2016-10-17T13:11:39+00:00","mainEntityOfPage":{"@id":"https:\/\/www.subaru.es\/blog\/nuestra-marca\/rally-cataluna-costa-dorada-rally-de-espana-1%c2%aa-etapa\/"},"wordCount":439,"commentCount":0,"publisher":{"@id":"https:\/\/www.subaru.es\/blog\/#organization"},"image":{"@id":"https:\/\/www.subaru.es\/blog\/nuestra-marca\/rally-cataluna-costa-dorada-rally-de-espana-1%c2%aa-etapa\/#primaryimage"},"thumbnailUrl":"https:\/\/www.subaru.es\/blog\/wp-content\/uploads\/2007\/10\/notaprensa2.jpg","articleSection":["Nuestra marca"],"inLanguage":"es","potentialAction":[{"@type":"CommentAction","name":"Comment","target":["https:\/\/www.subaru.es\/blog\/nuestra-marca\/rally-cataluna-costa-dorada-rally-de-espana-1%c2%aa-etapa\/#respond"]}]},{"@type":"WebPage","@id":"https:\/\/www.subaru.es\/blog\/nuestra-marca\/rally-cataluna-costa-dorada-rally-de-espana-1%c2%aa-etapa\/","url":"https:\/\/www.subaru.es\/blog\/nuestra-marca\/rally-cataluna-costa-dorada-rally-de-espana-1%c2%aa-etapa\/","name":"Rally Catalu\u00f1a-Costa Dorada, Rally de Espa\u00f1a-1\u00aa etapa - Universo Subaru","isPartOf":{"@id":"https:\/\/www.subaru.es\/blog\/#website"},"primaryImageOfPage":{"@id":"https:\/\/www.subaru.es\/blog\/nuestra-marca\/rally-cataluna-costa-dorada-rally-de-espana-1%c2%aa-etapa\/#primaryimage"},"image":{"@id":"https:\/\/www.subaru.es\/blog\/nuestra-marca\/rally-cataluna-costa-dorada-rally-de-espana-1%c2%aa-etapa\/#primaryimage"},"thumbnailUrl":"https:\/\/www.subaru.es\/blog\/wp-content\/uploads\/2007\/10\/notaprensa2.jpg","datePublished":"2007-10-15T10:38:00+00:00","dateModified":"2016-10-17T13:11:39+00:00","breadcrumb":{"@id":"https:\/\/www.subaru.es\/blog\/nuestra-marca\/rally-cataluna-costa-dorada-rally-de-espana-1%c2%aa-etapa\/#breadcrumb"},"inLanguage":"es","potentialAction":[{"@type":"ReadAction","target":["https:\/\/www.subaru.es\/blog\/nuestra-marca\/rally-cataluna-costa-dorada-rally-de-espana-1%c2%aa-etapa\/"]}]},{"@type":"ImageObject","inLanguage":"es","@id":"https:\/\/www.subaru.es\/blog\/nuestra-marca\/rally-cataluna-costa-dorada-rally-de-espana-1%c2%aa-etapa\/#primaryimage","url":"https:\/\/www.subaru.es\/blog\/wp-content\/uploads\/2007\/10\/notaprensa2.jpg","contentUrl":"https:\/\/www.subaru.es\/blog\/wp-content\/uploads\/2007\/10\/notaprensa2.jpg","width":400,"height":248},{"@type":"BreadcrumbList","@id":"https:\/\/www.subaru.es\/blog\/nuestra-marca\/rally-cataluna-costa-dorada-rally-de-espana-1%c2%aa-etapa\/#breadcrumb","itemListElement":[{"@type":"ListItem","position":1,"name":"Portada","item":"https:\/\/www.subaru.es\/blog\/"},{"@type":"ListItem","position":2,"name":"Rally Catalu\u00f1a-Costa Dorada, Rally de Espa\u00f1a-1\u00aa etapa"}]},{"@type":"WebSite","@id":"https:\/\/www.subaru.es\/blog\/#website","url":"https:\/\/www.subaru.es\/blog\/","name":"Universo Subaru","description":"Descubre este apasionante espacio de Subaru donde vas a conocer todo sobre nuestros coches y las experiencias que vivimos con ellos. Si est\u00e1s preparado para dejarte seducir por la filosof\u00eda Subaru, qu\u00e9date con nosotros.","publisher":{"@id":"https:\/\/www.subaru.es\/blog\/#organization"},"potentialAction":[{"@type":"SearchAction","target":{"@type":"EntryPoint","urlTemplate":"https:\/\/www.subaru.es\/blog\/?s={search_term_string}"},"query-input":{"@type":"PropertyValueSpecification","valueRequired":true,"valueName":"search_term_string"}}],"inLanguage":"es"},{"@type":"Organization","@id":"https:\/\/www.subaru.es\/blog\/#organization","name":"Subaru Espa\u00f1a S.A.","url":"https:\/\/www.subaru.es\/blog\/","logo":{"@type":"ImageObject","inLanguage":"es","@id":"https:\/\/www.subaru.es\/blog\/#\/schema\/logo\/image\/","url":"https:\/\/www.subaru.es\/blog\/wp-content\/uploads\/2016\/12\/Logo-Subaru-TypeV_C300-scaled.jpg","contentUrl":"https:\/\/www.subaru.es\/blog\/wp-content\/uploads\/2016\/12\/Logo-Subaru-TypeV_C300-scaled.jpg","width":2560,"height":1864,"caption":"Subaru Espa\u00f1a S.A."},"image":{"@id":"https:\/\/www.subaru.es\/blog\/#\/schema\/logo\/image\/"},"sameAs":["https:\/\/www.facebook.com\/subaruespana","https:\/\/www.instagram.com\/subarues\/","https:\/\/www.youtube.com\/user\/subaruespana"]},{"@type":"Person","@id":"https:\/\/www.subaru.es\/blog\/#\/schema\/person\/19a90b892230b8e0ec752704ddf4aa10","name":"Subaru","url":"https:\/\/www.subaru.es\/blog\/author\/subaria\/"}]}},"_links":{"self":[{"href":"https:\/\/www.subaru.es\/blog\/wp-json\/wp\/v2\/posts\/294","targetHints":{"allow":["GET"]}}],"collection":[{"href":"https:\/\/www.subaru.es\/blog\/wp-json\/wp\/v2\/posts"}],"about":[{"href":"https:\/\/www.subaru.es\/blog\/wp-json\/wp\/v2\/types\/post"}],"author":[{"embeddable":true,"href":"https:\/\/www.subaru.es\/blog\/wp-json\/wp\/v2\/users\/21"}],"replies":[{"embeddable":true,"href":"https:\/\/www.subaru.es\/blog\/wp-json\/wp\/v2\/comments?post=294"}],"version-history":[{"count":1,"href":"https:\/\/www.subaru.es\/blog\/wp-json\/wp\/v2\/posts\/294\/revisions"}],"predecessor-version":[{"id":15776,"href":"https:\/\/www.subaru.es\/blog\/wp-json\/wp\/v2\/posts\/294\/revisions\/15776"}],"wp:featuredmedia":[{"embeddable":true,"href":"https:\/\/www.subaru.es\/blog\/wp-json\/wp\/v2\/media\/293"}],"wp:attachment":[{"href":"https:\/\/www.subaru.es\/blog\/wp-json\/wp\/v2\/media?parent=294"}],"wp:term":[{"taxonomy":"category","embeddable":true,"href":"https:\/\/www.subaru.es\/blog\/wp-json\/wp\/v2\/categories?post=294"},{"taxonomy":"post_tag","embeddable":true,"href":"https:\/\/www.subaru.es\/blog\/wp-json\/wp\/v2\/tags?post=294"}],"curies":[{"name":"wp","href":"https:\/\/api.w.org\/{rel}","templated":true}]}}