{"id":292,"date":"2007-10-15T12:08:51","date_gmt":"2007-10-15T10:08:51","guid":{"rendered":"http:\/\/subaru.preproduccion.com\/blog\/wp-content\/2007\/10\/15\/subaru-rally-catalunya-2007\/"},"modified":"2016-10-17T15:11:39","modified_gmt":"2016-10-17T13:11:39","slug":"subaru-rally-catalunya-2007","status":"publish","type":"post","link":"https:\/\/www.subaru.es\/blog\/nuestra-marca\/subaru-rally-catalunya-2007\/","title":{"rendered":"Subaru Rally Catalunya 2007"},"content":{"rendered":"<p><strong>Despu\u00e9s de un mes de descanso desde el viaje a Nueva Zelanda, el Subaru World Rally Team se dirige a Europa para la primera de dos pruebas seguidas de asfalto.<\/strong> <\/p>\n<p><center><img width=400 data-src='https:\/\/www.subaru.es\/blog\/wp-content\/uploads\/2007\/10\/notaprensa1.jpg' alt='notadeprensa1' src='data:image\/svg+xml;base64,PHN2ZyB3aWR0aD0iMSIgaGVpZ2h0PSIxIiB4bWxucz0iaHR0cDovL3d3dy53My5vcmcvMjAwMC9zdmciPjwvc3ZnPg==' class='lazyload' style='--smush-placeholder-width: 642px; --smush-placeholder-aspect-ratio: 642\/238;' \/><\/center><\/p>\n<p>Para este a\u00f1o, la fecha del <strong>Rally de Catalunya \u2013 Costa Daurada <\/strong>se ha trasladado a la segunda mitad de la temporada, como pas\u00f3 de <strong>2003 a 2005<\/strong>. El a\u00f1o pasado fue la cuarta cita del calendario, con lo que los aficionados espa\u00f1oles no han disfrutado del WRC durante 18 meses, as\u00ed que se espera que las carreteras de las monta\u00f1as de Tarragona est\u00e9n llenas de entusiastas <strong>hambrientos de acci\u00f3n<\/strong>. Es una buena noticia para los h\u00e9roes locales, <a href=\"http:\/\/www.xevipons.com\/\">Xavier Pons<\/a>\/<strong>Xavier Amigo<\/strong>, que participar\u00e1n en su cuarta prueba con el <strong>Subaru <\/strong><strong>Impreza WRC2007 <\/strong>y por primera vez con el equipo en casa. <\/p>\n<p>La ceremonia de salida <strong>tendr\u00e1 lugar en Salou el jueves 4 de octubre a las 19:30h<\/strong>, mientras que los coches pasar\u00e1n por la rampa de llegada para la ceremonia del podio en el mismo sitio a las 15:00h del domingo 7 de octubre.<\/p>\n<p><strong>Richard Taylor<\/strong>, director general del Subaru World Rally Team: <\/p>\n<blockquote><p>El test de asfalto de la semana pasada en <strong>Espa\u00f1a <\/strong>fue alentador y nos permiti\u00f3 continuar mejorando el coche bas\u00e1ndonos en las mejoras de la \u00faltima prueba de asfalto en Alemania. Con una <strong>superficie <\/strong>muy lisa, las condiciones en Espa\u00f1a deber\u00edan sernos favorables y esperamos aprovechar las \u00faltimas mejoras para acabar con <strong>Petter, Chris y Xevi <\/strong>en los puntos. Al ser el rally de casa de Xevi, tiene una gran cantidad de fans en Catalunya y sin duda luchar\u00e1 por lograr su mejor resultado con Subaru ante su afici\u00f3n.<\/p><\/blockquote>\n<p><strong>Paul Howarth,<\/strong> director de operaciones del Subaru World Rally Team: <\/p>\n<blockquote><p>Durante <strong>el test de asfalto en Espa\u00f1a <\/strong>conseguimos rodar mucho con cada piloto, trabajando en una superficie en la que fuimos competitivos en Alemania. Espa\u00f1a tiene algo menos de adherencia que Alemania, pero los reglajes, en general, son los mismos y esperamos poder marcar un buen ritmo. Las condiciones meteorol\u00f3gicas y la elecci\u00f3n de neum\u00e1ticos <strong>BFGoodrich <\/strong>ser\u00e1n cruciales para realizar una buena actuaci\u00f3n.<\/p><\/blockquote>\n<p><strong>Petter Solberg:<\/strong><\/p>\n<blockquote><p>El test de asfalto de la semana pasada en Espa\u00f1a fue positivo para nosotros y nos dio la <strong>posibilidad <\/strong>de continuar con el desarrollo de nuestro rendimiento en <strong>asfalto<\/strong>. Hemos hecho algunos progresos con el coche y espero que podamos dar otro paso adelante en Espa\u00f1a. Como equipo sabemos que tenemos<strong> buen ritmo en asfalto <\/strong>y espero lograr un buen resultado el pr\u00f3ximo fin de semana<\/p><\/blockquote>\n<p><strong>Chris Atkinson:<\/strong> <\/p>\n<blockquote><p>Estoy deseando volver de nuevo al asfalto. La prueba fue bien y tuvimos la oportunidad de de mejorar los reglajes. <strong>En Alemania fuimos r\u00e1pidos <\/strong>y despu\u00e9s de las pruebas me sent\u00ed a\u00fan <strong>m\u00e1s a gusto con el coche<\/strong>. Espero que sigamos con el buen ritmo sobre asfalto en Espa\u00f1a. Al ser una superficie lisa, puedes forzar m\u00e1s el coche en las curvas. Estoy <strong>impaciente <\/strong>por llegar y espero que podamos ganar m\u00e1s especiales.<\/p><\/blockquote>\n<p><strong>Xevi Pons:<\/strong><\/p>\n<blockquote><p>Es un momento muy <strong>emocionante <\/strong>tanto para m\u00ed como para Xavier, ya que es nuestro primer rally en Espa\u00f1a con el <a href=\"http:\/\/www.swrt.com\/\">Subaru World Rally Team<\/a>, y espero poder hacer una <strong>buena actuaci\u00f3n ante mis fans<\/strong>. Estoy seguro de que su entusiasmo me ayudar\u00e1 a lograr un buen resultado. S\u00e9 que el p\u00fablico est\u00e1 impaciente por que empiece y para agradecerles su apoyo quiero hacerlo bien.<\/p><\/blockquote>\n","protected":false},"excerpt":{"rendered":"<p>Despu\u00e9s de un mes de descanso desde el viaje a Nueva Zelanda, el Subaru World Rally Team se dirige a Europa para la primera de dos pruebas seguidas de asfalto. Para este a\u00f1o, la fecha del Rally de Catalunya \u2013 Costa Daurada se ha trasladado a la segunda mitad de la temporada, como pas\u00f3 de [&hellip;]<\/p>\n","protected":false},"author":21,"featured_media":291,"comment_status":"open","ping_status":"open","sticky":false,"template":"","format":"standard","meta":{"_acf_changed":false,"_eb_attr":"","inline_featured_image":false,"footnotes":""},"categories":[4401],"tags":[],"class_list":["post-292","post","type-post","status-publish","format-standard","has-post-thumbnail","hentry","category-nuestra-marca"],"acf":[],"yoast_head":"<!-- This site is optimized with the Yoast SEO plugin v27.3 - https:\/\/yoast.com\/product\/yoast-seo-wordpress\/ -->\n<title>Subaru Rally Catalunya 2007 - Universo Subaru<\/title>\n<meta name=\"robots\" content=\"index, follow, max-snippet:-1, max-image-preview:large, max-video-preview:-1\" \/>\n<link rel=\"canonical\" href=\"https:\/\/www.subaru.es\/blog\/nuestra-marca\/subaru-rally-catalunya-2007\/\" \/>\n<meta property=\"og:locale\" content=\"es_ES\" \/>\n<meta property=\"og:type\" content=\"article\" \/>\n<meta property=\"og:title\" content=\"Subaru Rally Catalunya 2007 - Universo Subaru\" \/>\n<meta property=\"og:description\" content=\"Despu\u00e9s de un mes de descanso desde el viaje a Nueva Zelanda, el Subaru World Rally Team se dirige a Europa para la primera de dos pruebas seguidas de asfalto. Para este a\u00f1o, la fecha del Rally de Catalunya \u2013 Costa Daurada se ha trasladado a la segunda mitad de la temporada, como pas\u00f3 de [&hellip;]\" \/>\n<meta property=\"og:url\" content=\"https:\/\/www.subaru.es\/blog\/nuestra-marca\/subaru-rally-catalunya-2007\/\" \/>\n<meta property=\"og:site_name\" content=\"Universo Subaru\" \/>\n<meta property=\"article:publisher\" content=\"https:\/\/www.facebook.com\/subaruespana\" \/>\n<meta property=\"article:published_time\" content=\"2007-10-15T10:08:51+00:00\" \/>\n<meta property=\"article:modified_time\" content=\"2016-10-17T13:11:39+00:00\" \/>\n<meta property=\"og:image\" content=\"https:\/\/www.subaru.es\/blog\/wp-content\/uploads\/2007\/10\/notaprensa1.jpg\" \/>\n\t<meta property=\"og:image:width\" content=\"642\" \/>\n\t<meta property=\"og:image:height\" content=\"238\" \/>\n\t<meta property=\"og:image:type\" content=\"image\/jpeg\" \/>\n<meta name=\"author\" content=\"Subaru\" \/>\n<meta name=\"twitter:card\" content=\"summary_large_image\" \/>\n<meta name=\"twitter:label1\" content=\"Escrito por\" \/>\n\t<meta name=\"twitter:data1\" content=\"Subaru\" \/>\n\t<meta name=\"twitter:label2\" content=\"Tiempo de lectura\" \/>\n\t<meta name=\"twitter:data2\" content=\"3 minutos\" \/>\n<script type=\"application\/ld+json\" class=\"yoast-schema-graph\">{\"@context\":\"https:\\\/\\\/schema.org\",\"@graph\":[{\"@type\":\"Article\",\"@id\":\"https:\\\/\\\/www.subaru.es\\\/blog\\\/nuestra-marca\\\/subaru-rally-catalunya-2007\\\/#article\",\"isPartOf\":{\"@id\":\"https:\\\/\\\/www.subaru.es\\\/blog\\\/nuestra-marca\\\/subaru-rally-catalunya-2007\\\/\"},\"author\":{\"name\":\"Subaru\",\"@id\":\"https:\\\/\\\/www.subaru.es\\\/blog\\\/#\\\/schema\\\/person\\\/19a90b892230b8e0ec752704ddf4aa10\"},\"headline\":\"Subaru Rally Catalunya 2007\",\"datePublished\":\"2007-10-15T10:08:51+00:00\",\"dateModified\":\"2016-10-17T13:11:39+00:00\",\"mainEntityOfPage\":{\"@id\":\"https:\\\/\\\/www.subaru.es\\\/blog\\\/nuestra-marca\\\/subaru-rally-catalunya-2007\\\/\"},\"wordCount\":588,\"commentCount\":0,\"publisher\":{\"@id\":\"https:\\\/\\\/www.subaru.es\\\/blog\\\/#organization\"},\"image\":{\"@id\":\"https:\\\/\\\/www.subaru.es\\\/blog\\\/nuestra-marca\\\/subaru-rally-catalunya-2007\\\/#primaryimage\"},\"thumbnailUrl\":\"https:\\\/\\\/www.subaru.es\\\/blog\\\/wp-content\\\/uploads\\\/2007\\\/10\\\/notaprensa1.jpg\",\"articleSection\":[\"Nuestra marca\"],\"inLanguage\":\"es\",\"potentialAction\":[{\"@type\":\"CommentAction\",\"name\":\"Comment\",\"target\":[\"https:\\\/\\\/www.subaru.es\\\/blog\\\/nuestra-marca\\\/subaru-rally-catalunya-2007\\\/#respond\"]}]},{\"@type\":\"WebPage\",\"@id\":\"https:\\\/\\\/www.subaru.es\\\/blog\\\/nuestra-marca\\\/subaru-rally-catalunya-2007\\\/\",\"url\":\"https:\\\/\\\/www.subaru.es\\\/blog\\\/nuestra-marca\\\/subaru-rally-catalunya-2007\\\/\",\"name\":\"Subaru Rally Catalunya 2007 - Universo Subaru\",\"isPartOf\":{\"@id\":\"https:\\\/\\\/www.subaru.es\\\/blog\\\/#website\"},\"primaryImageOfPage\":{\"@id\":\"https:\\\/\\\/www.subaru.es\\\/blog\\\/nuestra-marca\\\/subaru-rally-catalunya-2007\\\/#primaryimage\"},\"image\":{\"@id\":\"https:\\\/\\\/www.subaru.es\\\/blog\\\/nuestra-marca\\\/subaru-rally-catalunya-2007\\\/#primaryimage\"},\"thumbnailUrl\":\"https:\\\/\\\/www.subaru.es\\\/blog\\\/wp-content\\\/uploads\\\/2007\\\/10\\\/notaprensa1.jpg\",\"datePublished\":\"2007-10-15T10:08:51+00:00\",\"dateModified\":\"2016-10-17T13:11:39+00:00\",\"breadcrumb\":{\"@id\":\"https:\\\/\\\/www.subaru.es\\\/blog\\\/nuestra-marca\\\/subaru-rally-catalunya-2007\\\/#breadcrumb\"},\"inLanguage\":\"es\",\"potentialAction\":[{\"@type\":\"ReadAction\",\"target\":[\"https:\\\/\\\/www.subaru.es\\\/blog\\\/nuestra-marca\\\/subaru-rally-catalunya-2007\\\/\"]}]},{\"@type\":\"ImageObject\",\"inLanguage\":\"es\",\"@id\":\"https:\\\/\\\/www.subaru.es\\\/blog\\\/nuestra-marca\\\/subaru-rally-catalunya-2007\\\/#primaryimage\",\"url\":\"https:\\\/\\\/www.subaru.es\\\/blog\\\/wp-content\\\/uploads\\\/2007\\\/10\\\/notaprensa1.jpg\",\"contentUrl\":\"https:\\\/\\\/www.subaru.es\\\/blog\\\/wp-content\\\/uploads\\\/2007\\\/10\\\/notaprensa1.jpg\",\"width\":642,\"height\":238},{\"@type\":\"BreadcrumbList\",\"@id\":\"https:\\\/\\\/www.subaru.es\\\/blog\\\/nuestra-marca\\\/subaru-rally-catalunya-2007\\\/#breadcrumb\",\"itemListElement\":[{\"@type\":\"ListItem\",\"position\":1,\"name\":\"Portada\",\"item\":\"https:\\\/\\\/www.subaru.es\\\/blog\\\/\"},{\"@type\":\"ListItem\",\"position\":2,\"name\":\"Subaru Rally Catalunya 2007\"}]},{\"@type\":\"WebSite\",\"@id\":\"https:\\\/\\\/www.subaru.es\\\/blog\\\/#website\",\"url\":\"https:\\\/\\\/www.subaru.es\\\/blog\\\/\",\"name\":\"Universo Subaru\",\"description\":\"Descubre este apasionante espacio de Subaru donde vas a conocer todo sobre nuestros coches y las experiencias que vivimos con ellos. Si est\u00e1s preparado para dejarte seducir por la filosof\u00eda Subaru, qu\u00e9date con nosotros.\",\"publisher\":{\"@id\":\"https:\\\/\\\/www.subaru.es\\\/blog\\\/#organization\"},\"potentialAction\":[{\"@type\":\"SearchAction\",\"target\":{\"@type\":\"EntryPoint\",\"urlTemplate\":\"https:\\\/\\\/www.subaru.es\\\/blog\\\/?s={search_term_string}\"},\"query-input\":{\"@type\":\"PropertyValueSpecification\",\"valueRequired\":true,\"valueName\":\"search_term_string\"}}],\"inLanguage\":\"es\"},{\"@type\":\"Organization\",\"@id\":\"https:\\\/\\\/www.subaru.es\\\/blog\\\/#organization\",\"name\":\"Subaru Espa\u00f1a S.A.\",\"url\":\"https:\\\/\\\/www.subaru.es\\\/blog\\\/\",\"logo\":{\"@type\":\"ImageObject\",\"inLanguage\":\"es\",\"@id\":\"https:\\\/\\\/www.subaru.es\\\/blog\\\/#\\\/schema\\\/logo\\\/image\\\/\",\"url\":\"https:\\\/\\\/www.subaru.es\\\/blog\\\/wp-content\\\/uploads\\\/2016\\\/12\\\/Logo-Subaru-TypeV_C300-scaled.jpg\",\"contentUrl\":\"https:\\\/\\\/www.subaru.es\\\/blog\\\/wp-content\\\/uploads\\\/2016\\\/12\\\/Logo-Subaru-TypeV_C300-scaled.jpg\",\"width\":2560,\"height\":1864,\"caption\":\"Subaru Espa\u00f1a S.A.\"},\"image\":{\"@id\":\"https:\\\/\\\/www.subaru.es\\\/blog\\\/#\\\/schema\\\/logo\\\/image\\\/\"},\"sameAs\":[\"https:\\\/\\\/www.facebook.com\\\/subaruespana\",\"https:\\\/\\\/www.instagram.com\\\/subarues\\\/\",\"https:\\\/\\\/www.youtube.com\\\/user\\\/subaruespana\"]},{\"@type\":\"Person\",\"@id\":\"https:\\\/\\\/www.subaru.es\\\/blog\\\/#\\\/schema\\\/person\\\/19a90b892230b8e0ec752704ddf4aa10\",\"name\":\"Subaru\",\"url\":\"https:\\\/\\\/www.subaru.es\\\/blog\\\/author\\\/subaria\\\/\"}]}<\/script>\n<!-- \/ Yoast SEO plugin. -->","yoast_head_json":{"title":"Subaru Rally Catalunya 2007 - Universo Subaru","robots":{"index":"index","follow":"follow","max-snippet":"max-snippet:-1","max-image-preview":"max-image-preview:large","max-video-preview":"max-video-preview:-1"},"canonical":"https:\/\/www.subaru.es\/blog\/nuestra-marca\/subaru-rally-catalunya-2007\/","og_locale":"es_ES","og_type":"article","og_title":"Subaru Rally Catalunya 2007 - Universo Subaru","og_description":"Despu\u00e9s de un mes de descanso desde el viaje a Nueva Zelanda, el Subaru World Rally Team se dirige a Europa para la primera de dos pruebas seguidas de asfalto. Para este a\u00f1o, la fecha del Rally de Catalunya \u2013 Costa Daurada se ha trasladado a la segunda mitad de la temporada, como pas\u00f3 de [&hellip;]","og_url":"https:\/\/www.subaru.es\/blog\/nuestra-marca\/subaru-rally-catalunya-2007\/","og_site_name":"Universo Subaru","article_publisher":"https:\/\/www.facebook.com\/subaruespana","article_published_time":"2007-10-15T10:08:51+00:00","article_modified_time":"2016-10-17T13:11:39+00:00","og_image":[{"width":642,"height":238,"url":"https:\/\/www.subaru.es\/blog\/wp-content\/uploads\/2007\/10\/notaprensa1.jpg","type":"image\/jpeg"}],"author":"Subaru","twitter_card":"summary_large_image","twitter_misc":{"Escrito por":"Subaru","Tiempo de lectura":"3 minutos"},"schema":{"@context":"https:\/\/schema.org","@graph":[{"@type":"Article","@id":"https:\/\/www.subaru.es\/blog\/nuestra-marca\/subaru-rally-catalunya-2007\/#article","isPartOf":{"@id":"https:\/\/www.subaru.es\/blog\/nuestra-marca\/subaru-rally-catalunya-2007\/"},"author":{"name":"Subaru","@id":"https:\/\/www.subaru.es\/blog\/#\/schema\/person\/19a90b892230b8e0ec752704ddf4aa10"},"headline":"Subaru Rally Catalunya 2007","datePublished":"2007-10-15T10:08:51+00:00","dateModified":"2016-10-17T13:11:39+00:00","mainEntityOfPage":{"@id":"https:\/\/www.subaru.es\/blog\/nuestra-marca\/subaru-rally-catalunya-2007\/"},"wordCount":588,"commentCount":0,"publisher":{"@id":"https:\/\/www.subaru.es\/blog\/#organization"},"image":{"@id":"https:\/\/www.subaru.es\/blog\/nuestra-marca\/subaru-rally-catalunya-2007\/#primaryimage"},"thumbnailUrl":"https:\/\/www.subaru.es\/blog\/wp-content\/uploads\/2007\/10\/notaprensa1.jpg","articleSection":["Nuestra marca"],"inLanguage":"es","potentialAction":[{"@type":"CommentAction","name":"Comment","target":["https:\/\/www.subaru.es\/blog\/nuestra-marca\/subaru-rally-catalunya-2007\/#respond"]}]},{"@type":"WebPage","@id":"https:\/\/www.subaru.es\/blog\/nuestra-marca\/subaru-rally-catalunya-2007\/","url":"https:\/\/www.subaru.es\/blog\/nuestra-marca\/subaru-rally-catalunya-2007\/","name":"Subaru Rally Catalunya 2007 - Universo Subaru","isPartOf":{"@id":"https:\/\/www.subaru.es\/blog\/#website"},"primaryImageOfPage":{"@id":"https:\/\/www.subaru.es\/blog\/nuestra-marca\/subaru-rally-catalunya-2007\/#primaryimage"},"image":{"@id":"https:\/\/www.subaru.es\/blog\/nuestra-marca\/subaru-rally-catalunya-2007\/#primaryimage"},"thumbnailUrl":"https:\/\/www.subaru.es\/blog\/wp-content\/uploads\/2007\/10\/notaprensa1.jpg","datePublished":"2007-10-15T10:08:51+00:00","dateModified":"2016-10-17T13:11:39+00:00","breadcrumb":{"@id":"https:\/\/www.subaru.es\/blog\/nuestra-marca\/subaru-rally-catalunya-2007\/#breadcrumb"},"inLanguage":"es","potentialAction":[{"@type":"ReadAction","target":["https:\/\/www.subaru.es\/blog\/nuestra-marca\/subaru-rally-catalunya-2007\/"]}]},{"@type":"ImageObject","inLanguage":"es","@id":"https:\/\/www.subaru.es\/blog\/nuestra-marca\/subaru-rally-catalunya-2007\/#primaryimage","url":"https:\/\/www.subaru.es\/blog\/wp-content\/uploads\/2007\/10\/notaprensa1.jpg","contentUrl":"https:\/\/www.subaru.es\/blog\/wp-content\/uploads\/2007\/10\/notaprensa1.jpg","width":642,"height":238},{"@type":"BreadcrumbList","@id":"https:\/\/www.subaru.es\/blog\/nuestra-marca\/subaru-rally-catalunya-2007\/#breadcrumb","itemListElement":[{"@type":"ListItem","position":1,"name":"Portada","item":"https:\/\/www.subaru.es\/blog\/"},{"@type":"ListItem","position":2,"name":"Subaru Rally Catalunya 2007"}]},{"@type":"WebSite","@id":"https:\/\/www.subaru.es\/blog\/#website","url":"https:\/\/www.subaru.es\/blog\/","name":"Universo Subaru","description":"Descubre este apasionante espacio de Subaru donde vas a conocer todo sobre nuestros coches y las experiencias que vivimos con ellos. Si est\u00e1s preparado para dejarte seducir por la filosof\u00eda Subaru, qu\u00e9date con nosotros.","publisher":{"@id":"https:\/\/www.subaru.es\/blog\/#organization"},"potentialAction":[{"@type":"SearchAction","target":{"@type":"EntryPoint","urlTemplate":"https:\/\/www.subaru.es\/blog\/?s={search_term_string}"},"query-input":{"@type":"PropertyValueSpecification","valueRequired":true,"valueName":"search_term_string"}}],"inLanguage":"es"},{"@type":"Organization","@id":"https:\/\/www.subaru.es\/blog\/#organization","name":"Subaru Espa\u00f1a S.A.","url":"https:\/\/www.subaru.es\/blog\/","logo":{"@type":"ImageObject","inLanguage":"es","@id":"https:\/\/www.subaru.es\/blog\/#\/schema\/logo\/image\/","url":"https:\/\/www.subaru.es\/blog\/wp-content\/uploads\/2016\/12\/Logo-Subaru-TypeV_C300-scaled.jpg","contentUrl":"https:\/\/www.subaru.es\/blog\/wp-content\/uploads\/2016\/12\/Logo-Subaru-TypeV_C300-scaled.jpg","width":2560,"height":1864,"caption":"Subaru Espa\u00f1a S.A."},"image":{"@id":"https:\/\/www.subaru.es\/blog\/#\/schema\/logo\/image\/"},"sameAs":["https:\/\/www.facebook.com\/subaruespana","https:\/\/www.instagram.com\/subarues\/","https:\/\/www.youtube.com\/user\/subaruespana"]},{"@type":"Person","@id":"https:\/\/www.subaru.es\/blog\/#\/schema\/person\/19a90b892230b8e0ec752704ddf4aa10","name":"Subaru","url":"https:\/\/www.subaru.es\/blog\/author\/subaria\/"}]}},"_links":{"self":[{"href":"https:\/\/www.subaru.es\/blog\/wp-json\/wp\/v2\/posts\/292","targetHints":{"allow":["GET"]}}],"collection":[{"href":"https:\/\/www.subaru.es\/blog\/wp-json\/wp\/v2\/posts"}],"about":[{"href":"https:\/\/www.subaru.es\/blog\/wp-json\/wp\/v2\/types\/post"}],"author":[{"embeddable":true,"href":"https:\/\/www.subaru.es\/blog\/wp-json\/wp\/v2\/users\/21"}],"replies":[{"embeddable":true,"href":"https:\/\/www.subaru.es\/blog\/wp-json\/wp\/v2\/comments?post=292"}],"version-history":[{"count":1,"href":"https:\/\/www.subaru.es\/blog\/wp-json\/wp\/v2\/posts\/292\/revisions"}],"predecessor-version":[{"id":15777,"href":"https:\/\/www.subaru.es\/blog\/wp-json\/wp\/v2\/posts\/292\/revisions\/15777"}],"wp:featuredmedia":[{"embeddable":true,"href":"https:\/\/www.subaru.es\/blog\/wp-json\/wp\/v2\/media\/291"}],"wp:attachment":[{"href":"https:\/\/www.subaru.es\/blog\/wp-json\/wp\/v2\/media?parent=292"}],"wp:term":[{"taxonomy":"category","embeddable":true,"href":"https:\/\/www.subaru.es\/blog\/wp-json\/wp\/v2\/categories?post=292"},{"taxonomy":"post_tag","embeddable":true,"href":"https:\/\/www.subaru.es\/blog\/wp-json\/wp\/v2\/tags?post=292"}],"curies":[{"name":"wp","href":"https:\/\/api.w.org\/{rel}","templated":true}]}}