{"id":288,"date":"2007-10-19T11:36:40","date_gmt":"2007-10-19T09:36:40","guid":{"rendered":"http:\/\/subaru.preproduccion.com\/blog\/wp-content\/2007\/10\/19\/asi-pilotaba-mcrae-rally-de-portugal-1998\/"},"modified":"2016-10-17T15:09:27","modified_gmt":"2016-10-17T13:09:27","slug":"asi-pilotaba-mcrae-rally-de-portugal-1998","status":"publish","type":"post","link":"https:\/\/www.subaru.es\/blog\/nuestra-marca\/asi-pilotaba-mcrae-rally-de-portugal-1998\/","title":{"rendered":"As\u00ed pilotaba McRae. Rally de Portugal 1998"},"content":{"rendered":"<p>Van pasando los d\u00edas y la consternaci\u00f3n por el fallecimiento de <strong>Colin McRae<\/strong> va dejando paso a los <a href=\"https:\/\/www.subaru.es\/blog\/2007\/10\/08\/emotivo-homenaje-a-colin-mcrae-en-el-rally-de-catalunya\/\">homenajes<\/a> y al reconocimiento de la calidad de pilotaje del escoc\u00e9s, que junto a su gran carisma, le han convertido en leyenda en el mundo del motor, lamentablemente antes de tiempo.<\/p>\n<p>Ese <strong>reconocimiento<\/strong> del que hablamos est\u00e1 basado en hechos reales, no hay ning\u00fan elogio gratuito para con <a href=\"http:\/\/es.wikipedia.org\/wiki\/Colin_McRae\">McRae<\/a>, y para demostrarlo, traemos unas im\u00e1genes de c\u00f3mo pilotaba el escoc\u00e9s. Se trata de un video tomado en el <a href=\"http:\/\/es.wikipedia.org\/wiki\/Rally_de_Portugal\">Rally de Portugal de 1998<\/a>, un Rally que venci\u00f3 con contundencia, en un a\u00f1o que fue muy importante para McRae,<strong> tres victorias en el mundial<\/strong>, el <strong>t\u00edtulo de constructores para Subaru<\/strong> y un <strong>tercer puesto en el campeonato<\/strong> para el piloto que quiz\u00e1s le supo a poco.<\/p>\n<p>En el video junto con su compa\u00f1ero <strong>Nicky Grist<\/strong>, dando un curso de conducci\u00f3n al volante de su m\u00edtico <strong>Impreza WRC.<\/strong><\/p>\n<p><center><object width=\"425\" height=\"400\"><param name=\"movie\" value=\"http:\/\/www.youtube.com\/v\/2sMhjs4DJWI\"><\/param><param name=\"wmode\" value=\"transparent\"><\/param><embed src=\"http:\/\/www.youtube.com\/v\/2sMhjs4DJWI\" type=\"application\/x-shockwave-flash\" wmode=\"transparent\" width=\"400\" height=\"320\"><\/embed><\/object><\/center><\/p>\n","protected":false},"excerpt":{"rendered":"<p>Van pasando los d\u00edas y la consternaci\u00f3n por el fallecimiento de Colin McRae va dejando paso a los homenajes y al reconocimiento de la calidad de pilotaje del escoc\u00e9s, que junto a su gran carisma, le han convertido en leyenda en el mundo del motor, lamentablemente antes de tiempo. Ese reconocimiento del que hablamos est\u00e1 [&hellip;]<\/p>\n","protected":false},"author":21,"featured_media":0,"comment_status":"open","ping_status":"open","sticky":false,"template":"","format":"standard","meta":{"_acf_changed":false,"_eb_attr":"","inline_featured_image":false,"footnotes":""},"categories":[4401],"tags":[],"class_list":["post-288","post","type-post","status-publish","format-standard","hentry","category-nuestra-marca"],"acf":[],"yoast_head":"<!-- This site is optimized with the Yoast SEO plugin v27.3 - https:\/\/yoast.com\/product\/yoast-seo-wordpress\/ -->\n<title>As\u00ed pilotaba McRae. Rally de Portugal 1998 - Universo Subaru<\/title>\n<meta name=\"robots\" content=\"index, follow, max-snippet:-1, max-image-preview:large, max-video-preview:-1\" \/>\n<link rel=\"canonical\" href=\"https:\/\/www.subaru.es\/blog\/nuestra-marca\/asi-pilotaba-mcrae-rally-de-portugal-1998\/\" \/>\n<meta property=\"og:locale\" content=\"es_ES\" \/>\n<meta property=\"og:type\" content=\"article\" \/>\n<meta property=\"og:title\" content=\"As\u00ed pilotaba McRae. Rally de Portugal 1998 - Universo Subaru\" \/>\n<meta property=\"og:description\" content=\"Van pasando los d\u00edas y la consternaci\u00f3n por el fallecimiento de Colin McRae va dejando paso a los homenajes y al reconocimiento de la calidad de pilotaje del escoc\u00e9s, que junto a su gran carisma, le han convertido en leyenda en el mundo del motor, lamentablemente antes de tiempo. Ese reconocimiento del que hablamos est\u00e1 [&hellip;]\" \/>\n<meta property=\"og:url\" content=\"https:\/\/www.subaru.es\/blog\/nuestra-marca\/asi-pilotaba-mcrae-rally-de-portugal-1998\/\" \/>\n<meta property=\"og:site_name\" content=\"Universo Subaru\" \/>\n<meta property=\"article:publisher\" content=\"https:\/\/www.facebook.com\/subaruespana\" \/>\n<meta property=\"article:published_time\" content=\"2007-10-19T09:36:40+00:00\" \/>\n<meta property=\"article:modified_time\" content=\"2016-10-17T13:09:27+00:00\" \/>\n<meta name=\"author\" content=\"Subaru\" \/>\n<meta name=\"twitter:card\" content=\"summary_large_image\" \/>\n<meta name=\"twitter:label1\" content=\"Escrito por\" \/>\n\t<meta name=\"twitter:data1\" content=\"Subaru\" \/>\n\t<meta name=\"twitter:label2\" content=\"Tiempo de lectura\" \/>\n\t<meta name=\"twitter:data2\" content=\"1 minuto\" \/>\n<script type=\"application\/ld+json\" class=\"yoast-schema-graph\">{\"@context\":\"https:\\\/\\\/schema.org\",\"@graph\":[{\"@type\":\"Article\",\"@id\":\"https:\\\/\\\/www.subaru.es\\\/blog\\\/nuestra-marca\\\/asi-pilotaba-mcrae-rally-de-portugal-1998\\\/#article\",\"isPartOf\":{\"@id\":\"https:\\\/\\\/www.subaru.es\\\/blog\\\/nuestra-marca\\\/asi-pilotaba-mcrae-rally-de-portugal-1998\\\/\"},\"author\":{\"name\":\"Subaru\",\"@id\":\"https:\\\/\\\/www.subaru.es\\\/blog\\\/#\\\/schema\\\/person\\\/19a90b892230b8e0ec752704ddf4aa10\"},\"headline\":\"As\u00ed pilotaba McRae. Rally de Portugal 1998\",\"datePublished\":\"2007-10-19T09:36:40+00:00\",\"dateModified\":\"2016-10-17T13:09:27+00:00\",\"mainEntityOfPage\":{\"@id\":\"https:\\\/\\\/www.subaru.es\\\/blog\\\/nuestra-marca\\\/asi-pilotaba-mcrae-rally-de-portugal-1998\\\/\"},\"wordCount\":172,\"commentCount\":0,\"publisher\":{\"@id\":\"https:\\\/\\\/www.subaru.es\\\/blog\\\/#organization\"},\"articleSection\":[\"Nuestra marca\"],\"inLanguage\":\"es\",\"potentialAction\":[{\"@type\":\"CommentAction\",\"name\":\"Comment\",\"target\":[\"https:\\\/\\\/www.subaru.es\\\/blog\\\/nuestra-marca\\\/asi-pilotaba-mcrae-rally-de-portugal-1998\\\/#respond\"]}]},{\"@type\":\"WebPage\",\"@id\":\"https:\\\/\\\/www.subaru.es\\\/blog\\\/nuestra-marca\\\/asi-pilotaba-mcrae-rally-de-portugal-1998\\\/\",\"url\":\"https:\\\/\\\/www.subaru.es\\\/blog\\\/nuestra-marca\\\/asi-pilotaba-mcrae-rally-de-portugal-1998\\\/\",\"name\":\"As\u00ed pilotaba McRae. Rally de Portugal 1998 - Universo Subaru\",\"isPartOf\":{\"@id\":\"https:\\\/\\\/www.subaru.es\\\/blog\\\/#website\"},\"datePublished\":\"2007-10-19T09:36:40+00:00\",\"dateModified\":\"2016-10-17T13:09:27+00:00\",\"breadcrumb\":{\"@id\":\"https:\\\/\\\/www.subaru.es\\\/blog\\\/nuestra-marca\\\/asi-pilotaba-mcrae-rally-de-portugal-1998\\\/#breadcrumb\"},\"inLanguage\":\"es\",\"potentialAction\":[{\"@type\":\"ReadAction\",\"target\":[\"https:\\\/\\\/www.subaru.es\\\/blog\\\/nuestra-marca\\\/asi-pilotaba-mcrae-rally-de-portugal-1998\\\/\"]}]},{\"@type\":\"BreadcrumbList\",\"@id\":\"https:\\\/\\\/www.subaru.es\\\/blog\\\/nuestra-marca\\\/asi-pilotaba-mcrae-rally-de-portugal-1998\\\/#breadcrumb\",\"itemListElement\":[{\"@type\":\"ListItem\",\"position\":1,\"name\":\"Portada\",\"item\":\"https:\\\/\\\/www.subaru.es\\\/blog\\\/\"},{\"@type\":\"ListItem\",\"position\":2,\"name\":\"As\u00ed pilotaba McRae. Rally de Portugal 1998\"}]},{\"@type\":\"WebSite\",\"@id\":\"https:\\\/\\\/www.subaru.es\\\/blog\\\/#website\",\"url\":\"https:\\\/\\\/www.subaru.es\\\/blog\\\/\",\"name\":\"Universo Subaru\",\"description\":\"Descubre este apasionante espacio de Subaru donde vas a conocer todo sobre nuestros coches y las experiencias que vivimos con ellos. Si est\u00e1s preparado para dejarte seducir por la filosof\u00eda Subaru, qu\u00e9date con nosotros.\",\"publisher\":{\"@id\":\"https:\\\/\\\/www.subaru.es\\\/blog\\\/#organization\"},\"potentialAction\":[{\"@type\":\"SearchAction\",\"target\":{\"@type\":\"EntryPoint\",\"urlTemplate\":\"https:\\\/\\\/www.subaru.es\\\/blog\\\/?s={search_term_string}\"},\"query-input\":{\"@type\":\"PropertyValueSpecification\",\"valueRequired\":true,\"valueName\":\"search_term_string\"}}],\"inLanguage\":\"es\"},{\"@type\":\"Organization\",\"@id\":\"https:\\\/\\\/www.subaru.es\\\/blog\\\/#organization\",\"name\":\"Subaru Espa\u00f1a S.A.\",\"url\":\"https:\\\/\\\/www.subaru.es\\\/blog\\\/\",\"logo\":{\"@type\":\"ImageObject\",\"inLanguage\":\"es\",\"@id\":\"https:\\\/\\\/www.subaru.es\\\/blog\\\/#\\\/schema\\\/logo\\\/image\\\/\",\"url\":\"https:\\\/\\\/www.subaru.es\\\/blog\\\/wp-content\\\/uploads\\\/2016\\\/12\\\/Logo-Subaru-TypeV_C300-scaled.jpg\",\"contentUrl\":\"https:\\\/\\\/www.subaru.es\\\/blog\\\/wp-content\\\/uploads\\\/2016\\\/12\\\/Logo-Subaru-TypeV_C300-scaled.jpg\",\"width\":2560,\"height\":1864,\"caption\":\"Subaru Espa\u00f1a S.A.\"},\"image\":{\"@id\":\"https:\\\/\\\/www.subaru.es\\\/blog\\\/#\\\/schema\\\/logo\\\/image\\\/\"},\"sameAs\":[\"https:\\\/\\\/www.facebook.com\\\/subaruespana\",\"https:\\\/\\\/www.instagram.com\\\/subarues\\\/\",\"https:\\\/\\\/www.youtube.com\\\/user\\\/subaruespana\"]},{\"@type\":\"Person\",\"@id\":\"https:\\\/\\\/www.subaru.es\\\/blog\\\/#\\\/schema\\\/person\\\/19a90b892230b8e0ec752704ddf4aa10\",\"name\":\"Subaru\",\"url\":\"https:\\\/\\\/www.subaru.es\\\/blog\\\/author\\\/subaria\\\/\"}]}<\/script>\n<!-- \/ Yoast SEO plugin. -->","yoast_head_json":{"title":"As\u00ed pilotaba McRae. Rally de Portugal 1998 - Universo Subaru","robots":{"index":"index","follow":"follow","max-snippet":"max-snippet:-1","max-image-preview":"max-image-preview:large","max-video-preview":"max-video-preview:-1"},"canonical":"https:\/\/www.subaru.es\/blog\/nuestra-marca\/asi-pilotaba-mcrae-rally-de-portugal-1998\/","og_locale":"es_ES","og_type":"article","og_title":"As\u00ed pilotaba McRae. Rally de Portugal 1998 - Universo Subaru","og_description":"Van pasando los d\u00edas y la consternaci\u00f3n por el fallecimiento de Colin McRae va dejando paso a los homenajes y al reconocimiento de la calidad de pilotaje del escoc\u00e9s, que junto a su gran carisma, le han convertido en leyenda en el mundo del motor, lamentablemente antes de tiempo. Ese reconocimiento del que hablamos est\u00e1 [&hellip;]","og_url":"https:\/\/www.subaru.es\/blog\/nuestra-marca\/asi-pilotaba-mcrae-rally-de-portugal-1998\/","og_site_name":"Universo Subaru","article_publisher":"https:\/\/www.facebook.com\/subaruespana","article_published_time":"2007-10-19T09:36:40+00:00","article_modified_time":"2016-10-17T13:09:27+00:00","author":"Subaru","twitter_card":"summary_large_image","twitter_misc":{"Escrito por":"Subaru","Tiempo de lectura":"1 minuto"},"schema":{"@context":"https:\/\/schema.org","@graph":[{"@type":"Article","@id":"https:\/\/www.subaru.es\/blog\/nuestra-marca\/asi-pilotaba-mcrae-rally-de-portugal-1998\/#article","isPartOf":{"@id":"https:\/\/www.subaru.es\/blog\/nuestra-marca\/asi-pilotaba-mcrae-rally-de-portugal-1998\/"},"author":{"name":"Subaru","@id":"https:\/\/www.subaru.es\/blog\/#\/schema\/person\/19a90b892230b8e0ec752704ddf4aa10"},"headline":"As\u00ed pilotaba McRae. Rally de Portugal 1998","datePublished":"2007-10-19T09:36:40+00:00","dateModified":"2016-10-17T13:09:27+00:00","mainEntityOfPage":{"@id":"https:\/\/www.subaru.es\/blog\/nuestra-marca\/asi-pilotaba-mcrae-rally-de-portugal-1998\/"},"wordCount":172,"commentCount":0,"publisher":{"@id":"https:\/\/www.subaru.es\/blog\/#organization"},"articleSection":["Nuestra marca"],"inLanguage":"es","potentialAction":[{"@type":"CommentAction","name":"Comment","target":["https:\/\/www.subaru.es\/blog\/nuestra-marca\/asi-pilotaba-mcrae-rally-de-portugal-1998\/#respond"]}]},{"@type":"WebPage","@id":"https:\/\/www.subaru.es\/blog\/nuestra-marca\/asi-pilotaba-mcrae-rally-de-portugal-1998\/","url":"https:\/\/www.subaru.es\/blog\/nuestra-marca\/asi-pilotaba-mcrae-rally-de-portugal-1998\/","name":"As\u00ed pilotaba McRae. Rally de Portugal 1998 - Universo Subaru","isPartOf":{"@id":"https:\/\/www.subaru.es\/blog\/#website"},"datePublished":"2007-10-19T09:36:40+00:00","dateModified":"2016-10-17T13:09:27+00:00","breadcrumb":{"@id":"https:\/\/www.subaru.es\/blog\/nuestra-marca\/asi-pilotaba-mcrae-rally-de-portugal-1998\/#breadcrumb"},"inLanguage":"es","potentialAction":[{"@type":"ReadAction","target":["https:\/\/www.subaru.es\/blog\/nuestra-marca\/asi-pilotaba-mcrae-rally-de-portugal-1998\/"]}]},{"@type":"BreadcrumbList","@id":"https:\/\/www.subaru.es\/blog\/nuestra-marca\/asi-pilotaba-mcrae-rally-de-portugal-1998\/#breadcrumb","itemListElement":[{"@type":"ListItem","position":1,"name":"Portada","item":"https:\/\/www.subaru.es\/blog\/"},{"@type":"ListItem","position":2,"name":"As\u00ed pilotaba McRae. Rally de Portugal 1998"}]},{"@type":"WebSite","@id":"https:\/\/www.subaru.es\/blog\/#website","url":"https:\/\/www.subaru.es\/blog\/","name":"Universo Subaru","description":"Descubre este apasionante espacio de Subaru donde vas a conocer todo sobre nuestros coches y las experiencias que vivimos con ellos. Si est\u00e1s preparado para dejarte seducir por la filosof\u00eda Subaru, qu\u00e9date con nosotros.","publisher":{"@id":"https:\/\/www.subaru.es\/blog\/#organization"},"potentialAction":[{"@type":"SearchAction","target":{"@type":"EntryPoint","urlTemplate":"https:\/\/www.subaru.es\/blog\/?s={search_term_string}"},"query-input":{"@type":"PropertyValueSpecification","valueRequired":true,"valueName":"search_term_string"}}],"inLanguage":"es"},{"@type":"Organization","@id":"https:\/\/www.subaru.es\/blog\/#organization","name":"Subaru Espa\u00f1a S.A.","url":"https:\/\/www.subaru.es\/blog\/","logo":{"@type":"ImageObject","inLanguage":"es","@id":"https:\/\/www.subaru.es\/blog\/#\/schema\/logo\/image\/","url":"https:\/\/www.subaru.es\/blog\/wp-content\/uploads\/2016\/12\/Logo-Subaru-TypeV_C300-scaled.jpg","contentUrl":"https:\/\/www.subaru.es\/blog\/wp-content\/uploads\/2016\/12\/Logo-Subaru-TypeV_C300-scaled.jpg","width":2560,"height":1864,"caption":"Subaru Espa\u00f1a S.A."},"image":{"@id":"https:\/\/www.subaru.es\/blog\/#\/schema\/logo\/image\/"},"sameAs":["https:\/\/www.facebook.com\/subaruespana","https:\/\/www.instagram.com\/subarues\/","https:\/\/www.youtube.com\/user\/subaruespana"]},{"@type":"Person","@id":"https:\/\/www.subaru.es\/blog\/#\/schema\/person\/19a90b892230b8e0ec752704ddf4aa10","name":"Subaru","url":"https:\/\/www.subaru.es\/blog\/author\/subaria\/"}]}},"_links":{"self":[{"href":"https:\/\/www.subaru.es\/blog\/wp-json\/wp\/v2\/posts\/288","targetHints":{"allow":["GET"]}}],"collection":[{"href":"https:\/\/www.subaru.es\/blog\/wp-json\/wp\/v2\/posts"}],"about":[{"href":"https:\/\/www.subaru.es\/blog\/wp-json\/wp\/v2\/types\/post"}],"author":[{"embeddable":true,"href":"https:\/\/www.subaru.es\/blog\/wp-json\/wp\/v2\/users\/21"}],"replies":[{"embeddable":true,"href":"https:\/\/www.subaru.es\/blog\/wp-json\/wp\/v2\/comments?post=288"}],"version-history":[{"count":1,"href":"https:\/\/www.subaru.es\/blog\/wp-json\/wp\/v2\/posts\/288\/revisions"}],"predecessor-version":[{"id":15767,"href":"https:\/\/www.subaru.es\/blog\/wp-json\/wp\/v2\/posts\/288\/revisions\/15767"}],"wp:attachment":[{"href":"https:\/\/www.subaru.es\/blog\/wp-json\/wp\/v2\/media?parent=288"}],"wp:term":[{"taxonomy":"category","embeddable":true,"href":"https:\/\/www.subaru.es\/blog\/wp-json\/wp\/v2\/categories?post=288"},{"taxonomy":"post_tag","embeddable":true,"href":"https:\/\/www.subaru.es\/blog\/wp-json\/wp\/v2\/tags?post=288"}],"curies":[{"name":"wp","href":"https:\/\/api.w.org\/{rel}","templated":true}]}}