{"id":2776,"date":"2010-08-09T12:55:44","date_gmt":"2010-08-09T10:55:44","guid":{"rendered":"http:\/\/subaru.preproduccion.com\/blog\/?p=2776"},"modified":"2020-08-12T12:03:01","modified_gmt":"2020-08-12T10:03:01","slug":"bulacia-quiere-participar-en-el-dakar-con-un-subaru","status":"publish","type":"post","link":"https:\/\/www.subaru.es\/blog\/subaru-lifestyle\/bulacia-quiere-participar-en-el-dakar-con-un-subaru\/","title":{"rendered":"Bulacia quiere participar en el Dakar con un Subaru"},"content":{"rendered":"<p>El piloto boliviano<strong> Marco Bulacia <\/strong>busca patrocinadores para poder disputar el pr\u00f3ximo Rally Dakar. Si finalmente los consigue, se convertir\u00e1 en el <strong>primer corredor de Bolivia en participar<\/strong> en esa carrera, una de las m\u00e1s importantes del mundo.<\/p>\n<p>El piloto ya se ha inscrito en la carrera con un <strong>Subaru Forester<\/strong>, que adquirir\u00e1 este a\u00f1o, ya que tambi\u00e9n pretende competir con ese b\u00f3lido en el <strong>Gran Premio Integraci\u00f3n de Oriente<\/strong>, que se celebrar\u00e1 entre el 1 al 16 de septiembre.<\/p>\n<p>El piloto ha comentado que:<\/p>\n<blockquote><p>\u201cPara correr en el Rally Dakar mi presupuesto se ir\u00e1 por los cielos, por lo que debo buscar patrocinios. Por el momento, todos los gastos los estoy cubriendo con fondos propios\u201d.<\/p><\/blockquote>\n<p>El <strong>Rally Dakar<\/strong> es la prueba de motores m\u00e1s famosa del mundo. Se cre\u00f3 en 1979 se corri\u00f3 hasta 1994 partiendo de <strong>Par\u00eds <\/strong>y terminando en <strong>Dakar <\/strong>(Senegal). Despu\u00e9s fue cambiando de partidas y metas. En 2008 fue suspendida por una serie de amenazas terroristas y desde 2009 se corre entre <strong>Argentina y Chile<\/strong>.<\/p>\n","protected":false},"excerpt":{"rendered":"<p>El piloto boliviano Marco Bulacia busca patrocinadores para poder disputar el pr\u00f3ximo Rally Dakar. Si finalmente los consigue, se convertir\u00e1 en el primer corredor de Bolivia en participar en esa carrera, una de las m\u00e1s importantes del mundo. El piloto ya se ha inscrito en la carrera con un Subaru Forester, que adquirir\u00e1 este a\u00f1o, [&hellip;]<\/p>\n","protected":false},"author":21,"featured_media":0,"comment_status":"open","ping_status":"open","sticky":false,"template":"","format":"standard","meta":{"_acf_changed":false,"_eb_attr":"","inline_featured_image":false,"footnotes":""},"categories":[4520],"tags":[3108,2730,4390,491],"class_list":["post-2776","post","type-post","status-publish","format-standard","hentry","category-subaru-lifestyle","tag-bulacia","tag-dakar","tag-subaru","tag-subaru-forester"],"acf":[],"yoast_head":"<!-- This site is optimized with the Yoast SEO plugin v27.3 - https:\/\/yoast.com\/product\/yoast-seo-wordpress\/ -->\n<title>Bulacia quiere participar en el Dakar con un Subaru - Universo Subaru<\/title>\n<meta name=\"robots\" content=\"index, follow, max-snippet:-1, max-image-preview:large, max-video-preview:-1\" \/>\n<link rel=\"canonical\" href=\"https:\/\/www.subaru.es\/blog\/subaru-lifestyle\/bulacia-quiere-participar-en-el-dakar-con-un-subaru\/\" \/>\n<meta property=\"og:locale\" content=\"es_ES\" \/>\n<meta property=\"og:type\" content=\"article\" \/>\n<meta property=\"og:title\" content=\"Bulacia quiere participar en el Dakar con un Subaru - Universo Subaru\" \/>\n<meta property=\"og:description\" content=\"El piloto boliviano Marco Bulacia busca patrocinadores para poder disputar el pr\u00f3ximo Rally Dakar. Si finalmente los consigue, se convertir\u00e1 en el primer corredor de Bolivia en participar en esa carrera, una de las m\u00e1s importantes del mundo. El piloto ya se ha inscrito en la carrera con un Subaru Forester, que adquirir\u00e1 este a\u00f1o, [&hellip;]\" \/>\n<meta property=\"og:url\" content=\"https:\/\/www.subaru.es\/blog\/subaru-lifestyle\/bulacia-quiere-participar-en-el-dakar-con-un-subaru\/\" \/>\n<meta property=\"og:site_name\" content=\"Universo Subaru\" \/>\n<meta property=\"article:publisher\" content=\"https:\/\/www.facebook.com\/subaruespana\" \/>\n<meta property=\"article:published_time\" content=\"2010-08-09T10:55:44+00:00\" \/>\n<meta property=\"article:modified_time\" content=\"2020-08-12T10:03:01+00:00\" \/>\n<meta name=\"author\" content=\"Subaru\" \/>\n<meta name=\"twitter:card\" content=\"summary_large_image\" \/>\n<meta name=\"twitter:label1\" content=\"Escrito por\" \/>\n\t<meta name=\"twitter:data1\" content=\"Subaru\" \/>\n\t<meta name=\"twitter:label2\" content=\"Tiempo de lectura\" \/>\n\t<meta name=\"twitter:data2\" content=\"1 minuto\" \/>\n<script type=\"application\/ld+json\" class=\"yoast-schema-graph\">{\"@context\":\"https:\\\/\\\/schema.org\",\"@graph\":[{\"@type\":\"Article\",\"@id\":\"https:\\\/\\\/www.subaru.es\\\/blog\\\/subaru-lifestyle\\\/bulacia-quiere-participar-en-el-dakar-con-un-subaru\\\/#article\",\"isPartOf\":{\"@id\":\"https:\\\/\\\/www.subaru.es\\\/blog\\\/subaru-lifestyle\\\/bulacia-quiere-participar-en-el-dakar-con-un-subaru\\\/\"},\"author\":{\"name\":\"Subaru\",\"@id\":\"https:\\\/\\\/www.subaru.es\\\/blog\\\/#\\\/schema\\\/person\\\/19a90b892230b8e0ec752704ddf4aa10\"},\"headline\":\"Bulacia quiere participar en el Dakar con un Subaru\",\"datePublished\":\"2010-08-09T10:55:44+00:00\",\"dateModified\":\"2020-08-12T10:03:01+00:00\",\"mainEntityOfPage\":{\"@id\":\"https:\\\/\\\/www.subaru.es\\\/blog\\\/subaru-lifestyle\\\/bulacia-quiere-participar-en-el-dakar-con-un-subaru\\\/\"},\"wordCount\":182,\"commentCount\":0,\"publisher\":{\"@id\":\"https:\\\/\\\/www.subaru.es\\\/blog\\\/#organization\"},\"keywords\":[\"Bulacia\",\"Dakar\",\"Subaru\",\"subaru forester\"],\"articleSection\":[\"Subaru LifeStyle\"],\"inLanguage\":\"es\",\"potentialAction\":[{\"@type\":\"CommentAction\",\"name\":\"Comment\",\"target\":[\"https:\\\/\\\/www.subaru.es\\\/blog\\\/subaru-lifestyle\\\/bulacia-quiere-participar-en-el-dakar-con-un-subaru\\\/#respond\"]}]},{\"@type\":\"WebPage\",\"@id\":\"https:\\\/\\\/www.subaru.es\\\/blog\\\/subaru-lifestyle\\\/bulacia-quiere-participar-en-el-dakar-con-un-subaru\\\/\",\"url\":\"https:\\\/\\\/www.subaru.es\\\/blog\\\/subaru-lifestyle\\\/bulacia-quiere-participar-en-el-dakar-con-un-subaru\\\/\",\"name\":\"Bulacia quiere participar en el Dakar con un Subaru - Universo Subaru\",\"isPartOf\":{\"@id\":\"https:\\\/\\\/www.subaru.es\\\/blog\\\/#website\"},\"datePublished\":\"2010-08-09T10:55:44+00:00\",\"dateModified\":\"2020-08-12T10:03:01+00:00\",\"breadcrumb\":{\"@id\":\"https:\\\/\\\/www.subaru.es\\\/blog\\\/subaru-lifestyle\\\/bulacia-quiere-participar-en-el-dakar-con-un-subaru\\\/#breadcrumb\"},\"inLanguage\":\"es\",\"potentialAction\":[{\"@type\":\"ReadAction\",\"target\":[\"https:\\\/\\\/www.subaru.es\\\/blog\\\/subaru-lifestyle\\\/bulacia-quiere-participar-en-el-dakar-con-un-subaru\\\/\"]}]},{\"@type\":\"BreadcrumbList\",\"@id\":\"https:\\\/\\\/www.subaru.es\\\/blog\\\/subaru-lifestyle\\\/bulacia-quiere-participar-en-el-dakar-con-un-subaru\\\/#breadcrumb\",\"itemListElement\":[{\"@type\":\"ListItem\",\"position\":1,\"name\":\"Portada\",\"item\":\"https:\\\/\\\/www.subaru.es\\\/blog\\\/\"},{\"@type\":\"ListItem\",\"position\":2,\"name\":\"Bulacia quiere participar en el Dakar con un Subaru\"}]},{\"@type\":\"WebSite\",\"@id\":\"https:\\\/\\\/www.subaru.es\\\/blog\\\/#website\",\"url\":\"https:\\\/\\\/www.subaru.es\\\/blog\\\/\",\"name\":\"Universo Subaru\",\"description\":\"Descubre este apasionante espacio de Subaru donde vas a conocer todo sobre nuestros coches y las experiencias que vivimos con ellos. Si est\u00e1s preparado para dejarte seducir por la filosof\u00eda Subaru, qu\u00e9date con nosotros.\",\"publisher\":{\"@id\":\"https:\\\/\\\/www.subaru.es\\\/blog\\\/#organization\"},\"potentialAction\":[{\"@type\":\"SearchAction\",\"target\":{\"@type\":\"EntryPoint\",\"urlTemplate\":\"https:\\\/\\\/www.subaru.es\\\/blog\\\/?s={search_term_string}\"},\"query-input\":{\"@type\":\"PropertyValueSpecification\",\"valueRequired\":true,\"valueName\":\"search_term_string\"}}],\"inLanguage\":\"es\"},{\"@type\":\"Organization\",\"@id\":\"https:\\\/\\\/www.subaru.es\\\/blog\\\/#organization\",\"name\":\"Subaru Espa\u00f1a S.A.\",\"url\":\"https:\\\/\\\/www.subaru.es\\\/blog\\\/\",\"logo\":{\"@type\":\"ImageObject\",\"inLanguage\":\"es\",\"@id\":\"https:\\\/\\\/www.subaru.es\\\/blog\\\/#\\\/schema\\\/logo\\\/image\\\/\",\"url\":\"https:\\\/\\\/www.subaru.es\\\/blog\\\/wp-content\\\/uploads\\\/2016\\\/12\\\/Logo-Subaru-TypeV_C300-scaled.jpg\",\"contentUrl\":\"https:\\\/\\\/www.subaru.es\\\/blog\\\/wp-content\\\/uploads\\\/2016\\\/12\\\/Logo-Subaru-TypeV_C300-scaled.jpg\",\"width\":2560,\"height\":1864,\"caption\":\"Subaru Espa\u00f1a S.A.\"},\"image\":{\"@id\":\"https:\\\/\\\/www.subaru.es\\\/blog\\\/#\\\/schema\\\/logo\\\/image\\\/\"},\"sameAs\":[\"https:\\\/\\\/www.facebook.com\\\/subaruespana\",\"https:\\\/\\\/www.instagram.com\\\/subarues\\\/\",\"https:\\\/\\\/www.youtube.com\\\/user\\\/subaruespana\"]},{\"@type\":\"Person\",\"@id\":\"https:\\\/\\\/www.subaru.es\\\/blog\\\/#\\\/schema\\\/person\\\/19a90b892230b8e0ec752704ddf4aa10\",\"name\":\"Subaru\",\"url\":\"https:\\\/\\\/www.subaru.es\\\/blog\\\/author\\\/subaria\\\/\"}]}<\/script>\n<!-- \/ Yoast SEO plugin. -->","yoast_head_json":{"title":"Bulacia quiere participar en el Dakar con un Subaru - Universo Subaru","robots":{"index":"index","follow":"follow","max-snippet":"max-snippet:-1","max-image-preview":"max-image-preview:large","max-video-preview":"max-video-preview:-1"},"canonical":"https:\/\/www.subaru.es\/blog\/subaru-lifestyle\/bulacia-quiere-participar-en-el-dakar-con-un-subaru\/","og_locale":"es_ES","og_type":"article","og_title":"Bulacia quiere participar en el Dakar con un Subaru - Universo Subaru","og_description":"El piloto boliviano Marco Bulacia busca patrocinadores para poder disputar el pr\u00f3ximo Rally Dakar. Si finalmente los consigue, se convertir\u00e1 en el primer corredor de Bolivia en participar en esa carrera, una de las m\u00e1s importantes del mundo. El piloto ya se ha inscrito en la carrera con un Subaru Forester, que adquirir\u00e1 este a\u00f1o, [&hellip;]","og_url":"https:\/\/www.subaru.es\/blog\/subaru-lifestyle\/bulacia-quiere-participar-en-el-dakar-con-un-subaru\/","og_site_name":"Universo Subaru","article_publisher":"https:\/\/www.facebook.com\/subaruespana","article_published_time":"2010-08-09T10:55:44+00:00","article_modified_time":"2020-08-12T10:03:01+00:00","author":"Subaru","twitter_card":"summary_large_image","twitter_misc":{"Escrito por":"Subaru","Tiempo de lectura":"1 minuto"},"schema":{"@context":"https:\/\/schema.org","@graph":[{"@type":"Article","@id":"https:\/\/www.subaru.es\/blog\/subaru-lifestyle\/bulacia-quiere-participar-en-el-dakar-con-un-subaru\/#article","isPartOf":{"@id":"https:\/\/www.subaru.es\/blog\/subaru-lifestyle\/bulacia-quiere-participar-en-el-dakar-con-un-subaru\/"},"author":{"name":"Subaru","@id":"https:\/\/www.subaru.es\/blog\/#\/schema\/person\/19a90b892230b8e0ec752704ddf4aa10"},"headline":"Bulacia quiere participar en el Dakar con un Subaru","datePublished":"2010-08-09T10:55:44+00:00","dateModified":"2020-08-12T10:03:01+00:00","mainEntityOfPage":{"@id":"https:\/\/www.subaru.es\/blog\/subaru-lifestyle\/bulacia-quiere-participar-en-el-dakar-con-un-subaru\/"},"wordCount":182,"commentCount":0,"publisher":{"@id":"https:\/\/www.subaru.es\/blog\/#organization"},"keywords":["Bulacia","Dakar","Subaru","subaru forester"],"articleSection":["Subaru LifeStyle"],"inLanguage":"es","potentialAction":[{"@type":"CommentAction","name":"Comment","target":["https:\/\/www.subaru.es\/blog\/subaru-lifestyle\/bulacia-quiere-participar-en-el-dakar-con-un-subaru\/#respond"]}]},{"@type":"WebPage","@id":"https:\/\/www.subaru.es\/blog\/subaru-lifestyle\/bulacia-quiere-participar-en-el-dakar-con-un-subaru\/","url":"https:\/\/www.subaru.es\/blog\/subaru-lifestyle\/bulacia-quiere-participar-en-el-dakar-con-un-subaru\/","name":"Bulacia quiere participar en el Dakar con un Subaru - Universo Subaru","isPartOf":{"@id":"https:\/\/www.subaru.es\/blog\/#website"},"datePublished":"2010-08-09T10:55:44+00:00","dateModified":"2020-08-12T10:03:01+00:00","breadcrumb":{"@id":"https:\/\/www.subaru.es\/blog\/subaru-lifestyle\/bulacia-quiere-participar-en-el-dakar-con-un-subaru\/#breadcrumb"},"inLanguage":"es","potentialAction":[{"@type":"ReadAction","target":["https:\/\/www.subaru.es\/blog\/subaru-lifestyle\/bulacia-quiere-participar-en-el-dakar-con-un-subaru\/"]}]},{"@type":"BreadcrumbList","@id":"https:\/\/www.subaru.es\/blog\/subaru-lifestyle\/bulacia-quiere-participar-en-el-dakar-con-un-subaru\/#breadcrumb","itemListElement":[{"@type":"ListItem","position":1,"name":"Portada","item":"https:\/\/www.subaru.es\/blog\/"},{"@type":"ListItem","position":2,"name":"Bulacia quiere participar en el Dakar con un Subaru"}]},{"@type":"WebSite","@id":"https:\/\/www.subaru.es\/blog\/#website","url":"https:\/\/www.subaru.es\/blog\/","name":"Universo Subaru","description":"Descubre este apasionante espacio de Subaru donde vas a conocer todo sobre nuestros coches y las experiencias que vivimos con ellos. Si est\u00e1s preparado para dejarte seducir por la filosof\u00eda Subaru, qu\u00e9date con nosotros.","publisher":{"@id":"https:\/\/www.subaru.es\/blog\/#organization"},"potentialAction":[{"@type":"SearchAction","target":{"@type":"EntryPoint","urlTemplate":"https:\/\/www.subaru.es\/blog\/?s={search_term_string}"},"query-input":{"@type":"PropertyValueSpecification","valueRequired":true,"valueName":"search_term_string"}}],"inLanguage":"es"},{"@type":"Organization","@id":"https:\/\/www.subaru.es\/blog\/#organization","name":"Subaru Espa\u00f1a S.A.","url":"https:\/\/www.subaru.es\/blog\/","logo":{"@type":"ImageObject","inLanguage":"es","@id":"https:\/\/www.subaru.es\/blog\/#\/schema\/logo\/image\/","url":"https:\/\/www.subaru.es\/blog\/wp-content\/uploads\/2016\/12\/Logo-Subaru-TypeV_C300-scaled.jpg","contentUrl":"https:\/\/www.subaru.es\/blog\/wp-content\/uploads\/2016\/12\/Logo-Subaru-TypeV_C300-scaled.jpg","width":2560,"height":1864,"caption":"Subaru Espa\u00f1a S.A."},"image":{"@id":"https:\/\/www.subaru.es\/blog\/#\/schema\/logo\/image\/"},"sameAs":["https:\/\/www.facebook.com\/subaruespana","https:\/\/www.instagram.com\/subarues\/","https:\/\/www.youtube.com\/user\/subaruespana"]},{"@type":"Person","@id":"https:\/\/www.subaru.es\/blog\/#\/schema\/person\/19a90b892230b8e0ec752704ddf4aa10","name":"Subaru","url":"https:\/\/www.subaru.es\/blog\/author\/subaria\/"}]}},"_links":{"self":[{"href":"https:\/\/www.subaru.es\/blog\/wp-json\/wp\/v2\/posts\/2776","targetHints":{"allow":["GET"]}}],"collection":[{"href":"https:\/\/www.subaru.es\/blog\/wp-json\/wp\/v2\/posts"}],"about":[{"href":"https:\/\/www.subaru.es\/blog\/wp-json\/wp\/v2\/types\/post"}],"author":[{"embeddable":true,"href":"https:\/\/www.subaru.es\/blog\/wp-json\/wp\/v2\/users\/21"}],"replies":[{"embeddable":true,"href":"https:\/\/www.subaru.es\/blog\/wp-json\/wp\/v2\/comments?post=2776"}],"version-history":[{"count":1,"href":"https:\/\/www.subaru.es\/blog\/wp-json\/wp\/v2\/posts\/2776\/revisions"}],"predecessor-version":[{"id":15012,"href":"https:\/\/www.subaru.es\/blog\/wp-json\/wp\/v2\/posts\/2776\/revisions\/15012"}],"wp:attachment":[{"href":"https:\/\/www.subaru.es\/blog\/wp-json\/wp\/v2\/media?parent=2776"}],"wp:term":[{"taxonomy":"category","embeddable":true,"href":"https:\/\/www.subaru.es\/blog\/wp-json\/wp\/v2\/categories?post=2776"},{"taxonomy":"post_tag","embeddable":true,"href":"https:\/\/www.subaru.es\/blog\/wp-json\/wp\/v2\/tags?post=2776"}],"curies":[{"name":"wp","href":"https:\/\/api.w.org\/{rel}","templated":true}]}}