{"id":2722,"date":"2010-07-13T12:21:47","date_gmt":"2010-07-13T10:21:47","guid":{"rendered":"http:\/\/subaru.preproduccion.com\/blog\/?p=2722"},"modified":"2020-08-12T12:09:01","modified_gmt":"2020-08-12T10:09:01","slug":"gabriel-pozzo-sigue-lider-con-subaru","status":"publish","type":"post","link":"https:\/\/www.subaru.es\/blog\/nuestra-marca\/gabriel-pozzo-sigue-lider-con-subaru\/","title":{"rendered":"Gabriel Pozzo sigue l\u00edder con Subaru"},"content":{"rendered":"<p>El piloto ha quedado en <strong>tercera posici\u00f3n <\/strong>en el <strong><a href=\"http:\/\/www.catamarcarally.com.ar\/\">Rally de Catamarca <\/a><\/strong>, celebrado del 25 al 27 de junio, con el <strong>Subaru <\/strong>de la <strong>escuadra Baratec<\/strong>, por lo que mantiene el <strong>liderato <\/strong>de la clasificaci\u00f3n general del <strong><a href=\"http:\/\/www.rallyargentino.org.ar\/\">Campeonato Argentino de Rallys <\/a><\/strong>. El <strong>Rally de Catamarca <\/strong>es la quinta cita del campeonato nacional.<\/p>\n<p><a title=\"sampayo\" href=\"https:\/\/www.subaru.es\/blog\/wp-content\/uploads\/2010\/06\/sampayo.jpg\"><img decoding=\"async\" data-src=\"https:\/\/www.subaru.es\/blog\/wp-content\/uploads\/2010\/06\/sampayo.jpg\" alt=\"sampayo\" src=\"data:image\/svg+xml;base64,PHN2ZyB3aWR0aD0iMSIgaGVpZ2h0PSIxIiB4bWxucz0iaHR0cDovL3d3dy53My5vcmcvMjAwMC9zdmciPjwvc3ZnPg==\" class=\"lazyload\" style=\"--smush-placeholder-width: 500px; --smush-placeholder-aspect-ratio: 500\/348;\"><\/a><\/p>\n<p>Asimismo, el argentino <strong>Mario Sampayo (Subaru) <\/strong>junto a <strong>Vicente Andreatta <\/strong>lograron lo casi imposible en este <strong>Rally de Catamarca<\/strong>, ya que ganaron la <strong>N4 Light <\/strong>y consiguen su primera victoria en la categor\u00eda. Mientras, <strong>Alvaro Marchetto (Subaru)<\/strong> se adjudic\u00f3 la <strong>S\u00faper R<\/strong>.<\/p>\n","protected":false},"excerpt":{"rendered":"<p>El piloto ha quedado en tercera posici\u00f3n en el Rally de Catamarca , celebrado del 25 al 27 de junio, con el Subaru de la escuadra Baratec, por lo que mantiene el liderato de la clasificaci\u00f3n general del Campeonato Argentino de Rallys . El Rally de Catamarca es la quinta cita del campeonato nacional. Asimismo, [&hellip;]<\/p>\n","protected":false},"author":21,"featured_media":2723,"comment_status":"open","ping_status":"open","sticky":false,"template":"","format":"standard","meta":{"_acf_changed":false,"_eb_attr":"","inline_featured_image":false,"footnotes":""},"categories":[4401],"tags":[3094,398,3035,3093,1033,1815,1755,43,4390,1758],"class_list":["post-2722","post","type-post","status-publish","format-standard","has-post-thumbnail","hentry","category-nuestra-marca","tag-alvaro-marchetto","tag-argentina","tag-baratec","tag-catamarca","tag-gabriel-pozzo","tag-mario-sampayo","tag-n4-light","tag-rally","tag-subaru","tag-super-r"],"acf":[],"yoast_head":"<!-- This site is optimized with the Yoast SEO plugin v27.3 - https:\/\/yoast.com\/product\/yoast-seo-wordpress\/ -->\n<title>Gabriel Pozzo sigue l\u00edder con Subaru - Universo Subaru<\/title>\n<meta name=\"robots\" content=\"index, follow, max-snippet:-1, max-image-preview:large, max-video-preview:-1\" \/>\n<link rel=\"canonical\" href=\"https:\/\/www.subaru.es\/blog\/nuestra-marca\/gabriel-pozzo-sigue-lider-con-subaru\/\" \/>\n<meta property=\"og:locale\" content=\"es_ES\" \/>\n<meta property=\"og:type\" content=\"article\" \/>\n<meta property=\"og:title\" content=\"Gabriel Pozzo sigue l\u00edder con Subaru - Universo Subaru\" \/>\n<meta property=\"og:description\" content=\"El piloto ha quedado en tercera posici\u00f3n en el Rally de Catamarca , celebrado del 25 al 27 de junio, con el Subaru de la escuadra Baratec, por lo que mantiene el liderato de la clasificaci\u00f3n general del Campeonato Argentino de Rallys . El Rally de Catamarca es la quinta cita del campeonato nacional. Asimismo, [&hellip;]\" \/>\n<meta property=\"og:url\" content=\"https:\/\/www.subaru.es\/blog\/nuestra-marca\/gabriel-pozzo-sigue-lider-con-subaru\/\" \/>\n<meta property=\"og:site_name\" content=\"Universo Subaru\" \/>\n<meta property=\"article:publisher\" content=\"https:\/\/www.facebook.com\/subaruespana\" \/>\n<meta property=\"article:published_time\" content=\"2010-07-13T10:21:47+00:00\" \/>\n<meta property=\"article:modified_time\" content=\"2020-08-12T10:09:01+00:00\" \/>\n<meta property=\"og:image\" content=\"https:\/\/www.subaru.es\/blog\/wp-content\/uploads\/2010\/06\/sampayo.jpg\" \/>\n\t<meta property=\"og:image:width\" content=\"500\" \/>\n\t<meta property=\"og:image:height\" content=\"348\" \/>\n\t<meta property=\"og:image:type\" content=\"image\/jpeg\" \/>\n<meta name=\"author\" content=\"Subaru\" \/>\n<meta name=\"twitter:card\" content=\"summary_large_image\" \/>\n<meta name=\"twitter:label1\" content=\"Escrito por\" \/>\n\t<meta name=\"twitter:data1\" content=\"Subaru\" \/>\n<script type=\"application\/ld+json\" class=\"yoast-schema-graph\">{\"@context\":\"https:\\\/\\\/schema.org\",\"@graph\":[{\"@type\":\"Article\",\"@id\":\"https:\\\/\\\/www.subaru.es\\\/blog\\\/nuestra-marca\\\/gabriel-pozzo-sigue-lider-con-subaru\\\/#article\",\"isPartOf\":{\"@id\":\"https:\\\/\\\/www.subaru.es\\\/blog\\\/nuestra-marca\\\/gabriel-pozzo-sigue-lider-con-subaru\\\/\"},\"author\":{\"name\":\"Subaru\",\"@id\":\"https:\\\/\\\/www.subaru.es\\\/blog\\\/#\\\/schema\\\/person\\\/19a90b892230b8e0ec752704ddf4aa10\"},\"headline\":\"Gabriel Pozzo sigue l\u00edder con Subaru\",\"datePublished\":\"2010-07-13T10:21:47+00:00\",\"dateModified\":\"2020-08-12T10:09:01+00:00\",\"mainEntityOfPage\":{\"@id\":\"https:\\\/\\\/www.subaru.es\\\/blog\\\/nuestra-marca\\\/gabriel-pozzo-sigue-lider-con-subaru\\\/\"},\"wordCount\":103,\"commentCount\":1,\"publisher\":{\"@id\":\"https:\\\/\\\/www.subaru.es\\\/blog\\\/#organization\"},\"image\":{\"@id\":\"https:\\\/\\\/www.subaru.es\\\/blog\\\/nuestra-marca\\\/gabriel-pozzo-sigue-lider-con-subaru\\\/#primaryimage\"},\"thumbnailUrl\":\"https:\\\/\\\/www.subaru.es\\\/blog\\\/wp-content\\\/uploads\\\/2010\\\/06\\\/sampayo.jpg\",\"keywords\":[\"Alvaro Marchetto\",\"argentina\",\"Baratec\",\"Catamarca\",\"gabriel pozzo\",\"Mario Sampayo\",\"N4 Light\",\"rally\",\"Subaru\",\"S\u00faper R\"],\"articleSection\":[\"Nuestra marca\"],\"inLanguage\":\"es\",\"potentialAction\":[{\"@type\":\"CommentAction\",\"name\":\"Comment\",\"target\":[\"https:\\\/\\\/www.subaru.es\\\/blog\\\/nuestra-marca\\\/gabriel-pozzo-sigue-lider-con-subaru\\\/#respond\"]}]},{\"@type\":\"WebPage\",\"@id\":\"https:\\\/\\\/www.subaru.es\\\/blog\\\/nuestra-marca\\\/gabriel-pozzo-sigue-lider-con-subaru\\\/\",\"url\":\"https:\\\/\\\/www.subaru.es\\\/blog\\\/nuestra-marca\\\/gabriel-pozzo-sigue-lider-con-subaru\\\/\",\"name\":\"Gabriel Pozzo sigue l\u00edder con Subaru - Universo Subaru\",\"isPartOf\":{\"@id\":\"https:\\\/\\\/www.subaru.es\\\/blog\\\/#website\"},\"primaryImageOfPage\":{\"@id\":\"https:\\\/\\\/www.subaru.es\\\/blog\\\/nuestra-marca\\\/gabriel-pozzo-sigue-lider-con-subaru\\\/#primaryimage\"},\"image\":{\"@id\":\"https:\\\/\\\/www.subaru.es\\\/blog\\\/nuestra-marca\\\/gabriel-pozzo-sigue-lider-con-subaru\\\/#primaryimage\"},\"thumbnailUrl\":\"https:\\\/\\\/www.subaru.es\\\/blog\\\/wp-content\\\/uploads\\\/2010\\\/06\\\/sampayo.jpg\",\"datePublished\":\"2010-07-13T10:21:47+00:00\",\"dateModified\":\"2020-08-12T10:09:01+00:00\",\"breadcrumb\":{\"@id\":\"https:\\\/\\\/www.subaru.es\\\/blog\\\/nuestra-marca\\\/gabriel-pozzo-sigue-lider-con-subaru\\\/#breadcrumb\"},\"inLanguage\":\"es\",\"potentialAction\":[{\"@type\":\"ReadAction\",\"target\":[\"https:\\\/\\\/www.subaru.es\\\/blog\\\/nuestra-marca\\\/gabriel-pozzo-sigue-lider-con-subaru\\\/\"]}]},{\"@type\":\"ImageObject\",\"inLanguage\":\"es\",\"@id\":\"https:\\\/\\\/www.subaru.es\\\/blog\\\/nuestra-marca\\\/gabriel-pozzo-sigue-lider-con-subaru\\\/#primaryimage\",\"url\":\"https:\\\/\\\/www.subaru.es\\\/blog\\\/wp-content\\\/uploads\\\/2010\\\/06\\\/sampayo.jpg\",\"contentUrl\":\"https:\\\/\\\/www.subaru.es\\\/blog\\\/wp-content\\\/uploads\\\/2010\\\/06\\\/sampayo.jpg\",\"width\":500,\"height\":348},{\"@type\":\"BreadcrumbList\",\"@id\":\"https:\\\/\\\/www.subaru.es\\\/blog\\\/nuestra-marca\\\/gabriel-pozzo-sigue-lider-con-subaru\\\/#breadcrumb\",\"itemListElement\":[{\"@type\":\"ListItem\",\"position\":1,\"name\":\"Portada\",\"item\":\"https:\\\/\\\/www.subaru.es\\\/blog\\\/\"},{\"@type\":\"ListItem\",\"position\":2,\"name\":\"Gabriel Pozzo sigue l\u00edder con Subaru\"}]},{\"@type\":\"WebSite\",\"@id\":\"https:\\\/\\\/www.subaru.es\\\/blog\\\/#website\",\"url\":\"https:\\\/\\\/www.subaru.es\\\/blog\\\/\",\"name\":\"Universo Subaru\",\"description\":\"Descubre este apasionante espacio de Subaru donde vas a conocer todo sobre nuestros coches y las experiencias que vivimos con ellos. Si est\u00e1s preparado para dejarte seducir por la filosof\u00eda Subaru, qu\u00e9date con nosotros.\",\"publisher\":{\"@id\":\"https:\\\/\\\/www.subaru.es\\\/blog\\\/#organization\"},\"potentialAction\":[{\"@type\":\"SearchAction\",\"target\":{\"@type\":\"EntryPoint\",\"urlTemplate\":\"https:\\\/\\\/www.subaru.es\\\/blog\\\/?s={search_term_string}\"},\"query-input\":{\"@type\":\"PropertyValueSpecification\",\"valueRequired\":true,\"valueName\":\"search_term_string\"}}],\"inLanguage\":\"es\"},{\"@type\":\"Organization\",\"@id\":\"https:\\\/\\\/www.subaru.es\\\/blog\\\/#organization\",\"name\":\"Subaru Espa\u00f1a S.A.\",\"url\":\"https:\\\/\\\/www.subaru.es\\\/blog\\\/\",\"logo\":{\"@type\":\"ImageObject\",\"inLanguage\":\"es\",\"@id\":\"https:\\\/\\\/www.subaru.es\\\/blog\\\/#\\\/schema\\\/logo\\\/image\\\/\",\"url\":\"https:\\\/\\\/www.subaru.es\\\/blog\\\/wp-content\\\/uploads\\\/2016\\\/12\\\/Logo-Subaru-TypeV_C300-scaled.jpg\",\"contentUrl\":\"https:\\\/\\\/www.subaru.es\\\/blog\\\/wp-content\\\/uploads\\\/2016\\\/12\\\/Logo-Subaru-TypeV_C300-scaled.jpg\",\"width\":2560,\"height\":1864,\"caption\":\"Subaru Espa\u00f1a S.A.\"},\"image\":{\"@id\":\"https:\\\/\\\/www.subaru.es\\\/blog\\\/#\\\/schema\\\/logo\\\/image\\\/\"},\"sameAs\":[\"https:\\\/\\\/www.facebook.com\\\/subaruespana\",\"https:\\\/\\\/www.instagram.com\\\/subarues\\\/\",\"https:\\\/\\\/www.youtube.com\\\/user\\\/subaruespana\"]},{\"@type\":\"Person\",\"@id\":\"https:\\\/\\\/www.subaru.es\\\/blog\\\/#\\\/schema\\\/person\\\/19a90b892230b8e0ec752704ddf4aa10\",\"name\":\"Subaru\",\"url\":\"https:\\\/\\\/www.subaru.es\\\/blog\\\/author\\\/subaria\\\/\"}]}<\/script>\n<!-- \/ Yoast SEO plugin. -->","yoast_head_json":{"title":"Gabriel Pozzo sigue l\u00edder con Subaru - Universo Subaru","robots":{"index":"index","follow":"follow","max-snippet":"max-snippet:-1","max-image-preview":"max-image-preview:large","max-video-preview":"max-video-preview:-1"},"canonical":"https:\/\/www.subaru.es\/blog\/nuestra-marca\/gabriel-pozzo-sigue-lider-con-subaru\/","og_locale":"es_ES","og_type":"article","og_title":"Gabriel Pozzo sigue l\u00edder con Subaru - Universo Subaru","og_description":"El piloto ha quedado en tercera posici\u00f3n en el Rally de Catamarca , celebrado del 25 al 27 de junio, con el Subaru de la escuadra Baratec, por lo que mantiene el liderato de la clasificaci\u00f3n general del Campeonato Argentino de Rallys . El Rally de Catamarca es la quinta cita del campeonato nacional. Asimismo, [&hellip;]","og_url":"https:\/\/www.subaru.es\/blog\/nuestra-marca\/gabriel-pozzo-sigue-lider-con-subaru\/","og_site_name":"Universo Subaru","article_publisher":"https:\/\/www.facebook.com\/subaruespana","article_published_time":"2010-07-13T10:21:47+00:00","article_modified_time":"2020-08-12T10:09:01+00:00","og_image":[{"width":500,"height":348,"url":"https:\/\/www.subaru.es\/blog\/wp-content\/uploads\/2010\/06\/sampayo.jpg","type":"image\/jpeg"}],"author":"Subaru","twitter_card":"summary_large_image","twitter_misc":{"Escrito por":"Subaru"},"schema":{"@context":"https:\/\/schema.org","@graph":[{"@type":"Article","@id":"https:\/\/www.subaru.es\/blog\/nuestra-marca\/gabriel-pozzo-sigue-lider-con-subaru\/#article","isPartOf":{"@id":"https:\/\/www.subaru.es\/blog\/nuestra-marca\/gabriel-pozzo-sigue-lider-con-subaru\/"},"author":{"name":"Subaru","@id":"https:\/\/www.subaru.es\/blog\/#\/schema\/person\/19a90b892230b8e0ec752704ddf4aa10"},"headline":"Gabriel Pozzo sigue l\u00edder con Subaru","datePublished":"2010-07-13T10:21:47+00:00","dateModified":"2020-08-12T10:09:01+00:00","mainEntityOfPage":{"@id":"https:\/\/www.subaru.es\/blog\/nuestra-marca\/gabriel-pozzo-sigue-lider-con-subaru\/"},"wordCount":103,"commentCount":1,"publisher":{"@id":"https:\/\/www.subaru.es\/blog\/#organization"},"image":{"@id":"https:\/\/www.subaru.es\/blog\/nuestra-marca\/gabriel-pozzo-sigue-lider-con-subaru\/#primaryimage"},"thumbnailUrl":"https:\/\/www.subaru.es\/blog\/wp-content\/uploads\/2010\/06\/sampayo.jpg","keywords":["Alvaro Marchetto","argentina","Baratec","Catamarca","gabriel pozzo","Mario Sampayo","N4 Light","rally","Subaru","S\u00faper R"],"articleSection":["Nuestra marca"],"inLanguage":"es","potentialAction":[{"@type":"CommentAction","name":"Comment","target":["https:\/\/www.subaru.es\/blog\/nuestra-marca\/gabriel-pozzo-sigue-lider-con-subaru\/#respond"]}]},{"@type":"WebPage","@id":"https:\/\/www.subaru.es\/blog\/nuestra-marca\/gabriel-pozzo-sigue-lider-con-subaru\/","url":"https:\/\/www.subaru.es\/blog\/nuestra-marca\/gabriel-pozzo-sigue-lider-con-subaru\/","name":"Gabriel Pozzo sigue l\u00edder con Subaru - Universo Subaru","isPartOf":{"@id":"https:\/\/www.subaru.es\/blog\/#website"},"primaryImageOfPage":{"@id":"https:\/\/www.subaru.es\/blog\/nuestra-marca\/gabriel-pozzo-sigue-lider-con-subaru\/#primaryimage"},"image":{"@id":"https:\/\/www.subaru.es\/blog\/nuestra-marca\/gabriel-pozzo-sigue-lider-con-subaru\/#primaryimage"},"thumbnailUrl":"https:\/\/www.subaru.es\/blog\/wp-content\/uploads\/2010\/06\/sampayo.jpg","datePublished":"2010-07-13T10:21:47+00:00","dateModified":"2020-08-12T10:09:01+00:00","breadcrumb":{"@id":"https:\/\/www.subaru.es\/blog\/nuestra-marca\/gabriel-pozzo-sigue-lider-con-subaru\/#breadcrumb"},"inLanguage":"es","potentialAction":[{"@type":"ReadAction","target":["https:\/\/www.subaru.es\/blog\/nuestra-marca\/gabriel-pozzo-sigue-lider-con-subaru\/"]}]},{"@type":"ImageObject","inLanguage":"es","@id":"https:\/\/www.subaru.es\/blog\/nuestra-marca\/gabriel-pozzo-sigue-lider-con-subaru\/#primaryimage","url":"https:\/\/www.subaru.es\/blog\/wp-content\/uploads\/2010\/06\/sampayo.jpg","contentUrl":"https:\/\/www.subaru.es\/blog\/wp-content\/uploads\/2010\/06\/sampayo.jpg","width":500,"height":348},{"@type":"BreadcrumbList","@id":"https:\/\/www.subaru.es\/blog\/nuestra-marca\/gabriel-pozzo-sigue-lider-con-subaru\/#breadcrumb","itemListElement":[{"@type":"ListItem","position":1,"name":"Portada","item":"https:\/\/www.subaru.es\/blog\/"},{"@type":"ListItem","position":2,"name":"Gabriel Pozzo sigue l\u00edder con Subaru"}]},{"@type":"WebSite","@id":"https:\/\/www.subaru.es\/blog\/#website","url":"https:\/\/www.subaru.es\/blog\/","name":"Universo Subaru","description":"Descubre este apasionante espacio de Subaru donde vas a conocer todo sobre nuestros coches y las experiencias que vivimos con ellos. Si est\u00e1s preparado para dejarte seducir por la filosof\u00eda Subaru, qu\u00e9date con nosotros.","publisher":{"@id":"https:\/\/www.subaru.es\/blog\/#organization"},"potentialAction":[{"@type":"SearchAction","target":{"@type":"EntryPoint","urlTemplate":"https:\/\/www.subaru.es\/blog\/?s={search_term_string}"},"query-input":{"@type":"PropertyValueSpecification","valueRequired":true,"valueName":"search_term_string"}}],"inLanguage":"es"},{"@type":"Organization","@id":"https:\/\/www.subaru.es\/blog\/#organization","name":"Subaru Espa\u00f1a S.A.","url":"https:\/\/www.subaru.es\/blog\/","logo":{"@type":"ImageObject","inLanguage":"es","@id":"https:\/\/www.subaru.es\/blog\/#\/schema\/logo\/image\/","url":"https:\/\/www.subaru.es\/blog\/wp-content\/uploads\/2016\/12\/Logo-Subaru-TypeV_C300-scaled.jpg","contentUrl":"https:\/\/www.subaru.es\/blog\/wp-content\/uploads\/2016\/12\/Logo-Subaru-TypeV_C300-scaled.jpg","width":2560,"height":1864,"caption":"Subaru Espa\u00f1a S.A."},"image":{"@id":"https:\/\/www.subaru.es\/blog\/#\/schema\/logo\/image\/"},"sameAs":["https:\/\/www.facebook.com\/subaruespana","https:\/\/www.instagram.com\/subarues\/","https:\/\/www.youtube.com\/user\/subaruespana"]},{"@type":"Person","@id":"https:\/\/www.subaru.es\/blog\/#\/schema\/person\/19a90b892230b8e0ec752704ddf4aa10","name":"Subaru","url":"https:\/\/www.subaru.es\/blog\/author\/subaria\/"}]}},"_links":{"self":[{"href":"https:\/\/www.subaru.es\/blog\/wp-json\/wp\/v2\/posts\/2722","targetHints":{"allow":["GET"]}}],"collection":[{"href":"https:\/\/www.subaru.es\/blog\/wp-json\/wp\/v2\/posts"}],"about":[{"href":"https:\/\/www.subaru.es\/blog\/wp-json\/wp\/v2\/types\/post"}],"author":[{"embeddable":true,"href":"https:\/\/www.subaru.es\/blog\/wp-json\/wp\/v2\/users\/21"}],"replies":[{"embeddable":true,"href":"https:\/\/www.subaru.es\/blog\/wp-json\/wp\/v2\/comments?post=2722"}],"version-history":[{"count":2,"href":"https:\/\/www.subaru.es\/blog\/wp-json\/wp\/v2\/posts\/2722\/revisions"}],"predecessor-version":[{"id":22218,"href":"https:\/\/www.subaru.es\/blog\/wp-json\/wp\/v2\/posts\/2722\/revisions\/22218"}],"wp:featuredmedia":[{"embeddable":true,"href":"https:\/\/www.subaru.es\/blog\/wp-json\/wp\/v2\/media\/2723"}],"wp:attachment":[{"href":"https:\/\/www.subaru.es\/blog\/wp-json\/wp\/v2\/media?parent=2722"}],"wp:term":[{"taxonomy":"category","embeddable":true,"href":"https:\/\/www.subaru.es\/blog\/wp-json\/wp\/v2\/categories?post=2722"},{"taxonomy":"post_tag","embeddable":true,"href":"https:\/\/www.subaru.es\/blog\/wp-json\/wp\/v2\/tags?post=2722"}],"curies":[{"name":"wp","href":"https:\/\/api.w.org\/{rel}","templated":true}]}}