{"id":2692,"date":"2010-05-28T13:02:21","date_gmt":"2010-05-28T11:02:21","guid":{"rendered":"http:\/\/subaru.preproduccion.com\/blog\/wp-content\/2010\/05\/28\/un-mensaje-a-todos-los-miembros-del-club-subaru-todocamino\/"},"modified":"2016-10-17T15:11:10","modified_gmt":"2016-10-17T13:11:10","slug":"un-mensaje-a-todos-los-miembros-del-club-subaru-todocamino","status":"publish","type":"post","link":"https:\/\/www.subaru.es\/blog\/nuestra-marca\/un-mensaje-a-todos-los-miembros-del-club-subaru-todocamino\/","title":{"rendered":"Un mensaje a todos los miembros del Club Subaru Todocamino"},"content":{"rendered":"<p>El Club Subaru Todocamino os informa que ya est\u00e1n <strong>abiertas las inscripciones <\/strong>para la Trobada que se realizar\u00e1 en <strong>Baqueira Beret <\/strong>la semana del <strong>19 al 25 de Julio <\/strong>que ser\u00e1 su tercera edici\u00f3n, a unos precios realmente muy interesantes para la gente del Club en el Hotel Montarto de cuatro estrellas. Recordad que las plazas ser\u00e1n limitadas.<\/p>\n<p>Para m\u00e1s informaci\u00f3n pod\u00e9is visitar el link de la misma. Os esperamos, y pensad que son unas muy buenas vacaciones tambi\u00e9n, y una buena \u00e9poca para conocer todo el Valle de Aran. Ah y para las familias, los <strong>ni\u00f1os hasta 12 a\u00f1os <\/strong>tienen toda la <strong>estancia gratuita<\/strong>.<\/p>\n<p><a href=\"http:\/\/subarutodocamino.ning.com\/events\/trobada-familiar-vacacional-en-1\">http:\/\/subarutodocamino.ning.com\/events\/trobada-familiar-vacacional-en-1<\/a><\/p>\n<p>Un cordial saludo,<\/p>\n<p>Club Subaru Todocamino<\/p>\n<p><strong>Visitar Club Subaru Todocamino en<\/strong>: <a href=\"http:\/\/www.clubsubarutodocamino.com\/?xg_source=msg_mes_network\">http:\/\/www.clubsubarutodocamino.com\/?xg_source=msg_mes_network<\/a><\/p>\n","protected":false},"excerpt":{"rendered":"<p>El Club Subaru Todocamino os informa que ya est\u00e1n abiertas las inscripciones para la Trobada que se realizar\u00e1 en Baqueira Beret la semana del 19 al 25 de Julio que ser\u00e1 su tercera edici\u00f3n, a unos precios realmente muy interesantes para la gente del Club en el Hotel Montarto de cuatro estrellas. Recordad que las [&hellip;]<\/p>\n","protected":false},"author":21,"featured_media":2693,"comment_status":"open","ping_status":"open","sticky":false,"template":"","format":"standard","meta":{"_acf_changed":false,"_eb_attr":"","inline_featured_image":false,"footnotes":""},"categories":[4401],"tags":[],"class_list":["post-2692","post","type-post","status-publish","format-standard","has-post-thumbnail","hentry","category-nuestra-marca"],"acf":[],"yoast_head":"<!-- This site is optimized with the Yoast SEO plugin v27.3 - https:\/\/yoast.com\/product\/yoast-seo-wordpress\/ -->\n<title>Un mensaje a todos los miembros del Club Subaru Todocamino - Universo Subaru<\/title>\n<meta name=\"robots\" content=\"index, follow, max-snippet:-1, max-image-preview:large, max-video-preview:-1\" \/>\n<link rel=\"canonical\" href=\"https:\/\/www.subaru.es\/blog\/nuestra-marca\/un-mensaje-a-todos-los-miembros-del-club-subaru-todocamino\/\" \/>\n<meta property=\"og:locale\" content=\"es_ES\" \/>\n<meta property=\"og:type\" content=\"article\" \/>\n<meta property=\"og:title\" content=\"Un mensaje a todos los miembros del Club Subaru Todocamino - Universo Subaru\" \/>\n<meta property=\"og:description\" content=\"El Club Subaru Todocamino os informa que ya est\u00e1n abiertas las inscripciones para la Trobada que se realizar\u00e1 en Baqueira Beret la semana del 19 al 25 de Julio que ser\u00e1 su tercera edici\u00f3n, a unos precios realmente muy interesantes para la gente del Club en el Hotel Montarto de cuatro estrellas. Recordad que las [&hellip;]\" \/>\n<meta property=\"og:url\" content=\"https:\/\/www.subaru.es\/blog\/nuestra-marca\/un-mensaje-a-todos-los-miembros-del-club-subaru-todocamino\/\" \/>\n<meta property=\"og:site_name\" content=\"Universo Subaru\" \/>\n<meta property=\"article:publisher\" content=\"https:\/\/www.facebook.com\/subaruespana\" \/>\n<meta property=\"article:published_time\" content=\"2010-05-28T11:02:21+00:00\" \/>\n<meta property=\"article:modified_time\" content=\"2016-10-17T13:11:10+00:00\" \/>\n<meta property=\"og:image\" content=\"https:\/\/www.subaru.es\/blog\/wp-content\/uploads\/2010\/05\/clubsubaru.jpg\" \/>\n\t<meta property=\"og:image:width\" content=\"515\" \/>\n\t<meta property=\"og:image:height\" content=\"43\" \/>\n\t<meta property=\"og:image:type\" content=\"image\/jpeg\" \/>\n<meta name=\"author\" content=\"Subaru\" \/>\n<meta name=\"twitter:card\" content=\"summary_large_image\" \/>\n<meta name=\"twitter:label1\" content=\"Escrito por\" \/>\n\t<meta name=\"twitter:data1\" content=\"Subaru\" \/>\n\t<meta name=\"twitter:label2\" content=\"Tiempo de lectura\" \/>\n\t<meta name=\"twitter:data2\" content=\"1 minuto\" \/>\n<script type=\"application\/ld+json\" class=\"yoast-schema-graph\">{\"@context\":\"https:\\\/\\\/schema.org\",\"@graph\":[{\"@type\":\"Article\",\"@id\":\"https:\\\/\\\/www.subaru.es\\\/blog\\\/nuestra-marca\\\/un-mensaje-a-todos-los-miembros-del-club-subaru-todocamino\\\/#article\",\"isPartOf\":{\"@id\":\"https:\\\/\\\/www.subaru.es\\\/blog\\\/nuestra-marca\\\/un-mensaje-a-todos-los-miembros-del-club-subaru-todocamino\\\/\"},\"author\":{\"name\":\"Subaru\",\"@id\":\"https:\\\/\\\/www.subaru.es\\\/blog\\\/#\\\/schema\\\/person\\\/19a90b892230b8e0ec752704ddf4aa10\"},\"headline\":\"Un mensaje a todos los miembros del Club Subaru Todocamino\",\"datePublished\":\"2010-05-28T11:02:21+00:00\",\"dateModified\":\"2016-10-17T13:11:10+00:00\",\"mainEntityOfPage\":{\"@id\":\"https:\\\/\\\/www.subaru.es\\\/blog\\\/nuestra-marca\\\/un-mensaje-a-todos-los-miembros-del-club-subaru-todocamino\\\/\"},\"wordCount\":147,\"commentCount\":1,\"publisher\":{\"@id\":\"https:\\\/\\\/www.subaru.es\\\/blog\\\/#organization\"},\"image\":{\"@id\":\"https:\\\/\\\/www.subaru.es\\\/blog\\\/nuestra-marca\\\/un-mensaje-a-todos-los-miembros-del-club-subaru-todocamino\\\/#primaryimage\"},\"thumbnailUrl\":\"https:\\\/\\\/www.subaru.es\\\/blog\\\/wp-content\\\/uploads\\\/2010\\\/05\\\/clubsubaru.jpg\",\"articleSection\":[\"Nuestra marca\"],\"inLanguage\":\"es\",\"potentialAction\":[{\"@type\":\"CommentAction\",\"name\":\"Comment\",\"target\":[\"https:\\\/\\\/www.subaru.es\\\/blog\\\/nuestra-marca\\\/un-mensaje-a-todos-los-miembros-del-club-subaru-todocamino\\\/#respond\"]}]},{\"@type\":\"WebPage\",\"@id\":\"https:\\\/\\\/www.subaru.es\\\/blog\\\/nuestra-marca\\\/un-mensaje-a-todos-los-miembros-del-club-subaru-todocamino\\\/\",\"url\":\"https:\\\/\\\/www.subaru.es\\\/blog\\\/nuestra-marca\\\/un-mensaje-a-todos-los-miembros-del-club-subaru-todocamino\\\/\",\"name\":\"Un mensaje a todos los miembros del Club Subaru Todocamino - Universo Subaru\",\"isPartOf\":{\"@id\":\"https:\\\/\\\/www.subaru.es\\\/blog\\\/#website\"},\"primaryImageOfPage\":{\"@id\":\"https:\\\/\\\/www.subaru.es\\\/blog\\\/nuestra-marca\\\/un-mensaje-a-todos-los-miembros-del-club-subaru-todocamino\\\/#primaryimage\"},\"image\":{\"@id\":\"https:\\\/\\\/www.subaru.es\\\/blog\\\/nuestra-marca\\\/un-mensaje-a-todos-los-miembros-del-club-subaru-todocamino\\\/#primaryimage\"},\"thumbnailUrl\":\"https:\\\/\\\/www.subaru.es\\\/blog\\\/wp-content\\\/uploads\\\/2010\\\/05\\\/clubsubaru.jpg\",\"datePublished\":\"2010-05-28T11:02:21+00:00\",\"dateModified\":\"2016-10-17T13:11:10+00:00\",\"breadcrumb\":{\"@id\":\"https:\\\/\\\/www.subaru.es\\\/blog\\\/nuestra-marca\\\/un-mensaje-a-todos-los-miembros-del-club-subaru-todocamino\\\/#breadcrumb\"},\"inLanguage\":\"es\",\"potentialAction\":[{\"@type\":\"ReadAction\",\"target\":[\"https:\\\/\\\/www.subaru.es\\\/blog\\\/nuestra-marca\\\/un-mensaje-a-todos-los-miembros-del-club-subaru-todocamino\\\/\"]}]},{\"@type\":\"ImageObject\",\"inLanguage\":\"es\",\"@id\":\"https:\\\/\\\/www.subaru.es\\\/blog\\\/nuestra-marca\\\/un-mensaje-a-todos-los-miembros-del-club-subaru-todocamino\\\/#primaryimage\",\"url\":\"https:\\\/\\\/www.subaru.es\\\/blog\\\/wp-content\\\/uploads\\\/2010\\\/05\\\/clubsubaru.jpg\",\"contentUrl\":\"https:\\\/\\\/www.subaru.es\\\/blog\\\/wp-content\\\/uploads\\\/2010\\\/05\\\/clubsubaru.jpg\",\"width\":515,\"height\":43},{\"@type\":\"BreadcrumbList\",\"@id\":\"https:\\\/\\\/www.subaru.es\\\/blog\\\/nuestra-marca\\\/un-mensaje-a-todos-los-miembros-del-club-subaru-todocamino\\\/#breadcrumb\",\"itemListElement\":[{\"@type\":\"ListItem\",\"position\":1,\"name\":\"Portada\",\"item\":\"https:\\\/\\\/www.subaru.es\\\/blog\\\/\"},{\"@type\":\"ListItem\",\"position\":2,\"name\":\"Un mensaje a todos los miembros del Club Subaru Todocamino\"}]},{\"@type\":\"WebSite\",\"@id\":\"https:\\\/\\\/www.subaru.es\\\/blog\\\/#website\",\"url\":\"https:\\\/\\\/www.subaru.es\\\/blog\\\/\",\"name\":\"Universo Subaru\",\"description\":\"Descubre este apasionante espacio de Subaru donde vas a conocer todo sobre nuestros coches y las experiencias que vivimos con ellos. Si est\u00e1s preparado para dejarte seducir por la filosof\u00eda Subaru, qu\u00e9date con nosotros.\",\"publisher\":{\"@id\":\"https:\\\/\\\/www.subaru.es\\\/blog\\\/#organization\"},\"potentialAction\":[{\"@type\":\"SearchAction\",\"target\":{\"@type\":\"EntryPoint\",\"urlTemplate\":\"https:\\\/\\\/www.subaru.es\\\/blog\\\/?s={search_term_string}\"},\"query-input\":{\"@type\":\"PropertyValueSpecification\",\"valueRequired\":true,\"valueName\":\"search_term_string\"}}],\"inLanguage\":\"es\"},{\"@type\":\"Organization\",\"@id\":\"https:\\\/\\\/www.subaru.es\\\/blog\\\/#organization\",\"name\":\"Subaru Espa\u00f1a S.A.\",\"url\":\"https:\\\/\\\/www.subaru.es\\\/blog\\\/\",\"logo\":{\"@type\":\"ImageObject\",\"inLanguage\":\"es\",\"@id\":\"https:\\\/\\\/www.subaru.es\\\/blog\\\/#\\\/schema\\\/logo\\\/image\\\/\",\"url\":\"https:\\\/\\\/www.subaru.es\\\/blog\\\/wp-content\\\/uploads\\\/2016\\\/12\\\/Logo-Subaru-TypeV_C300-scaled.jpg\",\"contentUrl\":\"https:\\\/\\\/www.subaru.es\\\/blog\\\/wp-content\\\/uploads\\\/2016\\\/12\\\/Logo-Subaru-TypeV_C300-scaled.jpg\",\"width\":2560,\"height\":1864,\"caption\":\"Subaru Espa\u00f1a S.A.\"},\"image\":{\"@id\":\"https:\\\/\\\/www.subaru.es\\\/blog\\\/#\\\/schema\\\/logo\\\/image\\\/\"},\"sameAs\":[\"https:\\\/\\\/www.facebook.com\\\/subaruespana\",\"https:\\\/\\\/www.instagram.com\\\/subarues\\\/\",\"https:\\\/\\\/www.youtube.com\\\/user\\\/subaruespana\"]},{\"@type\":\"Person\",\"@id\":\"https:\\\/\\\/www.subaru.es\\\/blog\\\/#\\\/schema\\\/person\\\/19a90b892230b8e0ec752704ddf4aa10\",\"name\":\"Subaru\",\"url\":\"https:\\\/\\\/www.subaru.es\\\/blog\\\/author\\\/subaria\\\/\"}]}<\/script>\n<!-- \/ Yoast SEO plugin. -->","yoast_head_json":{"title":"Un mensaje a todos los miembros del Club Subaru Todocamino - Universo Subaru","robots":{"index":"index","follow":"follow","max-snippet":"max-snippet:-1","max-image-preview":"max-image-preview:large","max-video-preview":"max-video-preview:-1"},"canonical":"https:\/\/www.subaru.es\/blog\/nuestra-marca\/un-mensaje-a-todos-los-miembros-del-club-subaru-todocamino\/","og_locale":"es_ES","og_type":"article","og_title":"Un mensaje a todos los miembros del Club Subaru Todocamino - Universo Subaru","og_description":"El Club Subaru Todocamino os informa que ya est\u00e1n abiertas las inscripciones para la Trobada que se realizar\u00e1 en Baqueira Beret la semana del 19 al 25 de Julio que ser\u00e1 su tercera edici\u00f3n, a unos precios realmente muy interesantes para la gente del Club en el Hotel Montarto de cuatro estrellas. Recordad que las [&hellip;]","og_url":"https:\/\/www.subaru.es\/blog\/nuestra-marca\/un-mensaje-a-todos-los-miembros-del-club-subaru-todocamino\/","og_site_name":"Universo Subaru","article_publisher":"https:\/\/www.facebook.com\/subaruespana","article_published_time":"2010-05-28T11:02:21+00:00","article_modified_time":"2016-10-17T13:11:10+00:00","og_image":[{"width":515,"height":43,"url":"https:\/\/www.subaru.es\/blog\/wp-content\/uploads\/2010\/05\/clubsubaru.jpg","type":"image\/jpeg"}],"author":"Subaru","twitter_card":"summary_large_image","twitter_misc":{"Escrito por":"Subaru","Tiempo de lectura":"1 minuto"},"schema":{"@context":"https:\/\/schema.org","@graph":[{"@type":"Article","@id":"https:\/\/www.subaru.es\/blog\/nuestra-marca\/un-mensaje-a-todos-los-miembros-del-club-subaru-todocamino\/#article","isPartOf":{"@id":"https:\/\/www.subaru.es\/blog\/nuestra-marca\/un-mensaje-a-todos-los-miembros-del-club-subaru-todocamino\/"},"author":{"name":"Subaru","@id":"https:\/\/www.subaru.es\/blog\/#\/schema\/person\/19a90b892230b8e0ec752704ddf4aa10"},"headline":"Un mensaje a todos los miembros del Club Subaru Todocamino","datePublished":"2010-05-28T11:02:21+00:00","dateModified":"2016-10-17T13:11:10+00:00","mainEntityOfPage":{"@id":"https:\/\/www.subaru.es\/blog\/nuestra-marca\/un-mensaje-a-todos-los-miembros-del-club-subaru-todocamino\/"},"wordCount":147,"commentCount":1,"publisher":{"@id":"https:\/\/www.subaru.es\/blog\/#organization"},"image":{"@id":"https:\/\/www.subaru.es\/blog\/nuestra-marca\/un-mensaje-a-todos-los-miembros-del-club-subaru-todocamino\/#primaryimage"},"thumbnailUrl":"https:\/\/www.subaru.es\/blog\/wp-content\/uploads\/2010\/05\/clubsubaru.jpg","articleSection":["Nuestra marca"],"inLanguage":"es","potentialAction":[{"@type":"CommentAction","name":"Comment","target":["https:\/\/www.subaru.es\/blog\/nuestra-marca\/un-mensaje-a-todos-los-miembros-del-club-subaru-todocamino\/#respond"]}]},{"@type":"WebPage","@id":"https:\/\/www.subaru.es\/blog\/nuestra-marca\/un-mensaje-a-todos-los-miembros-del-club-subaru-todocamino\/","url":"https:\/\/www.subaru.es\/blog\/nuestra-marca\/un-mensaje-a-todos-los-miembros-del-club-subaru-todocamino\/","name":"Un mensaje a todos los miembros del Club Subaru Todocamino - Universo Subaru","isPartOf":{"@id":"https:\/\/www.subaru.es\/blog\/#website"},"primaryImageOfPage":{"@id":"https:\/\/www.subaru.es\/blog\/nuestra-marca\/un-mensaje-a-todos-los-miembros-del-club-subaru-todocamino\/#primaryimage"},"image":{"@id":"https:\/\/www.subaru.es\/blog\/nuestra-marca\/un-mensaje-a-todos-los-miembros-del-club-subaru-todocamino\/#primaryimage"},"thumbnailUrl":"https:\/\/www.subaru.es\/blog\/wp-content\/uploads\/2010\/05\/clubsubaru.jpg","datePublished":"2010-05-28T11:02:21+00:00","dateModified":"2016-10-17T13:11:10+00:00","breadcrumb":{"@id":"https:\/\/www.subaru.es\/blog\/nuestra-marca\/un-mensaje-a-todos-los-miembros-del-club-subaru-todocamino\/#breadcrumb"},"inLanguage":"es","potentialAction":[{"@type":"ReadAction","target":["https:\/\/www.subaru.es\/blog\/nuestra-marca\/un-mensaje-a-todos-los-miembros-del-club-subaru-todocamino\/"]}]},{"@type":"ImageObject","inLanguage":"es","@id":"https:\/\/www.subaru.es\/blog\/nuestra-marca\/un-mensaje-a-todos-los-miembros-del-club-subaru-todocamino\/#primaryimage","url":"https:\/\/www.subaru.es\/blog\/wp-content\/uploads\/2010\/05\/clubsubaru.jpg","contentUrl":"https:\/\/www.subaru.es\/blog\/wp-content\/uploads\/2010\/05\/clubsubaru.jpg","width":515,"height":43},{"@type":"BreadcrumbList","@id":"https:\/\/www.subaru.es\/blog\/nuestra-marca\/un-mensaje-a-todos-los-miembros-del-club-subaru-todocamino\/#breadcrumb","itemListElement":[{"@type":"ListItem","position":1,"name":"Portada","item":"https:\/\/www.subaru.es\/blog\/"},{"@type":"ListItem","position":2,"name":"Un mensaje a todos los miembros del Club Subaru Todocamino"}]},{"@type":"WebSite","@id":"https:\/\/www.subaru.es\/blog\/#website","url":"https:\/\/www.subaru.es\/blog\/","name":"Universo Subaru","description":"Descubre este apasionante espacio de Subaru donde vas a conocer todo sobre nuestros coches y las experiencias que vivimos con ellos. Si est\u00e1s preparado para dejarte seducir por la filosof\u00eda Subaru, qu\u00e9date con nosotros.","publisher":{"@id":"https:\/\/www.subaru.es\/blog\/#organization"},"potentialAction":[{"@type":"SearchAction","target":{"@type":"EntryPoint","urlTemplate":"https:\/\/www.subaru.es\/blog\/?s={search_term_string}"},"query-input":{"@type":"PropertyValueSpecification","valueRequired":true,"valueName":"search_term_string"}}],"inLanguage":"es"},{"@type":"Organization","@id":"https:\/\/www.subaru.es\/blog\/#organization","name":"Subaru Espa\u00f1a S.A.","url":"https:\/\/www.subaru.es\/blog\/","logo":{"@type":"ImageObject","inLanguage":"es","@id":"https:\/\/www.subaru.es\/blog\/#\/schema\/logo\/image\/","url":"https:\/\/www.subaru.es\/blog\/wp-content\/uploads\/2016\/12\/Logo-Subaru-TypeV_C300-scaled.jpg","contentUrl":"https:\/\/www.subaru.es\/blog\/wp-content\/uploads\/2016\/12\/Logo-Subaru-TypeV_C300-scaled.jpg","width":2560,"height":1864,"caption":"Subaru Espa\u00f1a S.A."},"image":{"@id":"https:\/\/www.subaru.es\/blog\/#\/schema\/logo\/image\/"},"sameAs":["https:\/\/www.facebook.com\/subaruespana","https:\/\/www.instagram.com\/subarues\/","https:\/\/www.youtube.com\/user\/subaruespana"]},{"@type":"Person","@id":"https:\/\/www.subaru.es\/blog\/#\/schema\/person\/19a90b892230b8e0ec752704ddf4aa10","name":"Subaru","url":"https:\/\/www.subaru.es\/blog\/author\/subaria\/"}]}},"_links":{"self":[{"href":"https:\/\/www.subaru.es\/blog\/wp-json\/wp\/v2\/posts\/2692","targetHints":{"allow":["GET"]}}],"collection":[{"href":"https:\/\/www.subaru.es\/blog\/wp-json\/wp\/v2\/posts"}],"about":[{"href":"https:\/\/www.subaru.es\/blog\/wp-json\/wp\/v2\/types\/post"}],"author":[{"embeddable":true,"href":"https:\/\/www.subaru.es\/blog\/wp-json\/wp\/v2\/users\/21"}],"replies":[{"embeddable":true,"href":"https:\/\/www.subaru.es\/blog\/wp-json\/wp\/v2\/comments?post=2692"}],"version-history":[{"count":1,"href":"https:\/\/www.subaru.es\/blog\/wp-json\/wp\/v2\/posts\/2692\/revisions"}],"predecessor-version":[{"id":15047,"href":"https:\/\/www.subaru.es\/blog\/wp-json\/wp\/v2\/posts\/2692\/revisions\/15047"}],"wp:featuredmedia":[{"embeddable":true,"href":"https:\/\/www.subaru.es\/blog\/wp-json\/wp\/v2\/media\/2693"}],"wp:attachment":[{"href":"https:\/\/www.subaru.es\/blog\/wp-json\/wp\/v2\/media?parent=2692"}],"wp:term":[{"taxonomy":"category","embeddable":true,"href":"https:\/\/www.subaru.es\/blog\/wp-json\/wp\/v2\/categories?post=2692"},{"taxonomy":"post_tag","embeddable":true,"href":"https:\/\/www.subaru.es\/blog\/wp-json\/wp\/v2\/tags?post=2692"}],"curies":[{"name":"wp","href":"https:\/\/api.w.org\/{rel}","templated":true}]}}