{"id":2675,"date":"2010-05-28T13:05:01","date_gmt":"2010-05-28T11:05:01","guid":{"rendered":"http:\/\/subaru.preproduccion.com\/blog\/wp-content\/2010\/05\/28\/subaru-preve-cerrar-en-positivo-este-ejercicio\/"},"modified":"2016-10-17T15:08:44","modified_gmt":"2016-10-17T13:08:44","slug":"subaru-preve-cerrar-en-positivo-este-ejercicio","status":"publish","type":"post","link":"https:\/\/www.subaru.es\/blog\/nuestra-marca\/subaru-preve-cerrar-en-positivo-este-ejercicio\/","title":{"rendered":"Subaru prev\u00e9 cerrar en positivo este ejercicio"},"content":{"rendered":"<p><a href=\"https:\/\/www.subaru.es\/blog\/wp-content\/uploads\/2010\/05\/subaru_logo1.jpg\" title=\"Subaru\"><img decoding=\"async\" data-src=\"https:\/\/www.subaru.es\/blog\/wp-content\/uploads\/2010\/05\/subaru_logo1.jpg\" alt=\"Subaru\" src=\"data:image\/svg+xml;base64,PHN2ZyB3aWR0aD0iMSIgaGVpZ2h0PSIxIiB4bWxucz0iaHR0cDovL3d3dy53My5vcmcvMjAwMC9zdmciPjwvc3ZnPg==\" class=\"lazyload\" style=\"--smush-placeholder-width: 461px; --smush-placeholder-aspect-ratio: 461\/308;\" \/><\/a><br \/>\n<strong>Fuji Heavy Industries<\/strong>, matriz de <strong>Subaru<\/strong>, ha reducido un 76 por ciento sus p\u00e9rdidas respecto al a\u00f1o fiscal 2009. Adem\u00e1s, prev\u00e9 cerrar en positivo el ejercicio 2010-2011. Y es que, a pesar de la dif\u00edcil situaci\u00f3n econ\u00f3mica, la compa\u00f1\u00eda se ha sumado a la tendencia de recuperaci\u00f3n que se produjo en el segundo trimestre del a\u00f1o pasado, gracias al efecto positivo derivado de las medidas puestas en marcha por diferentes pa\u00edses.<\/p>\n<p>As\u00ed, la cifra de <strong>negocio de Fuji Heavy Industries <\/strong>fue de 1,42 billones de yenes (11.969 millones de euros) entre abril de 2009 y marzo de 2010, lo que representa s\u00f3lo un leve descenso del 1,2 por ciento respecto a la cantidad facturada por la empresa el a\u00f1o anterior.<\/p>\n<p>Por otra parte, la multinacional contabiliz\u00f3 un <strong>resultado operativo positivo <\/strong>de 27.350 millones de yenes (229,2 millones de euros) el pasado ejercicio fiscal, lo que se traduce en una mejora significativa.<\/p>\n<p>Para el conjunto de este a\u00f1o fiscal (de abril de 2010 a marzo de 2011), la corporaci\u00f3n asi\u00e1tica prev\u00e9 obtener un resultado neto positivo de 23.000 millones de yenes (192,7 millones de euros). Adem\u00e1s, <strong>Fuji Heavy Industries <\/strong>estima cerrar el presente a\u00f1o fiscal con una cifra de negocio de 1,47 billones de yenes (12.321 millones de euros) y su estimaci\u00f3n de beneficio operativo para ese per\u00edodo ese de 43.000 millones de yenes (360 millones de euros).<\/p>\n","protected":false},"excerpt":{"rendered":"<p>Fuji Heavy Industries, matriz de Subaru, ha reducido un 76 por ciento sus p\u00e9rdidas respecto al a\u00f1o fiscal 2009. Adem\u00e1s, prev\u00e9 cerrar en positivo el ejercicio 2010-2011. Y es que, a pesar de la dif\u00edcil situaci\u00f3n econ\u00f3mica, la compa\u00f1\u00eda se ha sumado a la tendencia de recuperaci\u00f3n que se produjo en el segundo trimestre del [&hellip;]<\/p>\n","protected":false},"author":21,"featured_media":2674,"comment_status":"open","ping_status":"open","sticky":false,"template":"","format":"standard","meta":{"_acf_changed":false,"_eb_attr":"","inline_featured_image":false,"footnotes":""},"categories":[4401],"tags":[3062,3063,1475,2612,4390],"class_list":["post-2675","post","type-post","status-publish","format-standard","has-post-thumbnail","hentry","category-nuestra-marca","tag-cierre","tag-ejercicio","tag-fuji-heavy-industries","tag-positivo","tag-subaru"],"acf":[],"yoast_head":"<!-- This site is optimized with the Yoast SEO plugin v27.3 - https:\/\/yoast.com\/product\/yoast-seo-wordpress\/ -->\n<title>Subaru prev\u00e9 cerrar en positivo este ejercicio - Universo Subaru<\/title>\n<meta name=\"robots\" content=\"index, follow, max-snippet:-1, max-image-preview:large, max-video-preview:-1\" \/>\n<link rel=\"canonical\" href=\"https:\/\/www.subaru.es\/blog\/nuestra-marca\/subaru-preve-cerrar-en-positivo-este-ejercicio\/\" \/>\n<meta property=\"og:locale\" content=\"es_ES\" \/>\n<meta property=\"og:type\" content=\"article\" \/>\n<meta property=\"og:title\" content=\"Subaru prev\u00e9 cerrar en positivo este ejercicio - Universo Subaru\" \/>\n<meta property=\"og:description\" content=\"Fuji Heavy Industries, matriz de Subaru, ha reducido un 76 por ciento sus p\u00e9rdidas respecto al a\u00f1o fiscal 2009. Adem\u00e1s, prev\u00e9 cerrar en positivo el ejercicio 2010-2011. Y es que, a pesar de la dif\u00edcil situaci\u00f3n econ\u00f3mica, la compa\u00f1\u00eda se ha sumado a la tendencia de recuperaci\u00f3n que se produjo en el segundo trimestre del [&hellip;]\" \/>\n<meta property=\"og:url\" content=\"https:\/\/www.subaru.es\/blog\/nuestra-marca\/subaru-preve-cerrar-en-positivo-este-ejercicio\/\" \/>\n<meta property=\"og:site_name\" content=\"Universo Subaru\" \/>\n<meta property=\"article:publisher\" content=\"https:\/\/www.facebook.com\/subaruespana\" \/>\n<meta property=\"article:published_time\" content=\"2010-05-28T11:05:01+00:00\" \/>\n<meta property=\"article:modified_time\" content=\"2016-10-17T13:08:44+00:00\" \/>\n<meta property=\"og:image\" content=\"https:\/\/www.subaru.es\/blog\/wp-content\/uploads\/2010\/05\/subaru_logo1.jpg\" \/>\n\t<meta property=\"og:image:width\" content=\"461\" \/>\n\t<meta property=\"og:image:height\" content=\"308\" \/>\n\t<meta property=\"og:image:type\" content=\"image\/jpeg\" \/>\n<meta name=\"author\" content=\"Subaru\" \/>\n<meta name=\"twitter:card\" content=\"summary_large_image\" \/>\n<meta name=\"twitter:label1\" content=\"Escrito por\" \/>\n\t<meta name=\"twitter:data1\" content=\"Subaru\" \/>\n\t<meta name=\"twitter:label2\" content=\"Tiempo de lectura\" \/>\n\t<meta name=\"twitter:data2\" content=\"1 minuto\" \/>\n<script type=\"application\/ld+json\" class=\"yoast-schema-graph\">{\"@context\":\"https:\\\/\\\/schema.org\",\"@graph\":[{\"@type\":\"Article\",\"@id\":\"https:\\\/\\\/www.subaru.es\\\/blog\\\/nuestra-marca\\\/subaru-preve-cerrar-en-positivo-este-ejercicio\\\/#article\",\"isPartOf\":{\"@id\":\"https:\\\/\\\/www.subaru.es\\\/blog\\\/nuestra-marca\\\/subaru-preve-cerrar-en-positivo-este-ejercicio\\\/\"},\"author\":{\"name\":\"Subaru\",\"@id\":\"https:\\\/\\\/www.subaru.es\\\/blog\\\/#\\\/schema\\\/person\\\/19a90b892230b8e0ec752704ddf4aa10\"},\"headline\":\"Subaru prev\u00e9 cerrar en positivo este ejercicio\",\"datePublished\":\"2010-05-28T11:05:01+00:00\",\"dateModified\":\"2016-10-17T13:08:44+00:00\",\"mainEntityOfPage\":{\"@id\":\"https:\\\/\\\/www.subaru.es\\\/blog\\\/nuestra-marca\\\/subaru-preve-cerrar-en-positivo-este-ejercicio\\\/\"},\"wordCount\":236,\"commentCount\":0,\"publisher\":{\"@id\":\"https:\\\/\\\/www.subaru.es\\\/blog\\\/#organization\"},\"image\":{\"@id\":\"https:\\\/\\\/www.subaru.es\\\/blog\\\/nuestra-marca\\\/subaru-preve-cerrar-en-positivo-este-ejercicio\\\/#primaryimage\"},\"thumbnailUrl\":\"https:\\\/\\\/www.subaru.es\\\/blog\\\/wp-content\\\/uploads\\\/2010\\\/05\\\/subaru_logo1.jpg\",\"keywords\":[\"cierre\",\"ejercicio\",\"Fuji Heavy Industries\",\"positivo\",\"Subaru\"],\"articleSection\":[\"Nuestra marca\"],\"inLanguage\":\"es\",\"potentialAction\":[{\"@type\":\"CommentAction\",\"name\":\"Comment\",\"target\":[\"https:\\\/\\\/www.subaru.es\\\/blog\\\/nuestra-marca\\\/subaru-preve-cerrar-en-positivo-este-ejercicio\\\/#respond\"]}]},{\"@type\":\"WebPage\",\"@id\":\"https:\\\/\\\/www.subaru.es\\\/blog\\\/nuestra-marca\\\/subaru-preve-cerrar-en-positivo-este-ejercicio\\\/\",\"url\":\"https:\\\/\\\/www.subaru.es\\\/blog\\\/nuestra-marca\\\/subaru-preve-cerrar-en-positivo-este-ejercicio\\\/\",\"name\":\"Subaru prev\u00e9 cerrar en positivo este ejercicio - Universo Subaru\",\"isPartOf\":{\"@id\":\"https:\\\/\\\/www.subaru.es\\\/blog\\\/#website\"},\"primaryImageOfPage\":{\"@id\":\"https:\\\/\\\/www.subaru.es\\\/blog\\\/nuestra-marca\\\/subaru-preve-cerrar-en-positivo-este-ejercicio\\\/#primaryimage\"},\"image\":{\"@id\":\"https:\\\/\\\/www.subaru.es\\\/blog\\\/nuestra-marca\\\/subaru-preve-cerrar-en-positivo-este-ejercicio\\\/#primaryimage\"},\"thumbnailUrl\":\"https:\\\/\\\/www.subaru.es\\\/blog\\\/wp-content\\\/uploads\\\/2010\\\/05\\\/subaru_logo1.jpg\",\"datePublished\":\"2010-05-28T11:05:01+00:00\",\"dateModified\":\"2016-10-17T13:08:44+00:00\",\"breadcrumb\":{\"@id\":\"https:\\\/\\\/www.subaru.es\\\/blog\\\/nuestra-marca\\\/subaru-preve-cerrar-en-positivo-este-ejercicio\\\/#breadcrumb\"},\"inLanguage\":\"es\",\"potentialAction\":[{\"@type\":\"ReadAction\",\"target\":[\"https:\\\/\\\/www.subaru.es\\\/blog\\\/nuestra-marca\\\/subaru-preve-cerrar-en-positivo-este-ejercicio\\\/\"]}]},{\"@type\":\"ImageObject\",\"inLanguage\":\"es\",\"@id\":\"https:\\\/\\\/www.subaru.es\\\/blog\\\/nuestra-marca\\\/subaru-preve-cerrar-en-positivo-este-ejercicio\\\/#primaryimage\",\"url\":\"https:\\\/\\\/www.subaru.es\\\/blog\\\/wp-content\\\/uploads\\\/2010\\\/05\\\/subaru_logo1.jpg\",\"contentUrl\":\"https:\\\/\\\/www.subaru.es\\\/blog\\\/wp-content\\\/uploads\\\/2010\\\/05\\\/subaru_logo1.jpg\",\"width\":461,\"height\":308},{\"@type\":\"BreadcrumbList\",\"@id\":\"https:\\\/\\\/www.subaru.es\\\/blog\\\/nuestra-marca\\\/subaru-preve-cerrar-en-positivo-este-ejercicio\\\/#breadcrumb\",\"itemListElement\":[{\"@type\":\"ListItem\",\"position\":1,\"name\":\"Portada\",\"item\":\"https:\\\/\\\/www.subaru.es\\\/blog\\\/\"},{\"@type\":\"ListItem\",\"position\":2,\"name\":\"Subaru prev\u00e9 cerrar en positivo este ejercicio\"}]},{\"@type\":\"WebSite\",\"@id\":\"https:\\\/\\\/www.subaru.es\\\/blog\\\/#website\",\"url\":\"https:\\\/\\\/www.subaru.es\\\/blog\\\/\",\"name\":\"Universo Subaru\",\"description\":\"Descubre este apasionante espacio de Subaru donde vas a conocer todo sobre nuestros coches y las experiencias que vivimos con ellos. Si est\u00e1s preparado para dejarte seducir por la filosof\u00eda Subaru, qu\u00e9date con nosotros.\",\"publisher\":{\"@id\":\"https:\\\/\\\/www.subaru.es\\\/blog\\\/#organization\"},\"potentialAction\":[{\"@type\":\"SearchAction\",\"target\":{\"@type\":\"EntryPoint\",\"urlTemplate\":\"https:\\\/\\\/www.subaru.es\\\/blog\\\/?s={search_term_string}\"},\"query-input\":{\"@type\":\"PropertyValueSpecification\",\"valueRequired\":true,\"valueName\":\"search_term_string\"}}],\"inLanguage\":\"es\"},{\"@type\":\"Organization\",\"@id\":\"https:\\\/\\\/www.subaru.es\\\/blog\\\/#organization\",\"name\":\"Subaru Espa\u00f1a S.A.\",\"url\":\"https:\\\/\\\/www.subaru.es\\\/blog\\\/\",\"logo\":{\"@type\":\"ImageObject\",\"inLanguage\":\"es\",\"@id\":\"https:\\\/\\\/www.subaru.es\\\/blog\\\/#\\\/schema\\\/logo\\\/image\\\/\",\"url\":\"https:\\\/\\\/www.subaru.es\\\/blog\\\/wp-content\\\/uploads\\\/2016\\\/12\\\/Logo-Subaru-TypeV_C300-scaled.jpg\",\"contentUrl\":\"https:\\\/\\\/www.subaru.es\\\/blog\\\/wp-content\\\/uploads\\\/2016\\\/12\\\/Logo-Subaru-TypeV_C300-scaled.jpg\",\"width\":2560,\"height\":1864,\"caption\":\"Subaru Espa\u00f1a S.A.\"},\"image\":{\"@id\":\"https:\\\/\\\/www.subaru.es\\\/blog\\\/#\\\/schema\\\/logo\\\/image\\\/\"},\"sameAs\":[\"https:\\\/\\\/www.facebook.com\\\/subaruespana\",\"https:\\\/\\\/www.instagram.com\\\/subarues\\\/\",\"https:\\\/\\\/www.youtube.com\\\/user\\\/subaruespana\"]},{\"@type\":\"Person\",\"@id\":\"https:\\\/\\\/www.subaru.es\\\/blog\\\/#\\\/schema\\\/person\\\/19a90b892230b8e0ec752704ddf4aa10\",\"name\":\"Subaru\",\"url\":\"https:\\\/\\\/www.subaru.es\\\/blog\\\/author\\\/subaria\\\/\"}]}<\/script>\n<!-- \/ Yoast SEO plugin. -->","yoast_head_json":{"title":"Subaru prev\u00e9 cerrar en positivo este ejercicio - Universo Subaru","robots":{"index":"index","follow":"follow","max-snippet":"max-snippet:-1","max-image-preview":"max-image-preview:large","max-video-preview":"max-video-preview:-1"},"canonical":"https:\/\/www.subaru.es\/blog\/nuestra-marca\/subaru-preve-cerrar-en-positivo-este-ejercicio\/","og_locale":"es_ES","og_type":"article","og_title":"Subaru prev\u00e9 cerrar en positivo este ejercicio - Universo Subaru","og_description":"Fuji Heavy Industries, matriz de Subaru, ha reducido un 76 por ciento sus p\u00e9rdidas respecto al a\u00f1o fiscal 2009. Adem\u00e1s, prev\u00e9 cerrar en positivo el ejercicio 2010-2011. Y es que, a pesar de la dif\u00edcil situaci\u00f3n econ\u00f3mica, la compa\u00f1\u00eda se ha sumado a la tendencia de recuperaci\u00f3n que se produjo en el segundo trimestre del [&hellip;]","og_url":"https:\/\/www.subaru.es\/blog\/nuestra-marca\/subaru-preve-cerrar-en-positivo-este-ejercicio\/","og_site_name":"Universo Subaru","article_publisher":"https:\/\/www.facebook.com\/subaruespana","article_published_time":"2010-05-28T11:05:01+00:00","article_modified_time":"2016-10-17T13:08:44+00:00","og_image":[{"width":461,"height":308,"url":"https:\/\/www.subaru.es\/blog\/wp-content\/uploads\/2010\/05\/subaru_logo1.jpg","type":"image\/jpeg"}],"author":"Subaru","twitter_card":"summary_large_image","twitter_misc":{"Escrito por":"Subaru","Tiempo de lectura":"1 minuto"},"schema":{"@context":"https:\/\/schema.org","@graph":[{"@type":"Article","@id":"https:\/\/www.subaru.es\/blog\/nuestra-marca\/subaru-preve-cerrar-en-positivo-este-ejercicio\/#article","isPartOf":{"@id":"https:\/\/www.subaru.es\/blog\/nuestra-marca\/subaru-preve-cerrar-en-positivo-este-ejercicio\/"},"author":{"name":"Subaru","@id":"https:\/\/www.subaru.es\/blog\/#\/schema\/person\/19a90b892230b8e0ec752704ddf4aa10"},"headline":"Subaru prev\u00e9 cerrar en positivo este ejercicio","datePublished":"2010-05-28T11:05:01+00:00","dateModified":"2016-10-17T13:08:44+00:00","mainEntityOfPage":{"@id":"https:\/\/www.subaru.es\/blog\/nuestra-marca\/subaru-preve-cerrar-en-positivo-este-ejercicio\/"},"wordCount":236,"commentCount":0,"publisher":{"@id":"https:\/\/www.subaru.es\/blog\/#organization"},"image":{"@id":"https:\/\/www.subaru.es\/blog\/nuestra-marca\/subaru-preve-cerrar-en-positivo-este-ejercicio\/#primaryimage"},"thumbnailUrl":"https:\/\/www.subaru.es\/blog\/wp-content\/uploads\/2010\/05\/subaru_logo1.jpg","keywords":["cierre","ejercicio","Fuji Heavy Industries","positivo","Subaru"],"articleSection":["Nuestra marca"],"inLanguage":"es","potentialAction":[{"@type":"CommentAction","name":"Comment","target":["https:\/\/www.subaru.es\/blog\/nuestra-marca\/subaru-preve-cerrar-en-positivo-este-ejercicio\/#respond"]}]},{"@type":"WebPage","@id":"https:\/\/www.subaru.es\/blog\/nuestra-marca\/subaru-preve-cerrar-en-positivo-este-ejercicio\/","url":"https:\/\/www.subaru.es\/blog\/nuestra-marca\/subaru-preve-cerrar-en-positivo-este-ejercicio\/","name":"Subaru prev\u00e9 cerrar en positivo este ejercicio - Universo Subaru","isPartOf":{"@id":"https:\/\/www.subaru.es\/blog\/#website"},"primaryImageOfPage":{"@id":"https:\/\/www.subaru.es\/blog\/nuestra-marca\/subaru-preve-cerrar-en-positivo-este-ejercicio\/#primaryimage"},"image":{"@id":"https:\/\/www.subaru.es\/blog\/nuestra-marca\/subaru-preve-cerrar-en-positivo-este-ejercicio\/#primaryimage"},"thumbnailUrl":"https:\/\/www.subaru.es\/blog\/wp-content\/uploads\/2010\/05\/subaru_logo1.jpg","datePublished":"2010-05-28T11:05:01+00:00","dateModified":"2016-10-17T13:08:44+00:00","breadcrumb":{"@id":"https:\/\/www.subaru.es\/blog\/nuestra-marca\/subaru-preve-cerrar-en-positivo-este-ejercicio\/#breadcrumb"},"inLanguage":"es","potentialAction":[{"@type":"ReadAction","target":["https:\/\/www.subaru.es\/blog\/nuestra-marca\/subaru-preve-cerrar-en-positivo-este-ejercicio\/"]}]},{"@type":"ImageObject","inLanguage":"es","@id":"https:\/\/www.subaru.es\/blog\/nuestra-marca\/subaru-preve-cerrar-en-positivo-este-ejercicio\/#primaryimage","url":"https:\/\/www.subaru.es\/blog\/wp-content\/uploads\/2010\/05\/subaru_logo1.jpg","contentUrl":"https:\/\/www.subaru.es\/blog\/wp-content\/uploads\/2010\/05\/subaru_logo1.jpg","width":461,"height":308},{"@type":"BreadcrumbList","@id":"https:\/\/www.subaru.es\/blog\/nuestra-marca\/subaru-preve-cerrar-en-positivo-este-ejercicio\/#breadcrumb","itemListElement":[{"@type":"ListItem","position":1,"name":"Portada","item":"https:\/\/www.subaru.es\/blog\/"},{"@type":"ListItem","position":2,"name":"Subaru prev\u00e9 cerrar en positivo este ejercicio"}]},{"@type":"WebSite","@id":"https:\/\/www.subaru.es\/blog\/#website","url":"https:\/\/www.subaru.es\/blog\/","name":"Universo Subaru","description":"Descubre este apasionante espacio de Subaru donde vas a conocer todo sobre nuestros coches y las experiencias que vivimos con ellos. Si est\u00e1s preparado para dejarte seducir por la filosof\u00eda Subaru, qu\u00e9date con nosotros.","publisher":{"@id":"https:\/\/www.subaru.es\/blog\/#organization"},"potentialAction":[{"@type":"SearchAction","target":{"@type":"EntryPoint","urlTemplate":"https:\/\/www.subaru.es\/blog\/?s={search_term_string}"},"query-input":{"@type":"PropertyValueSpecification","valueRequired":true,"valueName":"search_term_string"}}],"inLanguage":"es"},{"@type":"Organization","@id":"https:\/\/www.subaru.es\/blog\/#organization","name":"Subaru Espa\u00f1a S.A.","url":"https:\/\/www.subaru.es\/blog\/","logo":{"@type":"ImageObject","inLanguage":"es","@id":"https:\/\/www.subaru.es\/blog\/#\/schema\/logo\/image\/","url":"https:\/\/www.subaru.es\/blog\/wp-content\/uploads\/2016\/12\/Logo-Subaru-TypeV_C300-scaled.jpg","contentUrl":"https:\/\/www.subaru.es\/blog\/wp-content\/uploads\/2016\/12\/Logo-Subaru-TypeV_C300-scaled.jpg","width":2560,"height":1864,"caption":"Subaru Espa\u00f1a S.A."},"image":{"@id":"https:\/\/www.subaru.es\/blog\/#\/schema\/logo\/image\/"},"sameAs":["https:\/\/www.facebook.com\/subaruespana","https:\/\/www.instagram.com\/subarues\/","https:\/\/www.youtube.com\/user\/subaruespana"]},{"@type":"Person","@id":"https:\/\/www.subaru.es\/blog\/#\/schema\/person\/19a90b892230b8e0ec752704ddf4aa10","name":"Subaru","url":"https:\/\/www.subaru.es\/blog\/author\/subaria\/"}]}},"_links":{"self":[{"href":"https:\/\/www.subaru.es\/blog\/wp-json\/wp\/v2\/posts\/2675","targetHints":{"allow":["GET"]}}],"collection":[{"href":"https:\/\/www.subaru.es\/blog\/wp-json\/wp\/v2\/posts"}],"about":[{"href":"https:\/\/www.subaru.es\/blog\/wp-json\/wp\/v2\/types\/post"}],"author":[{"embeddable":true,"href":"https:\/\/www.subaru.es\/blog\/wp-json\/wp\/v2\/users\/21"}],"replies":[{"embeddable":true,"href":"https:\/\/www.subaru.es\/blog\/wp-json\/wp\/v2\/comments?post=2675"}],"version-history":[{"count":1,"href":"https:\/\/www.subaru.es\/blog\/wp-json\/wp\/v2\/posts\/2675\/revisions"}],"predecessor-version":[{"id":15046,"href":"https:\/\/www.subaru.es\/blog\/wp-json\/wp\/v2\/posts\/2675\/revisions\/15046"}],"wp:featuredmedia":[{"embeddable":true,"href":"https:\/\/www.subaru.es\/blog\/wp-json\/wp\/v2\/media\/2674"}],"wp:attachment":[{"href":"https:\/\/www.subaru.es\/blog\/wp-json\/wp\/v2\/media?parent=2675"}],"wp:term":[{"taxonomy":"category","embeddable":true,"href":"https:\/\/www.subaru.es\/blog\/wp-json\/wp\/v2\/categories?post=2675"},{"taxonomy":"post_tag","embeddable":true,"href":"https:\/\/www.subaru.es\/blog\/wp-json\/wp\/v2\/tags?post=2675"}],"curies":[{"name":"wp","href":"https:\/\/api.w.org\/{rel}","templated":true}]}}