{"id":2648,"date":"2010-05-19T12:59:52","date_gmt":"2010-05-19T10:59:52","guid":{"rendered":"http:\/\/subaru.preproduccion.com\/blog\/wp-content\/2010\/05\/19\/gabriel-pozzo-sigue-imparable-hacia-el-triunfo\/"},"modified":"2020-08-12T12:37:13","modified_gmt":"2020-08-12T10:37:13","slug":"gabriel-pozzo-sigue-imparable-hacia-el-triunfo","status":"publish","type":"post","link":"https:\/\/www.subaru.es\/blog\/nuestra-marca\/gabriel-pozzo-sigue-imparable-hacia-el-triunfo\/","title":{"rendered":"Gabriel Pozzo sigue imparable hacia el triunfo"},"content":{"rendered":"<p><a href=\"https:\/\/www.subaru.es\/blog\/wp-content\/uploads\/2010\/04\/pozzo.jpg\" title=\"Pozzo 1\"><img decoding=\"async\" data-src=\"https:\/\/www.subaru.es\/blog\/wp-content\/uploads\/2010\/04\/pozzo.jpg\" alt=\"Pozzo 1\" src=\"data:image\/svg+xml;base64,PHN2ZyB3aWR0aD0iMSIgaGVpZ2h0PSIxIiB4bWxucz0iaHR0cDovL3d3dy53My5vcmcvMjAwMC9zdmciPjwvc3ZnPg==\" class=\"lazyload\" style=\"--smush-placeholder-width: 370px; --smush-placeholder-aspect-ratio: 370\/296;\"><\/a><\/p>\n<p>El piloto argentino ha conseguido su <strong>tercera victoria consecutiva de la temporada <\/strong>en el <strong><a href=\"http:\/\/www.rallydelosalerces.com.ar\/\">Rally de los Alerces <\/a><\/strong>con el <strong>Subaru Impreza <\/strong>del equipo <strong>Baratec<\/strong>. <strong>Pozzo <\/strong>obtiene, as\u00ed, 33 puntos de ventaja en el campeonato sobre su m\u00e1s inmediato rival.<\/p>\n<p><strong>Pozzo <\/strong>marc\u00f3 siempre el ritmo de la competencia y sin cometer errores, lo que, ayudado por la gran performance de su auto, contribuy\u00f3 para que cantara la victoria e incrementara su ventaja con tres victorias de las doce que constan el campeonato.<\/p>\n<p>De esta forma, el actual l\u00edder del torneo argentino de Rally se adjudic\u00f3 de manera contundente la carrera disputada por los caminos cercanos a <strong>Esquel y Trevelin<\/strong>, en la provincia de Chubut. <strong>Gabriel Pozzo, navegado por Daniel Stillo<\/strong>, parece el hombre a batir este a\u00f1o.<\/p>\n<p>El vencedor se\u00f1al\u00f3 en el Parque Cerrado final su alegr\u00eda:<\/p>\n<blockquote><p>\u00abpor estar ac\u00e1, es un lugar muy lindo y felicito a todos por la organizaci\u00f3n, por el recibimiento que nos hicieron y el trato. Esperemos que esta carrera se vuelva a hacer el pr\u00f3ximo a\u00f1o, porque tiene caminos incre\u00edbles que a la mayor\u00eda nos gustaron\u201d.<\/p><\/blockquote>\n<p>La pr\u00f3xima fecha del <strong><a href=\"http:\/\/www.rallyargentino.org.ar\/\">Campeonato Argentino de Rally <\/a><\/strong>\u2013la cuarta- se disputar\u00e1 del 4 al 6 de junio en <strong>Tucum\u00e1n<\/strong>.<\/p>\n","protected":false},"excerpt":{"rendered":"<p>El piloto argentino ha conseguido su tercera victoria consecutiva de la temporada en el Rally de los Alerces con el Subaru Impreza del equipo Baratec. Pozzo obtiene, as\u00ed, 33 puntos de ventaja en el campeonato sobre su m\u00e1s inmediato rival. Pozzo marc\u00f3 siempre el ritmo de la competencia y sin cometer errores, lo que, ayudado [&hellip;]<\/p>\n","protected":false},"author":21,"featured_media":2649,"comment_status":"open","ping_status":"open","sticky":false,"template":"","format":"standard","meta":{"_acf_changed":false,"_eb_attr":"","inline_featured_image":false,"footnotes":""},"categories":[4401],"tags":[398,3035,3034,1033,10,3036,4390],"class_list":["post-2648","post","type-post","status-publish","format-standard","has-post-thumbnail","hentry","category-nuestra-marca","tag-argentina","tag-baratec","tag-bataretto","tag-gabriel-pozzo","tag-impreza","tag-rally-de-los-alerces","tag-subaru"],"acf":[],"yoast_head":"<!-- This site is optimized with the Yoast SEO plugin v27.3 - https:\/\/yoast.com\/product\/yoast-seo-wordpress\/ -->\n<title>Gabriel Pozzo sigue imparable hacia el triunfo - Universo Subaru<\/title>\n<meta name=\"robots\" content=\"index, follow, max-snippet:-1, max-image-preview:large, max-video-preview:-1\" \/>\n<link rel=\"canonical\" href=\"https:\/\/www.subaru.es\/blog\/nuestra-marca\/gabriel-pozzo-sigue-imparable-hacia-el-triunfo\/\" \/>\n<meta property=\"og:locale\" content=\"es_ES\" \/>\n<meta property=\"og:type\" content=\"article\" \/>\n<meta property=\"og:title\" content=\"Gabriel Pozzo sigue imparable hacia el triunfo - Universo Subaru\" \/>\n<meta property=\"og:description\" content=\"El piloto argentino ha conseguido su tercera victoria consecutiva de la temporada en el Rally de los Alerces con el Subaru Impreza del equipo Baratec. Pozzo obtiene, as\u00ed, 33 puntos de ventaja en el campeonato sobre su m\u00e1s inmediato rival. Pozzo marc\u00f3 siempre el ritmo de la competencia y sin cometer errores, lo que, ayudado [&hellip;]\" \/>\n<meta property=\"og:url\" content=\"https:\/\/www.subaru.es\/blog\/nuestra-marca\/gabriel-pozzo-sigue-imparable-hacia-el-triunfo\/\" \/>\n<meta property=\"og:site_name\" content=\"Universo Subaru\" \/>\n<meta property=\"article:publisher\" content=\"https:\/\/www.facebook.com\/subaruespana\" \/>\n<meta property=\"article:published_time\" content=\"2010-05-19T10:59:52+00:00\" \/>\n<meta property=\"article:modified_time\" content=\"2020-08-12T10:37:13+00:00\" \/>\n<meta property=\"og:image\" content=\"https:\/\/www.subaru.es\/blog\/wp-content\/uploads\/2010\/04\/pozzo.jpg\" \/>\n\t<meta property=\"og:image:width\" content=\"370\" \/>\n\t<meta property=\"og:image:height\" content=\"296\" \/>\n\t<meta property=\"og:image:type\" content=\"image\/jpeg\" \/>\n<meta name=\"author\" content=\"Subaru\" \/>\n<meta name=\"twitter:card\" content=\"summary_large_image\" \/>\n<meta name=\"twitter:label1\" content=\"Escrito por\" \/>\n\t<meta name=\"twitter:data1\" content=\"Subaru\" \/>\n\t<meta name=\"twitter:label2\" content=\"Tiempo de lectura\" \/>\n\t<meta name=\"twitter:data2\" content=\"1 minuto\" \/>\n<script type=\"application\/ld+json\" class=\"yoast-schema-graph\">{\"@context\":\"https:\\\/\\\/schema.org\",\"@graph\":[{\"@type\":\"Article\",\"@id\":\"https:\\\/\\\/www.subaru.es\\\/blog\\\/nuestra-marca\\\/gabriel-pozzo-sigue-imparable-hacia-el-triunfo\\\/#article\",\"isPartOf\":{\"@id\":\"https:\\\/\\\/www.subaru.es\\\/blog\\\/nuestra-marca\\\/gabriel-pozzo-sigue-imparable-hacia-el-triunfo\\\/\"},\"author\":{\"name\":\"Subaru\",\"@id\":\"https:\\\/\\\/www.subaru.es\\\/blog\\\/#\\\/schema\\\/person\\\/19a90b892230b8e0ec752704ddf4aa10\"},\"headline\":\"Gabriel Pozzo sigue imparable hacia el triunfo\",\"datePublished\":\"2010-05-19T10:59:52+00:00\",\"dateModified\":\"2020-08-12T10:37:13+00:00\",\"mainEntityOfPage\":{\"@id\":\"https:\\\/\\\/www.subaru.es\\\/blog\\\/nuestra-marca\\\/gabriel-pozzo-sigue-imparable-hacia-el-triunfo\\\/\"},\"wordCount\":218,\"commentCount\":0,\"publisher\":{\"@id\":\"https:\\\/\\\/www.subaru.es\\\/blog\\\/#organization\"},\"image\":{\"@id\":\"https:\\\/\\\/www.subaru.es\\\/blog\\\/nuestra-marca\\\/gabriel-pozzo-sigue-imparable-hacia-el-triunfo\\\/#primaryimage\"},\"thumbnailUrl\":\"https:\\\/\\\/www.subaru.es\\\/blog\\\/wp-content\\\/uploads\\\/2010\\\/04\\\/pozzo.jpg\",\"keywords\":[\"argentina\",\"Baratec\",\"Bataretto\",\"gabriel pozzo\",\"impreza\",\"Rally de los Alerces\",\"Subaru\"],\"articleSection\":[\"Nuestra marca\"],\"inLanguage\":\"es\",\"potentialAction\":[{\"@type\":\"CommentAction\",\"name\":\"Comment\",\"target\":[\"https:\\\/\\\/www.subaru.es\\\/blog\\\/nuestra-marca\\\/gabriel-pozzo-sigue-imparable-hacia-el-triunfo\\\/#respond\"]}]},{\"@type\":\"WebPage\",\"@id\":\"https:\\\/\\\/www.subaru.es\\\/blog\\\/nuestra-marca\\\/gabriel-pozzo-sigue-imparable-hacia-el-triunfo\\\/\",\"url\":\"https:\\\/\\\/www.subaru.es\\\/blog\\\/nuestra-marca\\\/gabriel-pozzo-sigue-imparable-hacia-el-triunfo\\\/\",\"name\":\"Gabriel Pozzo sigue imparable hacia el triunfo - Universo Subaru\",\"isPartOf\":{\"@id\":\"https:\\\/\\\/www.subaru.es\\\/blog\\\/#website\"},\"primaryImageOfPage\":{\"@id\":\"https:\\\/\\\/www.subaru.es\\\/blog\\\/nuestra-marca\\\/gabriel-pozzo-sigue-imparable-hacia-el-triunfo\\\/#primaryimage\"},\"image\":{\"@id\":\"https:\\\/\\\/www.subaru.es\\\/blog\\\/nuestra-marca\\\/gabriel-pozzo-sigue-imparable-hacia-el-triunfo\\\/#primaryimage\"},\"thumbnailUrl\":\"https:\\\/\\\/www.subaru.es\\\/blog\\\/wp-content\\\/uploads\\\/2010\\\/04\\\/pozzo.jpg\",\"datePublished\":\"2010-05-19T10:59:52+00:00\",\"dateModified\":\"2020-08-12T10:37:13+00:00\",\"breadcrumb\":{\"@id\":\"https:\\\/\\\/www.subaru.es\\\/blog\\\/nuestra-marca\\\/gabriel-pozzo-sigue-imparable-hacia-el-triunfo\\\/#breadcrumb\"},\"inLanguage\":\"es\",\"potentialAction\":[{\"@type\":\"ReadAction\",\"target\":[\"https:\\\/\\\/www.subaru.es\\\/blog\\\/nuestra-marca\\\/gabriel-pozzo-sigue-imparable-hacia-el-triunfo\\\/\"]}]},{\"@type\":\"ImageObject\",\"inLanguage\":\"es\",\"@id\":\"https:\\\/\\\/www.subaru.es\\\/blog\\\/nuestra-marca\\\/gabriel-pozzo-sigue-imparable-hacia-el-triunfo\\\/#primaryimage\",\"url\":\"https:\\\/\\\/www.subaru.es\\\/blog\\\/wp-content\\\/uploads\\\/2010\\\/04\\\/pozzo.jpg\",\"contentUrl\":\"https:\\\/\\\/www.subaru.es\\\/blog\\\/wp-content\\\/uploads\\\/2010\\\/04\\\/pozzo.jpg\",\"width\":370,\"height\":296},{\"@type\":\"BreadcrumbList\",\"@id\":\"https:\\\/\\\/www.subaru.es\\\/blog\\\/nuestra-marca\\\/gabriel-pozzo-sigue-imparable-hacia-el-triunfo\\\/#breadcrumb\",\"itemListElement\":[{\"@type\":\"ListItem\",\"position\":1,\"name\":\"Portada\",\"item\":\"https:\\\/\\\/www.subaru.es\\\/blog\\\/\"},{\"@type\":\"ListItem\",\"position\":2,\"name\":\"Gabriel Pozzo sigue imparable hacia el triunfo\"}]},{\"@type\":\"WebSite\",\"@id\":\"https:\\\/\\\/www.subaru.es\\\/blog\\\/#website\",\"url\":\"https:\\\/\\\/www.subaru.es\\\/blog\\\/\",\"name\":\"Universo Subaru\",\"description\":\"Descubre este apasionante espacio de Subaru donde vas a conocer todo sobre nuestros coches y las experiencias que vivimos con ellos. Si est\u00e1s preparado para dejarte seducir por la filosof\u00eda Subaru, qu\u00e9date con nosotros.\",\"publisher\":{\"@id\":\"https:\\\/\\\/www.subaru.es\\\/blog\\\/#organization\"},\"potentialAction\":[{\"@type\":\"SearchAction\",\"target\":{\"@type\":\"EntryPoint\",\"urlTemplate\":\"https:\\\/\\\/www.subaru.es\\\/blog\\\/?s={search_term_string}\"},\"query-input\":{\"@type\":\"PropertyValueSpecification\",\"valueRequired\":true,\"valueName\":\"search_term_string\"}}],\"inLanguage\":\"es\"},{\"@type\":\"Organization\",\"@id\":\"https:\\\/\\\/www.subaru.es\\\/blog\\\/#organization\",\"name\":\"Subaru Espa\u00f1a S.A.\",\"url\":\"https:\\\/\\\/www.subaru.es\\\/blog\\\/\",\"logo\":{\"@type\":\"ImageObject\",\"inLanguage\":\"es\",\"@id\":\"https:\\\/\\\/www.subaru.es\\\/blog\\\/#\\\/schema\\\/logo\\\/image\\\/\",\"url\":\"https:\\\/\\\/www.subaru.es\\\/blog\\\/wp-content\\\/uploads\\\/2016\\\/12\\\/Logo-Subaru-TypeV_C300-scaled.jpg\",\"contentUrl\":\"https:\\\/\\\/www.subaru.es\\\/blog\\\/wp-content\\\/uploads\\\/2016\\\/12\\\/Logo-Subaru-TypeV_C300-scaled.jpg\",\"width\":2560,\"height\":1864,\"caption\":\"Subaru Espa\u00f1a S.A.\"},\"image\":{\"@id\":\"https:\\\/\\\/www.subaru.es\\\/blog\\\/#\\\/schema\\\/logo\\\/image\\\/\"},\"sameAs\":[\"https:\\\/\\\/www.facebook.com\\\/subaruespana\",\"https:\\\/\\\/www.instagram.com\\\/subarues\\\/\",\"https:\\\/\\\/www.youtube.com\\\/user\\\/subaruespana\"]},{\"@type\":\"Person\",\"@id\":\"https:\\\/\\\/www.subaru.es\\\/blog\\\/#\\\/schema\\\/person\\\/19a90b892230b8e0ec752704ddf4aa10\",\"name\":\"Subaru\",\"url\":\"https:\\\/\\\/www.subaru.es\\\/blog\\\/author\\\/subaria\\\/\"}]}<\/script>\n<!-- \/ Yoast SEO plugin. -->","yoast_head_json":{"title":"Gabriel Pozzo sigue imparable hacia el triunfo - Universo Subaru","robots":{"index":"index","follow":"follow","max-snippet":"max-snippet:-1","max-image-preview":"max-image-preview:large","max-video-preview":"max-video-preview:-1"},"canonical":"https:\/\/www.subaru.es\/blog\/nuestra-marca\/gabriel-pozzo-sigue-imparable-hacia-el-triunfo\/","og_locale":"es_ES","og_type":"article","og_title":"Gabriel Pozzo sigue imparable hacia el triunfo - Universo Subaru","og_description":"El piloto argentino ha conseguido su tercera victoria consecutiva de la temporada en el Rally de los Alerces con el Subaru Impreza del equipo Baratec. Pozzo obtiene, as\u00ed, 33 puntos de ventaja en el campeonato sobre su m\u00e1s inmediato rival. Pozzo marc\u00f3 siempre el ritmo de la competencia y sin cometer errores, lo que, ayudado [&hellip;]","og_url":"https:\/\/www.subaru.es\/blog\/nuestra-marca\/gabriel-pozzo-sigue-imparable-hacia-el-triunfo\/","og_site_name":"Universo Subaru","article_publisher":"https:\/\/www.facebook.com\/subaruespana","article_published_time":"2010-05-19T10:59:52+00:00","article_modified_time":"2020-08-12T10:37:13+00:00","og_image":[{"width":370,"height":296,"url":"https:\/\/www.subaru.es\/blog\/wp-content\/uploads\/2010\/04\/pozzo.jpg","type":"image\/jpeg"}],"author":"Subaru","twitter_card":"summary_large_image","twitter_misc":{"Escrito por":"Subaru","Tiempo de lectura":"1 minuto"},"schema":{"@context":"https:\/\/schema.org","@graph":[{"@type":"Article","@id":"https:\/\/www.subaru.es\/blog\/nuestra-marca\/gabriel-pozzo-sigue-imparable-hacia-el-triunfo\/#article","isPartOf":{"@id":"https:\/\/www.subaru.es\/blog\/nuestra-marca\/gabriel-pozzo-sigue-imparable-hacia-el-triunfo\/"},"author":{"name":"Subaru","@id":"https:\/\/www.subaru.es\/blog\/#\/schema\/person\/19a90b892230b8e0ec752704ddf4aa10"},"headline":"Gabriel Pozzo sigue imparable hacia el triunfo","datePublished":"2010-05-19T10:59:52+00:00","dateModified":"2020-08-12T10:37:13+00:00","mainEntityOfPage":{"@id":"https:\/\/www.subaru.es\/blog\/nuestra-marca\/gabriel-pozzo-sigue-imparable-hacia-el-triunfo\/"},"wordCount":218,"commentCount":0,"publisher":{"@id":"https:\/\/www.subaru.es\/blog\/#organization"},"image":{"@id":"https:\/\/www.subaru.es\/blog\/nuestra-marca\/gabriel-pozzo-sigue-imparable-hacia-el-triunfo\/#primaryimage"},"thumbnailUrl":"https:\/\/www.subaru.es\/blog\/wp-content\/uploads\/2010\/04\/pozzo.jpg","keywords":["argentina","Baratec","Bataretto","gabriel pozzo","impreza","Rally de los Alerces","Subaru"],"articleSection":["Nuestra marca"],"inLanguage":"es","potentialAction":[{"@type":"CommentAction","name":"Comment","target":["https:\/\/www.subaru.es\/blog\/nuestra-marca\/gabriel-pozzo-sigue-imparable-hacia-el-triunfo\/#respond"]}]},{"@type":"WebPage","@id":"https:\/\/www.subaru.es\/blog\/nuestra-marca\/gabriel-pozzo-sigue-imparable-hacia-el-triunfo\/","url":"https:\/\/www.subaru.es\/blog\/nuestra-marca\/gabriel-pozzo-sigue-imparable-hacia-el-triunfo\/","name":"Gabriel Pozzo sigue imparable hacia el triunfo - Universo Subaru","isPartOf":{"@id":"https:\/\/www.subaru.es\/blog\/#website"},"primaryImageOfPage":{"@id":"https:\/\/www.subaru.es\/blog\/nuestra-marca\/gabriel-pozzo-sigue-imparable-hacia-el-triunfo\/#primaryimage"},"image":{"@id":"https:\/\/www.subaru.es\/blog\/nuestra-marca\/gabriel-pozzo-sigue-imparable-hacia-el-triunfo\/#primaryimage"},"thumbnailUrl":"https:\/\/www.subaru.es\/blog\/wp-content\/uploads\/2010\/04\/pozzo.jpg","datePublished":"2010-05-19T10:59:52+00:00","dateModified":"2020-08-12T10:37:13+00:00","breadcrumb":{"@id":"https:\/\/www.subaru.es\/blog\/nuestra-marca\/gabriel-pozzo-sigue-imparable-hacia-el-triunfo\/#breadcrumb"},"inLanguage":"es","potentialAction":[{"@type":"ReadAction","target":["https:\/\/www.subaru.es\/blog\/nuestra-marca\/gabriel-pozzo-sigue-imparable-hacia-el-triunfo\/"]}]},{"@type":"ImageObject","inLanguage":"es","@id":"https:\/\/www.subaru.es\/blog\/nuestra-marca\/gabriel-pozzo-sigue-imparable-hacia-el-triunfo\/#primaryimage","url":"https:\/\/www.subaru.es\/blog\/wp-content\/uploads\/2010\/04\/pozzo.jpg","contentUrl":"https:\/\/www.subaru.es\/blog\/wp-content\/uploads\/2010\/04\/pozzo.jpg","width":370,"height":296},{"@type":"BreadcrumbList","@id":"https:\/\/www.subaru.es\/blog\/nuestra-marca\/gabriel-pozzo-sigue-imparable-hacia-el-triunfo\/#breadcrumb","itemListElement":[{"@type":"ListItem","position":1,"name":"Portada","item":"https:\/\/www.subaru.es\/blog\/"},{"@type":"ListItem","position":2,"name":"Gabriel Pozzo sigue imparable hacia el triunfo"}]},{"@type":"WebSite","@id":"https:\/\/www.subaru.es\/blog\/#website","url":"https:\/\/www.subaru.es\/blog\/","name":"Universo Subaru","description":"Descubre este apasionante espacio de Subaru donde vas a conocer todo sobre nuestros coches y las experiencias que vivimos con ellos. Si est\u00e1s preparado para dejarte seducir por la filosof\u00eda Subaru, qu\u00e9date con nosotros.","publisher":{"@id":"https:\/\/www.subaru.es\/blog\/#organization"},"potentialAction":[{"@type":"SearchAction","target":{"@type":"EntryPoint","urlTemplate":"https:\/\/www.subaru.es\/blog\/?s={search_term_string}"},"query-input":{"@type":"PropertyValueSpecification","valueRequired":true,"valueName":"search_term_string"}}],"inLanguage":"es"},{"@type":"Organization","@id":"https:\/\/www.subaru.es\/blog\/#organization","name":"Subaru Espa\u00f1a S.A.","url":"https:\/\/www.subaru.es\/blog\/","logo":{"@type":"ImageObject","inLanguage":"es","@id":"https:\/\/www.subaru.es\/blog\/#\/schema\/logo\/image\/","url":"https:\/\/www.subaru.es\/blog\/wp-content\/uploads\/2016\/12\/Logo-Subaru-TypeV_C300-scaled.jpg","contentUrl":"https:\/\/www.subaru.es\/blog\/wp-content\/uploads\/2016\/12\/Logo-Subaru-TypeV_C300-scaled.jpg","width":2560,"height":1864,"caption":"Subaru Espa\u00f1a S.A."},"image":{"@id":"https:\/\/www.subaru.es\/blog\/#\/schema\/logo\/image\/"},"sameAs":["https:\/\/www.facebook.com\/subaruespana","https:\/\/www.instagram.com\/subarues\/","https:\/\/www.youtube.com\/user\/subaruespana"]},{"@type":"Person","@id":"https:\/\/www.subaru.es\/blog\/#\/schema\/person\/19a90b892230b8e0ec752704ddf4aa10","name":"Subaru","url":"https:\/\/www.subaru.es\/blog\/author\/subaria\/"}]}},"_links":{"self":[{"href":"https:\/\/www.subaru.es\/blog\/wp-json\/wp\/v2\/posts\/2648","targetHints":{"allow":["GET"]}}],"collection":[{"href":"https:\/\/www.subaru.es\/blog\/wp-json\/wp\/v2\/posts"}],"about":[{"href":"https:\/\/www.subaru.es\/blog\/wp-json\/wp\/v2\/types\/post"}],"author":[{"embeddable":true,"href":"https:\/\/www.subaru.es\/blog\/wp-json\/wp\/v2\/users\/21"}],"replies":[{"embeddable":true,"href":"https:\/\/www.subaru.es\/blog\/wp-json\/wp\/v2\/comments?post=2648"}],"version-history":[{"count":2,"href":"https:\/\/www.subaru.es\/blog\/wp-json\/wp\/v2\/posts\/2648\/revisions"}],"predecessor-version":[{"id":22234,"href":"https:\/\/www.subaru.es\/blog\/wp-json\/wp\/v2\/posts\/2648\/revisions\/22234"}],"wp:featuredmedia":[{"embeddable":true,"href":"https:\/\/www.subaru.es\/blog\/wp-json\/wp\/v2\/media\/2649"}],"wp:attachment":[{"href":"https:\/\/www.subaru.es\/blog\/wp-json\/wp\/v2\/media?parent=2648"}],"wp:term":[{"taxonomy":"category","embeddable":true,"href":"https:\/\/www.subaru.es\/blog\/wp-json\/wp\/v2\/categories?post=2648"},{"taxonomy":"post_tag","embeddable":true,"href":"https:\/\/www.subaru.es\/blog\/wp-json\/wp\/v2\/tags?post=2648"}],"curies":[{"name":"wp","href":"https:\/\/api.w.org\/{rel}","templated":true}]}}