{"id":2646,"date":"2010-05-18T12:59:13","date_gmt":"2010-05-18T10:59:13","guid":{"rendered":"http:\/\/subaru.preproduccion.com\/blog\/wp-content\/2010\/05\/18\/subaru-apuesta-por-el-3d\/"},"modified":"2020-08-06T11:40:01","modified_gmt":"2020-08-06T09:40:01","slug":"subaru-apuesta-por-el-3d","status":"publish","type":"post","link":"https:\/\/www.subaru.es\/blog\/nuestra-marca\/subaru-apuesta-por-el-3d\/","title":{"rendered":"Subaru apuesta por el 3D"},"content":{"rendered":"<p><a href=\"https:\/\/www.subaru.es\/blog\/wp-content\/uploads\/2010\/04\/eyesight.bmp\" title=\"3D\"><img decoding=\"async\" src=\"https:\/\/www.subaru.es\/blog\/wp-content\/uploads\/2010\/04\/eyesight.bmp\" alt=\"3D\" \/><\/a><br \/>\nLa firma nipona es referente de <strong>tecnolog\u00eda y seguridad<\/strong>, y m\u00e1s ahora que acaba de mejorar su sistema <strong><a href=\"https:\/\/www.subaru.es\/blog\/?p=2640\">EyeSight <\/a><\/strong>, como ya te adelant\u00e1bamos en anteriores post. Ahora te adelantamos m\u00e1s datos de esta realidad aumentada para mejorar la seguridad, tanto de los ocupantes, como de los peatones y otros usuarios de la v\u00eda. Esta tecnolog\u00eda se introducir\u00e1 en los <strong>Subaru Legacy<\/strong>.<\/p>\n<p>Se trata de un sistema de visi\u00f3n computerizada que utiliza <strong>dos c\u00e1maras<\/strong>, algo no muy frecuente en el resto de veh\u00edculos con tecnolog\u00edas similares: el objetivo es <strong>reproducir el mismo fen\u00f3meno de nuestros ojos<\/strong>, tener dos, es decir, visi\u00f3n estereosc\u00f3pica, o dicho de otra forma, ver en tres dimensiones. As\u00ed, al permitirnos ver en tercera dimensi\u00f3n, podemos estimar distancias al incluir el concepto de profundidad.<\/p>\n<p>Las <strong>dos c\u00e1maras est\u00e1n ubicadas en la parte superior del habit\u00e1culo<\/strong>, a los lados del retrovisor central. Adem\u00e1s, siguen teniendo otras interesantes funciones, como el control de crucero activo, evitan cambios involuntarios de carril o sin usar intermitentes, etc.<\/p>\n<p>Gracias a la <strong>percepci\u00f3n en 3D<\/strong>, el coche puede determinar con mucha precisi\u00f3n la posici\u00f3n de peatones, ciclistas, motocicletas\u2026 y actuar sobre los sistemas de seguridad activa, alertando al conductor o directamente reduciendo la velocidad del coche.<\/p>\n<p>El tiempo de reacci\u00f3n de una persona media, en buenas condiciones psicof\u00edsicas, es de 3\/4 de segundo (0,75 s.), mientras que un sistema inform\u00e1tico puede responder en nanosegundos. Ese lapso de tiempo puede ser decisivo para evitar un accidente con consecuencias lamentables.<\/p>\n","protected":false},"excerpt":{"rendered":"<p>La firma nipona es referente de tecnolog\u00eda y seguridad, y m\u00e1s ahora que acaba de mejorar su sistema EyeSight , como ya te adelant\u00e1bamos en anteriores post. Ahora te adelantamos m\u00e1s datos de esta realidad aumentada para mejorar la seguridad, tanto de los ocupantes, como de los peatones y otros usuarios de la v\u00eda. Esta [&hellip;]<\/p>\n","protected":false},"author":21,"featured_media":2647,"comment_status":"open","ping_status":"open","sticky":false,"template":"","format":"standard","meta":{"_acf_changed":false,"_eb_attr":"","inline_featured_image":false,"footnotes":""},"categories":[4401],"tags":[188,267,1610,4394,134,3033],"class_list":["post-2646","post","type-post","status-publish","format-standard","has-post-thumbnail","hentry","category-nuestra-marca","tag-3d","tag-accidente","tag-camaras","tag-eyesight","tag-legacy","tag-subari"],"acf":[],"yoast_head":"<!-- This site is optimized with the Yoast SEO plugin v27.3 - https:\/\/yoast.com\/product\/yoast-seo-wordpress\/ -->\n<title>Subaru apuesta por el 3D - Universo Subaru<\/title>\n<meta name=\"robots\" content=\"index, follow, max-snippet:-1, max-image-preview:large, max-video-preview:-1\" \/>\n<link rel=\"canonical\" href=\"https:\/\/www.subaru.es\/blog\/nuestra-marca\/subaru-apuesta-por-el-3d\/\" \/>\n<meta property=\"og:locale\" content=\"es_ES\" \/>\n<meta property=\"og:type\" content=\"article\" \/>\n<meta property=\"og:title\" content=\"Subaru apuesta por el 3D - Universo Subaru\" \/>\n<meta property=\"og:description\" content=\"La firma nipona es referente de tecnolog\u00eda y seguridad, y m\u00e1s ahora que acaba de mejorar su sistema EyeSight , como ya te adelant\u00e1bamos en anteriores post. Ahora te adelantamos m\u00e1s datos de esta realidad aumentada para mejorar la seguridad, tanto de los ocupantes, como de los peatones y otros usuarios de la v\u00eda. Esta [&hellip;]\" \/>\n<meta property=\"og:url\" content=\"https:\/\/www.subaru.es\/blog\/nuestra-marca\/subaru-apuesta-por-el-3d\/\" \/>\n<meta property=\"og:site_name\" content=\"Universo Subaru\" \/>\n<meta property=\"article:publisher\" content=\"https:\/\/www.facebook.com\/subaruespana\" \/>\n<meta property=\"article:published_time\" content=\"2010-05-18T10:59:13+00:00\" \/>\n<meta property=\"article:modified_time\" content=\"2020-08-06T09:40:01+00:00\" \/>\n<meta name=\"author\" content=\"Subaru\" \/>\n<meta name=\"twitter:card\" content=\"summary_large_image\" \/>\n<meta name=\"twitter:label1\" content=\"Escrito por\" \/>\n\t<meta name=\"twitter:data1\" content=\"Subaru\" \/>\n\t<meta name=\"twitter:label2\" content=\"Tiempo de lectura\" \/>\n\t<meta name=\"twitter:data2\" content=\"1 minuto\" \/>\n<script type=\"application\/ld+json\" class=\"yoast-schema-graph\">{\"@context\":\"https:\\\/\\\/schema.org\",\"@graph\":[{\"@type\":\"Article\",\"@id\":\"https:\\\/\\\/www.subaru.es\\\/blog\\\/nuestra-marca\\\/subaru-apuesta-por-el-3d\\\/#article\",\"isPartOf\":{\"@id\":\"https:\\\/\\\/www.subaru.es\\\/blog\\\/nuestra-marca\\\/subaru-apuesta-por-el-3d\\\/\"},\"author\":{\"name\":\"Subaru\",\"@id\":\"https:\\\/\\\/www.subaru.es\\\/blog\\\/#\\\/schema\\\/person\\\/19a90b892230b8e0ec752704ddf4aa10\"},\"headline\":\"Subaru apuesta por el 3D\",\"datePublished\":\"2010-05-18T10:59:13+00:00\",\"dateModified\":\"2020-08-06T09:40:01+00:00\",\"mainEntityOfPage\":{\"@id\":\"https:\\\/\\\/www.subaru.es\\\/blog\\\/nuestra-marca\\\/subaru-apuesta-por-el-3d\\\/\"},\"wordCount\":271,\"commentCount\":0,\"publisher\":{\"@id\":\"https:\\\/\\\/www.subaru.es\\\/blog\\\/#organization\"},\"image\":{\"@id\":\"https:\\\/\\\/www.subaru.es\\\/blog\\\/nuestra-marca\\\/subaru-apuesta-por-el-3d\\\/#primaryimage\"},\"thumbnailUrl\":\"https:\\\/\\\/www.subaru.es\\\/blog\\\/wp-content\\\/uploads\\\/2010\\\/04\\\/eyesight.bmp\",\"keywords\":[\"3d\",\"accidente\",\"c\u00e1maras\",\"EyeSight\",\"legacy\",\"subari\"],\"articleSection\":[\"Nuestra marca\"],\"inLanguage\":\"es\",\"potentialAction\":[{\"@type\":\"CommentAction\",\"name\":\"Comment\",\"target\":[\"https:\\\/\\\/www.subaru.es\\\/blog\\\/nuestra-marca\\\/subaru-apuesta-por-el-3d\\\/#respond\"]}]},{\"@type\":\"WebPage\",\"@id\":\"https:\\\/\\\/www.subaru.es\\\/blog\\\/nuestra-marca\\\/subaru-apuesta-por-el-3d\\\/\",\"url\":\"https:\\\/\\\/www.subaru.es\\\/blog\\\/nuestra-marca\\\/subaru-apuesta-por-el-3d\\\/\",\"name\":\"Subaru apuesta por el 3D - Universo Subaru\",\"isPartOf\":{\"@id\":\"https:\\\/\\\/www.subaru.es\\\/blog\\\/#website\"},\"primaryImageOfPage\":{\"@id\":\"https:\\\/\\\/www.subaru.es\\\/blog\\\/nuestra-marca\\\/subaru-apuesta-por-el-3d\\\/#primaryimage\"},\"image\":{\"@id\":\"https:\\\/\\\/www.subaru.es\\\/blog\\\/nuestra-marca\\\/subaru-apuesta-por-el-3d\\\/#primaryimage\"},\"thumbnailUrl\":\"https:\\\/\\\/www.subaru.es\\\/blog\\\/wp-content\\\/uploads\\\/2010\\\/04\\\/eyesight.bmp\",\"datePublished\":\"2010-05-18T10:59:13+00:00\",\"dateModified\":\"2020-08-06T09:40:01+00:00\",\"breadcrumb\":{\"@id\":\"https:\\\/\\\/www.subaru.es\\\/blog\\\/nuestra-marca\\\/subaru-apuesta-por-el-3d\\\/#breadcrumb\"},\"inLanguage\":\"es\",\"potentialAction\":[{\"@type\":\"ReadAction\",\"target\":[\"https:\\\/\\\/www.subaru.es\\\/blog\\\/nuestra-marca\\\/subaru-apuesta-por-el-3d\\\/\"]}]},{\"@type\":\"ImageObject\",\"inLanguage\":\"es\",\"@id\":\"https:\\\/\\\/www.subaru.es\\\/blog\\\/nuestra-marca\\\/subaru-apuesta-por-el-3d\\\/#primaryimage\",\"url\":\"https:\\\/\\\/www.subaru.es\\\/blog\\\/wp-content\\\/uploads\\\/2010\\\/04\\\/eyesight.bmp\",\"contentUrl\":\"https:\\\/\\\/www.subaru.es\\\/blog\\\/wp-content\\\/uploads\\\/2010\\\/04\\\/eyesight.bmp\",\"width\":498,\"height\":227},{\"@type\":\"BreadcrumbList\",\"@id\":\"https:\\\/\\\/www.subaru.es\\\/blog\\\/nuestra-marca\\\/subaru-apuesta-por-el-3d\\\/#breadcrumb\",\"itemListElement\":[{\"@type\":\"ListItem\",\"position\":1,\"name\":\"Portada\",\"item\":\"https:\\\/\\\/www.subaru.es\\\/blog\\\/\"},{\"@type\":\"ListItem\",\"position\":2,\"name\":\"Subaru apuesta por el 3D\"}]},{\"@type\":\"WebSite\",\"@id\":\"https:\\\/\\\/www.subaru.es\\\/blog\\\/#website\",\"url\":\"https:\\\/\\\/www.subaru.es\\\/blog\\\/\",\"name\":\"Universo Subaru\",\"description\":\"Descubre este apasionante espacio de Subaru donde vas a conocer todo sobre nuestros coches y las experiencias que vivimos con ellos. Si est\u00e1s preparado para dejarte seducir por la filosof\u00eda Subaru, qu\u00e9date con nosotros.\",\"publisher\":{\"@id\":\"https:\\\/\\\/www.subaru.es\\\/blog\\\/#organization\"},\"potentialAction\":[{\"@type\":\"SearchAction\",\"target\":{\"@type\":\"EntryPoint\",\"urlTemplate\":\"https:\\\/\\\/www.subaru.es\\\/blog\\\/?s={search_term_string}\"},\"query-input\":{\"@type\":\"PropertyValueSpecification\",\"valueRequired\":true,\"valueName\":\"search_term_string\"}}],\"inLanguage\":\"es\"},{\"@type\":\"Organization\",\"@id\":\"https:\\\/\\\/www.subaru.es\\\/blog\\\/#organization\",\"name\":\"Subaru Espa\u00f1a S.A.\",\"url\":\"https:\\\/\\\/www.subaru.es\\\/blog\\\/\",\"logo\":{\"@type\":\"ImageObject\",\"inLanguage\":\"es\",\"@id\":\"https:\\\/\\\/www.subaru.es\\\/blog\\\/#\\\/schema\\\/logo\\\/image\\\/\",\"url\":\"https:\\\/\\\/www.subaru.es\\\/blog\\\/wp-content\\\/uploads\\\/2016\\\/12\\\/Logo-Subaru-TypeV_C300-scaled.jpg\",\"contentUrl\":\"https:\\\/\\\/www.subaru.es\\\/blog\\\/wp-content\\\/uploads\\\/2016\\\/12\\\/Logo-Subaru-TypeV_C300-scaled.jpg\",\"width\":2560,\"height\":1864,\"caption\":\"Subaru Espa\u00f1a S.A.\"},\"image\":{\"@id\":\"https:\\\/\\\/www.subaru.es\\\/blog\\\/#\\\/schema\\\/logo\\\/image\\\/\"},\"sameAs\":[\"https:\\\/\\\/www.facebook.com\\\/subaruespana\",\"https:\\\/\\\/www.instagram.com\\\/subarues\\\/\",\"https:\\\/\\\/www.youtube.com\\\/user\\\/subaruespana\"]},{\"@type\":\"Person\",\"@id\":\"https:\\\/\\\/www.subaru.es\\\/blog\\\/#\\\/schema\\\/person\\\/19a90b892230b8e0ec752704ddf4aa10\",\"name\":\"Subaru\",\"url\":\"https:\\\/\\\/www.subaru.es\\\/blog\\\/author\\\/subaria\\\/\"}]}<\/script>\n<!-- \/ Yoast SEO plugin. -->","yoast_head_json":{"title":"Subaru apuesta por el 3D - Universo Subaru","robots":{"index":"index","follow":"follow","max-snippet":"max-snippet:-1","max-image-preview":"max-image-preview:large","max-video-preview":"max-video-preview:-1"},"canonical":"https:\/\/www.subaru.es\/blog\/nuestra-marca\/subaru-apuesta-por-el-3d\/","og_locale":"es_ES","og_type":"article","og_title":"Subaru apuesta por el 3D - Universo Subaru","og_description":"La firma nipona es referente de tecnolog\u00eda y seguridad, y m\u00e1s ahora que acaba de mejorar su sistema EyeSight , como ya te adelant\u00e1bamos en anteriores post. Ahora te adelantamos m\u00e1s datos de esta realidad aumentada para mejorar la seguridad, tanto de los ocupantes, como de los peatones y otros usuarios de la v\u00eda. Esta [&hellip;]","og_url":"https:\/\/www.subaru.es\/blog\/nuestra-marca\/subaru-apuesta-por-el-3d\/","og_site_name":"Universo Subaru","article_publisher":"https:\/\/www.facebook.com\/subaruespana","article_published_time":"2010-05-18T10:59:13+00:00","article_modified_time":"2020-08-06T09:40:01+00:00","author":"Subaru","twitter_card":"summary_large_image","twitter_misc":{"Escrito por":"Subaru","Tiempo de lectura":"1 minuto"},"schema":{"@context":"https:\/\/schema.org","@graph":[{"@type":"Article","@id":"https:\/\/www.subaru.es\/blog\/nuestra-marca\/subaru-apuesta-por-el-3d\/#article","isPartOf":{"@id":"https:\/\/www.subaru.es\/blog\/nuestra-marca\/subaru-apuesta-por-el-3d\/"},"author":{"name":"Subaru","@id":"https:\/\/www.subaru.es\/blog\/#\/schema\/person\/19a90b892230b8e0ec752704ddf4aa10"},"headline":"Subaru apuesta por el 3D","datePublished":"2010-05-18T10:59:13+00:00","dateModified":"2020-08-06T09:40:01+00:00","mainEntityOfPage":{"@id":"https:\/\/www.subaru.es\/blog\/nuestra-marca\/subaru-apuesta-por-el-3d\/"},"wordCount":271,"commentCount":0,"publisher":{"@id":"https:\/\/www.subaru.es\/blog\/#organization"},"image":{"@id":"https:\/\/www.subaru.es\/blog\/nuestra-marca\/subaru-apuesta-por-el-3d\/#primaryimage"},"thumbnailUrl":"https:\/\/www.subaru.es\/blog\/wp-content\/uploads\/2010\/04\/eyesight.bmp","keywords":["3d","accidente","c\u00e1maras","EyeSight","legacy","subari"],"articleSection":["Nuestra marca"],"inLanguage":"es","potentialAction":[{"@type":"CommentAction","name":"Comment","target":["https:\/\/www.subaru.es\/blog\/nuestra-marca\/subaru-apuesta-por-el-3d\/#respond"]}]},{"@type":"WebPage","@id":"https:\/\/www.subaru.es\/blog\/nuestra-marca\/subaru-apuesta-por-el-3d\/","url":"https:\/\/www.subaru.es\/blog\/nuestra-marca\/subaru-apuesta-por-el-3d\/","name":"Subaru apuesta por el 3D - Universo Subaru","isPartOf":{"@id":"https:\/\/www.subaru.es\/blog\/#website"},"primaryImageOfPage":{"@id":"https:\/\/www.subaru.es\/blog\/nuestra-marca\/subaru-apuesta-por-el-3d\/#primaryimage"},"image":{"@id":"https:\/\/www.subaru.es\/blog\/nuestra-marca\/subaru-apuesta-por-el-3d\/#primaryimage"},"thumbnailUrl":"https:\/\/www.subaru.es\/blog\/wp-content\/uploads\/2010\/04\/eyesight.bmp","datePublished":"2010-05-18T10:59:13+00:00","dateModified":"2020-08-06T09:40:01+00:00","breadcrumb":{"@id":"https:\/\/www.subaru.es\/blog\/nuestra-marca\/subaru-apuesta-por-el-3d\/#breadcrumb"},"inLanguage":"es","potentialAction":[{"@type":"ReadAction","target":["https:\/\/www.subaru.es\/blog\/nuestra-marca\/subaru-apuesta-por-el-3d\/"]}]},{"@type":"ImageObject","inLanguage":"es","@id":"https:\/\/www.subaru.es\/blog\/nuestra-marca\/subaru-apuesta-por-el-3d\/#primaryimage","url":"https:\/\/www.subaru.es\/blog\/wp-content\/uploads\/2010\/04\/eyesight.bmp","contentUrl":"https:\/\/www.subaru.es\/blog\/wp-content\/uploads\/2010\/04\/eyesight.bmp","width":498,"height":227},{"@type":"BreadcrumbList","@id":"https:\/\/www.subaru.es\/blog\/nuestra-marca\/subaru-apuesta-por-el-3d\/#breadcrumb","itemListElement":[{"@type":"ListItem","position":1,"name":"Portada","item":"https:\/\/www.subaru.es\/blog\/"},{"@type":"ListItem","position":2,"name":"Subaru apuesta por el 3D"}]},{"@type":"WebSite","@id":"https:\/\/www.subaru.es\/blog\/#website","url":"https:\/\/www.subaru.es\/blog\/","name":"Universo Subaru","description":"Descubre este apasionante espacio de Subaru donde vas a conocer todo sobre nuestros coches y las experiencias que vivimos con ellos. Si est\u00e1s preparado para dejarte seducir por la filosof\u00eda Subaru, qu\u00e9date con nosotros.","publisher":{"@id":"https:\/\/www.subaru.es\/blog\/#organization"},"potentialAction":[{"@type":"SearchAction","target":{"@type":"EntryPoint","urlTemplate":"https:\/\/www.subaru.es\/blog\/?s={search_term_string}"},"query-input":{"@type":"PropertyValueSpecification","valueRequired":true,"valueName":"search_term_string"}}],"inLanguage":"es"},{"@type":"Organization","@id":"https:\/\/www.subaru.es\/blog\/#organization","name":"Subaru Espa\u00f1a S.A.","url":"https:\/\/www.subaru.es\/blog\/","logo":{"@type":"ImageObject","inLanguage":"es","@id":"https:\/\/www.subaru.es\/blog\/#\/schema\/logo\/image\/","url":"https:\/\/www.subaru.es\/blog\/wp-content\/uploads\/2016\/12\/Logo-Subaru-TypeV_C300-scaled.jpg","contentUrl":"https:\/\/www.subaru.es\/blog\/wp-content\/uploads\/2016\/12\/Logo-Subaru-TypeV_C300-scaled.jpg","width":2560,"height":1864,"caption":"Subaru Espa\u00f1a S.A."},"image":{"@id":"https:\/\/www.subaru.es\/blog\/#\/schema\/logo\/image\/"},"sameAs":["https:\/\/www.facebook.com\/subaruespana","https:\/\/www.instagram.com\/subarues\/","https:\/\/www.youtube.com\/user\/subaruespana"]},{"@type":"Person","@id":"https:\/\/www.subaru.es\/blog\/#\/schema\/person\/19a90b892230b8e0ec752704ddf4aa10","name":"Subaru","url":"https:\/\/www.subaru.es\/blog\/author\/subaria\/"}]}},"_links":{"self":[{"href":"https:\/\/www.subaru.es\/blog\/wp-json\/wp\/v2\/posts\/2646","targetHints":{"allow":["GET"]}}],"collection":[{"href":"https:\/\/www.subaru.es\/blog\/wp-json\/wp\/v2\/posts"}],"about":[{"href":"https:\/\/www.subaru.es\/blog\/wp-json\/wp\/v2\/types\/post"}],"author":[{"embeddable":true,"href":"https:\/\/www.subaru.es\/blog\/wp-json\/wp\/v2\/users\/21"}],"replies":[{"embeddable":true,"href":"https:\/\/www.subaru.es\/blog\/wp-json\/wp\/v2\/comments?post=2646"}],"version-history":[{"count":1,"href":"https:\/\/www.subaru.es\/blog\/wp-json\/wp\/v2\/posts\/2646\/revisions"}],"predecessor-version":[{"id":15057,"href":"https:\/\/www.subaru.es\/blog\/wp-json\/wp\/v2\/posts\/2646\/revisions\/15057"}],"wp:featuredmedia":[{"embeddable":true,"href":"https:\/\/www.subaru.es\/blog\/wp-json\/wp\/v2\/media\/2647"}],"wp:attachment":[{"href":"https:\/\/www.subaru.es\/blog\/wp-json\/wp\/v2\/media?parent=2646"}],"wp:term":[{"taxonomy":"category","embeddable":true,"href":"https:\/\/www.subaru.es\/blog\/wp-json\/wp\/v2\/categories?post=2646"},{"taxonomy":"post_tag","embeddable":true,"href":"https:\/\/www.subaru.es\/blog\/wp-json\/wp\/v2\/tags?post=2646"}],"curies":[{"name":"wp","href":"https:\/\/api.w.org\/{rel}","templated":true}]}}