{"id":2622,"date":"2010-05-02T13:23:58","date_gmt":"2010-05-02T11:23:58","guid":{"rendered":"http:\/\/subaru.preproduccion.com\/blog\/wp-content\/2010\/05\/02\/subaru-presenta-los-modelos-2011-de-wrx-sti-y-wrx\/"},"modified":"2016-10-17T15:08:46","modified_gmt":"2016-10-17T13:08:46","slug":"subaru-presenta-los-modelos-2011-de-wrx-sti-y-wrx","status":"publish","type":"post","link":"https:\/\/www.subaru.es\/blog\/nuestra-marca\/subaru-presenta-los-modelos-2011-de-wrx-sti-y-wrx\/","title":{"rendered":"Subaru presenta los modelos 2011 de WRX STI y WRX"},"content":{"rendered":"<p><a href='https:\/\/www.subaru.es\/blog\/wp-content\/uploads\/2010\/04\/sedan.jpg' title='Sedan'><img data-src='https:\/\/www.subaru.es\/blog\/wp-content\/uploads\/2010\/04\/sedan.jpg' alt='Sedan' src='data:image\/svg+xml;base64,PHN2ZyB3aWR0aD0iMSIgaGVpZ2h0PSIxIiB4bWxucz0iaHR0cDovL3d3dy53My5vcmcvMjAwMC9zdmciPjwvc3ZnPg==' class='lazyload' style='--smush-placeholder-width: 450px; --smush-placeholder-aspect-ratio: 450\/220;' \/><\/a><br \/>\nEl <strong><a href=\"http:\/\/www.autoshowny.com\/\">Sal\u00f3n Internacional de Nueva York <\/a><\/strong>, que se celebr\u00f3 en la ciudad americana del 2 al 11 de abril, mostr\u00f3 al mundo las nuevas joyas de la firma nipona, que saldr\u00e1n al mercado este mismo a\u00f1o junto con la <strong>carrocer\u00eda hatchback <\/strong>para el modelo compacto.<\/p>\n<p>El <strong>Subaru WRX STI<\/strong>, modelo que tendr\u00e1 dos <strong>versiones de cinco y cuatro puertas<\/strong>, ofrece performance de conducci\u00f3n superior, altos niveles de seguridad gracias a la combinaci\u00f3n del motor Subaru Boxer horizontalmente opuesto y el sistema <strong>Symmetrical All Wheel Drive<\/strong>, con su excelente balance de peso y bajo centro de gravedad. <\/p>\n<p>Este veh\u00edculo est\u00e1 desarrollado bajo el <strong>concepto \u2018El STi m\u00e1s r\u00e1pido jam\u00e1s creado\u2019<\/strong>, por lo que consigue un mejor rendimiento en la conducci\u00f3n gracias a una revisi\u00f3n en las suspensiones, que han recibido una rebaja de 5 mm. en altura y han sido testeadas en el <strong>circuito de N\u00fcrburgring y en Jap\u00f3n<\/strong>, por lo que ofrece una mejor estabilidad y un paso por curva m\u00e1s r\u00e1pido. <\/p>\n<p>Con el mismo ancho que el del <strong>WRX STI, Subaru WRX <\/strong>tambi\u00e9n cuenta con<strong> versiones de cinco y cuatro (sed\u00e1n) puertas<\/strong>, con neum\u00e1ticos m\u00e1s anchos y una suspensi\u00f3n especialmente afinada, por lo que entrega mejoras en la estabilidad en carretera y mejoras en la performance de conducci\u00f3n a altas velocidades. <\/p>\n","protected":false},"excerpt":{"rendered":"<p>El Sal\u00f3n Internacional de Nueva York , que se celebr\u00f3 en la ciudad americana del 2 al 11 de abril, mostr\u00f3 al mundo las nuevas joyas de la firma nipona, que saldr\u00e1n al mercado este mismo a\u00f1o junto con la carrocer\u00eda hatchback para el modelo compacto. El Subaru WRX STI, modelo que tendr\u00e1 dos versiones [&hellip;]<\/p>\n","protected":false},"author":21,"featured_media":2621,"comment_status":"open","ping_status":"open","sticky":false,"template":"","format":"standard","meta":{"_acf_changed":false,"_eb_attr":"","inline_featured_image":false,"footnotes":""},"categories":[4401],"tags":[1840,2273,4390,1407,62,243],"class_list":["post-2622","post","type-post","status-publish","format-standard","has-post-thumbnail","hentry","category-nuestra-marca","tag-1840","tag-salon-de-nueva-york","tag-subaru","tag-symmetrical-all-wheel-drive","tag-wrx","tag-wrx-sti"],"acf":[],"yoast_head":"<!-- This site is optimized with the Yoast SEO plugin v27.3 - https:\/\/yoast.com\/product\/yoast-seo-wordpress\/ -->\n<title>Subaru presenta los modelos 2011 de WRX STI y WRX - Universo Subaru<\/title>\n<meta name=\"robots\" content=\"index, follow, max-snippet:-1, max-image-preview:large, max-video-preview:-1\" \/>\n<link rel=\"canonical\" href=\"https:\/\/www.subaru.es\/blog\/nuestra-marca\/subaru-presenta-los-modelos-2011-de-wrx-sti-y-wrx\/\" \/>\n<meta property=\"og:locale\" content=\"es_ES\" \/>\n<meta property=\"og:type\" content=\"article\" \/>\n<meta property=\"og:title\" content=\"Subaru presenta los modelos 2011 de WRX STI y WRX - Universo Subaru\" \/>\n<meta property=\"og:description\" content=\"El Sal\u00f3n Internacional de Nueva York , que se celebr\u00f3 en la ciudad americana del 2 al 11 de abril, mostr\u00f3 al mundo las nuevas joyas de la firma nipona, que saldr\u00e1n al mercado este mismo a\u00f1o junto con la carrocer\u00eda hatchback para el modelo compacto. El Subaru WRX STI, modelo que tendr\u00e1 dos versiones [&hellip;]\" \/>\n<meta property=\"og:url\" content=\"https:\/\/www.subaru.es\/blog\/nuestra-marca\/subaru-presenta-los-modelos-2011-de-wrx-sti-y-wrx\/\" \/>\n<meta property=\"og:site_name\" content=\"Universo Subaru\" \/>\n<meta property=\"article:publisher\" content=\"https:\/\/www.facebook.com\/subaruespana\" \/>\n<meta property=\"article:published_time\" content=\"2010-05-02T11:23:58+00:00\" \/>\n<meta property=\"article:modified_time\" content=\"2016-10-17T13:08:46+00:00\" \/>\n<meta property=\"og:image\" content=\"https:\/\/www.subaru.es\/blog\/wp-content\/uploads\/2010\/04\/sedan.jpg\" \/>\n\t<meta property=\"og:image:width\" content=\"450\" \/>\n\t<meta property=\"og:image:height\" content=\"220\" \/>\n\t<meta property=\"og:image:type\" content=\"image\/jpeg\" \/>\n<meta name=\"author\" content=\"Subaru\" \/>\n<meta name=\"twitter:card\" content=\"summary_large_image\" \/>\n<meta name=\"twitter:label1\" content=\"Escrito por\" \/>\n\t<meta name=\"twitter:data1\" content=\"Subaru\" \/>\n\t<meta name=\"twitter:label2\" content=\"Tiempo de lectura\" \/>\n\t<meta name=\"twitter:data2\" content=\"1 minuto\" \/>\n<script type=\"application\/ld+json\" class=\"yoast-schema-graph\">{\"@context\":\"https:\\\/\\\/schema.org\",\"@graph\":[{\"@type\":\"Article\",\"@id\":\"https:\\\/\\\/www.subaru.es\\\/blog\\\/nuestra-marca\\\/subaru-presenta-los-modelos-2011-de-wrx-sti-y-wrx\\\/#article\",\"isPartOf\":{\"@id\":\"https:\\\/\\\/www.subaru.es\\\/blog\\\/nuestra-marca\\\/subaru-presenta-los-modelos-2011-de-wrx-sti-y-wrx\\\/\"},\"author\":{\"name\":\"Subaru\",\"@id\":\"https:\\\/\\\/www.subaru.es\\\/blog\\\/#\\\/schema\\\/person\\\/19a90b892230b8e0ec752704ddf4aa10\"},\"headline\":\"Subaru presenta los modelos 2011 de WRX STI y WRX\",\"datePublished\":\"2010-05-02T11:23:58+00:00\",\"dateModified\":\"2016-10-17T13:08:46+00:00\",\"mainEntityOfPage\":{\"@id\":\"https:\\\/\\\/www.subaru.es\\\/blog\\\/nuestra-marca\\\/subaru-presenta-los-modelos-2011-de-wrx-sti-y-wrx\\\/\"},\"wordCount\":240,\"commentCount\":1,\"publisher\":{\"@id\":\"https:\\\/\\\/www.subaru.es\\\/blog\\\/#organization\"},\"image\":{\"@id\":\"https:\\\/\\\/www.subaru.es\\\/blog\\\/nuestra-marca\\\/subaru-presenta-los-modelos-2011-de-wrx-sti-y-wrx\\\/#primaryimage\"},\"thumbnailUrl\":\"https:\\\/\\\/www.subaru.es\\\/blog\\\/wp-content\\\/uploads\\\/2010\\\/04\\\/sedan.jpg\",\"keywords\":[\"2011\",\"Sal\u00f3n de Nueva York\",\"Subaru\",\"symmetrical all wheel drive\",\"wrx\",\"wrx sti\"],\"articleSection\":[\"Nuestra marca\"],\"inLanguage\":\"es\",\"potentialAction\":[{\"@type\":\"CommentAction\",\"name\":\"Comment\",\"target\":[\"https:\\\/\\\/www.subaru.es\\\/blog\\\/nuestra-marca\\\/subaru-presenta-los-modelos-2011-de-wrx-sti-y-wrx\\\/#respond\"]}]},{\"@type\":\"WebPage\",\"@id\":\"https:\\\/\\\/www.subaru.es\\\/blog\\\/nuestra-marca\\\/subaru-presenta-los-modelos-2011-de-wrx-sti-y-wrx\\\/\",\"url\":\"https:\\\/\\\/www.subaru.es\\\/blog\\\/nuestra-marca\\\/subaru-presenta-los-modelos-2011-de-wrx-sti-y-wrx\\\/\",\"name\":\"Subaru presenta los modelos 2011 de WRX STI y WRX - Universo Subaru\",\"isPartOf\":{\"@id\":\"https:\\\/\\\/www.subaru.es\\\/blog\\\/#website\"},\"primaryImageOfPage\":{\"@id\":\"https:\\\/\\\/www.subaru.es\\\/blog\\\/nuestra-marca\\\/subaru-presenta-los-modelos-2011-de-wrx-sti-y-wrx\\\/#primaryimage\"},\"image\":{\"@id\":\"https:\\\/\\\/www.subaru.es\\\/blog\\\/nuestra-marca\\\/subaru-presenta-los-modelos-2011-de-wrx-sti-y-wrx\\\/#primaryimage\"},\"thumbnailUrl\":\"https:\\\/\\\/www.subaru.es\\\/blog\\\/wp-content\\\/uploads\\\/2010\\\/04\\\/sedan.jpg\",\"datePublished\":\"2010-05-02T11:23:58+00:00\",\"dateModified\":\"2016-10-17T13:08:46+00:00\",\"breadcrumb\":{\"@id\":\"https:\\\/\\\/www.subaru.es\\\/blog\\\/nuestra-marca\\\/subaru-presenta-los-modelos-2011-de-wrx-sti-y-wrx\\\/#breadcrumb\"},\"inLanguage\":\"es\",\"potentialAction\":[{\"@type\":\"ReadAction\",\"target\":[\"https:\\\/\\\/www.subaru.es\\\/blog\\\/nuestra-marca\\\/subaru-presenta-los-modelos-2011-de-wrx-sti-y-wrx\\\/\"]}]},{\"@type\":\"ImageObject\",\"inLanguage\":\"es\",\"@id\":\"https:\\\/\\\/www.subaru.es\\\/blog\\\/nuestra-marca\\\/subaru-presenta-los-modelos-2011-de-wrx-sti-y-wrx\\\/#primaryimage\",\"url\":\"https:\\\/\\\/www.subaru.es\\\/blog\\\/wp-content\\\/uploads\\\/2010\\\/04\\\/sedan.jpg\",\"contentUrl\":\"https:\\\/\\\/www.subaru.es\\\/blog\\\/wp-content\\\/uploads\\\/2010\\\/04\\\/sedan.jpg\",\"width\":450,\"height\":220},{\"@type\":\"BreadcrumbList\",\"@id\":\"https:\\\/\\\/www.subaru.es\\\/blog\\\/nuestra-marca\\\/subaru-presenta-los-modelos-2011-de-wrx-sti-y-wrx\\\/#breadcrumb\",\"itemListElement\":[{\"@type\":\"ListItem\",\"position\":1,\"name\":\"Portada\",\"item\":\"https:\\\/\\\/www.subaru.es\\\/blog\\\/\"},{\"@type\":\"ListItem\",\"position\":2,\"name\":\"Subaru presenta los modelos 2011 de WRX STI y WRX\"}]},{\"@type\":\"WebSite\",\"@id\":\"https:\\\/\\\/www.subaru.es\\\/blog\\\/#website\",\"url\":\"https:\\\/\\\/www.subaru.es\\\/blog\\\/\",\"name\":\"Universo Subaru\",\"description\":\"Descubre este apasionante espacio de Subaru donde vas a conocer todo sobre nuestros coches y las experiencias que vivimos con ellos. Si est\u00e1s preparado para dejarte seducir por la filosof\u00eda Subaru, qu\u00e9date con nosotros.\",\"publisher\":{\"@id\":\"https:\\\/\\\/www.subaru.es\\\/blog\\\/#organization\"},\"potentialAction\":[{\"@type\":\"SearchAction\",\"target\":{\"@type\":\"EntryPoint\",\"urlTemplate\":\"https:\\\/\\\/www.subaru.es\\\/blog\\\/?s={search_term_string}\"},\"query-input\":{\"@type\":\"PropertyValueSpecification\",\"valueRequired\":true,\"valueName\":\"search_term_string\"}}],\"inLanguage\":\"es\"},{\"@type\":\"Organization\",\"@id\":\"https:\\\/\\\/www.subaru.es\\\/blog\\\/#organization\",\"name\":\"Subaru Espa\u00f1a S.A.\",\"url\":\"https:\\\/\\\/www.subaru.es\\\/blog\\\/\",\"logo\":{\"@type\":\"ImageObject\",\"inLanguage\":\"es\",\"@id\":\"https:\\\/\\\/www.subaru.es\\\/blog\\\/#\\\/schema\\\/logo\\\/image\\\/\",\"url\":\"https:\\\/\\\/www.subaru.es\\\/blog\\\/wp-content\\\/uploads\\\/2016\\\/12\\\/Logo-Subaru-TypeV_C300-scaled.jpg\",\"contentUrl\":\"https:\\\/\\\/www.subaru.es\\\/blog\\\/wp-content\\\/uploads\\\/2016\\\/12\\\/Logo-Subaru-TypeV_C300-scaled.jpg\",\"width\":2560,\"height\":1864,\"caption\":\"Subaru Espa\u00f1a S.A.\"},\"image\":{\"@id\":\"https:\\\/\\\/www.subaru.es\\\/blog\\\/#\\\/schema\\\/logo\\\/image\\\/\"},\"sameAs\":[\"https:\\\/\\\/www.facebook.com\\\/subaruespana\",\"https:\\\/\\\/www.instagram.com\\\/subarues\\\/\",\"https:\\\/\\\/www.youtube.com\\\/user\\\/subaruespana\"]},{\"@type\":\"Person\",\"@id\":\"https:\\\/\\\/www.subaru.es\\\/blog\\\/#\\\/schema\\\/person\\\/19a90b892230b8e0ec752704ddf4aa10\",\"name\":\"Subaru\",\"url\":\"https:\\\/\\\/www.subaru.es\\\/blog\\\/author\\\/subaria\\\/\"}]}<\/script>\n<!-- \/ Yoast SEO plugin. -->","yoast_head_json":{"title":"Subaru presenta los modelos 2011 de WRX STI y WRX - Universo Subaru","robots":{"index":"index","follow":"follow","max-snippet":"max-snippet:-1","max-image-preview":"max-image-preview:large","max-video-preview":"max-video-preview:-1"},"canonical":"https:\/\/www.subaru.es\/blog\/nuestra-marca\/subaru-presenta-los-modelos-2011-de-wrx-sti-y-wrx\/","og_locale":"es_ES","og_type":"article","og_title":"Subaru presenta los modelos 2011 de WRX STI y WRX - Universo Subaru","og_description":"El Sal\u00f3n Internacional de Nueva York , que se celebr\u00f3 en la ciudad americana del 2 al 11 de abril, mostr\u00f3 al mundo las nuevas joyas de la firma nipona, que saldr\u00e1n al mercado este mismo a\u00f1o junto con la carrocer\u00eda hatchback para el modelo compacto. El Subaru WRX STI, modelo que tendr\u00e1 dos versiones [&hellip;]","og_url":"https:\/\/www.subaru.es\/blog\/nuestra-marca\/subaru-presenta-los-modelos-2011-de-wrx-sti-y-wrx\/","og_site_name":"Universo Subaru","article_publisher":"https:\/\/www.facebook.com\/subaruespana","article_published_time":"2010-05-02T11:23:58+00:00","article_modified_time":"2016-10-17T13:08:46+00:00","og_image":[{"width":450,"height":220,"url":"https:\/\/www.subaru.es\/blog\/wp-content\/uploads\/2010\/04\/sedan.jpg","type":"image\/jpeg"}],"author":"Subaru","twitter_card":"summary_large_image","twitter_misc":{"Escrito por":"Subaru","Tiempo de lectura":"1 minuto"},"schema":{"@context":"https:\/\/schema.org","@graph":[{"@type":"Article","@id":"https:\/\/www.subaru.es\/blog\/nuestra-marca\/subaru-presenta-los-modelos-2011-de-wrx-sti-y-wrx\/#article","isPartOf":{"@id":"https:\/\/www.subaru.es\/blog\/nuestra-marca\/subaru-presenta-los-modelos-2011-de-wrx-sti-y-wrx\/"},"author":{"name":"Subaru","@id":"https:\/\/www.subaru.es\/blog\/#\/schema\/person\/19a90b892230b8e0ec752704ddf4aa10"},"headline":"Subaru presenta los modelos 2011 de WRX STI y WRX","datePublished":"2010-05-02T11:23:58+00:00","dateModified":"2016-10-17T13:08:46+00:00","mainEntityOfPage":{"@id":"https:\/\/www.subaru.es\/blog\/nuestra-marca\/subaru-presenta-los-modelos-2011-de-wrx-sti-y-wrx\/"},"wordCount":240,"commentCount":1,"publisher":{"@id":"https:\/\/www.subaru.es\/blog\/#organization"},"image":{"@id":"https:\/\/www.subaru.es\/blog\/nuestra-marca\/subaru-presenta-los-modelos-2011-de-wrx-sti-y-wrx\/#primaryimage"},"thumbnailUrl":"https:\/\/www.subaru.es\/blog\/wp-content\/uploads\/2010\/04\/sedan.jpg","keywords":["2011","Sal\u00f3n de Nueva York","Subaru","symmetrical all wheel drive","wrx","wrx sti"],"articleSection":["Nuestra marca"],"inLanguage":"es","potentialAction":[{"@type":"CommentAction","name":"Comment","target":["https:\/\/www.subaru.es\/blog\/nuestra-marca\/subaru-presenta-los-modelos-2011-de-wrx-sti-y-wrx\/#respond"]}]},{"@type":"WebPage","@id":"https:\/\/www.subaru.es\/blog\/nuestra-marca\/subaru-presenta-los-modelos-2011-de-wrx-sti-y-wrx\/","url":"https:\/\/www.subaru.es\/blog\/nuestra-marca\/subaru-presenta-los-modelos-2011-de-wrx-sti-y-wrx\/","name":"Subaru presenta los modelos 2011 de WRX STI y WRX - Universo Subaru","isPartOf":{"@id":"https:\/\/www.subaru.es\/blog\/#website"},"primaryImageOfPage":{"@id":"https:\/\/www.subaru.es\/blog\/nuestra-marca\/subaru-presenta-los-modelos-2011-de-wrx-sti-y-wrx\/#primaryimage"},"image":{"@id":"https:\/\/www.subaru.es\/blog\/nuestra-marca\/subaru-presenta-los-modelos-2011-de-wrx-sti-y-wrx\/#primaryimage"},"thumbnailUrl":"https:\/\/www.subaru.es\/blog\/wp-content\/uploads\/2010\/04\/sedan.jpg","datePublished":"2010-05-02T11:23:58+00:00","dateModified":"2016-10-17T13:08:46+00:00","breadcrumb":{"@id":"https:\/\/www.subaru.es\/blog\/nuestra-marca\/subaru-presenta-los-modelos-2011-de-wrx-sti-y-wrx\/#breadcrumb"},"inLanguage":"es","potentialAction":[{"@type":"ReadAction","target":["https:\/\/www.subaru.es\/blog\/nuestra-marca\/subaru-presenta-los-modelos-2011-de-wrx-sti-y-wrx\/"]}]},{"@type":"ImageObject","inLanguage":"es","@id":"https:\/\/www.subaru.es\/blog\/nuestra-marca\/subaru-presenta-los-modelos-2011-de-wrx-sti-y-wrx\/#primaryimage","url":"https:\/\/www.subaru.es\/blog\/wp-content\/uploads\/2010\/04\/sedan.jpg","contentUrl":"https:\/\/www.subaru.es\/blog\/wp-content\/uploads\/2010\/04\/sedan.jpg","width":450,"height":220},{"@type":"BreadcrumbList","@id":"https:\/\/www.subaru.es\/blog\/nuestra-marca\/subaru-presenta-los-modelos-2011-de-wrx-sti-y-wrx\/#breadcrumb","itemListElement":[{"@type":"ListItem","position":1,"name":"Portada","item":"https:\/\/www.subaru.es\/blog\/"},{"@type":"ListItem","position":2,"name":"Subaru presenta los modelos 2011 de WRX STI y WRX"}]},{"@type":"WebSite","@id":"https:\/\/www.subaru.es\/blog\/#website","url":"https:\/\/www.subaru.es\/blog\/","name":"Universo Subaru","description":"Descubre este apasionante espacio de Subaru donde vas a conocer todo sobre nuestros coches y las experiencias que vivimos con ellos. Si est\u00e1s preparado para dejarte seducir por la filosof\u00eda Subaru, qu\u00e9date con nosotros.","publisher":{"@id":"https:\/\/www.subaru.es\/blog\/#organization"},"potentialAction":[{"@type":"SearchAction","target":{"@type":"EntryPoint","urlTemplate":"https:\/\/www.subaru.es\/blog\/?s={search_term_string}"},"query-input":{"@type":"PropertyValueSpecification","valueRequired":true,"valueName":"search_term_string"}}],"inLanguage":"es"},{"@type":"Organization","@id":"https:\/\/www.subaru.es\/blog\/#organization","name":"Subaru Espa\u00f1a S.A.","url":"https:\/\/www.subaru.es\/blog\/","logo":{"@type":"ImageObject","inLanguage":"es","@id":"https:\/\/www.subaru.es\/blog\/#\/schema\/logo\/image\/","url":"https:\/\/www.subaru.es\/blog\/wp-content\/uploads\/2016\/12\/Logo-Subaru-TypeV_C300-scaled.jpg","contentUrl":"https:\/\/www.subaru.es\/blog\/wp-content\/uploads\/2016\/12\/Logo-Subaru-TypeV_C300-scaled.jpg","width":2560,"height":1864,"caption":"Subaru Espa\u00f1a S.A."},"image":{"@id":"https:\/\/www.subaru.es\/blog\/#\/schema\/logo\/image\/"},"sameAs":["https:\/\/www.facebook.com\/subaruespana","https:\/\/www.instagram.com\/subarues\/","https:\/\/www.youtube.com\/user\/subaruespana"]},{"@type":"Person","@id":"https:\/\/www.subaru.es\/blog\/#\/schema\/person\/19a90b892230b8e0ec752704ddf4aa10","name":"Subaru","url":"https:\/\/www.subaru.es\/blog\/author\/subaria\/"}]}},"_links":{"self":[{"href":"https:\/\/www.subaru.es\/blog\/wp-json\/wp\/v2\/posts\/2622","targetHints":{"allow":["GET"]}}],"collection":[{"href":"https:\/\/www.subaru.es\/blog\/wp-json\/wp\/v2\/posts"}],"about":[{"href":"https:\/\/www.subaru.es\/blog\/wp-json\/wp\/v2\/types\/post"}],"author":[{"embeddable":true,"href":"https:\/\/www.subaru.es\/blog\/wp-json\/wp\/v2\/users\/21"}],"replies":[{"embeddable":true,"href":"https:\/\/www.subaru.es\/blog\/wp-json\/wp\/v2\/comments?post=2622"}],"version-history":[{"count":1,"href":"https:\/\/www.subaru.es\/blog\/wp-json\/wp\/v2\/posts\/2622\/revisions"}],"predecessor-version":[{"id":15073,"href":"https:\/\/www.subaru.es\/blog\/wp-json\/wp\/v2\/posts\/2622\/revisions\/15073"}],"wp:featuredmedia":[{"embeddable":true,"href":"https:\/\/www.subaru.es\/blog\/wp-json\/wp\/v2\/media\/2621"}],"wp:attachment":[{"href":"https:\/\/www.subaru.es\/blog\/wp-json\/wp\/v2\/media?parent=2622"}],"wp:term":[{"taxonomy":"category","embeddable":true,"href":"https:\/\/www.subaru.es\/blog\/wp-json\/wp\/v2\/categories?post=2622"},{"taxonomy":"post_tag","embeddable":true,"href":"https:\/\/www.subaru.es\/blog\/wp-json\/wp\/v2\/tags?post=2622"}],"curies":[{"name":"wp","href":"https:\/\/api.w.org\/{rel}","templated":true}]}}