{"id":2613,"date":"2010-04-25T14:37:58","date_gmt":"2010-04-25T12:37:58","guid":{"rendered":"http:\/\/subaru.preproduccion.com\/blog\/wp-content\/2010\/04\/25\/subaru-en-las-24-horas-de-nurburgring\/"},"modified":"2020-08-12T12:40:20","modified_gmt":"2020-08-12T10:40:20","slug":"subaru-en-las-24-horas-de-nurburgring","status":"publish","type":"post","link":"https:\/\/www.subaru.es\/blog\/nuestra-marca\/subaru-en-las-24-horas-de-nurburgring\/","title":{"rendered":"Subaru en las 24 Horas de N\u00fcrburgring"},"content":{"rendered":"<p><a href=\"https:\/\/www.subaru.es\/blog\/wp-content\/uploads\/2010\/03\/24horas.JPG\" title=\"24 horas\"><img decoding=\"async\" data-src=\"https:\/\/www.subaru.es\/blog\/wp-content\/uploads\/2010\/03\/24horas.JPG\" alt=\"24 horas\" src=\"data:image\/svg+xml;base64,PHN2ZyB3aWR0aD0iMSIgaGVpZ2h0PSIxIiB4bWxucz0iaHR0cDovL3d3dy53My5vcmcvMjAwMC9zdmciPjwvc3ZnPg==\" class=\"lazyload\" style=\"--smush-placeholder-width: 500px; --smush-placeholder-aspect-ratio: 500\/160;\"><\/a><br \/>\nDespu\u00e9s de su participaci\u00f3n en 2009, <strong>Subaru Tecnica International (STI)<\/strong>, bajo la supervisi\u00f3n de su presidente, <strong>Takeshi Tachimori<\/strong>, participar\u00e1 con un <strong>Subaru Impreza STI <\/strong>en esta cita indiscutible del calendario internacional: las <strong><a href=\"http:\/\/adac.24h-rennen.de\/en\/live\/streaming.html\">24 Horas de N\u00fcrburgring <\/a><\/strong>. As\u00ed, el <strong>equipo de Subaru <\/strong>estar\u00e1 formado por dos experimentados pilotos japoneses, Kazuo Shimizu, Toshihiro Yoshida, el piloto holand\u00e9s Carlo van Dam, y un cuarto piloto alem\u00e1n todav\u00eda por confirmar. Todos ellos participar\u00e1n en la <strong>categor\u00eda SP3T<\/strong>, destinada a veh\u00edculos con motores turbo de hasta 2 litros. La prueba tendr\u00e1 lugar <strong>del 13 al 16 de mayo<\/strong>.<\/p>\n<p><a href=\"https:\/\/www.subaru.es\/blog\/wp-content\/uploads\/2010\/03\/subaru-24-horas-nurburgring-2503-08.jpg\" title=\"subaru24 horas\"><img decoding=\"async\" data-src=\"https:\/\/www.subaru.es\/blog\/wp-content\/uploads\/2010\/03\/subaru-24-horas-nurburgring-2503-08.jpg\" alt=\"subaru24 horas\" src=\"data:image\/svg+xml;base64,PHN2ZyB3aWR0aD0iMSIgaGVpZ2h0PSIxIiB4bWxucz0iaHR0cDovL3d3dy53My5vcmcvMjAwMC9zdmciPjwvc3ZnPg==\" class=\"lazyload\" style=\"--smush-placeholder-width: 375px; --smush-placeholder-aspect-ratio: 375\/250;\"><\/a><\/p>\n<p><strong>N\u00fcrburgring <\/strong>es un circuito \u00fanico, que consiste en un circuito de competici\u00f3n de 5,1 km. y el <strong>Nordschleife<\/strong>, de 20,8 km., tambi\u00e9n conocido como el circuito antiguo, que <strong>Subaru y STI <\/strong>utilizan frecuentemente para pruebas. Cada a\u00f1o, m\u00e1s de 200 coches toman parte en esta singular prueba.<\/p>\n<p><strong>STI <\/strong>tambi\u00e9n particip\u00f3 en la edici\u00f3n del a\u00f1o pasado, completando 133 vueltas (3,375 km). Este a\u00f1o, como hemos comentado anteriormente, el Impreza competir\u00e1 en la <strong>clase SP3T<\/strong>. Y con las mejoras introducidas este a\u00f1o, STI espera ganar en esta categor\u00eda. Entre estas mejoras hay que destacar la reducci\u00f3n en peso y centro de gravedad a\u00fan m\u00e1s bajo, mejoras en suspensi\u00f3n y m\u00e1s potencia.<\/p>\n","protected":false},"excerpt":{"rendered":"<p>Despu\u00e9s de su participaci\u00f3n en 2009, Subaru Tecnica International (STI), bajo la supervisi\u00f3n de su presidente, Takeshi Tachimori, participar\u00e1 con un Subaru Impreza STI en esta cita indiscutible del calendario internacional: las 24 Horas de N\u00fcrburgring . As\u00ed, el equipo de Subaru estar\u00e1 formado por dos experimentados pilotos japoneses, Kazuo Shimizu, Toshihiro Yoshida, el piloto [&hellip;]<\/p>\n","protected":false},"author":21,"featured_media":2614,"comment_status":"open","ping_status":"open","sticky":false,"template":"","format":"standard","meta":{"_acf_changed":false,"_eb_attr":"","inline_featured_image":false,"footnotes":""},"categories":[4401],"tags":[3002,3005,4390,152,3003,3004],"class_list":["post-2613","post","type-post","status-publish","format-standard","has-post-thumbnail","hentry","category-nuestra-marca","tag-24-horas-de-nurburgring","tag-categoria-sp3t","tag-subaru","tag-subaru-impreza-sti","tag-subaru-tecnica-international-sti","tag-takeshi-tachimori"],"acf":[],"yoast_head":"<!-- This site is optimized with the Yoast SEO plugin v27.3 - https:\/\/yoast.com\/product\/yoast-seo-wordpress\/ -->\n<title>Subaru en las 24 Horas de N\u00fcrburgring - Universo Subaru<\/title>\n<meta name=\"robots\" content=\"index, follow, max-snippet:-1, max-image-preview:large, max-video-preview:-1\" \/>\n<link rel=\"canonical\" href=\"https:\/\/www.subaru.es\/blog\/nuestra-marca\/subaru-en-las-24-horas-de-nurburgring\/\" \/>\n<meta property=\"og:locale\" content=\"es_ES\" \/>\n<meta property=\"og:type\" content=\"article\" \/>\n<meta property=\"og:title\" content=\"Subaru en las 24 Horas de N\u00fcrburgring - Universo Subaru\" \/>\n<meta property=\"og:description\" content=\"Despu\u00e9s de su participaci\u00f3n en 2009, Subaru Tecnica International (STI), bajo la supervisi\u00f3n de su presidente, Takeshi Tachimori, participar\u00e1 con un Subaru Impreza STI en esta cita indiscutible del calendario internacional: las 24 Horas de N\u00fcrburgring . As\u00ed, el equipo de Subaru estar\u00e1 formado por dos experimentados pilotos japoneses, Kazuo Shimizu, Toshihiro Yoshida, el piloto [&hellip;]\" \/>\n<meta property=\"og:url\" content=\"https:\/\/www.subaru.es\/blog\/nuestra-marca\/subaru-en-las-24-horas-de-nurburgring\/\" \/>\n<meta property=\"og:site_name\" content=\"Universo Subaru\" \/>\n<meta property=\"article:publisher\" content=\"https:\/\/www.facebook.com\/subaruespana\" \/>\n<meta property=\"article:published_time\" content=\"2010-04-25T12:37:58+00:00\" \/>\n<meta property=\"article:modified_time\" content=\"2020-08-12T10:40:20+00:00\" \/>\n<meta property=\"og:image\" content=\"https:\/\/www.subaru.es\/blog\/wp-content\/uploads\/2010\/03\/24horas.JPG\" \/>\n\t<meta property=\"og:image:width\" content=\"500\" \/>\n\t<meta property=\"og:image:height\" content=\"160\" \/>\n\t<meta property=\"og:image:type\" content=\"image\/jpeg\" \/>\n<meta name=\"author\" content=\"Subaru\" \/>\n<meta name=\"twitter:card\" content=\"summary_large_image\" \/>\n<meta name=\"twitter:label1\" content=\"Escrito por\" \/>\n\t<meta name=\"twitter:data1\" content=\"Subaru\" \/>\n\t<meta name=\"twitter:label2\" content=\"Tiempo de lectura\" \/>\n\t<meta name=\"twitter:data2\" content=\"1 minuto\" \/>\n<script type=\"application\/ld+json\" class=\"yoast-schema-graph\">{\"@context\":\"https:\\\/\\\/schema.org\",\"@graph\":[{\"@type\":\"Article\",\"@id\":\"https:\\\/\\\/www.subaru.es\\\/blog\\\/nuestra-marca\\\/subaru-en-las-24-horas-de-nurburgring\\\/#article\",\"isPartOf\":{\"@id\":\"https:\\\/\\\/www.subaru.es\\\/blog\\\/nuestra-marca\\\/subaru-en-las-24-horas-de-nurburgring\\\/\"},\"author\":{\"name\":\"Subaru\",\"@id\":\"https:\\\/\\\/www.subaru.es\\\/blog\\\/#\\\/schema\\\/person\\\/19a90b892230b8e0ec752704ddf4aa10\"},\"headline\":\"Subaru en las 24 Horas de N\u00fcrburgring\",\"datePublished\":\"2010-04-25T12:37:58+00:00\",\"dateModified\":\"2020-08-12T10:40:20+00:00\",\"mainEntityOfPage\":{\"@id\":\"https:\\\/\\\/www.subaru.es\\\/blog\\\/nuestra-marca\\\/subaru-en-las-24-horas-de-nurburgring\\\/\"},\"wordCount\":228,\"commentCount\":0,\"publisher\":{\"@id\":\"https:\\\/\\\/www.subaru.es\\\/blog\\\/#organization\"},\"image\":{\"@id\":\"https:\\\/\\\/www.subaru.es\\\/blog\\\/nuestra-marca\\\/subaru-en-las-24-horas-de-nurburgring\\\/#primaryimage\"},\"thumbnailUrl\":\"https:\\\/\\\/www.subaru.es\\\/blog\\\/wp-content\\\/uploads\\\/2010\\\/03\\\/24horas.JPG\",\"keywords\":[\"24 Horas de N\u00fcrburgring\",\"categor\u00eda SP3T\",\"Subaru\",\"subaru impreza sti\",\"Subaru Tecnica International (STI)\",\"Takeshi Tachimori\"],\"articleSection\":[\"Nuestra marca\"],\"inLanguage\":\"es\",\"potentialAction\":[{\"@type\":\"CommentAction\",\"name\":\"Comment\",\"target\":[\"https:\\\/\\\/www.subaru.es\\\/blog\\\/nuestra-marca\\\/subaru-en-las-24-horas-de-nurburgring\\\/#respond\"]}]},{\"@type\":\"WebPage\",\"@id\":\"https:\\\/\\\/www.subaru.es\\\/blog\\\/nuestra-marca\\\/subaru-en-las-24-horas-de-nurburgring\\\/\",\"url\":\"https:\\\/\\\/www.subaru.es\\\/blog\\\/nuestra-marca\\\/subaru-en-las-24-horas-de-nurburgring\\\/\",\"name\":\"Subaru en las 24 Horas de N\u00fcrburgring - Universo Subaru\",\"isPartOf\":{\"@id\":\"https:\\\/\\\/www.subaru.es\\\/blog\\\/#website\"},\"primaryImageOfPage\":{\"@id\":\"https:\\\/\\\/www.subaru.es\\\/blog\\\/nuestra-marca\\\/subaru-en-las-24-horas-de-nurburgring\\\/#primaryimage\"},\"image\":{\"@id\":\"https:\\\/\\\/www.subaru.es\\\/blog\\\/nuestra-marca\\\/subaru-en-las-24-horas-de-nurburgring\\\/#primaryimage\"},\"thumbnailUrl\":\"https:\\\/\\\/www.subaru.es\\\/blog\\\/wp-content\\\/uploads\\\/2010\\\/03\\\/24horas.JPG\",\"datePublished\":\"2010-04-25T12:37:58+00:00\",\"dateModified\":\"2020-08-12T10:40:20+00:00\",\"breadcrumb\":{\"@id\":\"https:\\\/\\\/www.subaru.es\\\/blog\\\/nuestra-marca\\\/subaru-en-las-24-horas-de-nurburgring\\\/#breadcrumb\"},\"inLanguage\":\"es\",\"potentialAction\":[{\"@type\":\"ReadAction\",\"target\":[\"https:\\\/\\\/www.subaru.es\\\/blog\\\/nuestra-marca\\\/subaru-en-las-24-horas-de-nurburgring\\\/\"]}]},{\"@type\":\"ImageObject\",\"inLanguage\":\"es\",\"@id\":\"https:\\\/\\\/www.subaru.es\\\/blog\\\/nuestra-marca\\\/subaru-en-las-24-horas-de-nurburgring\\\/#primaryimage\",\"url\":\"https:\\\/\\\/www.subaru.es\\\/blog\\\/wp-content\\\/uploads\\\/2010\\\/03\\\/24horas.JPG\",\"contentUrl\":\"https:\\\/\\\/www.subaru.es\\\/blog\\\/wp-content\\\/uploads\\\/2010\\\/03\\\/24horas.JPG\",\"width\":500,\"height\":160},{\"@type\":\"BreadcrumbList\",\"@id\":\"https:\\\/\\\/www.subaru.es\\\/blog\\\/nuestra-marca\\\/subaru-en-las-24-horas-de-nurburgring\\\/#breadcrumb\",\"itemListElement\":[{\"@type\":\"ListItem\",\"position\":1,\"name\":\"Portada\",\"item\":\"https:\\\/\\\/www.subaru.es\\\/blog\\\/\"},{\"@type\":\"ListItem\",\"position\":2,\"name\":\"Subaru en las 24 Horas de N\u00fcrburgring\"}]},{\"@type\":\"WebSite\",\"@id\":\"https:\\\/\\\/www.subaru.es\\\/blog\\\/#website\",\"url\":\"https:\\\/\\\/www.subaru.es\\\/blog\\\/\",\"name\":\"Universo Subaru\",\"description\":\"Descubre este apasionante espacio de Subaru donde vas a conocer todo sobre nuestros coches y las experiencias que vivimos con ellos. Si est\u00e1s preparado para dejarte seducir por la filosof\u00eda Subaru, qu\u00e9date con nosotros.\",\"publisher\":{\"@id\":\"https:\\\/\\\/www.subaru.es\\\/blog\\\/#organization\"},\"potentialAction\":[{\"@type\":\"SearchAction\",\"target\":{\"@type\":\"EntryPoint\",\"urlTemplate\":\"https:\\\/\\\/www.subaru.es\\\/blog\\\/?s={search_term_string}\"},\"query-input\":{\"@type\":\"PropertyValueSpecification\",\"valueRequired\":true,\"valueName\":\"search_term_string\"}}],\"inLanguage\":\"es\"},{\"@type\":\"Organization\",\"@id\":\"https:\\\/\\\/www.subaru.es\\\/blog\\\/#organization\",\"name\":\"Subaru Espa\u00f1a S.A.\",\"url\":\"https:\\\/\\\/www.subaru.es\\\/blog\\\/\",\"logo\":{\"@type\":\"ImageObject\",\"inLanguage\":\"es\",\"@id\":\"https:\\\/\\\/www.subaru.es\\\/blog\\\/#\\\/schema\\\/logo\\\/image\\\/\",\"url\":\"https:\\\/\\\/www.subaru.es\\\/blog\\\/wp-content\\\/uploads\\\/2016\\\/12\\\/Logo-Subaru-TypeV_C300-scaled.jpg\",\"contentUrl\":\"https:\\\/\\\/www.subaru.es\\\/blog\\\/wp-content\\\/uploads\\\/2016\\\/12\\\/Logo-Subaru-TypeV_C300-scaled.jpg\",\"width\":2560,\"height\":1864,\"caption\":\"Subaru Espa\u00f1a S.A.\"},\"image\":{\"@id\":\"https:\\\/\\\/www.subaru.es\\\/blog\\\/#\\\/schema\\\/logo\\\/image\\\/\"},\"sameAs\":[\"https:\\\/\\\/www.facebook.com\\\/subaruespana\",\"https:\\\/\\\/www.instagram.com\\\/subarues\\\/\",\"https:\\\/\\\/www.youtube.com\\\/user\\\/subaruespana\"]},{\"@type\":\"Person\",\"@id\":\"https:\\\/\\\/www.subaru.es\\\/blog\\\/#\\\/schema\\\/person\\\/19a90b892230b8e0ec752704ddf4aa10\",\"name\":\"Subaru\",\"url\":\"https:\\\/\\\/www.subaru.es\\\/blog\\\/author\\\/subaria\\\/\"}]}<\/script>\n<!-- \/ Yoast SEO plugin. -->","yoast_head_json":{"title":"Subaru en las 24 Horas de N\u00fcrburgring - Universo Subaru","robots":{"index":"index","follow":"follow","max-snippet":"max-snippet:-1","max-image-preview":"max-image-preview:large","max-video-preview":"max-video-preview:-1"},"canonical":"https:\/\/www.subaru.es\/blog\/nuestra-marca\/subaru-en-las-24-horas-de-nurburgring\/","og_locale":"es_ES","og_type":"article","og_title":"Subaru en las 24 Horas de N\u00fcrburgring - Universo Subaru","og_description":"Despu\u00e9s de su participaci\u00f3n en 2009, Subaru Tecnica International (STI), bajo la supervisi\u00f3n de su presidente, Takeshi Tachimori, participar\u00e1 con un Subaru Impreza STI en esta cita indiscutible del calendario internacional: las 24 Horas de N\u00fcrburgring . As\u00ed, el equipo de Subaru estar\u00e1 formado por dos experimentados pilotos japoneses, Kazuo Shimizu, Toshihiro Yoshida, el piloto [&hellip;]","og_url":"https:\/\/www.subaru.es\/blog\/nuestra-marca\/subaru-en-las-24-horas-de-nurburgring\/","og_site_name":"Universo Subaru","article_publisher":"https:\/\/www.facebook.com\/subaruespana","article_published_time":"2010-04-25T12:37:58+00:00","article_modified_time":"2020-08-12T10:40:20+00:00","og_image":[{"width":500,"height":160,"url":"https:\/\/www.subaru.es\/blog\/wp-content\/uploads\/2010\/03\/24horas.JPG","type":"image\/jpeg"}],"author":"Subaru","twitter_card":"summary_large_image","twitter_misc":{"Escrito por":"Subaru","Tiempo de lectura":"1 minuto"},"schema":{"@context":"https:\/\/schema.org","@graph":[{"@type":"Article","@id":"https:\/\/www.subaru.es\/blog\/nuestra-marca\/subaru-en-las-24-horas-de-nurburgring\/#article","isPartOf":{"@id":"https:\/\/www.subaru.es\/blog\/nuestra-marca\/subaru-en-las-24-horas-de-nurburgring\/"},"author":{"name":"Subaru","@id":"https:\/\/www.subaru.es\/blog\/#\/schema\/person\/19a90b892230b8e0ec752704ddf4aa10"},"headline":"Subaru en las 24 Horas de N\u00fcrburgring","datePublished":"2010-04-25T12:37:58+00:00","dateModified":"2020-08-12T10:40:20+00:00","mainEntityOfPage":{"@id":"https:\/\/www.subaru.es\/blog\/nuestra-marca\/subaru-en-las-24-horas-de-nurburgring\/"},"wordCount":228,"commentCount":0,"publisher":{"@id":"https:\/\/www.subaru.es\/blog\/#organization"},"image":{"@id":"https:\/\/www.subaru.es\/blog\/nuestra-marca\/subaru-en-las-24-horas-de-nurburgring\/#primaryimage"},"thumbnailUrl":"https:\/\/www.subaru.es\/blog\/wp-content\/uploads\/2010\/03\/24horas.JPG","keywords":["24 Horas de N\u00fcrburgring","categor\u00eda SP3T","Subaru","subaru impreza sti","Subaru Tecnica International (STI)","Takeshi Tachimori"],"articleSection":["Nuestra marca"],"inLanguage":"es","potentialAction":[{"@type":"CommentAction","name":"Comment","target":["https:\/\/www.subaru.es\/blog\/nuestra-marca\/subaru-en-las-24-horas-de-nurburgring\/#respond"]}]},{"@type":"WebPage","@id":"https:\/\/www.subaru.es\/blog\/nuestra-marca\/subaru-en-las-24-horas-de-nurburgring\/","url":"https:\/\/www.subaru.es\/blog\/nuestra-marca\/subaru-en-las-24-horas-de-nurburgring\/","name":"Subaru en las 24 Horas de N\u00fcrburgring - Universo Subaru","isPartOf":{"@id":"https:\/\/www.subaru.es\/blog\/#website"},"primaryImageOfPage":{"@id":"https:\/\/www.subaru.es\/blog\/nuestra-marca\/subaru-en-las-24-horas-de-nurburgring\/#primaryimage"},"image":{"@id":"https:\/\/www.subaru.es\/blog\/nuestra-marca\/subaru-en-las-24-horas-de-nurburgring\/#primaryimage"},"thumbnailUrl":"https:\/\/www.subaru.es\/blog\/wp-content\/uploads\/2010\/03\/24horas.JPG","datePublished":"2010-04-25T12:37:58+00:00","dateModified":"2020-08-12T10:40:20+00:00","breadcrumb":{"@id":"https:\/\/www.subaru.es\/blog\/nuestra-marca\/subaru-en-las-24-horas-de-nurburgring\/#breadcrumb"},"inLanguage":"es","potentialAction":[{"@type":"ReadAction","target":["https:\/\/www.subaru.es\/blog\/nuestra-marca\/subaru-en-las-24-horas-de-nurburgring\/"]}]},{"@type":"ImageObject","inLanguage":"es","@id":"https:\/\/www.subaru.es\/blog\/nuestra-marca\/subaru-en-las-24-horas-de-nurburgring\/#primaryimage","url":"https:\/\/www.subaru.es\/blog\/wp-content\/uploads\/2010\/03\/24horas.JPG","contentUrl":"https:\/\/www.subaru.es\/blog\/wp-content\/uploads\/2010\/03\/24horas.JPG","width":500,"height":160},{"@type":"BreadcrumbList","@id":"https:\/\/www.subaru.es\/blog\/nuestra-marca\/subaru-en-las-24-horas-de-nurburgring\/#breadcrumb","itemListElement":[{"@type":"ListItem","position":1,"name":"Portada","item":"https:\/\/www.subaru.es\/blog\/"},{"@type":"ListItem","position":2,"name":"Subaru en las 24 Horas de N\u00fcrburgring"}]},{"@type":"WebSite","@id":"https:\/\/www.subaru.es\/blog\/#website","url":"https:\/\/www.subaru.es\/blog\/","name":"Universo Subaru","description":"Descubre este apasionante espacio de Subaru donde vas a conocer todo sobre nuestros coches y las experiencias que vivimos con ellos. Si est\u00e1s preparado para dejarte seducir por la filosof\u00eda Subaru, qu\u00e9date con nosotros.","publisher":{"@id":"https:\/\/www.subaru.es\/blog\/#organization"},"potentialAction":[{"@type":"SearchAction","target":{"@type":"EntryPoint","urlTemplate":"https:\/\/www.subaru.es\/blog\/?s={search_term_string}"},"query-input":{"@type":"PropertyValueSpecification","valueRequired":true,"valueName":"search_term_string"}}],"inLanguage":"es"},{"@type":"Organization","@id":"https:\/\/www.subaru.es\/blog\/#organization","name":"Subaru Espa\u00f1a S.A.","url":"https:\/\/www.subaru.es\/blog\/","logo":{"@type":"ImageObject","inLanguage":"es","@id":"https:\/\/www.subaru.es\/blog\/#\/schema\/logo\/image\/","url":"https:\/\/www.subaru.es\/blog\/wp-content\/uploads\/2016\/12\/Logo-Subaru-TypeV_C300-scaled.jpg","contentUrl":"https:\/\/www.subaru.es\/blog\/wp-content\/uploads\/2016\/12\/Logo-Subaru-TypeV_C300-scaled.jpg","width":2560,"height":1864,"caption":"Subaru Espa\u00f1a S.A."},"image":{"@id":"https:\/\/www.subaru.es\/blog\/#\/schema\/logo\/image\/"},"sameAs":["https:\/\/www.facebook.com\/subaruespana","https:\/\/www.instagram.com\/subarues\/","https:\/\/www.youtube.com\/user\/subaruespana"]},{"@type":"Person","@id":"https:\/\/www.subaru.es\/blog\/#\/schema\/person\/19a90b892230b8e0ec752704ddf4aa10","name":"Subaru","url":"https:\/\/www.subaru.es\/blog\/author\/subaria\/"}]}},"_links":{"self":[{"href":"https:\/\/www.subaru.es\/blog\/wp-json\/wp\/v2\/posts\/2613","targetHints":{"allow":["GET"]}}],"collection":[{"href":"https:\/\/www.subaru.es\/blog\/wp-json\/wp\/v2\/posts"}],"about":[{"href":"https:\/\/www.subaru.es\/blog\/wp-json\/wp\/v2\/types\/post"}],"author":[{"embeddable":true,"href":"https:\/\/www.subaru.es\/blog\/wp-json\/wp\/v2\/users\/21"}],"replies":[{"embeddable":true,"href":"https:\/\/www.subaru.es\/blog\/wp-json\/wp\/v2\/comments?post=2613"}],"version-history":[{"count":2,"href":"https:\/\/www.subaru.es\/blog\/wp-json\/wp\/v2\/posts\/2613\/revisions"}],"predecessor-version":[{"id":22243,"href":"https:\/\/www.subaru.es\/blog\/wp-json\/wp\/v2\/posts\/2613\/revisions\/22243"}],"wp:featuredmedia":[{"embeddable":true,"href":"https:\/\/www.subaru.es\/blog\/wp-json\/wp\/v2\/media\/2614"}],"wp:attachment":[{"href":"https:\/\/www.subaru.es\/blog\/wp-json\/wp\/v2\/media?parent=2613"}],"wp:term":[{"taxonomy":"category","embeddable":true,"href":"https:\/\/www.subaru.es\/blog\/wp-json\/wp\/v2\/categories?post=2613"},{"taxonomy":"post_tag","embeddable":true,"href":"https:\/\/www.subaru.es\/blog\/wp-json\/wp\/v2\/tags?post=2613"}],"curies":[{"name":"wp","href":"https:\/\/api.w.org\/{rel}","templated":true}]}}