{"id":2574,"date":"2010-04-09T11:31:32","date_gmt":"2010-04-09T09:31:32","guid":{"rendered":"http:\/\/subaru.preproduccion.com\/blog\/wp-content\/2010\/04\/09\/subaru-forrester-todoterreno-del-ano-segun-motor-trend\/"},"modified":"2016-10-17T15:08:46","modified_gmt":"2016-10-17T13:08:46","slug":"subaru-forrester-todoterreno-del-ano-segun-motor-trend","status":"publish","type":"post","link":"https:\/\/www.subaru.es\/blog\/nuestra-marca\/subaru-forrester-todoterreno-del-ano-segun-motor-trend\/","title":{"rendered":"Subaru Forrester, todoterreno del a\u00f1o seg\u00fan Motor Trend"},"content":{"rendered":"<p><a href='https:\/\/www.subaru.es\/blog\/wp-content\/uploads\/2010\/02\/forester-2.jpg' title='forester'><img data-src='https:\/\/www.subaru.es\/blog\/wp-content\/uploads\/2010\/02\/forester-2.jpg' alt='forester' src='data:image\/svg+xml;base64,PHN2ZyB3aWR0aD0iMSIgaGVpZ2h0PSIxIiB4bWxucz0iaHR0cDovL3d3dy53My5vcmcvMjAwMC9zdmciPjwvc3ZnPg==' class='lazyload' style='--smush-placeholder-width: 500px; --smush-placeholder-aspect-ratio: 500\/339;' \/><\/a><br \/>\nLa revista del autom\u00f3vil <strong><a href=\"http:\/\/www.motortrend.com\/index.html\">Motor Trend <\/a><\/strong>ha nombrado al <strong>Subaru Forester <\/strong>como <strong>todoterreno del a\u00f1o 2009 en Norteam\u00e9rica<\/strong>. El veh\u00edculo de la firma nipona se impuso as\u00ed a otros 12 veh\u00edculos que tambi\u00e9n entraron en la final.<\/p>\n<p><strong>Thoma J. Doll<\/strong>, vicepresidente ejecutivo de Subaru en Estados Unidos, ha afirmado al respecto que <\/p>\n<blockquote><p>\u201chemos hecho al nuevo Forester m\u00e1s grande, m\u00e1s potente y m\u00e1s econ\u00f3mico que nunca. Las mejoras del nuevo Forester tambi\u00e9n se reflejan en la demanda, con ventas un 32 por ciento m\u00e1s altas que las del a\u00f1o anterior\u201d. <\/p><\/blockquote>\n<p>Asimismo, <strong>Angus Mackenzie<\/strong>, editor en jefe de la revista, ha calificado a este veh\u00edculo como:<\/p>\n<blockquote><p>\u201cel todoterreno para nuestros tiempos. Y es que la fortaleza del Forester reside en su valor, en sus motorizaciones vers\u00e1tiles y su reducido consumo, algo que en estos momentos es una gigantesca ventaja. Es un veh\u00edculo divertido de conducir, suave y c\u00f3modo en carretera, as\u00ed como sorprendentemente competente en condiciones duras\u201d.<\/p><\/blockquote>\n<p>Los criterios seguidos por <strong>Motor Trend <\/strong>en este nombramiento han sido: <strong>superioridad <\/strong>(ingenier\u00eda, dise\u00f1o y utilizaci\u00f3n de recursos), <strong>significancia <\/strong>(su impacto en el mercado) y <strong>valor <\/strong>(lo que ofrece cada veh\u00edculo frente a sus competidores).<\/p>\n","protected":false},"excerpt":{"rendered":"<p>La revista del autom\u00f3vil Motor Trend ha nombrado al Subaru Forester como todoterreno del a\u00f1o 2009 en Norteam\u00e9rica. El veh\u00edculo de la firma nipona se impuso as\u00ed a otros 12 veh\u00edculos que tambi\u00e9n entraron en la final. Thoma J. Doll, vicepresidente ejecutivo de Subaru en Estados Unidos, ha afirmado al respecto que \u201chemos hecho al [&hellip;]<\/p>\n","protected":false},"author":21,"featured_media":0,"comment_status":"open","ping_status":"open","sticky":false,"template":"","format":"standard","meta":{"_acf_changed":false,"_eb_attr":"","inline_featured_image":false,"footnotes":""},"categories":[4401],"tags":[13,2964,1339,4390],"class_list":["post-2574","post","type-post","status-publish","format-standard","hentry","category-nuestra-marca","tag-forester","tag-mejor-todoterreno","tag-motor-trend","tag-subaru"],"acf":[],"yoast_head":"<!-- This site is optimized with the Yoast SEO plugin v27.3 - https:\/\/yoast.com\/product\/yoast-seo-wordpress\/ -->\n<title>Subaru Forrester, todoterreno del a\u00f1o seg\u00fan Motor Trend - Universo Subaru<\/title>\n<meta name=\"robots\" content=\"index, follow, max-snippet:-1, max-image-preview:large, max-video-preview:-1\" \/>\n<link rel=\"canonical\" href=\"https:\/\/www.subaru.es\/blog\/nuestra-marca\/subaru-forrester-todoterreno-del-ano-segun-motor-trend\/\" \/>\n<meta property=\"og:locale\" content=\"es_ES\" \/>\n<meta property=\"og:type\" content=\"article\" \/>\n<meta property=\"og:title\" content=\"Subaru Forrester, todoterreno del a\u00f1o seg\u00fan Motor Trend - Universo Subaru\" \/>\n<meta property=\"og:description\" content=\"La revista del autom\u00f3vil Motor Trend ha nombrado al Subaru Forester como todoterreno del a\u00f1o 2009 en Norteam\u00e9rica. El veh\u00edculo de la firma nipona se impuso as\u00ed a otros 12 veh\u00edculos que tambi\u00e9n entraron en la final. Thoma J. Doll, vicepresidente ejecutivo de Subaru en Estados Unidos, ha afirmado al respecto que \u201chemos hecho al [&hellip;]\" \/>\n<meta property=\"og:url\" content=\"https:\/\/www.subaru.es\/blog\/nuestra-marca\/subaru-forrester-todoterreno-del-ano-segun-motor-trend\/\" \/>\n<meta property=\"og:site_name\" content=\"Universo Subaru\" \/>\n<meta property=\"article:publisher\" content=\"https:\/\/www.facebook.com\/subaruespana\" \/>\n<meta property=\"article:published_time\" content=\"2010-04-09T09:31:32+00:00\" \/>\n<meta property=\"article:modified_time\" content=\"2016-10-17T13:08:46+00:00\" \/>\n<meta property=\"og:image\" content=\"https:\/\/www.subaru.es\/blog\/wp-content\/uploads\/2010\/02\/forester-2.jpg\" \/>\n<meta name=\"author\" content=\"Subaru\" \/>\n<meta name=\"twitter:card\" content=\"summary_large_image\" \/>\n<meta name=\"twitter:label1\" content=\"Escrito por\" \/>\n\t<meta name=\"twitter:data1\" content=\"Subaru\" \/>\n\t<meta name=\"twitter:label2\" content=\"Tiempo de lectura\" \/>\n\t<meta name=\"twitter:data2\" content=\"1 minuto\" \/>\n<script type=\"application\/ld+json\" class=\"yoast-schema-graph\">{\"@context\":\"https:\\\/\\\/schema.org\",\"@graph\":[{\"@type\":\"Article\",\"@id\":\"https:\\\/\\\/www.subaru.es\\\/blog\\\/nuestra-marca\\\/subaru-forrester-todoterreno-del-ano-segun-motor-trend\\\/#article\",\"isPartOf\":{\"@id\":\"https:\\\/\\\/www.subaru.es\\\/blog\\\/nuestra-marca\\\/subaru-forrester-todoterreno-del-ano-segun-motor-trend\\\/\"},\"author\":{\"name\":\"Subaru\",\"@id\":\"https:\\\/\\\/www.subaru.es\\\/blog\\\/#\\\/schema\\\/person\\\/19a90b892230b8e0ec752704ddf4aa10\"},\"headline\":\"Subaru Forrester, todoterreno del a\u00f1o seg\u00fan Motor Trend\",\"datePublished\":\"2010-04-09T09:31:32+00:00\",\"dateModified\":\"2016-10-17T13:08:46+00:00\",\"mainEntityOfPage\":{\"@id\":\"https:\\\/\\\/www.subaru.es\\\/blog\\\/nuestra-marca\\\/subaru-forrester-todoterreno-del-ano-segun-motor-trend\\\/\"},\"wordCount\":219,\"commentCount\":0,\"publisher\":{\"@id\":\"https:\\\/\\\/www.subaru.es\\\/blog\\\/#organization\"},\"image\":{\"@id\":\"https:\\\/\\\/www.subaru.es\\\/blog\\\/nuestra-marca\\\/subaru-forrester-todoterreno-del-ano-segun-motor-trend\\\/#primaryimage\"},\"thumbnailUrl\":\"https:\\\/\\\/www.subaru.es\\\/blog\\\/wp-content\\\/uploads\\\/2010\\\/02\\\/forester-2.jpg\",\"keywords\":[\"forester\",\"mejor todoterreno\",\"Motor Trend\",\"Subaru\"],\"articleSection\":[\"Nuestra marca\"],\"inLanguage\":\"es\",\"potentialAction\":[{\"@type\":\"CommentAction\",\"name\":\"Comment\",\"target\":[\"https:\\\/\\\/www.subaru.es\\\/blog\\\/nuestra-marca\\\/subaru-forrester-todoterreno-del-ano-segun-motor-trend\\\/#respond\"]}]},{\"@type\":\"WebPage\",\"@id\":\"https:\\\/\\\/www.subaru.es\\\/blog\\\/nuestra-marca\\\/subaru-forrester-todoterreno-del-ano-segun-motor-trend\\\/\",\"url\":\"https:\\\/\\\/www.subaru.es\\\/blog\\\/nuestra-marca\\\/subaru-forrester-todoterreno-del-ano-segun-motor-trend\\\/\",\"name\":\"Subaru Forrester, todoterreno del a\u00f1o seg\u00fan Motor Trend - Universo Subaru\",\"isPartOf\":{\"@id\":\"https:\\\/\\\/www.subaru.es\\\/blog\\\/#website\"},\"primaryImageOfPage\":{\"@id\":\"https:\\\/\\\/www.subaru.es\\\/blog\\\/nuestra-marca\\\/subaru-forrester-todoterreno-del-ano-segun-motor-trend\\\/#primaryimage\"},\"image\":{\"@id\":\"https:\\\/\\\/www.subaru.es\\\/blog\\\/nuestra-marca\\\/subaru-forrester-todoterreno-del-ano-segun-motor-trend\\\/#primaryimage\"},\"thumbnailUrl\":\"https:\\\/\\\/www.subaru.es\\\/blog\\\/wp-content\\\/uploads\\\/2010\\\/02\\\/forester-2.jpg\",\"datePublished\":\"2010-04-09T09:31:32+00:00\",\"dateModified\":\"2016-10-17T13:08:46+00:00\",\"breadcrumb\":{\"@id\":\"https:\\\/\\\/www.subaru.es\\\/blog\\\/nuestra-marca\\\/subaru-forrester-todoterreno-del-ano-segun-motor-trend\\\/#breadcrumb\"},\"inLanguage\":\"es\",\"potentialAction\":[{\"@type\":\"ReadAction\",\"target\":[\"https:\\\/\\\/www.subaru.es\\\/blog\\\/nuestra-marca\\\/subaru-forrester-todoterreno-del-ano-segun-motor-trend\\\/\"]}]},{\"@type\":\"ImageObject\",\"inLanguage\":\"es\",\"@id\":\"https:\\\/\\\/www.subaru.es\\\/blog\\\/nuestra-marca\\\/subaru-forrester-todoterreno-del-ano-segun-motor-trend\\\/#primaryimage\",\"url\":\"https:\\\/\\\/www.subaru.es\\\/blog\\\/wp-content\\\/uploads\\\/2010\\\/02\\\/forester-2.jpg\",\"contentUrl\":\"https:\\\/\\\/www.subaru.es\\\/blog\\\/wp-content\\\/uploads\\\/2010\\\/02\\\/forester-2.jpg\",\"width\":500,\"height\":339},{\"@type\":\"BreadcrumbList\",\"@id\":\"https:\\\/\\\/www.subaru.es\\\/blog\\\/nuestra-marca\\\/subaru-forrester-todoterreno-del-ano-segun-motor-trend\\\/#breadcrumb\",\"itemListElement\":[{\"@type\":\"ListItem\",\"position\":1,\"name\":\"Portada\",\"item\":\"https:\\\/\\\/www.subaru.es\\\/blog\\\/\"},{\"@type\":\"ListItem\",\"position\":2,\"name\":\"Subaru Forrester, todoterreno del a\u00f1o seg\u00fan Motor Trend\"}]},{\"@type\":\"WebSite\",\"@id\":\"https:\\\/\\\/www.subaru.es\\\/blog\\\/#website\",\"url\":\"https:\\\/\\\/www.subaru.es\\\/blog\\\/\",\"name\":\"Universo Subaru\",\"description\":\"Descubre este apasionante espacio de Subaru donde vas a conocer todo sobre nuestros coches y las experiencias que vivimos con ellos. Si est\u00e1s preparado para dejarte seducir por la filosof\u00eda Subaru, qu\u00e9date con nosotros.\",\"publisher\":{\"@id\":\"https:\\\/\\\/www.subaru.es\\\/blog\\\/#organization\"},\"potentialAction\":[{\"@type\":\"SearchAction\",\"target\":{\"@type\":\"EntryPoint\",\"urlTemplate\":\"https:\\\/\\\/www.subaru.es\\\/blog\\\/?s={search_term_string}\"},\"query-input\":{\"@type\":\"PropertyValueSpecification\",\"valueRequired\":true,\"valueName\":\"search_term_string\"}}],\"inLanguage\":\"es\"},{\"@type\":\"Organization\",\"@id\":\"https:\\\/\\\/www.subaru.es\\\/blog\\\/#organization\",\"name\":\"Subaru Espa\u00f1a S.A.\",\"url\":\"https:\\\/\\\/www.subaru.es\\\/blog\\\/\",\"logo\":{\"@type\":\"ImageObject\",\"inLanguage\":\"es\",\"@id\":\"https:\\\/\\\/www.subaru.es\\\/blog\\\/#\\\/schema\\\/logo\\\/image\\\/\",\"url\":\"https:\\\/\\\/www.subaru.es\\\/blog\\\/wp-content\\\/uploads\\\/2016\\\/12\\\/Logo-Subaru-TypeV_C300-scaled.jpg\",\"contentUrl\":\"https:\\\/\\\/www.subaru.es\\\/blog\\\/wp-content\\\/uploads\\\/2016\\\/12\\\/Logo-Subaru-TypeV_C300-scaled.jpg\",\"width\":2560,\"height\":1864,\"caption\":\"Subaru Espa\u00f1a S.A.\"},\"image\":{\"@id\":\"https:\\\/\\\/www.subaru.es\\\/blog\\\/#\\\/schema\\\/logo\\\/image\\\/\"},\"sameAs\":[\"https:\\\/\\\/www.facebook.com\\\/subaruespana\",\"https:\\\/\\\/www.instagram.com\\\/subarues\\\/\",\"https:\\\/\\\/www.youtube.com\\\/user\\\/subaruespana\"]},{\"@type\":\"Person\",\"@id\":\"https:\\\/\\\/www.subaru.es\\\/blog\\\/#\\\/schema\\\/person\\\/19a90b892230b8e0ec752704ddf4aa10\",\"name\":\"Subaru\",\"url\":\"https:\\\/\\\/www.subaru.es\\\/blog\\\/author\\\/subaria\\\/\"}]}<\/script>\n<!-- \/ Yoast SEO plugin. -->","yoast_head_json":{"title":"Subaru Forrester, todoterreno del a\u00f1o seg\u00fan Motor Trend - Universo Subaru","robots":{"index":"index","follow":"follow","max-snippet":"max-snippet:-1","max-image-preview":"max-image-preview:large","max-video-preview":"max-video-preview:-1"},"canonical":"https:\/\/www.subaru.es\/blog\/nuestra-marca\/subaru-forrester-todoterreno-del-ano-segun-motor-trend\/","og_locale":"es_ES","og_type":"article","og_title":"Subaru Forrester, todoterreno del a\u00f1o seg\u00fan Motor Trend - Universo Subaru","og_description":"La revista del autom\u00f3vil Motor Trend ha nombrado al Subaru Forester como todoterreno del a\u00f1o 2009 en Norteam\u00e9rica. El veh\u00edculo de la firma nipona se impuso as\u00ed a otros 12 veh\u00edculos que tambi\u00e9n entraron en la final. Thoma J. Doll, vicepresidente ejecutivo de Subaru en Estados Unidos, ha afirmado al respecto que \u201chemos hecho al [&hellip;]","og_url":"https:\/\/www.subaru.es\/blog\/nuestra-marca\/subaru-forrester-todoterreno-del-ano-segun-motor-trend\/","og_site_name":"Universo Subaru","article_publisher":"https:\/\/www.facebook.com\/subaruespana","article_published_time":"2010-04-09T09:31:32+00:00","article_modified_time":"2016-10-17T13:08:46+00:00","og_image":[{"url":"https:\/\/www.subaru.es\/blog\/wp-content\/uploads\/2010\/02\/forester-2.jpg","type":"","width":"","height":""}],"author":"Subaru","twitter_card":"summary_large_image","twitter_misc":{"Escrito por":"Subaru","Tiempo de lectura":"1 minuto"},"schema":{"@context":"https:\/\/schema.org","@graph":[{"@type":"Article","@id":"https:\/\/www.subaru.es\/blog\/nuestra-marca\/subaru-forrester-todoterreno-del-ano-segun-motor-trend\/#article","isPartOf":{"@id":"https:\/\/www.subaru.es\/blog\/nuestra-marca\/subaru-forrester-todoterreno-del-ano-segun-motor-trend\/"},"author":{"name":"Subaru","@id":"https:\/\/www.subaru.es\/blog\/#\/schema\/person\/19a90b892230b8e0ec752704ddf4aa10"},"headline":"Subaru Forrester, todoterreno del a\u00f1o seg\u00fan Motor Trend","datePublished":"2010-04-09T09:31:32+00:00","dateModified":"2016-10-17T13:08:46+00:00","mainEntityOfPage":{"@id":"https:\/\/www.subaru.es\/blog\/nuestra-marca\/subaru-forrester-todoterreno-del-ano-segun-motor-trend\/"},"wordCount":219,"commentCount":0,"publisher":{"@id":"https:\/\/www.subaru.es\/blog\/#organization"},"image":{"@id":"https:\/\/www.subaru.es\/blog\/nuestra-marca\/subaru-forrester-todoterreno-del-ano-segun-motor-trend\/#primaryimage"},"thumbnailUrl":"https:\/\/www.subaru.es\/blog\/wp-content\/uploads\/2010\/02\/forester-2.jpg","keywords":["forester","mejor todoterreno","Motor Trend","Subaru"],"articleSection":["Nuestra marca"],"inLanguage":"es","potentialAction":[{"@type":"CommentAction","name":"Comment","target":["https:\/\/www.subaru.es\/blog\/nuestra-marca\/subaru-forrester-todoterreno-del-ano-segun-motor-trend\/#respond"]}]},{"@type":"WebPage","@id":"https:\/\/www.subaru.es\/blog\/nuestra-marca\/subaru-forrester-todoterreno-del-ano-segun-motor-trend\/","url":"https:\/\/www.subaru.es\/blog\/nuestra-marca\/subaru-forrester-todoterreno-del-ano-segun-motor-trend\/","name":"Subaru Forrester, todoterreno del a\u00f1o seg\u00fan Motor Trend - Universo Subaru","isPartOf":{"@id":"https:\/\/www.subaru.es\/blog\/#website"},"primaryImageOfPage":{"@id":"https:\/\/www.subaru.es\/blog\/nuestra-marca\/subaru-forrester-todoterreno-del-ano-segun-motor-trend\/#primaryimage"},"image":{"@id":"https:\/\/www.subaru.es\/blog\/nuestra-marca\/subaru-forrester-todoterreno-del-ano-segun-motor-trend\/#primaryimage"},"thumbnailUrl":"https:\/\/www.subaru.es\/blog\/wp-content\/uploads\/2010\/02\/forester-2.jpg","datePublished":"2010-04-09T09:31:32+00:00","dateModified":"2016-10-17T13:08:46+00:00","breadcrumb":{"@id":"https:\/\/www.subaru.es\/blog\/nuestra-marca\/subaru-forrester-todoterreno-del-ano-segun-motor-trend\/#breadcrumb"},"inLanguage":"es","potentialAction":[{"@type":"ReadAction","target":["https:\/\/www.subaru.es\/blog\/nuestra-marca\/subaru-forrester-todoterreno-del-ano-segun-motor-trend\/"]}]},{"@type":"ImageObject","inLanguage":"es","@id":"https:\/\/www.subaru.es\/blog\/nuestra-marca\/subaru-forrester-todoterreno-del-ano-segun-motor-trend\/#primaryimage","url":"https:\/\/www.subaru.es\/blog\/wp-content\/uploads\/2010\/02\/forester-2.jpg","contentUrl":"https:\/\/www.subaru.es\/blog\/wp-content\/uploads\/2010\/02\/forester-2.jpg","width":500,"height":339},{"@type":"BreadcrumbList","@id":"https:\/\/www.subaru.es\/blog\/nuestra-marca\/subaru-forrester-todoterreno-del-ano-segun-motor-trend\/#breadcrumb","itemListElement":[{"@type":"ListItem","position":1,"name":"Portada","item":"https:\/\/www.subaru.es\/blog\/"},{"@type":"ListItem","position":2,"name":"Subaru Forrester, todoterreno del a\u00f1o seg\u00fan Motor Trend"}]},{"@type":"WebSite","@id":"https:\/\/www.subaru.es\/blog\/#website","url":"https:\/\/www.subaru.es\/blog\/","name":"Universo Subaru","description":"Descubre este apasionante espacio de Subaru donde vas a conocer todo sobre nuestros coches y las experiencias que vivimos con ellos. Si est\u00e1s preparado para dejarte seducir por la filosof\u00eda Subaru, qu\u00e9date con nosotros.","publisher":{"@id":"https:\/\/www.subaru.es\/blog\/#organization"},"potentialAction":[{"@type":"SearchAction","target":{"@type":"EntryPoint","urlTemplate":"https:\/\/www.subaru.es\/blog\/?s={search_term_string}"},"query-input":{"@type":"PropertyValueSpecification","valueRequired":true,"valueName":"search_term_string"}}],"inLanguage":"es"},{"@type":"Organization","@id":"https:\/\/www.subaru.es\/blog\/#organization","name":"Subaru Espa\u00f1a S.A.","url":"https:\/\/www.subaru.es\/blog\/","logo":{"@type":"ImageObject","inLanguage":"es","@id":"https:\/\/www.subaru.es\/blog\/#\/schema\/logo\/image\/","url":"https:\/\/www.subaru.es\/blog\/wp-content\/uploads\/2016\/12\/Logo-Subaru-TypeV_C300-scaled.jpg","contentUrl":"https:\/\/www.subaru.es\/blog\/wp-content\/uploads\/2016\/12\/Logo-Subaru-TypeV_C300-scaled.jpg","width":2560,"height":1864,"caption":"Subaru Espa\u00f1a S.A."},"image":{"@id":"https:\/\/www.subaru.es\/blog\/#\/schema\/logo\/image\/"},"sameAs":["https:\/\/www.facebook.com\/subaruespana","https:\/\/www.instagram.com\/subarues\/","https:\/\/www.youtube.com\/user\/subaruespana"]},{"@type":"Person","@id":"https:\/\/www.subaru.es\/blog\/#\/schema\/person\/19a90b892230b8e0ec752704ddf4aa10","name":"Subaru","url":"https:\/\/www.subaru.es\/blog\/author\/subaria\/"}]}},"_links":{"self":[{"href":"https:\/\/www.subaru.es\/blog\/wp-json\/wp\/v2\/posts\/2574","targetHints":{"allow":["GET"]}}],"collection":[{"href":"https:\/\/www.subaru.es\/blog\/wp-json\/wp\/v2\/posts"}],"about":[{"href":"https:\/\/www.subaru.es\/blog\/wp-json\/wp\/v2\/types\/post"}],"author":[{"embeddable":true,"href":"https:\/\/www.subaru.es\/blog\/wp-json\/wp\/v2\/users\/21"}],"replies":[{"embeddable":true,"href":"https:\/\/www.subaru.es\/blog\/wp-json\/wp\/v2\/comments?post=2574"}],"version-history":[{"count":1,"href":"https:\/\/www.subaru.es\/blog\/wp-json\/wp\/v2\/posts\/2574\/revisions"}],"predecessor-version":[{"id":15088,"href":"https:\/\/www.subaru.es\/blog\/wp-json\/wp\/v2\/posts\/2574\/revisions\/15088"}],"wp:attachment":[{"href":"https:\/\/www.subaru.es\/blog\/wp-json\/wp\/v2\/media?parent=2574"}],"wp:term":[{"taxonomy":"category","embeddable":true,"href":"https:\/\/www.subaru.es\/blog\/wp-json\/wp\/v2\/categories?post=2574"},{"taxonomy":"post_tag","embeddable":true,"href":"https:\/\/www.subaru.es\/blog\/wp-json\/wp\/v2\/tags?post=2574"}],"curies":[{"name":"wp","href":"https:\/\/api.w.org\/{rel}","templated":true}]}}