{"id":2570,"date":"2010-04-08T11:30:11","date_gmt":"2010-04-08T09:30:11","guid":{"rendered":"http:\/\/subaru.preproduccion.com\/blog\/wp-content\/2010\/04\/08\/venatoria-subaru-un-exito-patrocinado-por-subaru\/"},"modified":"2016-10-17T15:08:46","modified_gmt":"2016-10-17T13:08:46","slug":"venatoria-subaru-un-exito-patrocinado-por-subaru","status":"publish","type":"post","link":"https:\/\/www.subaru.es\/blog\/nuestra-marca\/venatoria-subaru-un-exito-patrocinado-por-subaru\/","title":{"rendered":"VENATORIA &#038; SUBARU, un \u00e9xito patrocinado por Subaru"},"content":{"rendered":"<p><a href='https:\/\/www.subaru.es\/blog\/wp-content\/uploads\/2010\/03\/venatoria3.JPG' title='Venatoria 3'><img data-src='https:\/\/www.subaru.es\/blog\/wp-content\/uploads\/2010\/03\/venatoria3.JPG' alt='Venatoria 3' src='data:image\/svg+xml;base64,PHN2ZyB3aWR0aD0iMSIgaGVpZ2h0PSIxIiB4bWxucz0iaHR0cDovL3d3dy53My5vcmcvMjAwMC9zdmciPjwvc3ZnPg==' class='lazyload' style='--smush-placeholder-width: 371px; --smush-placeholder-aspect-ratio: 371\/255;' \/><\/a><br \/>\nEl pasado 4 de marzo abri\u00f3 sus puertas <strong><a href=\"http:\/\/www.venatoria.com.es\/\">VENATORIA &#038; SUBARU <\/a><\/strong>, la decimoquinta edici\u00f3n de una feria que se ha convertido en <strong>referencia de la caza en nuestro pa\u00eds<\/strong>. El evento, que finaliz\u00f3 el 6 de marzo, ocup\u00f3 el pabell\u00f3n n\u00ba 5 de Ifema, de 10.600 m2, y acogi\u00f3 a 246 expositores y 17.682 visitantes. <\/p>\n<p><a href='https:\/\/www.subaru.es\/blog\/wp-content\/uploads\/2010\/03\/venatoria-2.jpg' title='Venatoria 2'><img data-src='https:\/\/www.subaru.es\/blog\/wp-content\/uploads\/2010\/03\/venatoria-2.jpg' alt='Venatoria 2' src='data:image\/svg+xml;base64,PHN2ZyB3aWR0aD0iMSIgaGVpZ2h0PSIxIiB4bWxucz0iaHR0cDovL3d3dy53My5vcmcvMjAwMC9zdmciPjwvc3ZnPg==' class='lazyload' style='--smush-placeholder-width: 250px; --smush-placeholder-aspect-ratio: 250\/188;' \/><\/a><\/p>\n<p><strong>Bulgaria, M\u00e9xico, a trav\u00e9s del Estado de Tamaulipas<\/strong>, y la <strong><a href=\"http:\/\/medioambiente.madrid.org\/legal.html\">agencia de Medio Ambiente de la Comunidad de Madrid<\/a><\/strong> colaboraron al \u00e9xito de la muestra. Tambi\u00e9n estuvieron presentes la <strong><a href=\"http:\/\/www.fecaza.com\/\">Real Federaci\u00f3n Espa\u00f1ola de Caza<\/a><\/strong>, el <strong>Consejo Internacional de la Caza <\/strong>o el <strong><a href=\"http:\/\/www.scifirstforhunters.org\/index.cfm?\">Safari Club Internacional<\/a><\/strong>, entre otros. <\/p>\n<p><a href='https:\/\/www.subaru.es\/blog\/wp-content\/uploads\/2010\/03\/venatoria.jpg' title='Venatoria'><img data-src='https:\/\/www.subaru.es\/blog\/wp-content\/uploads\/2010\/03\/venatoria.jpg' alt='Venatoria' src='data:image\/svg+xml;base64,PHN2ZyB3aWR0aD0iMSIgaGVpZ2h0PSIxIiB4bWxucz0iaHR0cDovL3d3dy53My5vcmcvMjAwMC9zdmciPjwvc3ZnPg==' class='lazyload' style='--smush-placeholder-width: 250px; --smush-placeholder-aspect-ratio: 250\/188;' \/><\/a><\/p>\n<p>En el evento tambi\u00e9n estuvieron presentes la <strong>Asociaci\u00f3n Armera, Ardesa, Arrieta, Arrizabalaga, Beretta Benelli, Dikar, Excopesa, Garbi, Grulla, Kemen, Larm o Lanber<\/strong>, que ofrecieron la <strong>mayor muestra de armas <\/strong>presentada hasta la fecha en Espa\u00f1a, a los que se sumaron las firmas extranjeras <strong>Christensen, Fausti y Zanardini<\/strong>. <\/p>\n<p><strong>Subaru <\/strong>estuvo presente con nuevos veh\u00edculos que sorprendieron a los presentes.<\/p>\n","protected":false},"excerpt":{"rendered":"<p>El pasado 4 de marzo abri\u00f3 sus puertas VENATORIA &#038; SUBARU , la decimoquinta edici\u00f3n de una feria que se ha convertido en referencia de la caza en nuestro pa\u00eds. El evento, que finaliz\u00f3 el 6 de marzo, ocup\u00f3 el pabell\u00f3n n\u00ba 5 de Ifema, de 10.600 m2, y acogi\u00f3 a 246 expositores y 17.682 [&hellip;]<\/p>\n","protected":false},"author":21,"featured_media":2571,"comment_status":"open","ping_status":"open","sticky":false,"template":"","format":"standard","meta":{"_acf_changed":false,"_eb_attr":"","inline_featured_image":false,"footnotes":""},"categories":[4401],"tags":[2782,882,2963,4390,2962],"class_list":["post-2570","post","type-post","status-publish","format-standard","has-post-thumbnail","hentry","category-nuestra-marca","tag-caza","tag-feria","tag-muestra-de-armas","tag-subaru","tag-venatoria-subaru"],"acf":[],"yoast_head":"<!-- This site is optimized with the Yoast SEO plugin v27.3 - https:\/\/yoast.com\/product\/yoast-seo-wordpress\/ -->\n<title>VENATORIA &amp; SUBARU, un \u00e9xito patrocinado por Subaru - Universo Subaru<\/title>\n<meta name=\"robots\" content=\"index, follow, max-snippet:-1, max-image-preview:large, max-video-preview:-1\" \/>\n<link rel=\"canonical\" href=\"https:\/\/www.subaru.es\/blog\/nuestra-marca\/venatoria-subaru-un-exito-patrocinado-por-subaru\/\" \/>\n<meta property=\"og:locale\" content=\"es_ES\" \/>\n<meta property=\"og:type\" content=\"article\" \/>\n<meta property=\"og:title\" content=\"VENATORIA &amp; SUBARU, un \u00e9xito patrocinado por Subaru - Universo Subaru\" \/>\n<meta property=\"og:description\" content=\"El pasado 4 de marzo abri\u00f3 sus puertas VENATORIA &#038; SUBARU , la decimoquinta edici\u00f3n de una feria que se ha convertido en referencia de la caza en nuestro pa\u00eds. El evento, que finaliz\u00f3 el 6 de marzo, ocup\u00f3 el pabell\u00f3n n\u00ba 5 de Ifema, de 10.600 m2, y acogi\u00f3 a 246 expositores y 17.682 [&hellip;]\" \/>\n<meta property=\"og:url\" content=\"https:\/\/www.subaru.es\/blog\/nuestra-marca\/venatoria-subaru-un-exito-patrocinado-por-subaru\/\" \/>\n<meta property=\"og:site_name\" content=\"Universo Subaru\" \/>\n<meta property=\"article:publisher\" content=\"https:\/\/www.facebook.com\/subaruespana\" \/>\n<meta property=\"article:published_time\" content=\"2010-04-08T09:30:11+00:00\" \/>\n<meta property=\"article:modified_time\" content=\"2016-10-17T13:08:46+00:00\" \/>\n<meta property=\"og:image\" content=\"https:\/\/www.subaru.es\/blog\/wp-content\/uploads\/2010\/03\/venatoria3.JPG\" \/>\n\t<meta property=\"og:image:width\" content=\"371\" \/>\n\t<meta property=\"og:image:height\" content=\"255\" \/>\n\t<meta property=\"og:image:type\" content=\"image\/jpeg\" \/>\n<meta name=\"author\" content=\"Subaru\" \/>\n<meta name=\"twitter:card\" content=\"summary_large_image\" \/>\n<meta name=\"twitter:label1\" content=\"Escrito por\" \/>\n\t<meta name=\"twitter:data1\" content=\"Subaru\" \/>\n\t<meta name=\"twitter:label2\" content=\"Tiempo de lectura\" \/>\n\t<meta name=\"twitter:data2\" content=\"1 minuto\" \/>\n<script type=\"application\/ld+json\" class=\"yoast-schema-graph\">{\"@context\":\"https:\\\/\\\/schema.org\",\"@graph\":[{\"@type\":\"Article\",\"@id\":\"https:\\\/\\\/www.subaru.es\\\/blog\\\/nuestra-marca\\\/venatoria-subaru-un-exito-patrocinado-por-subaru\\\/#article\",\"isPartOf\":{\"@id\":\"https:\\\/\\\/www.subaru.es\\\/blog\\\/nuestra-marca\\\/venatoria-subaru-un-exito-patrocinado-por-subaru\\\/\"},\"author\":{\"name\":\"Subaru\",\"@id\":\"https:\\\/\\\/www.subaru.es\\\/blog\\\/#\\\/schema\\\/person\\\/19a90b892230b8e0ec752704ddf4aa10\"},\"headline\":\"VENATORIA &#038; SUBARU, un \u00e9xito patrocinado por Subaru\",\"datePublished\":\"2010-04-08T09:30:11+00:00\",\"dateModified\":\"2016-10-17T13:08:46+00:00\",\"mainEntityOfPage\":{\"@id\":\"https:\\\/\\\/www.subaru.es\\\/blog\\\/nuestra-marca\\\/venatoria-subaru-un-exito-patrocinado-por-subaru\\\/\"},\"wordCount\":172,\"commentCount\":0,\"publisher\":{\"@id\":\"https:\\\/\\\/www.subaru.es\\\/blog\\\/#organization\"},\"image\":{\"@id\":\"https:\\\/\\\/www.subaru.es\\\/blog\\\/nuestra-marca\\\/venatoria-subaru-un-exito-patrocinado-por-subaru\\\/#primaryimage\"},\"thumbnailUrl\":\"https:\\\/\\\/www.subaru.es\\\/blog\\\/wp-content\\\/uploads\\\/2010\\\/03\\\/venatoria3.JPG\",\"keywords\":[\"Caza\",\"feria\",\"muestra de armas\",\"Subaru\",\"VENATORIA &amp; SUBARU\"],\"articleSection\":[\"Nuestra marca\"],\"inLanguage\":\"es\",\"potentialAction\":[{\"@type\":\"CommentAction\",\"name\":\"Comment\",\"target\":[\"https:\\\/\\\/www.subaru.es\\\/blog\\\/nuestra-marca\\\/venatoria-subaru-un-exito-patrocinado-por-subaru\\\/#respond\"]}]},{\"@type\":\"WebPage\",\"@id\":\"https:\\\/\\\/www.subaru.es\\\/blog\\\/nuestra-marca\\\/venatoria-subaru-un-exito-patrocinado-por-subaru\\\/\",\"url\":\"https:\\\/\\\/www.subaru.es\\\/blog\\\/nuestra-marca\\\/venatoria-subaru-un-exito-patrocinado-por-subaru\\\/\",\"name\":\"VENATORIA & SUBARU, un \u00e9xito patrocinado por Subaru - Universo Subaru\",\"isPartOf\":{\"@id\":\"https:\\\/\\\/www.subaru.es\\\/blog\\\/#website\"},\"primaryImageOfPage\":{\"@id\":\"https:\\\/\\\/www.subaru.es\\\/blog\\\/nuestra-marca\\\/venatoria-subaru-un-exito-patrocinado-por-subaru\\\/#primaryimage\"},\"image\":{\"@id\":\"https:\\\/\\\/www.subaru.es\\\/blog\\\/nuestra-marca\\\/venatoria-subaru-un-exito-patrocinado-por-subaru\\\/#primaryimage\"},\"thumbnailUrl\":\"https:\\\/\\\/www.subaru.es\\\/blog\\\/wp-content\\\/uploads\\\/2010\\\/03\\\/venatoria3.JPG\",\"datePublished\":\"2010-04-08T09:30:11+00:00\",\"dateModified\":\"2016-10-17T13:08:46+00:00\",\"breadcrumb\":{\"@id\":\"https:\\\/\\\/www.subaru.es\\\/blog\\\/nuestra-marca\\\/venatoria-subaru-un-exito-patrocinado-por-subaru\\\/#breadcrumb\"},\"inLanguage\":\"es\",\"potentialAction\":[{\"@type\":\"ReadAction\",\"target\":[\"https:\\\/\\\/www.subaru.es\\\/blog\\\/nuestra-marca\\\/venatoria-subaru-un-exito-patrocinado-por-subaru\\\/\"]}]},{\"@type\":\"ImageObject\",\"inLanguage\":\"es\",\"@id\":\"https:\\\/\\\/www.subaru.es\\\/blog\\\/nuestra-marca\\\/venatoria-subaru-un-exito-patrocinado-por-subaru\\\/#primaryimage\",\"url\":\"https:\\\/\\\/www.subaru.es\\\/blog\\\/wp-content\\\/uploads\\\/2010\\\/03\\\/venatoria3.JPG\",\"contentUrl\":\"https:\\\/\\\/www.subaru.es\\\/blog\\\/wp-content\\\/uploads\\\/2010\\\/03\\\/venatoria3.JPG\",\"width\":371,\"height\":255},{\"@type\":\"BreadcrumbList\",\"@id\":\"https:\\\/\\\/www.subaru.es\\\/blog\\\/nuestra-marca\\\/venatoria-subaru-un-exito-patrocinado-por-subaru\\\/#breadcrumb\",\"itemListElement\":[{\"@type\":\"ListItem\",\"position\":1,\"name\":\"Portada\",\"item\":\"https:\\\/\\\/www.subaru.es\\\/blog\\\/\"},{\"@type\":\"ListItem\",\"position\":2,\"name\":\"VENATORIA &#038; SUBARU, un \u00e9xito patrocinado por Subaru\"}]},{\"@type\":\"WebSite\",\"@id\":\"https:\\\/\\\/www.subaru.es\\\/blog\\\/#website\",\"url\":\"https:\\\/\\\/www.subaru.es\\\/blog\\\/\",\"name\":\"Universo Subaru\",\"description\":\"Descubre este apasionante espacio de Subaru donde vas a conocer todo sobre nuestros coches y las experiencias que vivimos con ellos. Si est\u00e1s preparado para dejarte seducir por la filosof\u00eda Subaru, qu\u00e9date con nosotros.\",\"publisher\":{\"@id\":\"https:\\\/\\\/www.subaru.es\\\/blog\\\/#organization\"},\"potentialAction\":[{\"@type\":\"SearchAction\",\"target\":{\"@type\":\"EntryPoint\",\"urlTemplate\":\"https:\\\/\\\/www.subaru.es\\\/blog\\\/?s={search_term_string}\"},\"query-input\":{\"@type\":\"PropertyValueSpecification\",\"valueRequired\":true,\"valueName\":\"search_term_string\"}}],\"inLanguage\":\"es\"},{\"@type\":\"Organization\",\"@id\":\"https:\\\/\\\/www.subaru.es\\\/blog\\\/#organization\",\"name\":\"Subaru Espa\u00f1a S.A.\",\"url\":\"https:\\\/\\\/www.subaru.es\\\/blog\\\/\",\"logo\":{\"@type\":\"ImageObject\",\"inLanguage\":\"es\",\"@id\":\"https:\\\/\\\/www.subaru.es\\\/blog\\\/#\\\/schema\\\/logo\\\/image\\\/\",\"url\":\"https:\\\/\\\/www.subaru.es\\\/blog\\\/wp-content\\\/uploads\\\/2016\\\/12\\\/Logo-Subaru-TypeV_C300-scaled.jpg\",\"contentUrl\":\"https:\\\/\\\/www.subaru.es\\\/blog\\\/wp-content\\\/uploads\\\/2016\\\/12\\\/Logo-Subaru-TypeV_C300-scaled.jpg\",\"width\":2560,\"height\":1864,\"caption\":\"Subaru Espa\u00f1a S.A.\"},\"image\":{\"@id\":\"https:\\\/\\\/www.subaru.es\\\/blog\\\/#\\\/schema\\\/logo\\\/image\\\/\"},\"sameAs\":[\"https:\\\/\\\/www.facebook.com\\\/subaruespana\",\"https:\\\/\\\/www.instagram.com\\\/subarues\\\/\",\"https:\\\/\\\/www.youtube.com\\\/user\\\/subaruespana\"]},{\"@type\":\"Person\",\"@id\":\"https:\\\/\\\/www.subaru.es\\\/blog\\\/#\\\/schema\\\/person\\\/19a90b892230b8e0ec752704ddf4aa10\",\"name\":\"Subaru\",\"url\":\"https:\\\/\\\/www.subaru.es\\\/blog\\\/author\\\/subaria\\\/\"}]}<\/script>\n<!-- \/ Yoast SEO plugin. -->","yoast_head_json":{"title":"VENATORIA & SUBARU, un \u00e9xito patrocinado por Subaru - Universo Subaru","robots":{"index":"index","follow":"follow","max-snippet":"max-snippet:-1","max-image-preview":"max-image-preview:large","max-video-preview":"max-video-preview:-1"},"canonical":"https:\/\/www.subaru.es\/blog\/nuestra-marca\/venatoria-subaru-un-exito-patrocinado-por-subaru\/","og_locale":"es_ES","og_type":"article","og_title":"VENATORIA & SUBARU, un \u00e9xito patrocinado por Subaru - Universo Subaru","og_description":"El pasado 4 de marzo abri\u00f3 sus puertas VENATORIA &#038; SUBARU , la decimoquinta edici\u00f3n de una feria que se ha convertido en referencia de la caza en nuestro pa\u00eds. El evento, que finaliz\u00f3 el 6 de marzo, ocup\u00f3 el pabell\u00f3n n\u00ba 5 de Ifema, de 10.600 m2, y acogi\u00f3 a 246 expositores y 17.682 [&hellip;]","og_url":"https:\/\/www.subaru.es\/blog\/nuestra-marca\/venatoria-subaru-un-exito-patrocinado-por-subaru\/","og_site_name":"Universo Subaru","article_publisher":"https:\/\/www.facebook.com\/subaruespana","article_published_time":"2010-04-08T09:30:11+00:00","article_modified_time":"2016-10-17T13:08:46+00:00","og_image":[{"width":371,"height":255,"url":"https:\/\/www.subaru.es\/blog\/wp-content\/uploads\/2010\/03\/venatoria3.JPG","type":"image\/jpeg"}],"author":"Subaru","twitter_card":"summary_large_image","twitter_misc":{"Escrito por":"Subaru","Tiempo de lectura":"1 minuto"},"schema":{"@context":"https:\/\/schema.org","@graph":[{"@type":"Article","@id":"https:\/\/www.subaru.es\/blog\/nuestra-marca\/venatoria-subaru-un-exito-patrocinado-por-subaru\/#article","isPartOf":{"@id":"https:\/\/www.subaru.es\/blog\/nuestra-marca\/venatoria-subaru-un-exito-patrocinado-por-subaru\/"},"author":{"name":"Subaru","@id":"https:\/\/www.subaru.es\/blog\/#\/schema\/person\/19a90b892230b8e0ec752704ddf4aa10"},"headline":"VENATORIA &#038; SUBARU, un \u00e9xito patrocinado por Subaru","datePublished":"2010-04-08T09:30:11+00:00","dateModified":"2016-10-17T13:08:46+00:00","mainEntityOfPage":{"@id":"https:\/\/www.subaru.es\/blog\/nuestra-marca\/venatoria-subaru-un-exito-patrocinado-por-subaru\/"},"wordCount":172,"commentCount":0,"publisher":{"@id":"https:\/\/www.subaru.es\/blog\/#organization"},"image":{"@id":"https:\/\/www.subaru.es\/blog\/nuestra-marca\/venatoria-subaru-un-exito-patrocinado-por-subaru\/#primaryimage"},"thumbnailUrl":"https:\/\/www.subaru.es\/blog\/wp-content\/uploads\/2010\/03\/venatoria3.JPG","keywords":["Caza","feria","muestra de armas","Subaru","VENATORIA &amp; SUBARU"],"articleSection":["Nuestra marca"],"inLanguage":"es","potentialAction":[{"@type":"CommentAction","name":"Comment","target":["https:\/\/www.subaru.es\/blog\/nuestra-marca\/venatoria-subaru-un-exito-patrocinado-por-subaru\/#respond"]}]},{"@type":"WebPage","@id":"https:\/\/www.subaru.es\/blog\/nuestra-marca\/venatoria-subaru-un-exito-patrocinado-por-subaru\/","url":"https:\/\/www.subaru.es\/blog\/nuestra-marca\/venatoria-subaru-un-exito-patrocinado-por-subaru\/","name":"VENATORIA & SUBARU, un \u00e9xito patrocinado por Subaru - Universo Subaru","isPartOf":{"@id":"https:\/\/www.subaru.es\/blog\/#website"},"primaryImageOfPage":{"@id":"https:\/\/www.subaru.es\/blog\/nuestra-marca\/venatoria-subaru-un-exito-patrocinado-por-subaru\/#primaryimage"},"image":{"@id":"https:\/\/www.subaru.es\/blog\/nuestra-marca\/venatoria-subaru-un-exito-patrocinado-por-subaru\/#primaryimage"},"thumbnailUrl":"https:\/\/www.subaru.es\/blog\/wp-content\/uploads\/2010\/03\/venatoria3.JPG","datePublished":"2010-04-08T09:30:11+00:00","dateModified":"2016-10-17T13:08:46+00:00","breadcrumb":{"@id":"https:\/\/www.subaru.es\/blog\/nuestra-marca\/venatoria-subaru-un-exito-patrocinado-por-subaru\/#breadcrumb"},"inLanguage":"es","potentialAction":[{"@type":"ReadAction","target":["https:\/\/www.subaru.es\/blog\/nuestra-marca\/venatoria-subaru-un-exito-patrocinado-por-subaru\/"]}]},{"@type":"ImageObject","inLanguage":"es","@id":"https:\/\/www.subaru.es\/blog\/nuestra-marca\/venatoria-subaru-un-exito-patrocinado-por-subaru\/#primaryimage","url":"https:\/\/www.subaru.es\/blog\/wp-content\/uploads\/2010\/03\/venatoria3.JPG","contentUrl":"https:\/\/www.subaru.es\/blog\/wp-content\/uploads\/2010\/03\/venatoria3.JPG","width":371,"height":255},{"@type":"BreadcrumbList","@id":"https:\/\/www.subaru.es\/blog\/nuestra-marca\/venatoria-subaru-un-exito-patrocinado-por-subaru\/#breadcrumb","itemListElement":[{"@type":"ListItem","position":1,"name":"Portada","item":"https:\/\/www.subaru.es\/blog\/"},{"@type":"ListItem","position":2,"name":"VENATORIA &#038; SUBARU, un \u00e9xito patrocinado por Subaru"}]},{"@type":"WebSite","@id":"https:\/\/www.subaru.es\/blog\/#website","url":"https:\/\/www.subaru.es\/blog\/","name":"Universo Subaru","description":"Descubre este apasionante espacio de Subaru donde vas a conocer todo sobre nuestros coches y las experiencias que vivimos con ellos. Si est\u00e1s preparado para dejarte seducir por la filosof\u00eda Subaru, qu\u00e9date con nosotros.","publisher":{"@id":"https:\/\/www.subaru.es\/blog\/#organization"},"potentialAction":[{"@type":"SearchAction","target":{"@type":"EntryPoint","urlTemplate":"https:\/\/www.subaru.es\/blog\/?s={search_term_string}"},"query-input":{"@type":"PropertyValueSpecification","valueRequired":true,"valueName":"search_term_string"}}],"inLanguage":"es"},{"@type":"Organization","@id":"https:\/\/www.subaru.es\/blog\/#organization","name":"Subaru Espa\u00f1a S.A.","url":"https:\/\/www.subaru.es\/blog\/","logo":{"@type":"ImageObject","inLanguage":"es","@id":"https:\/\/www.subaru.es\/blog\/#\/schema\/logo\/image\/","url":"https:\/\/www.subaru.es\/blog\/wp-content\/uploads\/2016\/12\/Logo-Subaru-TypeV_C300-scaled.jpg","contentUrl":"https:\/\/www.subaru.es\/blog\/wp-content\/uploads\/2016\/12\/Logo-Subaru-TypeV_C300-scaled.jpg","width":2560,"height":1864,"caption":"Subaru Espa\u00f1a S.A."},"image":{"@id":"https:\/\/www.subaru.es\/blog\/#\/schema\/logo\/image\/"},"sameAs":["https:\/\/www.facebook.com\/subaruespana","https:\/\/www.instagram.com\/subarues\/","https:\/\/www.youtube.com\/user\/subaruespana"]},{"@type":"Person","@id":"https:\/\/www.subaru.es\/blog\/#\/schema\/person\/19a90b892230b8e0ec752704ddf4aa10","name":"Subaru","url":"https:\/\/www.subaru.es\/blog\/author\/subaria\/"}]}},"_links":{"self":[{"href":"https:\/\/www.subaru.es\/blog\/wp-json\/wp\/v2\/posts\/2570","targetHints":{"allow":["GET"]}}],"collection":[{"href":"https:\/\/www.subaru.es\/blog\/wp-json\/wp\/v2\/posts"}],"about":[{"href":"https:\/\/www.subaru.es\/blog\/wp-json\/wp\/v2\/types\/post"}],"author":[{"embeddable":true,"href":"https:\/\/www.subaru.es\/blog\/wp-json\/wp\/v2\/users\/21"}],"replies":[{"embeddable":true,"href":"https:\/\/www.subaru.es\/blog\/wp-json\/wp\/v2\/comments?post=2570"}],"version-history":[{"count":1,"href":"https:\/\/www.subaru.es\/blog\/wp-json\/wp\/v2\/posts\/2570\/revisions"}],"predecessor-version":[{"id":15089,"href":"https:\/\/www.subaru.es\/blog\/wp-json\/wp\/v2\/posts\/2570\/revisions\/15089"}],"wp:featuredmedia":[{"embeddable":true,"href":"https:\/\/www.subaru.es\/blog\/wp-json\/wp\/v2\/media\/2571"}],"wp:attachment":[{"href":"https:\/\/www.subaru.es\/blog\/wp-json\/wp\/v2\/media?parent=2570"}],"wp:term":[{"taxonomy":"category","embeddable":true,"href":"https:\/\/www.subaru.es\/blog\/wp-json\/wp\/v2\/categories?post=2570"},{"taxonomy":"post_tag","embeddable":true,"href":"https:\/\/www.subaru.es\/blog\/wp-json\/wp\/v2\/tags?post=2570"}],"curies":[{"name":"wp","href":"https:\/\/api.w.org\/{rel}","templated":true}]}}