{"id":255,"date":"2007-10-14T11:26:12","date_gmt":"2007-10-14T09:26:12","guid":{"rendered":"http:\/\/subaru.preproduccion.com\/blog\/wp-content\/2007\/10\/14\/ninco-presenta-el-subaru-wrc-conmemorativo-del-rallyracc-catalunya-2007\/"},"modified":"2016-10-17T10:48:26","modified_gmt":"2016-10-17T08:48:26","slug":"ninco-presenta-el-subaru-wrc-conmemorativo-del-rallyracc-catalunya-2007","status":"publish","type":"post","link":"https:\/\/www.subaru.es\/blog\/nuestra-marca\/ninco-presenta-el-subaru-wrc-conmemorativo-del-rallyracc-catalunya-2007\/","title":{"rendered":"NINCO presenta el Subaru WRC conmemorativo del RallyRACC Catalunya 2007"},"content":{"rendered":"<p><a href=\"http:\/\/www.ninco.es\/\">Ninco<\/a> tiene ya el coche conmemorativo del<strong> RallyRACC Catalunya<\/strong>. Se trata del <strong>Subaru Impreza WRC<\/strong>, una r\u00e9plica a escala del veh\u00edculo de moda en las competiciones de slot de esta temporada. <\/p>\n<p>Y por cierto, el <strong>RallySlot<\/strong> Catalunya-Costa Daurada tuvo lugar en Salou <strong>paralelamente <\/strong>a su hermano mayor, los d\u00edas 4, 5, 6 y 7 de octubre.<\/p>\n<p><center><img data-src='https:\/\/www.subaru.es\/blog\/wp-content\/uploads\/2007\/10\/ninco.jpg' alt='ninco' src='data:image\/svg+xml;base64,PHN2ZyB3aWR0aD0iMSIgaGVpZ2h0PSIxIiB4bWxucz0iaHR0cDovL3d3dy53My5vcmcvMjAwMC9zdmciPjwvc3ZnPg==' class='lazyload' style='--smush-placeholder-width: 350px; --smush-placeholder-aspect-ratio: 350\/219;' \/><\/center><\/p>\n<p>El coche es una <strong>r\u00e9plica real <\/strong>en miniatura de la que Ninco s\u00f3lo fabricar\u00e1 <strong>3.000 unidades <\/strong>para todo el mundo, a diferencia de los modelos est\u00e1ndar, que superan ampliamente estas cifras. As\u00ed, este Subaru se convertir\u00e1 en un modelo <strong>muy apreciado y solicitado <\/strong>por los coleccionistas de cualquier pa\u00eds. <\/p>\n<p>El dise\u00f1o es el resultado de una <strong>selecci\u00f3n de 15 finalistas <\/strong>entre las 350 propuestas recibidas, donde se opt\u00f3 por el esbozo de <strong>Santiago Palau Giron\u00e9s<\/strong>, de N\u00e1quera (Valencia). <\/p>\n","protected":false},"excerpt":{"rendered":"<p>Ninco tiene ya el coche conmemorativo del RallyRACC Catalunya. Se trata del Subaru Impreza WRC, una r\u00e9plica a escala del veh\u00edculo de moda en las competiciones de slot de esta temporada. Y por cierto, el RallySlot Catalunya-Costa Daurada tuvo lugar en Salou paralelamente a su hermano mayor, los d\u00edas 4, 5, 6 y 7 de [&hellip;]<\/p>\n","protected":false},"author":21,"featured_media":256,"comment_status":"open","ping_status":"open","sticky":false,"template":"","format":"standard","meta":{"_acf_changed":false,"_eb_attr":"","inline_featured_image":false,"footnotes":""},"categories":[4401],"tags":[],"class_list":["post-255","post","type-post","status-publish","format-standard","has-post-thumbnail","hentry","category-nuestra-marca"],"acf":[],"yoast_head":"<!-- This site is optimized with the Yoast SEO plugin v27.3 - https:\/\/yoast.com\/product\/yoast-seo-wordpress\/ -->\n<title>NINCO presenta el Subaru WRC conmemorativo del RallyRACC Catalunya 2007 - Universo Subaru<\/title>\n<meta name=\"robots\" content=\"index, follow, max-snippet:-1, max-image-preview:large, max-video-preview:-1\" \/>\n<link rel=\"canonical\" href=\"https:\/\/www.subaru.es\/blog\/nuestra-marca\/ninco-presenta-el-subaru-wrc-conmemorativo-del-rallyracc-catalunya-2007\/\" \/>\n<meta property=\"og:locale\" content=\"es_ES\" \/>\n<meta property=\"og:type\" content=\"article\" \/>\n<meta property=\"og:title\" content=\"NINCO presenta el Subaru WRC conmemorativo del RallyRACC Catalunya 2007 - Universo Subaru\" \/>\n<meta property=\"og:description\" content=\"Ninco tiene ya el coche conmemorativo del RallyRACC Catalunya. Se trata del Subaru Impreza WRC, una r\u00e9plica a escala del veh\u00edculo de moda en las competiciones de slot de esta temporada. Y por cierto, el RallySlot Catalunya-Costa Daurada tuvo lugar en Salou paralelamente a su hermano mayor, los d\u00edas 4, 5, 6 y 7 de [&hellip;]\" \/>\n<meta property=\"og:url\" content=\"https:\/\/www.subaru.es\/blog\/nuestra-marca\/ninco-presenta-el-subaru-wrc-conmemorativo-del-rallyracc-catalunya-2007\/\" \/>\n<meta property=\"og:site_name\" content=\"Universo Subaru\" \/>\n<meta property=\"article:publisher\" content=\"https:\/\/www.facebook.com\/subaruespana\" \/>\n<meta property=\"article:published_time\" content=\"2007-10-14T09:26:12+00:00\" \/>\n<meta property=\"article:modified_time\" content=\"2016-10-17T08:48:26+00:00\" \/>\n<meta property=\"og:image\" content=\"https:\/\/www.subaru.es\/blog\/wp-content\/uploads\/2007\/10\/ninco.jpg\" \/>\n\t<meta property=\"og:image:width\" content=\"350\" \/>\n\t<meta property=\"og:image:height\" content=\"219\" \/>\n\t<meta property=\"og:image:type\" content=\"image\/jpeg\" \/>\n<meta name=\"author\" content=\"Subaru\" \/>\n<meta name=\"twitter:card\" content=\"summary_large_image\" \/>\n<meta name=\"twitter:label1\" content=\"Escrito por\" \/>\n\t<meta name=\"twitter:data1\" content=\"Subaru\" \/>\n\t<meta name=\"twitter:label2\" content=\"Tiempo de lectura\" \/>\n\t<meta name=\"twitter:data2\" content=\"1 minuto\" \/>\n<script type=\"application\/ld+json\" class=\"yoast-schema-graph\">{\"@context\":\"https:\\\/\\\/schema.org\",\"@graph\":[{\"@type\":\"Article\",\"@id\":\"https:\\\/\\\/www.subaru.es\\\/blog\\\/nuestra-marca\\\/ninco-presenta-el-subaru-wrc-conmemorativo-del-rallyracc-catalunya-2007\\\/#article\",\"isPartOf\":{\"@id\":\"https:\\\/\\\/www.subaru.es\\\/blog\\\/nuestra-marca\\\/ninco-presenta-el-subaru-wrc-conmemorativo-del-rallyracc-catalunya-2007\\\/\"},\"author\":{\"name\":\"Subaru\",\"@id\":\"https:\\\/\\\/www.subaru.es\\\/blog\\\/#\\\/schema\\\/person\\\/19a90b892230b8e0ec752704ddf4aa10\"},\"headline\":\"NINCO presenta el Subaru WRC conmemorativo del RallyRACC Catalunya 2007\",\"datePublished\":\"2007-10-14T09:26:12+00:00\",\"dateModified\":\"2016-10-17T08:48:26+00:00\",\"mainEntityOfPage\":{\"@id\":\"https:\\\/\\\/www.subaru.es\\\/blog\\\/nuestra-marca\\\/ninco-presenta-el-subaru-wrc-conmemorativo-del-rallyracc-catalunya-2007\\\/\"},\"wordCount\":147,\"commentCount\":0,\"publisher\":{\"@id\":\"https:\\\/\\\/www.subaru.es\\\/blog\\\/#organization\"},\"image\":{\"@id\":\"https:\\\/\\\/www.subaru.es\\\/blog\\\/nuestra-marca\\\/ninco-presenta-el-subaru-wrc-conmemorativo-del-rallyracc-catalunya-2007\\\/#primaryimage\"},\"thumbnailUrl\":\"https:\\\/\\\/www.subaru.es\\\/blog\\\/wp-content\\\/uploads\\\/2007\\\/10\\\/ninco.jpg\",\"articleSection\":[\"Nuestra marca\"],\"inLanguage\":\"es\",\"potentialAction\":[{\"@type\":\"CommentAction\",\"name\":\"Comment\",\"target\":[\"https:\\\/\\\/www.subaru.es\\\/blog\\\/nuestra-marca\\\/ninco-presenta-el-subaru-wrc-conmemorativo-del-rallyracc-catalunya-2007\\\/#respond\"]}]},{\"@type\":\"WebPage\",\"@id\":\"https:\\\/\\\/www.subaru.es\\\/blog\\\/nuestra-marca\\\/ninco-presenta-el-subaru-wrc-conmemorativo-del-rallyracc-catalunya-2007\\\/\",\"url\":\"https:\\\/\\\/www.subaru.es\\\/blog\\\/nuestra-marca\\\/ninco-presenta-el-subaru-wrc-conmemorativo-del-rallyracc-catalunya-2007\\\/\",\"name\":\"NINCO presenta el Subaru WRC conmemorativo del RallyRACC Catalunya 2007 - Universo Subaru\",\"isPartOf\":{\"@id\":\"https:\\\/\\\/www.subaru.es\\\/blog\\\/#website\"},\"primaryImageOfPage\":{\"@id\":\"https:\\\/\\\/www.subaru.es\\\/blog\\\/nuestra-marca\\\/ninco-presenta-el-subaru-wrc-conmemorativo-del-rallyracc-catalunya-2007\\\/#primaryimage\"},\"image\":{\"@id\":\"https:\\\/\\\/www.subaru.es\\\/blog\\\/nuestra-marca\\\/ninco-presenta-el-subaru-wrc-conmemorativo-del-rallyracc-catalunya-2007\\\/#primaryimage\"},\"thumbnailUrl\":\"https:\\\/\\\/www.subaru.es\\\/blog\\\/wp-content\\\/uploads\\\/2007\\\/10\\\/ninco.jpg\",\"datePublished\":\"2007-10-14T09:26:12+00:00\",\"dateModified\":\"2016-10-17T08:48:26+00:00\",\"breadcrumb\":{\"@id\":\"https:\\\/\\\/www.subaru.es\\\/blog\\\/nuestra-marca\\\/ninco-presenta-el-subaru-wrc-conmemorativo-del-rallyracc-catalunya-2007\\\/#breadcrumb\"},\"inLanguage\":\"es\",\"potentialAction\":[{\"@type\":\"ReadAction\",\"target\":[\"https:\\\/\\\/www.subaru.es\\\/blog\\\/nuestra-marca\\\/ninco-presenta-el-subaru-wrc-conmemorativo-del-rallyracc-catalunya-2007\\\/\"]}]},{\"@type\":\"ImageObject\",\"inLanguage\":\"es\",\"@id\":\"https:\\\/\\\/www.subaru.es\\\/blog\\\/nuestra-marca\\\/ninco-presenta-el-subaru-wrc-conmemorativo-del-rallyracc-catalunya-2007\\\/#primaryimage\",\"url\":\"https:\\\/\\\/www.subaru.es\\\/blog\\\/wp-content\\\/uploads\\\/2007\\\/10\\\/ninco.jpg\",\"contentUrl\":\"https:\\\/\\\/www.subaru.es\\\/blog\\\/wp-content\\\/uploads\\\/2007\\\/10\\\/ninco.jpg\",\"width\":350,\"height\":219},{\"@type\":\"BreadcrumbList\",\"@id\":\"https:\\\/\\\/www.subaru.es\\\/blog\\\/nuestra-marca\\\/ninco-presenta-el-subaru-wrc-conmemorativo-del-rallyracc-catalunya-2007\\\/#breadcrumb\",\"itemListElement\":[{\"@type\":\"ListItem\",\"position\":1,\"name\":\"Portada\",\"item\":\"https:\\\/\\\/www.subaru.es\\\/blog\\\/\"},{\"@type\":\"ListItem\",\"position\":2,\"name\":\"NINCO presenta el Subaru WRC conmemorativo del RallyRACC Catalunya 2007\"}]},{\"@type\":\"WebSite\",\"@id\":\"https:\\\/\\\/www.subaru.es\\\/blog\\\/#website\",\"url\":\"https:\\\/\\\/www.subaru.es\\\/blog\\\/\",\"name\":\"Universo Subaru\",\"description\":\"Descubre este apasionante espacio de Subaru donde vas a conocer todo sobre nuestros coches y las experiencias que vivimos con ellos. Si est\u00e1s preparado para dejarte seducir por la filosof\u00eda Subaru, qu\u00e9date con nosotros.\",\"publisher\":{\"@id\":\"https:\\\/\\\/www.subaru.es\\\/blog\\\/#organization\"},\"potentialAction\":[{\"@type\":\"SearchAction\",\"target\":{\"@type\":\"EntryPoint\",\"urlTemplate\":\"https:\\\/\\\/www.subaru.es\\\/blog\\\/?s={search_term_string}\"},\"query-input\":{\"@type\":\"PropertyValueSpecification\",\"valueRequired\":true,\"valueName\":\"search_term_string\"}}],\"inLanguage\":\"es\"},{\"@type\":\"Organization\",\"@id\":\"https:\\\/\\\/www.subaru.es\\\/blog\\\/#organization\",\"name\":\"Subaru Espa\u00f1a S.A.\",\"url\":\"https:\\\/\\\/www.subaru.es\\\/blog\\\/\",\"logo\":{\"@type\":\"ImageObject\",\"inLanguage\":\"es\",\"@id\":\"https:\\\/\\\/www.subaru.es\\\/blog\\\/#\\\/schema\\\/logo\\\/image\\\/\",\"url\":\"https:\\\/\\\/www.subaru.es\\\/blog\\\/wp-content\\\/uploads\\\/2016\\\/12\\\/Logo-Subaru-TypeV_C300-scaled.jpg\",\"contentUrl\":\"https:\\\/\\\/www.subaru.es\\\/blog\\\/wp-content\\\/uploads\\\/2016\\\/12\\\/Logo-Subaru-TypeV_C300-scaled.jpg\",\"width\":2560,\"height\":1864,\"caption\":\"Subaru Espa\u00f1a S.A.\"},\"image\":{\"@id\":\"https:\\\/\\\/www.subaru.es\\\/blog\\\/#\\\/schema\\\/logo\\\/image\\\/\"},\"sameAs\":[\"https:\\\/\\\/www.facebook.com\\\/subaruespana\",\"https:\\\/\\\/www.instagram.com\\\/subarues\\\/\",\"https:\\\/\\\/www.youtube.com\\\/user\\\/subaruespana\"]},{\"@type\":\"Person\",\"@id\":\"https:\\\/\\\/www.subaru.es\\\/blog\\\/#\\\/schema\\\/person\\\/19a90b892230b8e0ec752704ddf4aa10\",\"name\":\"Subaru\",\"url\":\"https:\\\/\\\/www.subaru.es\\\/blog\\\/author\\\/subaria\\\/\"}]}<\/script>\n<!-- \/ Yoast SEO plugin. -->","yoast_head_json":{"title":"NINCO presenta el Subaru WRC conmemorativo del RallyRACC Catalunya 2007 - Universo Subaru","robots":{"index":"index","follow":"follow","max-snippet":"max-snippet:-1","max-image-preview":"max-image-preview:large","max-video-preview":"max-video-preview:-1"},"canonical":"https:\/\/www.subaru.es\/blog\/nuestra-marca\/ninco-presenta-el-subaru-wrc-conmemorativo-del-rallyracc-catalunya-2007\/","og_locale":"es_ES","og_type":"article","og_title":"NINCO presenta el Subaru WRC conmemorativo del RallyRACC Catalunya 2007 - Universo Subaru","og_description":"Ninco tiene ya el coche conmemorativo del RallyRACC Catalunya. Se trata del Subaru Impreza WRC, una r\u00e9plica a escala del veh\u00edculo de moda en las competiciones de slot de esta temporada. Y por cierto, el RallySlot Catalunya-Costa Daurada tuvo lugar en Salou paralelamente a su hermano mayor, los d\u00edas 4, 5, 6 y 7 de [&hellip;]","og_url":"https:\/\/www.subaru.es\/blog\/nuestra-marca\/ninco-presenta-el-subaru-wrc-conmemorativo-del-rallyracc-catalunya-2007\/","og_site_name":"Universo Subaru","article_publisher":"https:\/\/www.facebook.com\/subaruespana","article_published_time":"2007-10-14T09:26:12+00:00","article_modified_time":"2016-10-17T08:48:26+00:00","og_image":[{"width":350,"height":219,"url":"https:\/\/www.subaru.es\/blog\/wp-content\/uploads\/2007\/10\/ninco.jpg","type":"image\/jpeg"}],"author":"Subaru","twitter_card":"summary_large_image","twitter_misc":{"Escrito por":"Subaru","Tiempo de lectura":"1 minuto"},"schema":{"@context":"https:\/\/schema.org","@graph":[{"@type":"Article","@id":"https:\/\/www.subaru.es\/blog\/nuestra-marca\/ninco-presenta-el-subaru-wrc-conmemorativo-del-rallyracc-catalunya-2007\/#article","isPartOf":{"@id":"https:\/\/www.subaru.es\/blog\/nuestra-marca\/ninco-presenta-el-subaru-wrc-conmemorativo-del-rallyracc-catalunya-2007\/"},"author":{"name":"Subaru","@id":"https:\/\/www.subaru.es\/blog\/#\/schema\/person\/19a90b892230b8e0ec752704ddf4aa10"},"headline":"NINCO presenta el Subaru WRC conmemorativo del RallyRACC Catalunya 2007","datePublished":"2007-10-14T09:26:12+00:00","dateModified":"2016-10-17T08:48:26+00:00","mainEntityOfPage":{"@id":"https:\/\/www.subaru.es\/blog\/nuestra-marca\/ninco-presenta-el-subaru-wrc-conmemorativo-del-rallyracc-catalunya-2007\/"},"wordCount":147,"commentCount":0,"publisher":{"@id":"https:\/\/www.subaru.es\/blog\/#organization"},"image":{"@id":"https:\/\/www.subaru.es\/blog\/nuestra-marca\/ninco-presenta-el-subaru-wrc-conmemorativo-del-rallyracc-catalunya-2007\/#primaryimage"},"thumbnailUrl":"https:\/\/www.subaru.es\/blog\/wp-content\/uploads\/2007\/10\/ninco.jpg","articleSection":["Nuestra marca"],"inLanguage":"es","potentialAction":[{"@type":"CommentAction","name":"Comment","target":["https:\/\/www.subaru.es\/blog\/nuestra-marca\/ninco-presenta-el-subaru-wrc-conmemorativo-del-rallyracc-catalunya-2007\/#respond"]}]},{"@type":"WebPage","@id":"https:\/\/www.subaru.es\/blog\/nuestra-marca\/ninco-presenta-el-subaru-wrc-conmemorativo-del-rallyracc-catalunya-2007\/","url":"https:\/\/www.subaru.es\/blog\/nuestra-marca\/ninco-presenta-el-subaru-wrc-conmemorativo-del-rallyracc-catalunya-2007\/","name":"NINCO presenta el Subaru WRC conmemorativo del RallyRACC Catalunya 2007 - Universo Subaru","isPartOf":{"@id":"https:\/\/www.subaru.es\/blog\/#website"},"primaryImageOfPage":{"@id":"https:\/\/www.subaru.es\/blog\/nuestra-marca\/ninco-presenta-el-subaru-wrc-conmemorativo-del-rallyracc-catalunya-2007\/#primaryimage"},"image":{"@id":"https:\/\/www.subaru.es\/blog\/nuestra-marca\/ninco-presenta-el-subaru-wrc-conmemorativo-del-rallyracc-catalunya-2007\/#primaryimage"},"thumbnailUrl":"https:\/\/www.subaru.es\/blog\/wp-content\/uploads\/2007\/10\/ninco.jpg","datePublished":"2007-10-14T09:26:12+00:00","dateModified":"2016-10-17T08:48:26+00:00","breadcrumb":{"@id":"https:\/\/www.subaru.es\/blog\/nuestra-marca\/ninco-presenta-el-subaru-wrc-conmemorativo-del-rallyracc-catalunya-2007\/#breadcrumb"},"inLanguage":"es","potentialAction":[{"@type":"ReadAction","target":["https:\/\/www.subaru.es\/blog\/nuestra-marca\/ninco-presenta-el-subaru-wrc-conmemorativo-del-rallyracc-catalunya-2007\/"]}]},{"@type":"ImageObject","inLanguage":"es","@id":"https:\/\/www.subaru.es\/blog\/nuestra-marca\/ninco-presenta-el-subaru-wrc-conmemorativo-del-rallyracc-catalunya-2007\/#primaryimage","url":"https:\/\/www.subaru.es\/blog\/wp-content\/uploads\/2007\/10\/ninco.jpg","contentUrl":"https:\/\/www.subaru.es\/blog\/wp-content\/uploads\/2007\/10\/ninco.jpg","width":350,"height":219},{"@type":"BreadcrumbList","@id":"https:\/\/www.subaru.es\/blog\/nuestra-marca\/ninco-presenta-el-subaru-wrc-conmemorativo-del-rallyracc-catalunya-2007\/#breadcrumb","itemListElement":[{"@type":"ListItem","position":1,"name":"Portada","item":"https:\/\/www.subaru.es\/blog\/"},{"@type":"ListItem","position":2,"name":"NINCO presenta el Subaru WRC conmemorativo del RallyRACC Catalunya 2007"}]},{"@type":"WebSite","@id":"https:\/\/www.subaru.es\/blog\/#website","url":"https:\/\/www.subaru.es\/blog\/","name":"Universo Subaru","description":"Descubre este apasionante espacio de Subaru donde vas a conocer todo sobre nuestros coches y las experiencias que vivimos con ellos. Si est\u00e1s preparado para dejarte seducir por la filosof\u00eda Subaru, qu\u00e9date con nosotros.","publisher":{"@id":"https:\/\/www.subaru.es\/blog\/#organization"},"potentialAction":[{"@type":"SearchAction","target":{"@type":"EntryPoint","urlTemplate":"https:\/\/www.subaru.es\/blog\/?s={search_term_string}"},"query-input":{"@type":"PropertyValueSpecification","valueRequired":true,"valueName":"search_term_string"}}],"inLanguage":"es"},{"@type":"Organization","@id":"https:\/\/www.subaru.es\/blog\/#organization","name":"Subaru Espa\u00f1a S.A.","url":"https:\/\/www.subaru.es\/blog\/","logo":{"@type":"ImageObject","inLanguage":"es","@id":"https:\/\/www.subaru.es\/blog\/#\/schema\/logo\/image\/","url":"https:\/\/www.subaru.es\/blog\/wp-content\/uploads\/2016\/12\/Logo-Subaru-TypeV_C300-scaled.jpg","contentUrl":"https:\/\/www.subaru.es\/blog\/wp-content\/uploads\/2016\/12\/Logo-Subaru-TypeV_C300-scaled.jpg","width":2560,"height":1864,"caption":"Subaru Espa\u00f1a S.A."},"image":{"@id":"https:\/\/www.subaru.es\/blog\/#\/schema\/logo\/image\/"},"sameAs":["https:\/\/www.facebook.com\/subaruespana","https:\/\/www.instagram.com\/subarues\/","https:\/\/www.youtube.com\/user\/subaruespana"]},{"@type":"Person","@id":"https:\/\/www.subaru.es\/blog\/#\/schema\/person\/19a90b892230b8e0ec752704ddf4aa10","name":"Subaru","url":"https:\/\/www.subaru.es\/blog\/author\/subaria\/"}]}},"_links":{"self":[{"href":"https:\/\/www.subaru.es\/blog\/wp-json\/wp\/v2\/posts\/255","targetHints":{"allow":["GET"]}}],"collection":[{"href":"https:\/\/www.subaru.es\/blog\/wp-json\/wp\/v2\/posts"}],"about":[{"href":"https:\/\/www.subaru.es\/blog\/wp-json\/wp\/v2\/types\/post"}],"author":[{"embeddable":true,"href":"https:\/\/www.subaru.es\/blog\/wp-json\/wp\/v2\/users\/21"}],"replies":[{"embeddable":true,"href":"https:\/\/www.subaru.es\/blog\/wp-json\/wp\/v2\/comments?post=255"}],"version-history":[{"count":0,"href":"https:\/\/www.subaru.es\/blog\/wp-json\/wp\/v2\/posts\/255\/revisions"}],"wp:featuredmedia":[{"embeddable":true,"href":"https:\/\/www.subaru.es\/blog\/wp-json\/wp\/v2\/media\/256"}],"wp:attachment":[{"href":"https:\/\/www.subaru.es\/blog\/wp-json\/wp\/v2\/media?parent=255"}],"wp:term":[{"taxonomy":"category","embeddable":true,"href":"https:\/\/www.subaru.es\/blog\/wp-json\/wp\/v2\/categories?post=255"},{"taxonomy":"post_tag","embeddable":true,"href":"https:\/\/www.subaru.es\/blog\/wp-json\/wp\/v2\/tags?post=255"}],"curies":[{"name":"wp","href":"https:\/\/api.w.org\/{rel}","templated":true}]}}