{"id":25024,"date":"2025-06-23T16:50:53","date_gmt":"2025-06-23T14:50:53","guid":{"rendered":"https:\/\/www.subaru.es\/blog\/?p=25024"},"modified":"2025-06-24T10:02:01","modified_gmt":"2025-06-24T08:02:01","slug":"nuevo-subaru-forester-2025-look-y-experiencia-renovada-al-volante","status":"publish","type":"post","link":"https:\/\/www.subaru.es\/blog\/nuestra-marca\/nuevo-subaru-forester-2025-look-y-experiencia-renovada-al-volante\/","title":{"rendered":"Nuevo Subaru Forester 2025: Look y experiencia renovada al volante"},"content":{"rendered":"\n<p class=\"has-text-align-center\"><em><em><em>\u00bfListos para descubrir la \u00faltima generaci\u00f3n de un cl\u00e1sico que nunca pasa de moda? El Subaru Forester 2025 ya est\u00e1 aqu\u00ed. Con una apariencia evolucionada, mantiene intacta la esencia que lo ha convertido en el compa\u00f1ero ideal para quienes buscan aventura, seguridad y confort en cada trayecto.<\/em><\/em><\/em><\/p>\n\n\n\n<div style=\"height:20px\" aria-hidden=\"true\" class=\"wp-block-spacer\"><\/div>\n\n\n<div class=\"wp-block-image\">\n<figure class=\"aligncenter size-full\"><img decoding=\"async\" width=\"631\" height=\"332\" data-src=\"https:\/\/www.subaru.es\/blog\/wp-content\/uploads\/2025\/06\/Nuevo-forester-1.jpg\" alt=\"\" class=\"wp-image-25029 lazyload\" data-srcset=\"https:\/\/www.subaru.es\/blog\/wp-content\/uploads\/2025\/06\/Nuevo-forester-1.jpg 631w, https:\/\/www.subaru.es\/blog\/wp-content\/uploads\/2025\/06\/Nuevo-forester-1-560x295.jpg 560w\" data-sizes=\"(max-width: 631px) 100vw, 631px\" src=\"data:image\/svg+xml;base64,PHN2ZyB3aWR0aD0iMSIgaGVpZ2h0PSIxIiB4bWxucz0iaHR0cDovL3d3dy53My5vcmcvMjAwMC9zdmciPjwvc3ZnPg==\" style=\"--smush-placeholder-width: 631px; --smush-placeholder-aspect-ratio: 631\/332;\" \/><\/figure>\n<\/div>\n\n\n<h2 class=\"wp-block-heading\"><br><strong>Innovaci\u00f3n y sofisticaci\u00f3n: nuevo dise\u00f1o exterior e interior<\/strong><\/h2>\n\n\n\n<p>El Forester 2025 presenta una imagen completamente renovada que combina robustez y elegancia. Su nueva parrilla frontal, acompa\u00f1ada de faros LED redise\u00f1ados y l\u00edneas m\u00e1s marcadas, le otorgan una presencia imponente en la carretera y fuera de ella. Adem\u00e1s, los detalles en negro y las llantas de aleaci\u00f3n de 18 y 19 pulgadas refuerzan el car\u00e1cter aventurero de siempre.<\/p>\n\n\n\n<p>Hemos actualizado el habit\u00e1culo para ofrecer una experiencia m\u00e1s c\u00f3moda y moderna. Los materiales de alta calidad, junto con un dise\u00f1o ergon\u00f3mico, crean un ambiente acogedor para todos los viajeros, ya sean ni\u00f1os o adultos. Adem\u00e1s, hemos incorporado una pantalla t\u00e1ctil de 11,6 pulgadas y un sistema de infoentretenimiento m\u00e1s intuitivo que facilita la conectividad y el acceso a las funciones de entretenimiento, navegaci\u00f3n y gesti\u00f3n del veh\u00edculo.<\/p>\n\n\n\n<h3 class=\"wp-block-heading\"><br>Tecnolog\u00eda y conectividad: Un paso adelante en la experiencia de conducci\u00f3n<\/h3>\n\n\n\n<p>El nuevo Forester 2025 integra <a href=\"https:\/\/www.subaru.es\/porque-subaru\/tecnologia-japonesa\">avances tecnol\u00f3gicos<\/a> que buscan elevar la experiencia al volante. Adem\u00e1s, la seguridad sigue siendo un <em>must<\/em> para nosotros: hemos actualizado nuestro sistema de asistencia al conductor: nuestro asistente <a href=\"https:\/\/www.subaru.es\/blog\/nuestra-marca\/sistema-eyesight-4-0-nuevas-funcionalidades\/\">EyeSight<\/a> que siempre ha ayudado a evitar accidentes cuenta ahora con una mayor precisi\u00f3n en la detecci\u00f3n de obst\u00e1culos y peatones, alertando, esquivando y frenando en casos de peligro, lo que contribuye a una conducci\u00f3n m\u00e1s segura para todos los ocupantes.<\/p>\n\n\n\n<p>La conectividad se ha optimizado con la inclusi\u00f3n de compatibilidad con Apple CarPlay y Android Auto inal\u00e1mbricos, permitiendo una integraci\u00f3n fluida de tu smartphone con el sistema del veh\u00edculo. La carga sin cables y los m\u00faltiples puertos USB aseguran que todos tus dispositivos est\u00e9n siempre listos para tu aventura.<\/p>\n\n\n\n<div style=\"height:20px\" aria-hidden=\"true\" class=\"wp-block-spacer\"><\/div>\n\n\n<div class=\"wp-block-image\">\n<figure class=\"aligncenter size-full\"><img decoding=\"async\" width=\"631\" height=\"332\" data-src=\"https:\/\/www.subaru.es\/blog\/wp-content\/uploads\/2025\/06\/Nuevo-forester-2.jpg\" alt=\"\" class=\"wp-image-25028 lazyload\" data-srcset=\"https:\/\/www.subaru.es\/blog\/wp-content\/uploads\/2025\/06\/Nuevo-forester-2.jpg 631w, https:\/\/www.subaru.es\/blog\/wp-content\/uploads\/2025\/06\/Nuevo-forester-2-560x295.jpg 560w\" data-sizes=\"(max-width: 631px) 100vw, 631px\" src=\"data:image\/svg+xml;base64,PHN2ZyB3aWR0aD0iMSIgaGVpZ2h0PSIxIiB4bWxucz0iaHR0cDovL3d3dy53My5vcmcvMjAwMC9zdmciPjwvc3ZnPg==\" style=\"--smush-placeholder-width: 631px; --smush-placeholder-aspect-ratio: 631\/332;\" \/><\/figure>\n<\/div>\n\n\n<h3 class=\"wp-block-heading\"><br>Rendimiento y seguridad: la esencia de Subaru permanece intacta<\/h3>\n\n\n\n<p>Fiel a s\u00ed mismo, el Forester 2025 contin\u00faa ofreciendo un rendimiento fiable y una <a href=\"https:\/\/www.subaru.es\/porque-subaru\/seguridad\">seguridad<\/a> excepcional. Equipado con el sistema de <a href=\"https:\/\/www.subaru.es\/blog\/nuestra-marca\/subaru-lab-la-traccion-integral-simetrica-awd\/\">tracci\u00f3n total sim\u00e9trica<\/a> (Symmetrical All-Wheel Drive) y el <a href=\"https:\/\/www.subaru.es\/blog\/nuestra-marca\/motor-hibrido-subaru-e-boxer-potencia-eficiencia-y-seguridad\/\">motor e-Boxer<\/a>, proporciona una conducci\u00f3n estable y segura ante las posibles <a href=\"https:\/\/www.subaru.es\/blog\/subaru-lifestyle\/el-hielo-y-la-nieve-a-bordo-de-subaru-forester\/\">condiciones adversas <\/a>del terreno.<\/p>\n\n\n\n<p>La <a href=\"https:\/\/www.subaru.es\/blog\/nuestra-marca\/plataforma-global-de-subaru-seguridad-espacio-y-diversion\/\">plataforma global de Subaru<\/a> vigente desde el 2017, ha sido mejorada para incrementar la rigidez estructural y la absorci\u00f3n de impactos, aumentando la protecci\u00f3n de los ocupantes. Adem\u00e1s, funciones como el control de descenso en pendientes y el <a href=\"https:\/\/www.subaru.es\/blog\/nuestra-marca\/subaru-lab-x-mode-para-ir-comodamente-por-cualquier-terreno\/\">X-Mode<\/a>, que optimiza la tracci\u00f3n en terrenos dif\u00edciles, refuerza tanto la seguridad pasiva, como la activa, evitando accidentes o aminorando su severidad. Como resultado contamos con las 5 estrellas <a href=\"https:\/\/www.euroncapdummy.com\/que-es-euroncap\/que-significan-las-estrellas-de-euroncap\/\">EuroNCAP<\/a>, lo que refuerza la excelencia de la protecci\u00f3n a los ocupantes de nuestros veh\u00edculos.<\/p>\n\n\n\n<h3 class=\"wp-block-heading\"><br>Opciones de acabado: Active, Field y Touring<\/h3>\n\n\n\n<p>El nuevo Subaru Forester 2025 ofrece tres niveles de acabado en el mercado europeo: Active, Field y Touring. Te contamos brevemente en qu\u00e9 se diferencian:<\/p>\n\n\n\n<p><strong>Active<\/strong>: Este acabado proporciona una base s\u00f3lida con un equipamiento completo que incluye llave inteligente con entrada y arranque, climatizador autom\u00e1tico bi-zona y pantalla t\u00e1ctil de 11,6 pulgadas compatible con Apple CarPlay y Android Auto inal\u00e1mbrico. Adem\u00e1s, cuenta con llantas de aleaci\u00f3n de 18 pulgadas, c\u00e1mara de visi\u00f3n trasera y retrovisores calefactables con funci\u00f3n antiempa\u00f1amiento, plegado el\u00e9ctrico y detecci\u00f3n de \u00e1ngulo muerto.<\/p>\n\n\n\n<div style=\"height:20px\" aria-hidden=\"true\" class=\"wp-block-spacer\"><\/div>\n\n\n<div class=\"wp-block-image\">\n<figure class=\"aligncenter size-full\"><img decoding=\"async\" width=\"631\" height=\"332\" data-src=\"https:\/\/www.subaru.es\/blog\/wp-content\/uploads\/2025\/06\/Nuevo-forester-3.jpg\" alt=\"\" class=\"wp-image-25026 lazyload\" data-srcset=\"https:\/\/www.subaru.es\/blog\/wp-content\/uploads\/2025\/06\/Nuevo-forester-3.jpg 631w, https:\/\/www.subaru.es\/blog\/wp-content\/uploads\/2025\/06\/Nuevo-forester-3-560x295.jpg 560w\" data-sizes=\"(max-width: 631px) 100vw, 631px\" src=\"data:image\/svg+xml;base64,PHN2ZyB3aWR0aD0iMSIgaGVpZ2h0PSIxIiB4bWxucz0iaHR0cDovL3d3dy53My5vcmcvMjAwMC9zdmciPjwvc3ZnPg==\" style=\"--smush-placeholder-width: 631px; --smush-placeholder-aspect-ratio: 631\/332;\" \/><\/figure>\n<\/div>\n\n\n<div style=\"height:21px\" aria-hidden=\"true\" class=\"wp-block-spacer\"><\/div>\n\n\n\n<p><strong>Field<\/strong>: Adem\u00e1s de las caracter\u00edsticas del Active, el acabado Field a\u00f1ade elementos que mejoran el confort como un sistema de visi\u00f3n general panor\u00e1mica, ventanillas traseras y luneta tintadas. Esto se completa junto al asistente de luces de carretera (HBA), retrovisores calefactables con plegado el\u00e9ctrico autom\u00e1tico y un port\u00f3n trasero el\u00e9ctrico con funci\u00f3n manos libres y espejo retrovisor con antideslumbramiento autom\u00e1tico.<\/p>\n\n\n\n<p><strong>Touring<\/strong>: Estamos ante el acabado m\u00e1s completo. Incorpora todo lo anterior y suma detalles premium como un techo solar autom\u00e1tico, volante calefactado, tapicer\u00eda de cuero, asientos traseros calefactados y palanca de cambios revestida en cuero.<\/p>\n\n\n\n<div style=\"height:20px\" aria-hidden=\"true\" class=\"wp-block-spacer\"><\/div>\n\n\n<div class=\"wp-block-image\">\n<figure class=\"aligncenter size-full\"><img decoding=\"async\" width=\"631\" height=\"332\" data-src=\"https:\/\/www.subaru.es\/blog\/wp-content\/uploads\/2025\/06\/Nuevo-forester-4.jpg\" alt=\"\" class=\"wp-image-25027 lazyload\" data-srcset=\"https:\/\/www.subaru.es\/blog\/wp-content\/uploads\/2025\/06\/Nuevo-forester-4.jpg 631w, https:\/\/www.subaru.es\/blog\/wp-content\/uploads\/2025\/06\/Nuevo-forester-4-560x295.jpg 560w\" data-sizes=\"(max-width: 631px) 100vw, 631px\" src=\"data:image\/svg+xml;base64,PHN2ZyB3aWR0aD0iMSIgaGVpZ2h0PSIxIiB4bWxucz0iaHR0cDovL3d3dy53My5vcmcvMjAwMC9zdmciPjwvc3ZnPg==\" style=\"--smush-placeholder-width: 631px; --smush-placeholder-aspect-ratio: 631\/332;\" \/><\/figure>\n<\/div>\n\n\n<div style=\"height:21px\" aria-hidden=\"true\" class=\"wp-block-spacer\"><\/div>\n\n\n\n<p>\u00bfListo para elegir el Forester que mejor se adapta a ti? Te invitamos a visitar nuestro<a href=\"https:\/\/www.subaru.es\/configurador\/forester\/2-hibrido\"> <\/a><a href=\"https:\/\/www.subaru.es\/configurador\/forester\/2-hibrido\">configurador en l\u00ednea<\/a> para explorar todas las opciones y encontrar el modelo perfecto que mejor se adapte a tus necesidades. Adem\u00e1s, puedes consultar el<a href=\"https:\/\/www.subaru.es\/upload\/modelos\/forester-2025\/Catalogo_Forester_MY25.pdf\"> <\/a><a href=\"https:\/\/www.subaru.es\/upload\/modelos\/forester-2025\/Catalogo_Forester_MY25.pdf\">cat\u00e1logo completo del Forester 2025<\/a> para obtener informaci\u00f3n detallada sobre cada acabado y sus caracter\u00edsticas.<\/p>\n\n\n\n<p>\u00bfTe gustar\u00eda conocer m\u00e1s detalles o <a href=\"https:\/\/www.subaru.es\/prueba-vehiculo\">agendar una prueba de conducci\u00f3n<\/a>? \u00a1No dudes en <a href=\"https:\/\/www.subaru.es\/concesionarios-talleres\">visitar tu concesionario Subaru m\u00e1s cercano<\/a> y experimentar por ti mismo todo lo que el nuevo Forester 2025 tiene para ofrecerte! \u00a1Estamos aqu\u00ed para ayudarte a encontrar el Subaru de tus sue\u00f1os!<\/p>\n\n\n\n<div style=\"height:20px\" aria-hidden=\"true\" class=\"wp-block-spacer\"><\/div>\n\n\n\n<h3 class=\"wp-block-heading\">BIBLIOGRAF\u00cdA<\/h3>\n\n\n\n<ol class=\"wp-block-list\" start=\"1\">\n<li><a href=\"https:\/\/www.subaru.es\/\"><strong>Web de Subaru<\/strong><\/a><strong><\/strong><\/li>\n\n\n\n<li><strong><u><a href=\"https:\/\/www.quecochemecompro.com\/precios\/subaru-forester\/acabados\/\">https:\/\/www.quecochemecompro.com\/precios\/subaru-forester\/acabados\/<\/a><\/u><\/strong><\/li>\n\n\n\n<li><strong><u><a href=\"https:\/\/www.coches.net\/noticias\/nuevo-subaru-forester-2025\">https:\/\/www.coches.net\/noticias\/nuevo-subaru-forester-2025<\/a><\/u><\/strong><\/li>\n\n\n\n<li><strong><u><a href=\"https:\/\/www.subaru.es\/upload\/modelos\/forester-2025\/Catalogo_Forester_MY25.pdf\">https:\/\/www.subaru.es\/\/upload\/modelos\/forester-2025\/Catalogo_Forester_MY25.pdf<\/a><\/u><\/strong><\/li>\n<\/ol>\n","protected":false},"excerpt":{"rendered":"<p>\u00bfListos para descubrir la \u00faltima generaci\u00f3n de un cl\u00e1sico que nunca pasa de moda? El Subaru Forester 2025 ya est\u00e1 aqu\u00ed. Con una apariencia evolucionada, mantiene intacta la esencia que lo ha convertido en el compa\u00f1ero ideal para quienes buscan aventura, seguridad y confort en cada trayecto. Innovaci\u00f3n y sofisticaci\u00f3n: nuevo dise\u00f1o exterior e interior [&hellip;]<\/p>\n","protected":false},"author":7,"featured_media":24982,"comment_status":"open","ping_status":"closed","sticky":false,"template":"","format":"standard","meta":{"_acf_changed":false,"_eb_attr":"","inline_featured_image":false,"footnotes":""},"categories":[4401],"tags":[4405,4397,17,5004,3124,4394,13,5499,5005,5013,3162,4390,491,4213],"class_list":["post-25024","post","type-post","status-publish","format-standard","has-post-thumbnail","hentry","category-nuestra-marca","tag-all-around-safety","tag-aventura","tag-awd","tag-e-boxer","tag-escapadas","tag-eyesight","tag-forester","tag-forester-2025-2","tag-gama-hibrida-subaru","tag-gama-suv-subaru","tag-naturaleza","tag-subaru","tag-subaru-forester","tag-x-mode"],"acf":[],"yoast_head":"<!-- This site is optimized with the Yoast SEO plugin v27.3 - https:\/\/yoast.com\/product\/yoast-seo-wordpress\/ -->\n<title>Nuevo Subaru Forester 2025: Look y experiencia renovada al volante - Universo Subaru<\/title>\n<meta name=\"description\" content=\"El Nuevo Subaru Forester ya est\u00e1 aqu\u00ed, descubre la \u00faltima generaci\u00f3n de un cl\u00e1sico de la seguridad y la aventura que nunca pasa de moda.\" \/>\n<meta name=\"robots\" content=\"index, follow, max-snippet:-1, max-image-preview:large, max-video-preview:-1\" \/>\n<link rel=\"canonical\" href=\"https:\/\/www.subaru.es\/blog\/nuestra-marca\/nuevo-subaru-forester-2025-look-y-experiencia-renovada-al-volante\/\" \/>\n<meta property=\"og:locale\" content=\"es_ES\" \/>\n<meta property=\"og:type\" content=\"article\" \/>\n<meta property=\"og:title\" content=\"Nuevo Subaru Forester 2025: Look y experiencia renovada al volante - Universo Subaru\" \/>\n<meta property=\"og:description\" content=\"El Nuevo Subaru Forester ya est\u00e1 aqu\u00ed, descubre la \u00faltima generaci\u00f3n de un cl\u00e1sico de la seguridad y la aventura que nunca pasa de moda.\" \/>\n<meta property=\"og:url\" content=\"https:\/\/www.subaru.es\/blog\/nuestra-marca\/nuevo-subaru-forester-2025-look-y-experiencia-renovada-al-volante\/\" \/>\n<meta property=\"og:site_name\" content=\"Universo Subaru\" \/>\n<meta property=\"article:publisher\" content=\"https:\/\/www.facebook.com\/subaruespana\" \/>\n<meta property=\"article:published_time\" content=\"2025-06-23T14:50:53+00:00\" \/>\n<meta property=\"article:modified_time\" content=\"2025-06-24T08:02:01+00:00\" \/>\n<meta property=\"og:image\" content=\"https:\/\/www.subaru.es\/blog\/wp-content\/uploads\/2025\/04\/escapadas-finde-primavera_cover.jpg\" \/>\n\t<meta property=\"og:image:width\" content=\"1500\" \/>\n\t<meta property=\"og:image:height\" content=\"746\" \/>\n\t<meta property=\"og:image:type\" content=\"image\/jpeg\" \/>\n<meta name=\"author\" content=\"subaru\" \/>\n<meta name=\"twitter:card\" content=\"summary_large_image\" \/>\n<meta name=\"twitter:label1\" content=\"Escrito por\" \/>\n\t<meta name=\"twitter:data1\" content=\"subaru\" \/>\n\t<meta name=\"twitter:label2\" content=\"Tiempo de lectura\" \/>\n\t<meta name=\"twitter:data2\" content=\"5 minutos\" \/>\n<script type=\"application\/ld+json\" class=\"yoast-schema-graph\">{\"@context\":\"https:\\\/\\\/schema.org\",\"@graph\":[{\"@type\":\"Article\",\"@id\":\"https:\\\/\\\/www.subaru.es\\\/blog\\\/nuestra-marca\\\/nuevo-subaru-forester-2025-look-y-experiencia-renovada-al-volante\\\/#article\",\"isPartOf\":{\"@id\":\"https:\\\/\\\/www.subaru.es\\\/blog\\\/nuestra-marca\\\/nuevo-subaru-forester-2025-look-y-experiencia-renovada-al-volante\\\/\"},\"author\":{\"name\":\"subaru\",\"@id\":\"https:\\\/\\\/www.subaru.es\\\/blog\\\/#\\\/schema\\\/person\\\/02071ea4ab2ae717c76e2fd6fae5da80\"},\"headline\":\"Nuevo Subaru Forester 2025: Look y experiencia renovada al volante\",\"datePublished\":\"2025-06-23T14:50:53+00:00\",\"dateModified\":\"2025-06-24T08:02:01+00:00\",\"mainEntityOfPage\":{\"@id\":\"https:\\\/\\\/www.subaru.es\\\/blog\\\/nuestra-marca\\\/nuevo-subaru-forester-2025-look-y-experiencia-renovada-al-volante\\\/\"},\"wordCount\":853,\"commentCount\":0,\"publisher\":{\"@id\":\"https:\\\/\\\/www.subaru.es\\\/blog\\\/#organization\"},\"image\":{\"@id\":\"https:\\\/\\\/www.subaru.es\\\/blog\\\/nuestra-marca\\\/nuevo-subaru-forester-2025-look-y-experiencia-renovada-al-volante\\\/#primaryimage\"},\"thumbnailUrl\":\"https:\\\/\\\/www.subaru.es\\\/blog\\\/wp-content\\\/uploads\\\/2025\\\/04\\\/escapadas-finde-primavera_cover.jpg\",\"keywords\":[\"all around safety\",\"Aventura\",\"awd\",\"E-BOXER\",\"Escapadas\",\"EyeSight\",\"forester\",\"Forester 2025\",\"gama h\u00edbrida Subaru\",\"gama SUV subaru\",\"Naturaleza\",\"Subaru\",\"subaru forester\",\"X-MODE\"],\"articleSection\":[\"Nuestra marca\"],\"inLanguage\":\"es\",\"potentialAction\":[{\"@type\":\"CommentAction\",\"name\":\"Comment\",\"target\":[\"https:\\\/\\\/www.subaru.es\\\/blog\\\/nuestra-marca\\\/nuevo-subaru-forester-2025-look-y-experiencia-renovada-al-volante\\\/#respond\"]}]},{\"@type\":\"WebPage\",\"@id\":\"https:\\\/\\\/www.subaru.es\\\/blog\\\/nuestra-marca\\\/nuevo-subaru-forester-2025-look-y-experiencia-renovada-al-volante\\\/\",\"url\":\"https:\\\/\\\/www.subaru.es\\\/blog\\\/nuestra-marca\\\/nuevo-subaru-forester-2025-look-y-experiencia-renovada-al-volante\\\/\",\"name\":\"Nuevo Subaru Forester 2025: Look y experiencia renovada al volante - Universo Subaru\",\"isPartOf\":{\"@id\":\"https:\\\/\\\/www.subaru.es\\\/blog\\\/#website\"},\"primaryImageOfPage\":{\"@id\":\"https:\\\/\\\/www.subaru.es\\\/blog\\\/nuestra-marca\\\/nuevo-subaru-forester-2025-look-y-experiencia-renovada-al-volante\\\/#primaryimage\"},\"image\":{\"@id\":\"https:\\\/\\\/www.subaru.es\\\/blog\\\/nuestra-marca\\\/nuevo-subaru-forester-2025-look-y-experiencia-renovada-al-volante\\\/#primaryimage\"},\"thumbnailUrl\":\"https:\\\/\\\/www.subaru.es\\\/blog\\\/wp-content\\\/uploads\\\/2025\\\/04\\\/escapadas-finde-primavera_cover.jpg\",\"datePublished\":\"2025-06-23T14:50:53+00:00\",\"dateModified\":\"2025-06-24T08:02:01+00:00\",\"description\":\"El Nuevo Subaru Forester ya est\u00e1 aqu\u00ed, descubre la \u00faltima generaci\u00f3n de un cl\u00e1sico de la seguridad y la aventura que nunca pasa de moda.\",\"breadcrumb\":{\"@id\":\"https:\\\/\\\/www.subaru.es\\\/blog\\\/nuestra-marca\\\/nuevo-subaru-forester-2025-look-y-experiencia-renovada-al-volante\\\/#breadcrumb\"},\"inLanguage\":\"es\",\"potentialAction\":[{\"@type\":\"ReadAction\",\"target\":[\"https:\\\/\\\/www.subaru.es\\\/blog\\\/nuestra-marca\\\/nuevo-subaru-forester-2025-look-y-experiencia-renovada-al-volante\\\/\"]}]},{\"@type\":\"ImageObject\",\"inLanguage\":\"es\",\"@id\":\"https:\\\/\\\/www.subaru.es\\\/blog\\\/nuestra-marca\\\/nuevo-subaru-forester-2025-look-y-experiencia-renovada-al-volante\\\/#primaryimage\",\"url\":\"https:\\\/\\\/www.subaru.es\\\/blog\\\/wp-content\\\/uploads\\\/2025\\\/04\\\/escapadas-finde-primavera_cover.jpg\",\"contentUrl\":\"https:\\\/\\\/www.subaru.es\\\/blog\\\/wp-content\\\/uploads\\\/2025\\\/04\\\/escapadas-finde-primavera_cover.jpg\",\"width\":1500,\"height\":746},{\"@type\":\"BreadcrumbList\",\"@id\":\"https:\\\/\\\/www.subaru.es\\\/blog\\\/nuestra-marca\\\/nuevo-subaru-forester-2025-look-y-experiencia-renovada-al-volante\\\/#breadcrumb\",\"itemListElement\":[{\"@type\":\"ListItem\",\"position\":1,\"name\":\"Portada\",\"item\":\"https:\\\/\\\/www.subaru.es\\\/blog\\\/\"},{\"@type\":\"ListItem\",\"position\":2,\"name\":\"Nuevo Subaru Forester 2025: Look y experiencia renovada al volante\"}]},{\"@type\":\"WebSite\",\"@id\":\"https:\\\/\\\/www.subaru.es\\\/blog\\\/#website\",\"url\":\"https:\\\/\\\/www.subaru.es\\\/blog\\\/\",\"name\":\"Universo Subaru\",\"description\":\"Descubre este apasionante espacio de Subaru donde vas a conocer todo sobre nuestros coches y las experiencias que vivimos con ellos. Si est\u00e1s preparado para dejarte seducir por la filosof\u00eda Subaru, qu\u00e9date con nosotros.\",\"publisher\":{\"@id\":\"https:\\\/\\\/www.subaru.es\\\/blog\\\/#organization\"},\"potentialAction\":[{\"@type\":\"SearchAction\",\"target\":{\"@type\":\"EntryPoint\",\"urlTemplate\":\"https:\\\/\\\/www.subaru.es\\\/blog\\\/?s={search_term_string}\"},\"query-input\":{\"@type\":\"PropertyValueSpecification\",\"valueRequired\":true,\"valueName\":\"search_term_string\"}}],\"inLanguage\":\"es\"},{\"@type\":\"Organization\",\"@id\":\"https:\\\/\\\/www.subaru.es\\\/blog\\\/#organization\",\"name\":\"Subaru Espa\u00f1a S.A.\",\"url\":\"https:\\\/\\\/www.subaru.es\\\/blog\\\/\",\"logo\":{\"@type\":\"ImageObject\",\"inLanguage\":\"es\",\"@id\":\"https:\\\/\\\/www.subaru.es\\\/blog\\\/#\\\/schema\\\/logo\\\/image\\\/\",\"url\":\"https:\\\/\\\/www.subaru.es\\\/blog\\\/wp-content\\\/uploads\\\/2016\\\/12\\\/Logo-Subaru-TypeV_C300-scaled.jpg\",\"contentUrl\":\"https:\\\/\\\/www.subaru.es\\\/blog\\\/wp-content\\\/uploads\\\/2016\\\/12\\\/Logo-Subaru-TypeV_C300-scaled.jpg\",\"width\":2560,\"height\":1864,\"caption\":\"Subaru Espa\u00f1a S.A.\"},\"image\":{\"@id\":\"https:\\\/\\\/www.subaru.es\\\/blog\\\/#\\\/schema\\\/logo\\\/image\\\/\"},\"sameAs\":[\"https:\\\/\\\/www.facebook.com\\\/subaruespana\",\"https:\\\/\\\/www.instagram.com\\\/subarues\\\/\",\"https:\\\/\\\/www.youtube.com\\\/user\\\/subaruespana\"]},{\"@type\":\"Person\",\"@id\":\"https:\\\/\\\/www.subaru.es\\\/blog\\\/#\\\/schema\\\/person\\\/02071ea4ab2ae717c76e2fd6fae5da80\",\"name\":\"subaru\",\"url\":\"https:\\\/\\\/www.subaru.es\\\/blog\\\/author\\\/subaru\\\/\"}]}<\/script>\n<!-- \/ Yoast SEO plugin. -->","yoast_head_json":{"title":"Nuevo Subaru Forester 2025: Look y experiencia renovada al volante - Universo Subaru","description":"El Nuevo Subaru Forester ya est\u00e1 aqu\u00ed, descubre la \u00faltima generaci\u00f3n de un cl\u00e1sico de la seguridad y la aventura que nunca pasa de moda.","robots":{"index":"index","follow":"follow","max-snippet":"max-snippet:-1","max-image-preview":"max-image-preview:large","max-video-preview":"max-video-preview:-1"},"canonical":"https:\/\/www.subaru.es\/blog\/nuestra-marca\/nuevo-subaru-forester-2025-look-y-experiencia-renovada-al-volante\/","og_locale":"es_ES","og_type":"article","og_title":"Nuevo Subaru Forester 2025: Look y experiencia renovada al volante - Universo Subaru","og_description":"El Nuevo Subaru Forester ya est\u00e1 aqu\u00ed, descubre la \u00faltima generaci\u00f3n de un cl\u00e1sico de la seguridad y la aventura que nunca pasa de moda.","og_url":"https:\/\/www.subaru.es\/blog\/nuestra-marca\/nuevo-subaru-forester-2025-look-y-experiencia-renovada-al-volante\/","og_site_name":"Universo Subaru","article_publisher":"https:\/\/www.facebook.com\/subaruespana","article_published_time":"2025-06-23T14:50:53+00:00","article_modified_time":"2025-06-24T08:02:01+00:00","og_image":[{"width":1500,"height":746,"url":"https:\/\/www.subaru.es\/blog\/wp-content\/uploads\/2025\/04\/escapadas-finde-primavera_cover.jpg","type":"image\/jpeg"}],"author":"subaru","twitter_card":"summary_large_image","twitter_misc":{"Escrito por":"subaru","Tiempo de lectura":"5 minutos"},"schema":{"@context":"https:\/\/schema.org","@graph":[{"@type":"Article","@id":"https:\/\/www.subaru.es\/blog\/nuestra-marca\/nuevo-subaru-forester-2025-look-y-experiencia-renovada-al-volante\/#article","isPartOf":{"@id":"https:\/\/www.subaru.es\/blog\/nuestra-marca\/nuevo-subaru-forester-2025-look-y-experiencia-renovada-al-volante\/"},"author":{"name":"subaru","@id":"https:\/\/www.subaru.es\/blog\/#\/schema\/person\/02071ea4ab2ae717c76e2fd6fae5da80"},"headline":"Nuevo Subaru Forester 2025: Look y experiencia renovada al volante","datePublished":"2025-06-23T14:50:53+00:00","dateModified":"2025-06-24T08:02:01+00:00","mainEntityOfPage":{"@id":"https:\/\/www.subaru.es\/blog\/nuestra-marca\/nuevo-subaru-forester-2025-look-y-experiencia-renovada-al-volante\/"},"wordCount":853,"commentCount":0,"publisher":{"@id":"https:\/\/www.subaru.es\/blog\/#organization"},"image":{"@id":"https:\/\/www.subaru.es\/blog\/nuestra-marca\/nuevo-subaru-forester-2025-look-y-experiencia-renovada-al-volante\/#primaryimage"},"thumbnailUrl":"https:\/\/www.subaru.es\/blog\/wp-content\/uploads\/2025\/04\/escapadas-finde-primavera_cover.jpg","keywords":["all around safety","Aventura","awd","E-BOXER","Escapadas","EyeSight","forester","Forester 2025","gama h\u00edbrida Subaru","gama SUV subaru","Naturaleza","Subaru","subaru forester","X-MODE"],"articleSection":["Nuestra marca"],"inLanguage":"es","potentialAction":[{"@type":"CommentAction","name":"Comment","target":["https:\/\/www.subaru.es\/blog\/nuestra-marca\/nuevo-subaru-forester-2025-look-y-experiencia-renovada-al-volante\/#respond"]}]},{"@type":"WebPage","@id":"https:\/\/www.subaru.es\/blog\/nuestra-marca\/nuevo-subaru-forester-2025-look-y-experiencia-renovada-al-volante\/","url":"https:\/\/www.subaru.es\/blog\/nuestra-marca\/nuevo-subaru-forester-2025-look-y-experiencia-renovada-al-volante\/","name":"Nuevo Subaru Forester 2025: Look y experiencia renovada al volante - Universo Subaru","isPartOf":{"@id":"https:\/\/www.subaru.es\/blog\/#website"},"primaryImageOfPage":{"@id":"https:\/\/www.subaru.es\/blog\/nuestra-marca\/nuevo-subaru-forester-2025-look-y-experiencia-renovada-al-volante\/#primaryimage"},"image":{"@id":"https:\/\/www.subaru.es\/blog\/nuestra-marca\/nuevo-subaru-forester-2025-look-y-experiencia-renovada-al-volante\/#primaryimage"},"thumbnailUrl":"https:\/\/www.subaru.es\/blog\/wp-content\/uploads\/2025\/04\/escapadas-finde-primavera_cover.jpg","datePublished":"2025-06-23T14:50:53+00:00","dateModified":"2025-06-24T08:02:01+00:00","description":"El Nuevo Subaru Forester ya est\u00e1 aqu\u00ed, descubre la \u00faltima generaci\u00f3n de un cl\u00e1sico de la seguridad y la aventura que nunca pasa de moda.","breadcrumb":{"@id":"https:\/\/www.subaru.es\/blog\/nuestra-marca\/nuevo-subaru-forester-2025-look-y-experiencia-renovada-al-volante\/#breadcrumb"},"inLanguage":"es","potentialAction":[{"@type":"ReadAction","target":["https:\/\/www.subaru.es\/blog\/nuestra-marca\/nuevo-subaru-forester-2025-look-y-experiencia-renovada-al-volante\/"]}]},{"@type":"ImageObject","inLanguage":"es","@id":"https:\/\/www.subaru.es\/blog\/nuestra-marca\/nuevo-subaru-forester-2025-look-y-experiencia-renovada-al-volante\/#primaryimage","url":"https:\/\/www.subaru.es\/blog\/wp-content\/uploads\/2025\/04\/escapadas-finde-primavera_cover.jpg","contentUrl":"https:\/\/www.subaru.es\/blog\/wp-content\/uploads\/2025\/04\/escapadas-finde-primavera_cover.jpg","width":1500,"height":746},{"@type":"BreadcrumbList","@id":"https:\/\/www.subaru.es\/blog\/nuestra-marca\/nuevo-subaru-forester-2025-look-y-experiencia-renovada-al-volante\/#breadcrumb","itemListElement":[{"@type":"ListItem","position":1,"name":"Portada","item":"https:\/\/www.subaru.es\/blog\/"},{"@type":"ListItem","position":2,"name":"Nuevo Subaru Forester 2025: Look y experiencia renovada al volante"}]},{"@type":"WebSite","@id":"https:\/\/www.subaru.es\/blog\/#website","url":"https:\/\/www.subaru.es\/blog\/","name":"Universo Subaru","description":"Descubre este apasionante espacio de Subaru donde vas a conocer todo sobre nuestros coches y las experiencias que vivimos con ellos. Si est\u00e1s preparado para dejarte seducir por la filosof\u00eda Subaru, qu\u00e9date con nosotros.","publisher":{"@id":"https:\/\/www.subaru.es\/blog\/#organization"},"potentialAction":[{"@type":"SearchAction","target":{"@type":"EntryPoint","urlTemplate":"https:\/\/www.subaru.es\/blog\/?s={search_term_string}"},"query-input":{"@type":"PropertyValueSpecification","valueRequired":true,"valueName":"search_term_string"}}],"inLanguage":"es"},{"@type":"Organization","@id":"https:\/\/www.subaru.es\/blog\/#organization","name":"Subaru Espa\u00f1a S.A.","url":"https:\/\/www.subaru.es\/blog\/","logo":{"@type":"ImageObject","inLanguage":"es","@id":"https:\/\/www.subaru.es\/blog\/#\/schema\/logo\/image\/","url":"https:\/\/www.subaru.es\/blog\/wp-content\/uploads\/2016\/12\/Logo-Subaru-TypeV_C300-scaled.jpg","contentUrl":"https:\/\/www.subaru.es\/blog\/wp-content\/uploads\/2016\/12\/Logo-Subaru-TypeV_C300-scaled.jpg","width":2560,"height":1864,"caption":"Subaru Espa\u00f1a S.A."},"image":{"@id":"https:\/\/www.subaru.es\/blog\/#\/schema\/logo\/image\/"},"sameAs":["https:\/\/www.facebook.com\/subaruespana","https:\/\/www.instagram.com\/subarues\/","https:\/\/www.youtube.com\/user\/subaruespana"]},{"@type":"Person","@id":"https:\/\/www.subaru.es\/blog\/#\/schema\/person\/02071ea4ab2ae717c76e2fd6fae5da80","name":"subaru","url":"https:\/\/www.subaru.es\/blog\/author\/subaru\/"}]}},"_links":{"self":[{"href":"https:\/\/www.subaru.es\/blog\/wp-json\/wp\/v2\/posts\/25024","targetHints":{"allow":["GET"]}}],"collection":[{"href":"https:\/\/www.subaru.es\/blog\/wp-json\/wp\/v2\/posts"}],"about":[{"href":"https:\/\/www.subaru.es\/blog\/wp-json\/wp\/v2\/types\/post"}],"author":[{"embeddable":true,"href":"https:\/\/www.subaru.es\/blog\/wp-json\/wp\/v2\/users\/7"}],"replies":[{"embeddable":true,"href":"https:\/\/www.subaru.es\/blog\/wp-json\/wp\/v2\/comments?post=25024"}],"version-history":[{"count":6,"href":"https:\/\/www.subaru.es\/blog\/wp-json\/wp\/v2\/posts\/25024\/revisions"}],"predecessor-version":[{"id":25109,"href":"https:\/\/www.subaru.es\/blog\/wp-json\/wp\/v2\/posts\/25024\/revisions\/25109"}],"wp:featuredmedia":[{"embeddable":true,"href":"https:\/\/www.subaru.es\/blog\/wp-json\/wp\/v2\/media\/24982"}],"wp:attachment":[{"href":"https:\/\/www.subaru.es\/blog\/wp-json\/wp\/v2\/media?parent=25024"}],"wp:term":[{"taxonomy":"category","embeddable":true,"href":"https:\/\/www.subaru.es\/blog\/wp-json\/wp\/v2\/categories?post=25024"},{"taxonomy":"post_tag","embeddable":true,"href":"https:\/\/www.subaru.es\/blog\/wp-json\/wp\/v2\/tags?post=25024"}],"curies":[{"name":"wp","href":"https:\/\/api.w.org\/{rel}","templated":true}]}}