{"id":24700,"date":"2024-01-24T11:36:42","date_gmt":"2024-01-24T09:36:42","guid":{"rendered":"https:\/\/www.subaru.es\/blog\/?p=24700"},"modified":"2024-01-24T11:47:22","modified_gmt":"2024-01-24T09:47:22","slug":"gama-suv-subaru-consejos-para-la-conduccion-en-invierno","status":"publish","type":"post","link":"https:\/\/www.subaru.es\/blog\/nuestra-marca\/gama-suv-subaru-consejos-para-la-conduccion-en-invierno\/","title":{"rendered":"Gama SUV Subaru: Consejos para la conducci\u00f3n en invierno"},"content":{"rendered":"\n<p>Con la\u00a0<strong>Gama SUV de Subaru \u00a1no hay destino que se te resista!.\u00a0<\/strong>Incluso en invierno, con la llegada del mal tiempo, conducir\u00e1s con la m\u00e1xima seguridad ya nuestra gama est\u00e1 preparada para todo. No obstante, no est\u00e1 dem\u00e1s tener en cuenta una serie de consejos que te ayudar\u00e1n a llegar a tu destino sin incidentes. \u00a1Con Subaru y estos consejos cada viaje se convertir\u00e1 en una emocionante aventura!<\/p>\n\n\n\n<h2 class=\"wp-block-heading\">Precauci\u00f3n al volante, la mejor compa\u00f1era de viaje<\/h2>\n\n\n\n<p>Durante el invierno se producen la mayor\u00eda de las incidencias relacionadas con el mal tiempo. Cuando la lluvia, la niebla, el hielo o la nieve entran en escena, la conducci\u00f3n puede complicarse. Una de las cosas que debes tener en cuenta es <strong>mantener la distancia de seguridad con el coche precedente<\/strong>. Esto te permitir\u00e1 contar con tiempo suficiente para detener tu veh\u00edculo para evitar un posible accidente.<\/p>\n\n\n\n<figure class=\"wp-block-embed aligncenter is-type-video is-provider-youtube wp-block-embed-youtube wp-embed-aspect-16-9 wp-has-aspect-ratio\"><div class=\"wp-block-embed__wrapper\">\n<iframe title=\"Subaru | Disfruta de Outback en acci\u00f3n: un SUV salvaje por naturaleza\" width=\"800\" height=\"450\" data-src=\"https:\/\/www.youtube.com\/embed\/XEOirNPaSjE?feature=oembed\" frameborder=\"0\" allow=\"accelerometer; autoplay; clipboard-write; encrypted-media; gyroscope; picture-in-picture; web-share\" referrerpolicy=\"strict-origin-when-cross-origin\" allowfullscreen src=\"data:image\/svg+xml;base64,PHN2ZyB3aWR0aD0iMSIgaGVpZ2h0PSIxIiB4bWxucz0iaHR0cDovL3d3dy53My5vcmcvMjAwMC9zdmciPjwvc3ZnPg==\" class=\"lazyload\" data-load-mode=\"1\"><\/iframe>\n<\/div><\/figure>\n\n\n\n<p>Adem\u00e1s es importante seguir consejos generales como:<\/p>\n\n\n\n<ul class=\"wp-block-list\">\n<li>Comprobar la situaci\u00f3n del tr\u00e1fico de todas las carreteras que afectan a tu ruta en&nbsp;<strong><a href=\"https:\/\/www.dgt.es\/conoce-el-estado-del-trafico\/informacion-e-incidencias-de-trafico\/\" target=\"_blank\" rel=\"noreferrer noopener\">la p\u00e1gina de la DGT.<\/a><\/strong><\/li>\n\n\n\n<li>En viajes de larga distancia aumentar las paradas previstas para reducir los niveles de fatiga.<\/li>\n\n\n\n<li>Mantener una temperatura constante en el interior del habit\u00e1culo que oscile entre los 20 y los 21 grados, as\u00ed ir\u00e1s m\u00e1s c\u00f3modo y evitar\u00e1s que se empa\u00f1en los cristales.<\/li>\n\n\n\n<li>Realizar adelantamientos con cuidado. A veces el comportamiento de los conductores y las circunstancias de la carretera son impredecibles.<\/li>\n\n\n\n<li>En situaciones de visibilidad limitada reducir la velocidad.<\/li>\n<\/ul>\n\n\n\n<h2 class=\"wp-block-heading\">Pon a punto tu Subaru <\/h2>\n\n\n\n<p>Es muy importante realizar una puesta a punto antes de viajar para garantizar la&nbsp;<strong>seguridad de tu Subaru.&nbsp;<\/strong>Es vital que compruebes las presi\u00f3n de todos los neum\u00e1ticos. Ten en cuenta que con el fr\u00edo el aire se comprime y se reducen los bares de presi\u00f3n de todas las ruedas. Adem\u00e1s, es muy recomendable equipar <strong>neum\u00e1ticos de invierno <\/strong>y es indispensable el uso de cadenas en nieve.<\/p>\n\n\n\n<p>Tambi\u00e9n tienes que revisar el dibujo. Aunque el m\u00ednimo es de 1,6 mm. , lo recomendable es que sea mucho mayor para que puedas traccionar mejor y evacuar el agua de la lluvia.<\/p>\n\n\n\n<p>Es fundamental realizar un <strong>mantenimiento peri\u00f3dico de los frenos y la direcci\u00f3n <\/strong>de tu Subaru. As\u00ed como comprobar la <strong>regulaci\u00f3n de las luces<\/strong> y el <strong>estado del limpiaparabrisas<\/strong> maximizando la visibilidad en la conducci\u00f3n.<\/p>\n\n\n\n<figure class=\"wp-block-embed aligncenter is-type-video is-provider-youtube wp-block-embed-youtube wp-embed-aspect-16-9 wp-has-aspect-ratio\"><div class=\"wp-block-embed__wrapper\">\n<iframe title=\"Subaru | Con Outback Field no necesitas un plan B\" width=\"800\" height=\"450\" data-src=\"https:\/\/www.youtube.com\/embed\/TIOHkQepWxs?feature=oembed\" frameborder=\"0\" allow=\"accelerometer; autoplay; clipboard-write; encrypted-media; gyroscope; picture-in-picture; web-share\" referrerpolicy=\"strict-origin-when-cross-origin\" allowfullscreen src=\"data:image\/svg+xml;base64,PHN2ZyB3aWR0aD0iMSIgaGVpZ2h0PSIxIiB4bWxucz0iaHR0cDovL3d3dy53My5vcmcvMjAwMC9zdmciPjwvc3ZnPg==\" class=\"lazyload\" data-load-mode=\"1\"><\/iframe>\n<\/div><\/figure>\n\n\n\n<h2 class=\"wp-block-heading\">Haz frente al invierno con la Gama SUV Subaru<\/h2>\n\n\n\n<p>El control del coche incluso en situaciones de hielo y nieve se consigue gracias a sistemas como el de<a href=\"https:\/\/www.youtube.com\/watch?v=lnyznIRvzSA\" target=\"_blank\" rel=\"noreferrer noopener\">&nbsp;<\/a><strong><a href=\"https:\/\/www.youtube.com\/watch?v=lnyznIRvzSA\" target=\"_blank\" rel=\"noreferrer noopener\">Tracci\u00f3n Integral Sim\u00e9trica y AWD<\/a><\/strong>&nbsp;(All-Wheel Drive) de la Gama SUV Subaru. Esto deriva en un control din\u00e1mico, que cambia y se adapta a la manera de conducir de cada persona. Del mismo modo que el&nbsp;<strong><a href=\"http:\/\/www.subaru.cl\/vehiculos\/forester\/x-mode\" target=\"_blank\" rel=\"noreferrer noopener\">Sistema X-Mode<\/a><\/strong>, permite aumentar la adherencia del veh\u00edculo en circunstancias complicadas y extremas.<\/p>\n\n\n\n<p>Siguiendo estos consejos de&nbsp;<strong>conducci\u00f3n segura<\/strong>, con la gama SUV de Subaru podr\u00e1s hacer frente a cualquier desaf\u00edo que se te presente durante los meses invernales. Lo m\u00e1s importante es que aproveches las capacidades de tu veh\u00edculo y que conduzcas con responsabilidad. De esta manera disfrutar\u00e1s de un viaje tranquilo, divertido y sobre todo seguro.<\/p>\n","protected":false},"excerpt":{"rendered":"<p>Con la\u00a0Gama SUV de Subaru \u00a1no hay destino que se te resista!.\u00a0Incluso en invierno, con la llegada del mal tiempo, conducir\u00e1s con la m\u00e1xima seguridad ya nuestra gama est\u00e1 preparada para todo. No obstante, no est\u00e1 dem\u00e1s tener en cuenta una serie de consejos que te ayudar\u00e1n a llegar a tu destino sin incidentes. \u00a1Con [&hellip;]<\/p>\n","protected":false},"author":21,"featured_media":24708,"comment_status":"open","ping_status":"closed","sticky":false,"template":"","format":"standard","meta":{"_acf_changed":false,"_eb_attr":"","inline_featured_image":false,"footnotes":""},"categories":[4401],"tags":[663,5345,5106,5328,5452,5165,5450,13,5013,143,5189,164,5451,4390,3893,5366,4464,4213],"class_list":["post-24700","post","type-post","status-publish","format-standard","has-post-thumbnail","hentry","category-nuestra-marca","tag-4x4","tag-4x4-hibridos","tag-coches-eco","tag-coches-hibridos-traccion-total","tag-coches-suv","tag-conduccion-invierno","tag-crosstrek","tag-forester","tag-gama-suv-subaru","tag-outback","tag-plataforma-global-subaru","tag-seguridad","tag-solterra","tag-subaru","tag-todoterreno","tag-todoterreno-familiar","tag-traccion-total-simetrica","tag-x-mode"],"acf":[],"yoast_head":"<!-- This site is optimized with the Yoast SEO plugin v27.3 - https:\/\/yoast.com\/product\/yoast-seo-wordpress\/ -->\n<title>Gama SUV Subaru: Consejos para la conducci\u00f3n en invierno - Universo Subaru<\/title>\n<meta name=\"description\" content=\"Con\u00a0la Gama SUV de Subaru y estos consejos de conducci\u00f3n en invierno \u00a1no hay habr\u00e1 destino que se te resista!.\" \/>\n<meta name=\"robots\" content=\"index, follow, max-snippet:-1, max-image-preview:large, max-video-preview:-1\" \/>\n<link rel=\"canonical\" href=\"https:\/\/www.subaru.es\/blog\/nuestra-marca\/gama-suv-subaru-consejos-para-la-conduccion-en-invierno\/\" \/>\n<meta property=\"og:locale\" content=\"es_ES\" \/>\n<meta property=\"og:type\" content=\"article\" \/>\n<meta property=\"og:title\" content=\"Gama SUV Subaru: Consejos para la conducci\u00f3n en invierno - Universo Subaru\" \/>\n<meta property=\"og:description\" content=\"Con\u00a0la Gama SUV de Subaru y estos consejos de conducci\u00f3n en invierno \u00a1no hay habr\u00e1 destino que se te resista!.\" \/>\n<meta property=\"og:url\" content=\"https:\/\/www.subaru.es\/blog\/nuestra-marca\/gama-suv-subaru-consejos-para-la-conduccion-en-invierno\/\" \/>\n<meta property=\"og:site_name\" content=\"Universo Subaru\" \/>\n<meta property=\"article:publisher\" content=\"https:\/\/www.facebook.com\/subaruespana\" \/>\n<meta property=\"article:published_time\" content=\"2024-01-24T09:36:42+00:00\" \/>\n<meta property=\"article:modified_time\" content=\"2024-01-24T09:47:22+00:00\" \/>\n<meta property=\"og:image\" content=\"https:\/\/www.subaru.es\/blog\/wp-content\/uploads\/2024\/01\/23OUTBACK_portada_invierno.jpg\" \/>\n\t<meta property=\"og:image:width\" content=\"3273\" \/>\n\t<meta property=\"og:image:height\" content=\"1200\" \/>\n\t<meta property=\"og:image:type\" content=\"image\/jpeg\" \/>\n<meta name=\"author\" content=\"Subaru\" \/>\n<meta name=\"twitter:card\" content=\"summary_large_image\" \/>\n<meta name=\"twitter:label1\" content=\"Escrito por\" \/>\n\t<meta name=\"twitter:data1\" content=\"Subaru\" \/>\n\t<meta name=\"twitter:label2\" content=\"Tiempo de lectura\" \/>\n\t<meta name=\"twitter:data2\" content=\"3 minutos\" \/>\n<script type=\"application\/ld+json\" class=\"yoast-schema-graph\">{\"@context\":\"https:\\\/\\\/schema.org\",\"@graph\":[{\"@type\":\"Article\",\"@id\":\"https:\\\/\\\/www.subaru.es\\\/blog\\\/nuestra-marca\\\/gama-suv-subaru-consejos-para-la-conduccion-en-invierno\\\/#article\",\"isPartOf\":{\"@id\":\"https:\\\/\\\/www.subaru.es\\\/blog\\\/nuestra-marca\\\/gama-suv-subaru-consejos-para-la-conduccion-en-invierno\\\/\"},\"author\":{\"name\":\"Subaru\",\"@id\":\"https:\\\/\\\/www.subaru.es\\\/blog\\\/#\\\/schema\\\/person\\\/19a90b892230b8e0ec752704ddf4aa10\"},\"headline\":\"Gama SUV Subaru: Consejos para la conducci\u00f3n en invierno\",\"datePublished\":\"2024-01-24T09:36:42+00:00\",\"dateModified\":\"2024-01-24T09:47:22+00:00\",\"mainEntityOfPage\":{\"@id\":\"https:\\\/\\\/www.subaru.es\\\/blog\\\/nuestra-marca\\\/gama-suv-subaru-consejos-para-la-conduccion-en-invierno\\\/\"},\"wordCount\":581,\"commentCount\":0,\"publisher\":{\"@id\":\"https:\\\/\\\/www.subaru.es\\\/blog\\\/#organization\"},\"image\":{\"@id\":\"https:\\\/\\\/www.subaru.es\\\/blog\\\/nuestra-marca\\\/gama-suv-subaru-consejos-para-la-conduccion-en-invierno\\\/#primaryimage\"},\"thumbnailUrl\":\"https:\\\/\\\/www.subaru.es\\\/blog\\\/wp-content\\\/uploads\\\/2024\\\/01\\\/23OUTBACK_portada_invierno-scaled.jpg\",\"keywords\":[\"4x4\",\"4x4 hibridos\",\"coches eco\",\"coches hibridos traccion total\",\"coches suv\",\"conducci\u00f3n invierno\",\"crosstrek\",\"forester\",\"gama SUV subaru\",\"outback\",\"Plataforma Global Subaru\",\"seguridad\",\"solterra\",\"Subaru\",\"todoterreno\",\"todoterreno familiar\",\"Traccion Total Simetrica\",\"X-MODE\"],\"articleSection\":[\"Nuestra marca\"],\"inLanguage\":\"es\",\"potentialAction\":[{\"@type\":\"CommentAction\",\"name\":\"Comment\",\"target\":[\"https:\\\/\\\/www.subaru.es\\\/blog\\\/nuestra-marca\\\/gama-suv-subaru-consejos-para-la-conduccion-en-invierno\\\/#respond\"]}]},{\"@type\":\"WebPage\",\"@id\":\"https:\\\/\\\/www.subaru.es\\\/blog\\\/nuestra-marca\\\/gama-suv-subaru-consejos-para-la-conduccion-en-invierno\\\/\",\"url\":\"https:\\\/\\\/www.subaru.es\\\/blog\\\/nuestra-marca\\\/gama-suv-subaru-consejos-para-la-conduccion-en-invierno\\\/\",\"name\":\"Gama SUV Subaru: Consejos para la conducci\u00f3n en invierno - Universo Subaru\",\"isPartOf\":{\"@id\":\"https:\\\/\\\/www.subaru.es\\\/blog\\\/#website\"},\"primaryImageOfPage\":{\"@id\":\"https:\\\/\\\/www.subaru.es\\\/blog\\\/nuestra-marca\\\/gama-suv-subaru-consejos-para-la-conduccion-en-invierno\\\/#primaryimage\"},\"image\":{\"@id\":\"https:\\\/\\\/www.subaru.es\\\/blog\\\/nuestra-marca\\\/gama-suv-subaru-consejos-para-la-conduccion-en-invierno\\\/#primaryimage\"},\"thumbnailUrl\":\"https:\\\/\\\/www.subaru.es\\\/blog\\\/wp-content\\\/uploads\\\/2024\\\/01\\\/23OUTBACK_portada_invierno-scaled.jpg\",\"datePublished\":\"2024-01-24T09:36:42+00:00\",\"dateModified\":\"2024-01-24T09:47:22+00:00\",\"description\":\"Con\u00a0la Gama SUV de Subaru y estos consejos de conducci\u00f3n en invierno \u00a1no hay habr\u00e1 destino que se te resista!.\",\"breadcrumb\":{\"@id\":\"https:\\\/\\\/www.subaru.es\\\/blog\\\/nuestra-marca\\\/gama-suv-subaru-consejos-para-la-conduccion-en-invierno\\\/#breadcrumb\"},\"inLanguage\":\"es\",\"potentialAction\":[{\"@type\":\"ReadAction\",\"target\":[\"https:\\\/\\\/www.subaru.es\\\/blog\\\/nuestra-marca\\\/gama-suv-subaru-consejos-para-la-conduccion-en-invierno\\\/\"]}]},{\"@type\":\"ImageObject\",\"inLanguage\":\"es\",\"@id\":\"https:\\\/\\\/www.subaru.es\\\/blog\\\/nuestra-marca\\\/gama-suv-subaru-consejos-para-la-conduccion-en-invierno\\\/#primaryimage\",\"url\":\"https:\\\/\\\/www.subaru.es\\\/blog\\\/wp-content\\\/uploads\\\/2024\\\/01\\\/23OUTBACK_portada_invierno-scaled.jpg\",\"contentUrl\":\"https:\\\/\\\/www.subaru.es\\\/blog\\\/wp-content\\\/uploads\\\/2024\\\/01\\\/23OUTBACK_portada_invierno-scaled.jpg\",\"width\":2560,\"height\":939,\"caption\":\"Subaru Outback seguridad invierno\"},{\"@type\":\"BreadcrumbList\",\"@id\":\"https:\\\/\\\/www.subaru.es\\\/blog\\\/nuestra-marca\\\/gama-suv-subaru-consejos-para-la-conduccion-en-invierno\\\/#breadcrumb\",\"itemListElement\":[{\"@type\":\"ListItem\",\"position\":1,\"name\":\"Portada\",\"item\":\"https:\\\/\\\/www.subaru.es\\\/blog\\\/\"},{\"@type\":\"ListItem\",\"position\":2,\"name\":\"Gama SUV Subaru: Consejos para la conducci\u00f3n en invierno\"}]},{\"@type\":\"WebSite\",\"@id\":\"https:\\\/\\\/www.subaru.es\\\/blog\\\/#website\",\"url\":\"https:\\\/\\\/www.subaru.es\\\/blog\\\/\",\"name\":\"Universo Subaru\",\"description\":\"Descubre este apasionante espacio de Subaru donde vas a conocer todo sobre nuestros coches y las experiencias que vivimos con ellos. Si est\u00e1s preparado para dejarte seducir por la filosof\u00eda Subaru, qu\u00e9date con nosotros.\",\"publisher\":{\"@id\":\"https:\\\/\\\/www.subaru.es\\\/blog\\\/#organization\"},\"potentialAction\":[{\"@type\":\"SearchAction\",\"target\":{\"@type\":\"EntryPoint\",\"urlTemplate\":\"https:\\\/\\\/www.subaru.es\\\/blog\\\/?s={search_term_string}\"},\"query-input\":{\"@type\":\"PropertyValueSpecification\",\"valueRequired\":true,\"valueName\":\"search_term_string\"}}],\"inLanguage\":\"es\"},{\"@type\":\"Organization\",\"@id\":\"https:\\\/\\\/www.subaru.es\\\/blog\\\/#organization\",\"name\":\"Subaru Espa\u00f1a S.A.\",\"url\":\"https:\\\/\\\/www.subaru.es\\\/blog\\\/\",\"logo\":{\"@type\":\"ImageObject\",\"inLanguage\":\"es\",\"@id\":\"https:\\\/\\\/www.subaru.es\\\/blog\\\/#\\\/schema\\\/logo\\\/image\\\/\",\"url\":\"https:\\\/\\\/www.subaru.es\\\/blog\\\/wp-content\\\/uploads\\\/2016\\\/12\\\/Logo-Subaru-TypeV_C300-scaled.jpg\",\"contentUrl\":\"https:\\\/\\\/www.subaru.es\\\/blog\\\/wp-content\\\/uploads\\\/2016\\\/12\\\/Logo-Subaru-TypeV_C300-scaled.jpg\",\"width\":2560,\"height\":1864,\"caption\":\"Subaru Espa\u00f1a S.A.\"},\"image\":{\"@id\":\"https:\\\/\\\/www.subaru.es\\\/blog\\\/#\\\/schema\\\/logo\\\/image\\\/\"},\"sameAs\":[\"https:\\\/\\\/www.facebook.com\\\/subaruespana\",\"https:\\\/\\\/www.instagram.com\\\/subarues\\\/\",\"https:\\\/\\\/www.youtube.com\\\/user\\\/subaruespana\"]},{\"@type\":\"Person\",\"@id\":\"https:\\\/\\\/www.subaru.es\\\/blog\\\/#\\\/schema\\\/person\\\/19a90b892230b8e0ec752704ddf4aa10\",\"name\":\"Subaru\",\"url\":\"https:\\\/\\\/www.subaru.es\\\/blog\\\/author\\\/subaria\\\/\"}]}<\/script>\n<!-- \/ Yoast SEO plugin. -->","yoast_head_json":{"title":"Gama SUV Subaru: Consejos para la conducci\u00f3n en invierno - Universo Subaru","description":"Con\u00a0la Gama SUV de Subaru y estos consejos de conducci\u00f3n en invierno \u00a1no hay habr\u00e1 destino que se te resista!.","robots":{"index":"index","follow":"follow","max-snippet":"max-snippet:-1","max-image-preview":"max-image-preview:large","max-video-preview":"max-video-preview:-1"},"canonical":"https:\/\/www.subaru.es\/blog\/nuestra-marca\/gama-suv-subaru-consejos-para-la-conduccion-en-invierno\/","og_locale":"es_ES","og_type":"article","og_title":"Gama SUV Subaru: Consejos para la conducci\u00f3n en invierno - Universo Subaru","og_description":"Con\u00a0la Gama SUV de Subaru y estos consejos de conducci\u00f3n en invierno \u00a1no hay habr\u00e1 destino que se te resista!.","og_url":"https:\/\/www.subaru.es\/blog\/nuestra-marca\/gama-suv-subaru-consejos-para-la-conduccion-en-invierno\/","og_site_name":"Universo Subaru","article_publisher":"https:\/\/www.facebook.com\/subaruespana","article_published_time":"2024-01-24T09:36:42+00:00","article_modified_time":"2024-01-24T09:47:22+00:00","og_image":[{"width":3273,"height":1200,"url":"https:\/\/www.subaru.es\/blog\/wp-content\/uploads\/2024\/01\/23OUTBACK_portada_invierno.jpg","type":"image\/jpeg"}],"author":"Subaru","twitter_card":"summary_large_image","twitter_misc":{"Escrito por":"Subaru","Tiempo de lectura":"3 minutos"},"schema":{"@context":"https:\/\/schema.org","@graph":[{"@type":"Article","@id":"https:\/\/www.subaru.es\/blog\/nuestra-marca\/gama-suv-subaru-consejos-para-la-conduccion-en-invierno\/#article","isPartOf":{"@id":"https:\/\/www.subaru.es\/blog\/nuestra-marca\/gama-suv-subaru-consejos-para-la-conduccion-en-invierno\/"},"author":{"name":"Subaru","@id":"https:\/\/www.subaru.es\/blog\/#\/schema\/person\/19a90b892230b8e0ec752704ddf4aa10"},"headline":"Gama SUV Subaru: Consejos para la conducci\u00f3n en invierno","datePublished":"2024-01-24T09:36:42+00:00","dateModified":"2024-01-24T09:47:22+00:00","mainEntityOfPage":{"@id":"https:\/\/www.subaru.es\/blog\/nuestra-marca\/gama-suv-subaru-consejos-para-la-conduccion-en-invierno\/"},"wordCount":581,"commentCount":0,"publisher":{"@id":"https:\/\/www.subaru.es\/blog\/#organization"},"image":{"@id":"https:\/\/www.subaru.es\/blog\/nuestra-marca\/gama-suv-subaru-consejos-para-la-conduccion-en-invierno\/#primaryimage"},"thumbnailUrl":"https:\/\/www.subaru.es\/blog\/wp-content\/uploads\/2024\/01\/23OUTBACK_portada_invierno-scaled.jpg","keywords":["4x4","4x4 hibridos","coches eco","coches hibridos traccion total","coches suv","conducci\u00f3n invierno","crosstrek","forester","gama SUV subaru","outback","Plataforma Global Subaru","seguridad","solterra","Subaru","todoterreno","todoterreno familiar","Traccion Total Simetrica","X-MODE"],"articleSection":["Nuestra marca"],"inLanguage":"es","potentialAction":[{"@type":"CommentAction","name":"Comment","target":["https:\/\/www.subaru.es\/blog\/nuestra-marca\/gama-suv-subaru-consejos-para-la-conduccion-en-invierno\/#respond"]}]},{"@type":"WebPage","@id":"https:\/\/www.subaru.es\/blog\/nuestra-marca\/gama-suv-subaru-consejos-para-la-conduccion-en-invierno\/","url":"https:\/\/www.subaru.es\/blog\/nuestra-marca\/gama-suv-subaru-consejos-para-la-conduccion-en-invierno\/","name":"Gama SUV Subaru: Consejos para la conducci\u00f3n en invierno - Universo Subaru","isPartOf":{"@id":"https:\/\/www.subaru.es\/blog\/#website"},"primaryImageOfPage":{"@id":"https:\/\/www.subaru.es\/blog\/nuestra-marca\/gama-suv-subaru-consejos-para-la-conduccion-en-invierno\/#primaryimage"},"image":{"@id":"https:\/\/www.subaru.es\/blog\/nuestra-marca\/gama-suv-subaru-consejos-para-la-conduccion-en-invierno\/#primaryimage"},"thumbnailUrl":"https:\/\/www.subaru.es\/blog\/wp-content\/uploads\/2024\/01\/23OUTBACK_portada_invierno-scaled.jpg","datePublished":"2024-01-24T09:36:42+00:00","dateModified":"2024-01-24T09:47:22+00:00","description":"Con\u00a0la Gama SUV de Subaru y estos consejos de conducci\u00f3n en invierno \u00a1no hay habr\u00e1 destino que se te resista!.","breadcrumb":{"@id":"https:\/\/www.subaru.es\/blog\/nuestra-marca\/gama-suv-subaru-consejos-para-la-conduccion-en-invierno\/#breadcrumb"},"inLanguage":"es","potentialAction":[{"@type":"ReadAction","target":["https:\/\/www.subaru.es\/blog\/nuestra-marca\/gama-suv-subaru-consejos-para-la-conduccion-en-invierno\/"]}]},{"@type":"ImageObject","inLanguage":"es","@id":"https:\/\/www.subaru.es\/blog\/nuestra-marca\/gama-suv-subaru-consejos-para-la-conduccion-en-invierno\/#primaryimage","url":"https:\/\/www.subaru.es\/blog\/wp-content\/uploads\/2024\/01\/23OUTBACK_portada_invierno-scaled.jpg","contentUrl":"https:\/\/www.subaru.es\/blog\/wp-content\/uploads\/2024\/01\/23OUTBACK_portada_invierno-scaled.jpg","width":2560,"height":939,"caption":"Subaru Outback seguridad invierno"},{"@type":"BreadcrumbList","@id":"https:\/\/www.subaru.es\/blog\/nuestra-marca\/gama-suv-subaru-consejos-para-la-conduccion-en-invierno\/#breadcrumb","itemListElement":[{"@type":"ListItem","position":1,"name":"Portada","item":"https:\/\/www.subaru.es\/blog\/"},{"@type":"ListItem","position":2,"name":"Gama SUV Subaru: Consejos para la conducci\u00f3n en invierno"}]},{"@type":"WebSite","@id":"https:\/\/www.subaru.es\/blog\/#website","url":"https:\/\/www.subaru.es\/blog\/","name":"Universo Subaru","description":"Descubre este apasionante espacio de Subaru donde vas a conocer todo sobre nuestros coches y las experiencias que vivimos con ellos. Si est\u00e1s preparado para dejarte seducir por la filosof\u00eda Subaru, qu\u00e9date con nosotros.","publisher":{"@id":"https:\/\/www.subaru.es\/blog\/#organization"},"potentialAction":[{"@type":"SearchAction","target":{"@type":"EntryPoint","urlTemplate":"https:\/\/www.subaru.es\/blog\/?s={search_term_string}"},"query-input":{"@type":"PropertyValueSpecification","valueRequired":true,"valueName":"search_term_string"}}],"inLanguage":"es"},{"@type":"Organization","@id":"https:\/\/www.subaru.es\/blog\/#organization","name":"Subaru Espa\u00f1a S.A.","url":"https:\/\/www.subaru.es\/blog\/","logo":{"@type":"ImageObject","inLanguage":"es","@id":"https:\/\/www.subaru.es\/blog\/#\/schema\/logo\/image\/","url":"https:\/\/www.subaru.es\/blog\/wp-content\/uploads\/2016\/12\/Logo-Subaru-TypeV_C300-scaled.jpg","contentUrl":"https:\/\/www.subaru.es\/blog\/wp-content\/uploads\/2016\/12\/Logo-Subaru-TypeV_C300-scaled.jpg","width":2560,"height":1864,"caption":"Subaru Espa\u00f1a S.A."},"image":{"@id":"https:\/\/www.subaru.es\/blog\/#\/schema\/logo\/image\/"},"sameAs":["https:\/\/www.facebook.com\/subaruespana","https:\/\/www.instagram.com\/subarues\/","https:\/\/www.youtube.com\/user\/subaruespana"]},{"@type":"Person","@id":"https:\/\/www.subaru.es\/blog\/#\/schema\/person\/19a90b892230b8e0ec752704ddf4aa10","name":"Subaru","url":"https:\/\/www.subaru.es\/blog\/author\/subaria\/"}]}},"_links":{"self":[{"href":"https:\/\/www.subaru.es\/blog\/wp-json\/wp\/v2\/posts\/24700","targetHints":{"allow":["GET"]}}],"collection":[{"href":"https:\/\/www.subaru.es\/blog\/wp-json\/wp\/v2\/posts"}],"about":[{"href":"https:\/\/www.subaru.es\/blog\/wp-json\/wp\/v2\/types\/post"}],"author":[{"embeddable":true,"href":"https:\/\/www.subaru.es\/blog\/wp-json\/wp\/v2\/users\/21"}],"replies":[{"embeddable":true,"href":"https:\/\/www.subaru.es\/blog\/wp-json\/wp\/v2\/comments?post=24700"}],"version-history":[{"count":7,"href":"https:\/\/www.subaru.es\/blog\/wp-json\/wp\/v2\/posts\/24700\/revisions"}],"predecessor-version":[{"id":24707,"href":"https:\/\/www.subaru.es\/blog\/wp-json\/wp\/v2\/posts\/24700\/revisions\/24707"}],"wp:featuredmedia":[{"embeddable":true,"href":"https:\/\/www.subaru.es\/blog\/wp-json\/wp\/v2\/media\/24708"}],"wp:attachment":[{"href":"https:\/\/www.subaru.es\/blog\/wp-json\/wp\/v2\/media?parent=24700"}],"wp:term":[{"taxonomy":"category","embeddable":true,"href":"https:\/\/www.subaru.es\/blog\/wp-json\/wp\/v2\/categories?post=24700"},{"taxonomy":"post_tag","embeddable":true,"href":"https:\/\/www.subaru.es\/blog\/wp-json\/wp\/v2\/tags?post=24700"}],"curies":[{"name":"wp","href":"https:\/\/api.w.org\/{rel}","templated":true}]}}