{"id":24653,"date":"2023-03-22T10:21:00","date_gmt":"2023-03-22T08:21:00","guid":{"rendered":"https:\/\/www.subaru.es\/blog\/?p=24653"},"modified":"2024-04-22T13:33:12","modified_gmt":"2024-04-22T11:33:12","slug":"suv-electrico-subaru-solterra-que-opinan-los-expertos","status":"publish","type":"post","link":"https:\/\/www.subaru.es\/blog\/nuestra-marca\/suv-electrico-subaru-solterra-que-opinan-los-expertos\/","title":{"rendered":"SUV el\u00e9ctrico Subaru Solterra, \u00bfqu\u00e9 opinan los expertos?"},"content":{"rendered":"\n<p>Nuestro&nbsp;<strong>SUV el\u00e9ctrico<\/strong>&nbsp;es protagonista en los medios de comunicaci\u00f3n de tirada nacional, y no nos extra\u00f1a. No solo es nuestro primer&nbsp;<strong>coche el\u00e9ctrico<\/strong>, sino que adem\u00e1s es un&nbsp;<strong>SUV etiqueta cero<\/strong>&nbsp;que te permite viajar donde t\u00fa quieras con toda la familia. Descubrir rincones incre\u00edbles es f\u00e1cil con el&nbsp;<strong>todoterreno el\u00e9ctrico<\/strong>&nbsp;<strong>Subaru Solterra<\/strong>.<\/p>\n\n\n\n<p>\u00bfQu\u00e9 dicen de nuestro&nbsp;<strong>4&#215;4 el\u00e9ctrico<\/strong>&nbsp;en los principales&nbsp;expertos del motor? Te lo contamos todo y con detalle en este art\u00edculo.<\/p>\n\n\n\n<figure class=\"wp-block-image size-large\"><img decoding=\"async\" width=\"1440\" height=\"1152\" data-src=\"https:\/\/www.subaru.es\/blog\/wp-content\/uploads\/2023\/08\/23SOLTERRA_M0110BP_High_ECDB_HMGP_NP_EC-1440x1152.jpg\" alt=\"SUV el\u00e9ctrico Subaru Solterra\" class=\"wp-image-24657 lazyload\" data-srcset=\"https:\/\/www.subaru.es\/blog\/wp-content\/uploads\/2023\/08\/23SOLTERRA_M0110BP_High_ECDB_HMGP_NP_EC-1440x1152.jpg 1440w, https:\/\/www.subaru.es\/blog\/wp-content\/uploads\/2023\/08\/23SOLTERRA_M0110BP_High_ECDB_HMGP_NP_EC-560x448.jpg 560w, https:\/\/www.subaru.es\/blog\/wp-content\/uploads\/2023\/08\/23SOLTERRA_M0110BP_High_ECDB_HMGP_NP_EC-768x614.jpg 768w, https:\/\/www.subaru.es\/blog\/wp-content\/uploads\/2023\/08\/23SOLTERRA_M0110BP_High_ECDB_HMGP_NP_EC-1536x1229.jpg 1536w, https:\/\/www.subaru.es\/blog\/wp-content\/uploads\/2023\/08\/23SOLTERRA_M0110BP_High_ECDB_HMGP_NP_EC-2048x1638.jpg 2048w\" data-sizes=\"(max-width: 1440px) 100vw, 1440px\" src=\"data:image\/svg+xml;base64,PHN2ZyB3aWR0aD0iMSIgaGVpZ2h0PSIxIiB4bWxucz0iaHR0cDovL3d3dy53My5vcmcvMjAwMC9zdmciPjwvc3ZnPg==\" style=\"--smush-placeholder-width: 1440px; --smush-placeholder-aspect-ratio: 1440\/1152;\" \/><\/figure>\n\n\n\n<h2 class=\"wp-block-heading\">Subaru Solterra, tranquilidad off-road<\/h2>\n\n\n\n<p><\/p>\n\n\n\n<p>\u00bfQu\u00e9 mejor que probar el\u00a0<strong><a href=\"https:\/\/www.subaru.es\/vehiculos\/solterra\" target=\"_blank\" rel=\"noreferrer noopener\">SUV\u00a0etiqueta cero<\/a><\/strong>\u00a0donde mejor se defiende? Hemos invitado a\u00a0<a href=\"https:\/\/www.autoscout24.es\/informacion\/prueba\/subaru\/solterra\/primera-prueba-del-subaru-solterra-tranquilidad-off-road\/\">AutoScout 24<\/a>\u00a0a probar el 4&#215;4 el\u00e9ctrico\u00a0<em>off-road<\/em>. \u00bfEl resultado? Te lo cuentan ellos: barro y diversi\u00f3n, pero sobre todo mucho agarre y una gran capacidad por parte del veh\u00edculo para adaptarse a todo tipo de terrenos.<\/p>\n\n\n\n<p>No podemos estar m\u00e1s de acuerdo. Ahora bien, tambi\u00e9n es un<strong>&nbsp;SUV el\u00e9ctrico<\/strong>&nbsp;<strong>que<\/strong>&nbsp;<strong>responde a la perfecci\u00f3n por carretera.<\/strong><\/p>\n\n\n\n<h2 class=\"wp-block-heading\">Un SUV el\u00e9ctrico con tecnolog\u00eda, mucha tecnolog\u00eda<\/h2>\n\n\n\n<p><\/p>\n\n\n\n<p>La\u00a0<a href=\"https:\/\/motor.elpais.com\/pruebas-de-coches\/al-volante-del-primer-coche-electrico-de-subaru-un-suv-para-toda-la-familia\/\">secci\u00f3n de motor de\u00a0<em>El Pa\u00eds<\/em><\/a>\u00a0destaca la\u00a0<strong>tecnolog\u00eda que incluye el SUV el\u00e9ctrico Subaru Solterra<\/strong>. Transmisi\u00f3n integral permanente, tecnolog\u00eda de electrificaci\u00f3n, plataforma<a href=\"https:\/\/www.motor.es\/noticias\/plataforma-electricos-toyota-tgna-201961793.html\" target=\"_blank\" rel=\"noreferrer noopener\"> e-TNGA<\/a>\u2026 En fin, te lo podemos contar, pero es mejor que lo descubras por ti mismo.<\/p>\n\n\n\n<p>\u00a1Ah! Se nos olvidaba: hasta 610 kil\u00f3metros de autonom\u00eda. El primer Subaru 100% el\u00e9ctrico\u00a0<strong>no te va a decepcionar.<\/strong><\/p>\n\n\n\n<h2 class=\"wp-block-heading\">Subaru y Toyota:\u00a0<em>uniendo fortalezas<\/em><\/h2>\n\n\n\n<p><\/p>\n\n\n\n<p>Tal y como destaca\u00a0<a href=\"https:\/\/www.abc.es\/motor\/pruebas\/abci-solterra-probamos-primer-electrico-subaru-202205090030_noticia.html\"><em>ABC<\/em><\/a>, el objetivo de Subaru: lograr una seguridad pasiva superior y mejor estabilidad del veh\u00edculo. Siempre manteniendo la esencia y su caracter\u00edstica tracci\u00f3n 4X4 presente en todos los modelos.<\/p>\n\n\n\n<p>En\u00a0<a href=\"https:\/\/www.subaru.es\/blog\/nuestra-marca\/solterra-nuestro-coche-100-electrico-a-la-venta-en-noviembre\/\" target=\"_blank\" rel=\"noreferrer noopener\"><strong>Solterra<\/strong><\/a>\u00a0Toyota y Subaru han aportado sus fortalezas, como la tecnolog\u00eda de tracci\u00f3n total (S-AWD) de Subaru y la tecnolog\u00eda de electrificaci\u00f3n de veh\u00edculos de Toyota.<\/p>\n\n\n\n<h2 class=\"wp-block-heading\">Un interior muy funcional<\/h2>\n\n\n\n<p><\/p>\n\n\n\n<p>En\u00a0<em><a href=\"https:\/\/www.20minutos.es\/motor\/coches\/conducimos-el-solterra-el-suv-con-el-que-subaru-se-estrena-en-el-mundo-de-las-cero-emisiones-5112292\/\">20 minutos<\/a>,<\/em>\u00a0despu\u00e9s de conducir el\u00a0<strong>SUV el\u00e9ctrico<\/strong> <strong>Subaru<\/strong> Solterra, no tienen dudas: tiene un interior incre\u00edble. Por algo decimos que es\u00a0<strong>para toda la familia.<\/strong><\/p>\n\n\n\n<p>Cuadro de instrumentos digital de 7 pulgadas, un sistema multimedia que te encantar\u00e1, plazas c\u00f3modas y amplias, y un maletero de 452 litros. \u00bfSe puede pedir algo m\u00e1s?<\/p>\n\n\n\n<figure class=\"wp-block-embed aligncenter is-type-video is-provider-youtube wp-block-embed-youtube wp-embed-aspect-16-9 wp-has-aspect-ratio\"><div class=\"wp-block-embed__wrapper\">\n<iframe title=\"Subaru | Descubre el interior de Solterra: m\u00e1xima comodidad a bordo\" width=\"800\" height=\"450\" data-src=\"https:\/\/www.youtube.com\/embed\/ORnBdyvl_ic?feature=oembed\" frameborder=\"0\" allow=\"accelerometer; autoplay; clipboard-write; encrypted-media; gyroscope; picture-in-picture; web-share\" referrerpolicy=\"strict-origin-when-cross-origin\" allowfullscreen src=\"data:image\/svg+xml;base64,PHN2ZyB3aWR0aD0iMSIgaGVpZ2h0PSIxIiB4bWxucz0iaHR0cDovL3d3dy53My5vcmcvMjAwMC9zdmciPjwvc3ZnPg==\" class=\"lazyload\" data-load-mode=\"1\"><\/iframe>\n<\/div><\/figure>\n\n\n\n<h2 class=\"wp-block-heading\">Plataforma Global e-Subaru<\/h2>\n\n\n\n<p><\/p>\n\n\n\n<p>La\u00a0<strong>plataforma Global e-Subaru<\/strong>\u00a0es la protagonista del\u00a0art\u00edculo publicado por <a href=\"https:\/\/www.motorpoint.com\/conoce-el-nuevo-subaru-solterra\">Motorpoint<\/a>, y no es para menos. Con ella construimos\u00a0<strong>veh\u00edculos pr\u00e1cticos, c\u00f3modos y seguros.<\/strong>\u00a0No lo decimos nosotros (que tambi\u00e9n): lo dicen ellos, que han tenido la ocasi\u00f3n de probarlo. Asimismo, nos permite crear coches el\u00e9ctricos mediante la\u00a0<a href=\"https:\/\/www.subaru.es\/blog\/nuestra-marca\/acuerdo-toyota-plataforma-vehiculos-electricos-suv\/\" target=\"_blank\" rel=\"noreferrer noopener\">combinaci\u00f3n de diferentes elementos y m\u00f3dulos.<\/a><\/p>\n\n\n\n<h2 class=\"wp-block-heading\">Un SUV el\u00e9ctrico para la familia\u2026 o aventura<\/h2>\n\n\n\n<p><\/p>\n\n\n\n<p>Para los m\u00e1s aventureros. Eso es lo que piensan los expertos de&nbsp;<a href=\"https:\/\/www.actualidadmotor.com\/prueba-subaru-solterra-2023-el-suv-electrico-para-los-mas-aventureros\/\">ActualidadMotor<\/a>&nbsp;despu\u00e9s de probar nuestro nuevo&nbsp;<strong>todoterreno el\u00e9ctrico<\/strong>. Y no es para menos: nuestro&nbsp;<strong>4&#215;4 el\u00e9ctrico&nbsp;<\/strong>es un veh\u00edculo que responde a la perfecci\u00f3n en todo tipo de terreno y que te ofrece unas prestaciones de seguridad totalmente novedosas.<\/p>\n\n\n\n<p>Su tama\u00f1o facilita la conducci\u00f3n y te brinda una experiencia incre\u00edble. Robusto y \u00e1gil. Es decir:&nbsp;<strong>el compa\u00f1ero perfecto para cualquier aventura.<\/strong><\/p>\n\n\n\n<p>\u00bfQu\u00e9 te parece lo que opinan los principales medios sobre nuestro&nbsp;<strong>SUV el\u00e9ctrico<\/strong>? Sinceramente, nosotros no podemos estar m\u00e1s de acuerdo. Toda la comodidad de nuestros coches con la autonom\u00eda de los mejores veh\u00edculos el\u00e9ctricos.&nbsp;<strong>Emisiones cero<\/strong>&nbsp;para cuidar el planeta. Unos acabados incre\u00edbles. Espacio y gran capacidad de almacenamiento.&nbsp;<strong>Perfecto para carretera, as\u00ed como para&nbsp;<\/strong><em>off-road<\/em><strong>.&nbsp;<\/strong>\u00bfSe puede pedir m\u00e1s?<\/p>\n","protected":false},"excerpt":{"rendered":"<p>Nuestro&nbsp;SUV el\u00e9ctrico&nbsp;es protagonista en los medios de comunicaci\u00f3n de tirada nacional, y no nos extra\u00f1a. No solo es nuestro primer&nbsp;coche el\u00e9ctrico, sino que adem\u00e1s es un&nbsp;SUV etiqueta cero&nbsp;que te permite viajar donde t\u00fa quieras con toda la familia. Descubrir rincones incre\u00edbles es f\u00e1cil con el&nbsp;todoterreno el\u00e9ctrico&nbsp;Subaru Solterra. \u00bfQu\u00e9 dicen de nuestro&nbsp;4&#215;4 el\u00e9ctrico&nbsp;en los principales&nbsp;expertos del [&hellip;]<\/p>\n","protected":false},"author":21,"featured_media":24656,"comment_status":"open","ping_status":"closed","sticky":false,"template":"","format":"standard","meta":{"_acf_changed":false,"_eb_attr":"","inline_featured_image":false,"footnotes":""},"categories":[4401],"tags":[5285,5221,5315,5316,1552,5175,608,5215,5106,3426,5317,5213,5313,4938,5312,643,293,5214,5189,5314,4575,4950,5170,5212,64,5211,5319,5029,4219,5321,5311,4464,4213],"class_list":["post-24653","post","type-post","status-publish","format-standard","has-post-thumbnail","hentry","category-nuestra-marca","tag-100-electrico","tag-capacidad-offroad","tag-carretera-con-barro","tag-carretera-con-nieve","tag-cero-emisiones","tag-coche-eco","tag-coche-electrico","tag-coche-electrico-subaru","tag-coches-eco","tag-coches-ecologicos","tag-conduccion-divertida","tag-electrificacion-subaru","tag-etiqueta-0","tag-etiqueta-eco","tag-familiar-electrico","tag-gama-subaru","tag-motor-boxer","tag-plataforma-global-e-subaru","tag-plataforma-global-subaru","tag-resistencia","tag-seguridad-subaru","tag-sistema-eyesight","tag-subaru-100-electrico","tag-subaru-electrico","tag-subaru-espana","tag-subaru-solterra","tag-suv-100-electrico","tag-suv-electrico","tag-tecnologia-subaru","tag-todoterreno-100-electrico","tag-todoterreno-electrico","tag-traccion-total-simetrica","tag-x-mode"],"acf":[],"yoast_head":"<!-- This site is optimized with the Yoast SEO plugin v27.3 - https:\/\/yoast.com\/product\/yoast-seo-wordpress\/ -->\n<title>SUV el\u00e9ctrico Subaru Solterra, \u00bfqu\u00e9 opinan los expertos? - Universo Subaru<\/title>\n<meta name=\"description\" content=\"Nuestro\u00a0SUV el\u00e9ctrico Subaru Solterra\u00a0es protagonista en los medios. En este post compartimos las mejores opiniones de expertos del motor.\" \/>\n<meta name=\"robots\" content=\"index, follow, max-snippet:-1, max-image-preview:large, max-video-preview:-1\" \/>\n<link rel=\"canonical\" href=\"https:\/\/www.subaru.es\/blog\/nuestra-marca\/suv-electrico-subaru-solterra-que-opinan-los-expertos\/\" \/>\n<meta property=\"og:locale\" content=\"es_ES\" \/>\n<meta property=\"og:type\" content=\"article\" \/>\n<meta property=\"og:title\" content=\"SUV el\u00e9ctrico Subaru Solterra, \u00bfqu\u00e9 opinan los expertos? - Universo Subaru\" \/>\n<meta property=\"og:description\" content=\"Nuestro\u00a0SUV el\u00e9ctrico Subaru Solterra\u00a0es protagonista en los medios. En este post compartimos las mejores opiniones de expertos del motor.\" \/>\n<meta property=\"og:url\" content=\"https:\/\/www.subaru.es\/blog\/nuestra-marca\/suv-electrico-subaru-solterra-que-opinan-los-expertos\/\" \/>\n<meta property=\"og:site_name\" content=\"Universo Subaru\" \/>\n<meta property=\"article:publisher\" content=\"https:\/\/www.facebook.com\/subaruespana\" \/>\n<meta property=\"article:published_time\" content=\"2023-03-22T08:21:00+00:00\" \/>\n<meta property=\"article:modified_time\" content=\"2024-04-22T11:33:12+00:00\" \/>\n<meta property=\"og:image\" content=\"https:\/\/www.subaru.es\/blog\/wp-content\/uploads\/2023\/08\/23SOLTERRA_portada_expertos.jpg\" \/>\n\t<meta property=\"og:image:width\" content=\"3376\" \/>\n\t<meta property=\"og:image:height\" content=\"1101\" \/>\n\t<meta property=\"og:image:type\" content=\"image\/jpeg\" \/>\n<meta name=\"author\" content=\"Subaru\" \/>\n<meta name=\"twitter:card\" content=\"summary_large_image\" \/>\n<meta name=\"twitter:label1\" content=\"Escrito por\" \/>\n\t<meta name=\"twitter:data1\" content=\"Subaru\" \/>\n\t<meta name=\"twitter:label2\" content=\"Tiempo de lectura\" \/>\n\t<meta name=\"twitter:data2\" content=\"3 minutos\" \/>\n<script type=\"application\/ld+json\" class=\"yoast-schema-graph\">{\"@context\":\"https:\\\/\\\/schema.org\",\"@graph\":[{\"@type\":\"Article\",\"@id\":\"https:\\\/\\\/www.subaru.es\\\/blog\\\/nuestra-marca\\\/suv-electrico-subaru-solterra-que-opinan-los-expertos\\\/#article\",\"isPartOf\":{\"@id\":\"https:\\\/\\\/www.subaru.es\\\/blog\\\/nuestra-marca\\\/suv-electrico-subaru-solterra-que-opinan-los-expertos\\\/\"},\"author\":{\"name\":\"Subaru\",\"@id\":\"https:\\\/\\\/www.subaru.es\\\/blog\\\/#\\\/schema\\\/person\\\/19a90b892230b8e0ec752704ddf4aa10\"},\"headline\":\"SUV el\u00e9ctrico Subaru Solterra, \u00bfqu\u00e9 opinan los expertos?\",\"datePublished\":\"2023-03-22T08:21:00+00:00\",\"dateModified\":\"2024-04-22T11:33:12+00:00\",\"mainEntityOfPage\":{\"@id\":\"https:\\\/\\\/www.subaru.es\\\/blog\\\/nuestra-marca\\\/suv-electrico-subaru-solterra-que-opinan-los-expertos\\\/\"},\"wordCount\":648,\"commentCount\":0,\"publisher\":{\"@id\":\"https:\\\/\\\/www.subaru.es\\\/blog\\\/#organization\"},\"image\":{\"@id\":\"https:\\\/\\\/www.subaru.es\\\/blog\\\/nuestra-marca\\\/suv-electrico-subaru-solterra-que-opinan-los-expertos\\\/#primaryimage\"},\"thumbnailUrl\":\"https:\\\/\\\/www.subaru.es\\\/blog\\\/wp-content\\\/uploads\\\/2023\\\/08\\\/23SOLTERRA_portada_expertos-scaled.jpg\",\"keywords\":[\"100% el\u00e9ctrico\",\"Capacidad OffRoad\",\"carretera con barro\",\"carretera con nieve\",\"cero emisiones\",\"Coche eco\",\"coche electrico\",\"coche el\u00e9ctrico Subaru\",\"coches eco\",\"coches ecol\u00f3gicos\",\"conducci\u00f3n divertida\",\"electrificaci\u00f3n Subaru\",\"etiqueta 0\",\"etiqueta eco\",\"Familiar el\u00e9ctrico\",\"gama subaru\",\"motor boxer\",\"Plataforma Global e-Subaru\",\"Plataforma Global Subaru\",\"resistencia\",\"Seguridad Subaru\",\"Sistema EyeSight\",\"Subaru 100% el\u00e9ctrico\",\"Subaru el\u00e9ctrico\",\"subaru espa\u00f1a\",\"Subaru Solterra\",\"SUV 100% el\u00e9ctrico\",\"SUV electrico\",\"Tecnolog\u00eda Subaru\",\"todoterreno 100% el\u00e9ctrico\",\"Todoterreno el\u00e9ctrico\",\"Traccion Total Simetrica\",\"X-MODE\"],\"articleSection\":[\"Nuestra marca\"],\"inLanguage\":\"es\",\"potentialAction\":[{\"@type\":\"CommentAction\",\"name\":\"Comment\",\"target\":[\"https:\\\/\\\/www.subaru.es\\\/blog\\\/nuestra-marca\\\/suv-electrico-subaru-solterra-que-opinan-los-expertos\\\/#respond\"]}]},{\"@type\":\"WebPage\",\"@id\":\"https:\\\/\\\/www.subaru.es\\\/blog\\\/nuestra-marca\\\/suv-electrico-subaru-solterra-que-opinan-los-expertos\\\/\",\"url\":\"https:\\\/\\\/www.subaru.es\\\/blog\\\/nuestra-marca\\\/suv-electrico-subaru-solterra-que-opinan-los-expertos\\\/\",\"name\":\"SUV el\u00e9ctrico Subaru Solterra, \u00bfqu\u00e9 opinan los expertos? - Universo Subaru\",\"isPartOf\":{\"@id\":\"https:\\\/\\\/www.subaru.es\\\/blog\\\/#website\"},\"primaryImageOfPage\":{\"@id\":\"https:\\\/\\\/www.subaru.es\\\/blog\\\/nuestra-marca\\\/suv-electrico-subaru-solterra-que-opinan-los-expertos\\\/#primaryimage\"},\"image\":{\"@id\":\"https:\\\/\\\/www.subaru.es\\\/blog\\\/nuestra-marca\\\/suv-electrico-subaru-solterra-que-opinan-los-expertos\\\/#primaryimage\"},\"thumbnailUrl\":\"https:\\\/\\\/www.subaru.es\\\/blog\\\/wp-content\\\/uploads\\\/2023\\\/08\\\/23SOLTERRA_portada_expertos-scaled.jpg\",\"datePublished\":\"2023-03-22T08:21:00+00:00\",\"dateModified\":\"2024-04-22T11:33:12+00:00\",\"description\":\"Nuestro\u00a0SUV el\u00e9ctrico Subaru Solterra\u00a0es protagonista en los medios. En este post compartimos las mejores opiniones de expertos del motor.\",\"breadcrumb\":{\"@id\":\"https:\\\/\\\/www.subaru.es\\\/blog\\\/nuestra-marca\\\/suv-electrico-subaru-solterra-que-opinan-los-expertos\\\/#breadcrumb\"},\"inLanguage\":\"es\",\"potentialAction\":[{\"@type\":\"ReadAction\",\"target\":[\"https:\\\/\\\/www.subaru.es\\\/blog\\\/nuestra-marca\\\/suv-electrico-subaru-solterra-que-opinan-los-expertos\\\/\"]}]},{\"@type\":\"ImageObject\",\"inLanguage\":\"es\",\"@id\":\"https:\\\/\\\/www.subaru.es\\\/blog\\\/nuestra-marca\\\/suv-electrico-subaru-solterra-que-opinan-los-expertos\\\/#primaryimage\",\"url\":\"https:\\\/\\\/www.subaru.es\\\/blog\\\/wp-content\\\/uploads\\\/2023\\\/08\\\/23SOLTERRA_portada_expertos-scaled.jpg\",\"contentUrl\":\"https:\\\/\\\/www.subaru.es\\\/blog\\\/wp-content\\\/uploads\\\/2023\\\/08\\\/23SOLTERRA_portada_expertos-scaled.jpg\",\"width\":2560,\"height\":835,\"caption\":\"SUV Subaru Solterra\"},{\"@type\":\"BreadcrumbList\",\"@id\":\"https:\\\/\\\/www.subaru.es\\\/blog\\\/nuestra-marca\\\/suv-electrico-subaru-solterra-que-opinan-los-expertos\\\/#breadcrumb\",\"itemListElement\":[{\"@type\":\"ListItem\",\"position\":1,\"name\":\"Portada\",\"item\":\"https:\\\/\\\/www.subaru.es\\\/blog\\\/\"},{\"@type\":\"ListItem\",\"position\":2,\"name\":\"SUV el\u00e9ctrico Subaru Solterra, \u00bfqu\u00e9 opinan los expertos?\"}]},{\"@type\":\"WebSite\",\"@id\":\"https:\\\/\\\/www.subaru.es\\\/blog\\\/#website\",\"url\":\"https:\\\/\\\/www.subaru.es\\\/blog\\\/\",\"name\":\"Universo Subaru\",\"description\":\"Descubre este apasionante espacio de Subaru donde vas a conocer todo sobre nuestros coches y las experiencias que vivimos con ellos. Si est\u00e1s preparado para dejarte seducir por la filosof\u00eda Subaru, qu\u00e9date con nosotros.\",\"publisher\":{\"@id\":\"https:\\\/\\\/www.subaru.es\\\/blog\\\/#organization\"},\"potentialAction\":[{\"@type\":\"SearchAction\",\"target\":{\"@type\":\"EntryPoint\",\"urlTemplate\":\"https:\\\/\\\/www.subaru.es\\\/blog\\\/?s={search_term_string}\"},\"query-input\":{\"@type\":\"PropertyValueSpecification\",\"valueRequired\":true,\"valueName\":\"search_term_string\"}}],\"inLanguage\":\"es\"},{\"@type\":\"Organization\",\"@id\":\"https:\\\/\\\/www.subaru.es\\\/blog\\\/#organization\",\"name\":\"Subaru Espa\u00f1a S.A.\",\"url\":\"https:\\\/\\\/www.subaru.es\\\/blog\\\/\",\"logo\":{\"@type\":\"ImageObject\",\"inLanguage\":\"es\",\"@id\":\"https:\\\/\\\/www.subaru.es\\\/blog\\\/#\\\/schema\\\/logo\\\/image\\\/\",\"url\":\"https:\\\/\\\/www.subaru.es\\\/blog\\\/wp-content\\\/uploads\\\/2016\\\/12\\\/Logo-Subaru-TypeV_C300-scaled.jpg\",\"contentUrl\":\"https:\\\/\\\/www.subaru.es\\\/blog\\\/wp-content\\\/uploads\\\/2016\\\/12\\\/Logo-Subaru-TypeV_C300-scaled.jpg\",\"width\":2560,\"height\":1864,\"caption\":\"Subaru Espa\u00f1a S.A.\"},\"image\":{\"@id\":\"https:\\\/\\\/www.subaru.es\\\/blog\\\/#\\\/schema\\\/logo\\\/image\\\/\"},\"sameAs\":[\"https:\\\/\\\/www.facebook.com\\\/subaruespana\",\"https:\\\/\\\/www.instagram.com\\\/subarues\\\/\",\"https:\\\/\\\/www.youtube.com\\\/user\\\/subaruespana\"]},{\"@type\":\"Person\",\"@id\":\"https:\\\/\\\/www.subaru.es\\\/blog\\\/#\\\/schema\\\/person\\\/19a90b892230b8e0ec752704ddf4aa10\",\"name\":\"Subaru\",\"url\":\"https:\\\/\\\/www.subaru.es\\\/blog\\\/author\\\/subaria\\\/\"}]}<\/script>\n<!-- \/ Yoast SEO plugin. -->","yoast_head_json":{"title":"SUV el\u00e9ctrico Subaru Solterra, \u00bfqu\u00e9 opinan los expertos? - Universo Subaru","description":"Nuestro\u00a0SUV el\u00e9ctrico Subaru Solterra\u00a0es protagonista en los medios. En este post compartimos las mejores opiniones de expertos del motor.","robots":{"index":"index","follow":"follow","max-snippet":"max-snippet:-1","max-image-preview":"max-image-preview:large","max-video-preview":"max-video-preview:-1"},"canonical":"https:\/\/www.subaru.es\/blog\/nuestra-marca\/suv-electrico-subaru-solterra-que-opinan-los-expertos\/","og_locale":"es_ES","og_type":"article","og_title":"SUV el\u00e9ctrico Subaru Solterra, \u00bfqu\u00e9 opinan los expertos? - Universo Subaru","og_description":"Nuestro\u00a0SUV el\u00e9ctrico Subaru Solterra\u00a0es protagonista en los medios. En este post compartimos las mejores opiniones de expertos del motor.","og_url":"https:\/\/www.subaru.es\/blog\/nuestra-marca\/suv-electrico-subaru-solterra-que-opinan-los-expertos\/","og_site_name":"Universo Subaru","article_publisher":"https:\/\/www.facebook.com\/subaruespana","article_published_time":"2023-03-22T08:21:00+00:00","article_modified_time":"2024-04-22T11:33:12+00:00","og_image":[{"width":3376,"height":1101,"url":"https:\/\/www.subaru.es\/blog\/wp-content\/uploads\/2023\/08\/23SOLTERRA_portada_expertos.jpg","type":"image\/jpeg"}],"author":"Subaru","twitter_card":"summary_large_image","twitter_misc":{"Escrito por":"Subaru","Tiempo de lectura":"3 minutos"},"schema":{"@context":"https:\/\/schema.org","@graph":[{"@type":"Article","@id":"https:\/\/www.subaru.es\/blog\/nuestra-marca\/suv-electrico-subaru-solterra-que-opinan-los-expertos\/#article","isPartOf":{"@id":"https:\/\/www.subaru.es\/blog\/nuestra-marca\/suv-electrico-subaru-solterra-que-opinan-los-expertos\/"},"author":{"name":"Subaru","@id":"https:\/\/www.subaru.es\/blog\/#\/schema\/person\/19a90b892230b8e0ec752704ddf4aa10"},"headline":"SUV el\u00e9ctrico Subaru Solterra, \u00bfqu\u00e9 opinan los expertos?","datePublished":"2023-03-22T08:21:00+00:00","dateModified":"2024-04-22T11:33:12+00:00","mainEntityOfPage":{"@id":"https:\/\/www.subaru.es\/blog\/nuestra-marca\/suv-electrico-subaru-solterra-que-opinan-los-expertos\/"},"wordCount":648,"commentCount":0,"publisher":{"@id":"https:\/\/www.subaru.es\/blog\/#organization"},"image":{"@id":"https:\/\/www.subaru.es\/blog\/nuestra-marca\/suv-electrico-subaru-solterra-que-opinan-los-expertos\/#primaryimage"},"thumbnailUrl":"https:\/\/www.subaru.es\/blog\/wp-content\/uploads\/2023\/08\/23SOLTERRA_portada_expertos-scaled.jpg","keywords":["100% el\u00e9ctrico","Capacidad OffRoad","carretera con barro","carretera con nieve","cero emisiones","Coche eco","coche electrico","coche el\u00e9ctrico Subaru","coches eco","coches ecol\u00f3gicos","conducci\u00f3n divertida","electrificaci\u00f3n Subaru","etiqueta 0","etiqueta eco","Familiar el\u00e9ctrico","gama subaru","motor boxer","Plataforma Global e-Subaru","Plataforma Global Subaru","resistencia","Seguridad Subaru","Sistema EyeSight","Subaru 100% el\u00e9ctrico","Subaru el\u00e9ctrico","subaru espa\u00f1a","Subaru Solterra","SUV 100% el\u00e9ctrico","SUV electrico","Tecnolog\u00eda Subaru","todoterreno 100% el\u00e9ctrico","Todoterreno el\u00e9ctrico","Traccion Total Simetrica","X-MODE"],"articleSection":["Nuestra marca"],"inLanguage":"es","potentialAction":[{"@type":"CommentAction","name":"Comment","target":["https:\/\/www.subaru.es\/blog\/nuestra-marca\/suv-electrico-subaru-solterra-que-opinan-los-expertos\/#respond"]}]},{"@type":"WebPage","@id":"https:\/\/www.subaru.es\/blog\/nuestra-marca\/suv-electrico-subaru-solterra-que-opinan-los-expertos\/","url":"https:\/\/www.subaru.es\/blog\/nuestra-marca\/suv-electrico-subaru-solterra-que-opinan-los-expertos\/","name":"SUV el\u00e9ctrico Subaru Solterra, \u00bfqu\u00e9 opinan los expertos? - Universo Subaru","isPartOf":{"@id":"https:\/\/www.subaru.es\/blog\/#website"},"primaryImageOfPage":{"@id":"https:\/\/www.subaru.es\/blog\/nuestra-marca\/suv-electrico-subaru-solterra-que-opinan-los-expertos\/#primaryimage"},"image":{"@id":"https:\/\/www.subaru.es\/blog\/nuestra-marca\/suv-electrico-subaru-solterra-que-opinan-los-expertos\/#primaryimage"},"thumbnailUrl":"https:\/\/www.subaru.es\/blog\/wp-content\/uploads\/2023\/08\/23SOLTERRA_portada_expertos-scaled.jpg","datePublished":"2023-03-22T08:21:00+00:00","dateModified":"2024-04-22T11:33:12+00:00","description":"Nuestro\u00a0SUV el\u00e9ctrico Subaru Solterra\u00a0es protagonista en los medios. En este post compartimos las mejores opiniones de expertos del motor.","breadcrumb":{"@id":"https:\/\/www.subaru.es\/blog\/nuestra-marca\/suv-electrico-subaru-solterra-que-opinan-los-expertos\/#breadcrumb"},"inLanguage":"es","potentialAction":[{"@type":"ReadAction","target":["https:\/\/www.subaru.es\/blog\/nuestra-marca\/suv-electrico-subaru-solterra-que-opinan-los-expertos\/"]}]},{"@type":"ImageObject","inLanguage":"es","@id":"https:\/\/www.subaru.es\/blog\/nuestra-marca\/suv-electrico-subaru-solterra-que-opinan-los-expertos\/#primaryimage","url":"https:\/\/www.subaru.es\/blog\/wp-content\/uploads\/2023\/08\/23SOLTERRA_portada_expertos-scaled.jpg","contentUrl":"https:\/\/www.subaru.es\/blog\/wp-content\/uploads\/2023\/08\/23SOLTERRA_portada_expertos-scaled.jpg","width":2560,"height":835,"caption":"SUV Subaru Solterra"},{"@type":"BreadcrumbList","@id":"https:\/\/www.subaru.es\/blog\/nuestra-marca\/suv-electrico-subaru-solterra-que-opinan-los-expertos\/#breadcrumb","itemListElement":[{"@type":"ListItem","position":1,"name":"Portada","item":"https:\/\/www.subaru.es\/blog\/"},{"@type":"ListItem","position":2,"name":"SUV el\u00e9ctrico Subaru Solterra, \u00bfqu\u00e9 opinan los expertos?"}]},{"@type":"WebSite","@id":"https:\/\/www.subaru.es\/blog\/#website","url":"https:\/\/www.subaru.es\/blog\/","name":"Universo Subaru","description":"Descubre este apasionante espacio de Subaru donde vas a conocer todo sobre nuestros coches y las experiencias que vivimos con ellos. Si est\u00e1s preparado para dejarte seducir por la filosof\u00eda Subaru, qu\u00e9date con nosotros.","publisher":{"@id":"https:\/\/www.subaru.es\/blog\/#organization"},"potentialAction":[{"@type":"SearchAction","target":{"@type":"EntryPoint","urlTemplate":"https:\/\/www.subaru.es\/blog\/?s={search_term_string}"},"query-input":{"@type":"PropertyValueSpecification","valueRequired":true,"valueName":"search_term_string"}}],"inLanguage":"es"},{"@type":"Organization","@id":"https:\/\/www.subaru.es\/blog\/#organization","name":"Subaru Espa\u00f1a S.A.","url":"https:\/\/www.subaru.es\/blog\/","logo":{"@type":"ImageObject","inLanguage":"es","@id":"https:\/\/www.subaru.es\/blog\/#\/schema\/logo\/image\/","url":"https:\/\/www.subaru.es\/blog\/wp-content\/uploads\/2016\/12\/Logo-Subaru-TypeV_C300-scaled.jpg","contentUrl":"https:\/\/www.subaru.es\/blog\/wp-content\/uploads\/2016\/12\/Logo-Subaru-TypeV_C300-scaled.jpg","width":2560,"height":1864,"caption":"Subaru Espa\u00f1a S.A."},"image":{"@id":"https:\/\/www.subaru.es\/blog\/#\/schema\/logo\/image\/"},"sameAs":["https:\/\/www.facebook.com\/subaruespana","https:\/\/www.instagram.com\/subarues\/","https:\/\/www.youtube.com\/user\/subaruespana"]},{"@type":"Person","@id":"https:\/\/www.subaru.es\/blog\/#\/schema\/person\/19a90b892230b8e0ec752704ddf4aa10","name":"Subaru","url":"https:\/\/www.subaru.es\/blog\/author\/subaria\/"}]}},"_links":{"self":[{"href":"https:\/\/www.subaru.es\/blog\/wp-json\/wp\/v2\/posts\/24653","targetHints":{"allow":["GET"]}}],"collection":[{"href":"https:\/\/www.subaru.es\/blog\/wp-json\/wp\/v2\/posts"}],"about":[{"href":"https:\/\/www.subaru.es\/blog\/wp-json\/wp\/v2\/types\/post"}],"author":[{"embeddable":true,"href":"https:\/\/www.subaru.es\/blog\/wp-json\/wp\/v2\/users\/21"}],"replies":[{"embeddable":true,"href":"https:\/\/www.subaru.es\/blog\/wp-json\/wp\/v2\/comments?post=24653"}],"version-history":[{"count":7,"href":"https:\/\/www.subaru.es\/blog\/wp-json\/wp\/v2\/posts\/24653\/revisions"}],"predecessor-version":[{"id":24663,"href":"https:\/\/www.subaru.es\/blog\/wp-json\/wp\/v2\/posts\/24653\/revisions\/24663"}],"wp:featuredmedia":[{"embeddable":true,"href":"https:\/\/www.subaru.es\/blog\/wp-json\/wp\/v2\/media\/24656"}],"wp:attachment":[{"href":"https:\/\/www.subaru.es\/blog\/wp-json\/wp\/v2\/media?parent=24653"}],"wp:term":[{"taxonomy":"category","embeddable":true,"href":"https:\/\/www.subaru.es\/blog\/wp-json\/wp\/v2\/categories?post=24653"},{"taxonomy":"post_tag","embeddable":true,"href":"https:\/\/www.subaru.es\/blog\/wp-json\/wp\/v2\/tags?post=24653"}],"curies":[{"name":"wp","href":"https:\/\/api.w.org\/{rel}","templated":true}]}}