{"id":2460,"date":"2010-02-28T13:17:40","date_gmt":"2010-02-28T11:17:40","guid":{"rendered":"http:\/\/subaru.preproduccion.com\/blog\/wp-content\/2010\/02\/28\/subaru-estara-en-el-salon-del-automovil-ecologico-de-madrid\/"},"modified":"2016-10-17T15:08:47","modified_gmt":"2016-10-17T13:08:47","slug":"subaru-estara-en-el-salon-del-automovil-ecologico-de-madrid","status":"publish","type":"post","link":"https:\/\/www.subaru.es\/blog\/nuestra-marca\/subaru-estara-en-el-salon-del-automovil-ecologico-de-madrid\/","title":{"rendered":"Subaru estar\u00e1 en el Sal\u00f3n del Autom\u00f3vil Ecol\u00f3gico de Madrid"},"content":{"rendered":"<p><a href=\"https:\/\/www.subaru.es\/blog\/wp-content\/uploads\/2009\/12\/r1e.jpg\" title=\"R1E\"><img decoding=\"async\" data-src=\"https:\/\/www.subaru.es\/blog\/wp-content\/uploads\/2009\/12\/r1e.jpg\" alt=\"R1E\" src=\"data:image\/svg+xml;base64,PHN2ZyB3aWR0aD0iMSIgaGVpZ2h0PSIxIiB4bWxucz0iaHR0cDovL3d3dy53My5vcmcvMjAwMC9zdmciPjwvc3ZnPg==\" class=\"lazyload\" style=\"--smush-placeholder-width: 435px; --smush-placeholder-aspect-ratio: 435\/291;\" \/><\/a><br \/>\nEl <strong>Sal\u00f3n Internacional del Autom\u00f3vil Ecol\u00f3gico y de la Movilidad Sostenible<\/strong>, que se celebra en la <strong><a href=\"http:\/\/www.ifema.es\">Feria de Madrid <\/a><\/strong>del 20 al 23 de mayo, se afronta desde el punto de vista de la <strong>sostenibilidad <\/strong>y busca recoger los esfuerzos de investigaci\u00f3n y desarrollo que se llevan a cabo en la <strong>industria del autom\u00f3vil y de la energ\u00eda<\/strong>, as\u00ed como otros sectores implicados en la b\u00fasqueda de soluciones energ\u00e9ticas alternativas orientadas al objetivo de la movilidad sostenible. Y <strong>Subaru<\/strong>, como empresa precursora de los <strong>veh\u00edculos el\u00e9ctricos y sostenibles<\/strong>, no pod\u00eda faltar al evento.<\/p>\n<p>De este modo, se pretende crear un espacio ferial desde el que abordar el <strong>sector del autom\u00f3vil <\/strong>a partir del concepto de la <strong>sostenibilidad<\/strong>, y simult\u00e1neamente centrar el foco en los distintos agentes y operadores que ya trabajan en la implantaci\u00f3n de <strong>nuevas alternativas energ\u00e9ticas, de abastecimiento y de transporte<\/strong>.<\/p>\n<p><a href=\"https:\/\/www.subaru.es\/blog\/wp-content\/uploads\/2009\/10\/logo_subaru1.jpg\" title=\"logo\"><img decoding=\"async\" data-src=\"https:\/\/www.subaru.es\/blog\/wp-content\/uploads\/2009\/10\/logo_subaru1.jpg\" alt=\"logo\" src=\"data:image\/svg+xml;base64,PHN2ZyB3aWR0aD0iMSIgaGVpZ2h0PSIxIiB4bWxucz0iaHR0cDovL3d3dy53My5vcmcvMjAwMC9zdmciPjwvc3ZnPg==\" class=\"lazyload\" style=\"--smush-placeholder-width: 400px; --smush-placeholder-aspect-ratio: 400\/267;\" \/><\/a><\/p>\n<p>El proyecto pretende crear sinergias que contribuyan a estimular el conocimiento y a promover su difusi\u00f3n, tanto entre los profesionales como en los consumidores o p\u00fablico general, tomando el pulso a la capacidad de <strong>innovaci\u00f3n <\/strong>de las industrias implicadas, por lo que la <strong>movilidad sostenible <\/strong>se convierte en el motor propulsor de las <strong>energ\u00edas renovables <\/strong>en el siglo XXI.<\/p>\n<p>En este marco tambi\u00e9n se realizar\u00e1n pruebas din\u00e1micas en circuitos y pistas, donde se ofrecer\u00e1 a los asistentes la posibilidad de ver en primera persona las <strong>\u00faltimas innovaciones en motores y veh\u00edculos ecol\u00f3gicos y el\u00e9ctricos<\/strong>, con el fin de que conozcan las sensaciones de la conducci\u00f3n de los nuevos modelos del futuro.<\/p>\n<p><a href=\"https:\/\/www.subaru.es\/blog\/wp-content\/uploads\/2009\/12\/r1e.jpg\" title=\"R1E\"><img decoding=\"async\" data-src=\"https:\/\/www.subaru.es\/blog\/wp-content\/uploads\/2010\/02\/stella.JPG\" alt=\"stella.JPG\" src=\"data:image\/svg+xml;base64,PHN2ZyB3aWR0aD0iMSIgaGVpZ2h0PSIxIiB4bWxucz0iaHR0cDovL3d3dy53My5vcmcvMjAwMC9zdmciPjwvc3ZnPg==\" class=\"lazyload\" style=\"--smush-placeholder-width: 472px; --smush-placeholder-aspect-ratio: 472\/234;\" \/><\/a><\/p>\n","protected":false},"excerpt":{"rendered":"<p>El Sal\u00f3n Internacional del Autom\u00f3vil Ecol\u00f3gico y de la Movilidad Sostenible, que se celebra en la Feria de Madrid del 20 al 23 de mayo, se afronta desde el punto de vista de la sostenibilidad y busca recoger los esfuerzos de investigaci\u00f3n y desarrollo que se llevan a cabo en la industria del autom\u00f3vil y [&hellip;]<\/p>\n","protected":false},"author":21,"featured_media":0,"comment_status":"open","ping_status":"open","sticky":false,"template":"","format":"standard","meta":{"_acf_changed":false,"_eb_attr":"","inline_featured_image":false,"footnotes":""},"categories":[4401],"tags":[791,1245,244,1550,335,2868,4390,1620],"class_list":["post-2460","post","type-post","status-publish","format-standard","hentry","category-nuestra-marca","tag-automovil","tag-ecologico","tag-madrid","tag-movilidad","tag-salon","tag-sostenible","tag-subaru","tag-vehiculos-electricos"],"acf":[],"yoast_head":"<!-- This site is optimized with the Yoast SEO plugin v27.3 - https:\/\/yoast.com\/product\/yoast-seo-wordpress\/ -->\n<title>Subaru estar\u00e1 en el Sal\u00f3n del Autom\u00f3vil Ecol\u00f3gico de Madrid - Universo Subaru<\/title>\n<meta name=\"robots\" content=\"index, follow, max-snippet:-1, max-image-preview:large, max-video-preview:-1\" \/>\n<link rel=\"canonical\" href=\"https:\/\/www.subaru.es\/blog\/nuestra-marca\/subaru-estara-en-el-salon-del-automovil-ecologico-de-madrid\/\" \/>\n<meta property=\"og:locale\" content=\"es_ES\" \/>\n<meta property=\"og:type\" content=\"article\" \/>\n<meta property=\"og:title\" content=\"Subaru estar\u00e1 en el Sal\u00f3n del Autom\u00f3vil Ecol\u00f3gico de Madrid - Universo Subaru\" \/>\n<meta property=\"og:description\" content=\"El Sal\u00f3n Internacional del Autom\u00f3vil Ecol\u00f3gico y de la Movilidad Sostenible, que se celebra en la Feria de Madrid del 20 al 23 de mayo, se afronta desde el punto de vista de la sostenibilidad y busca recoger los esfuerzos de investigaci\u00f3n y desarrollo que se llevan a cabo en la industria del autom\u00f3vil y [&hellip;]\" \/>\n<meta property=\"og:url\" content=\"https:\/\/www.subaru.es\/blog\/nuestra-marca\/subaru-estara-en-el-salon-del-automovil-ecologico-de-madrid\/\" \/>\n<meta property=\"og:site_name\" content=\"Universo Subaru\" \/>\n<meta property=\"article:publisher\" content=\"https:\/\/www.facebook.com\/subaruespana\" \/>\n<meta property=\"article:published_time\" content=\"2010-02-28T11:17:40+00:00\" \/>\n<meta property=\"article:modified_time\" content=\"2016-10-17T13:08:47+00:00\" \/>\n<meta property=\"og:image\" content=\"https:\/\/www.subaru.es\/blog\/wp-content\/uploads\/2009\/12\/r1e.jpg\" \/>\n<meta name=\"author\" content=\"Subaru\" \/>\n<meta name=\"twitter:card\" content=\"summary_large_image\" \/>\n<meta name=\"twitter:label1\" content=\"Escrito por\" \/>\n\t<meta name=\"twitter:data1\" content=\"Subaru\" \/>\n\t<meta name=\"twitter:label2\" content=\"Tiempo de lectura\" \/>\n\t<meta name=\"twitter:data2\" content=\"1 minuto\" \/>\n<script type=\"application\/ld+json\" class=\"yoast-schema-graph\">{\"@context\":\"https:\\\/\\\/schema.org\",\"@graph\":[{\"@type\":\"Article\",\"@id\":\"https:\\\/\\\/www.subaru.es\\\/blog\\\/nuestra-marca\\\/subaru-estara-en-el-salon-del-automovil-ecologico-de-madrid\\\/#article\",\"isPartOf\":{\"@id\":\"https:\\\/\\\/www.subaru.es\\\/blog\\\/nuestra-marca\\\/subaru-estara-en-el-salon-del-automovil-ecologico-de-madrid\\\/\"},\"author\":{\"name\":\"Subaru\",\"@id\":\"https:\\\/\\\/www.subaru.es\\\/blog\\\/#\\\/schema\\\/person\\\/19a90b892230b8e0ec752704ddf4aa10\"},\"headline\":\"Subaru estar\u00e1 en el Sal\u00f3n del Autom\u00f3vil Ecol\u00f3gico de Madrid\",\"datePublished\":\"2010-02-28T11:17:40+00:00\",\"dateModified\":\"2016-10-17T13:08:47+00:00\",\"mainEntityOfPage\":{\"@id\":\"https:\\\/\\\/www.subaru.es\\\/blog\\\/nuestra-marca\\\/subaru-estara-en-el-salon-del-automovil-ecologico-de-madrid\\\/\"},\"wordCount\":291,\"commentCount\":1,\"publisher\":{\"@id\":\"https:\\\/\\\/www.subaru.es\\\/blog\\\/#organization\"},\"image\":{\"@id\":\"https:\\\/\\\/www.subaru.es\\\/blog\\\/nuestra-marca\\\/subaru-estara-en-el-salon-del-automovil-ecologico-de-madrid\\\/#primaryimage\"},\"thumbnailUrl\":\"https:\\\/\\\/www.subaru.es\\\/blog\\\/wp-content\\\/uploads\\\/2009\\\/12\\\/r1e.jpg\",\"keywords\":[\"autom\u00f3vil\",\"ecol\u00f3gico\",\"madrid\",\"movilidad\",\"sal\u00f3n\",\"sostenible\",\"Subaru\",\"Veh\u00edculos El\u00e9ctricos\"],\"articleSection\":[\"Nuestra marca\"],\"inLanguage\":\"es\",\"potentialAction\":[{\"@type\":\"CommentAction\",\"name\":\"Comment\",\"target\":[\"https:\\\/\\\/www.subaru.es\\\/blog\\\/nuestra-marca\\\/subaru-estara-en-el-salon-del-automovil-ecologico-de-madrid\\\/#respond\"]}]},{\"@type\":\"WebPage\",\"@id\":\"https:\\\/\\\/www.subaru.es\\\/blog\\\/nuestra-marca\\\/subaru-estara-en-el-salon-del-automovil-ecologico-de-madrid\\\/\",\"url\":\"https:\\\/\\\/www.subaru.es\\\/blog\\\/nuestra-marca\\\/subaru-estara-en-el-salon-del-automovil-ecologico-de-madrid\\\/\",\"name\":\"Subaru estar\u00e1 en el Sal\u00f3n del Autom\u00f3vil Ecol\u00f3gico de Madrid - Universo Subaru\",\"isPartOf\":{\"@id\":\"https:\\\/\\\/www.subaru.es\\\/blog\\\/#website\"},\"primaryImageOfPage\":{\"@id\":\"https:\\\/\\\/www.subaru.es\\\/blog\\\/nuestra-marca\\\/subaru-estara-en-el-salon-del-automovil-ecologico-de-madrid\\\/#primaryimage\"},\"image\":{\"@id\":\"https:\\\/\\\/www.subaru.es\\\/blog\\\/nuestra-marca\\\/subaru-estara-en-el-salon-del-automovil-ecologico-de-madrid\\\/#primaryimage\"},\"thumbnailUrl\":\"https:\\\/\\\/www.subaru.es\\\/blog\\\/wp-content\\\/uploads\\\/2009\\\/12\\\/r1e.jpg\",\"datePublished\":\"2010-02-28T11:17:40+00:00\",\"dateModified\":\"2016-10-17T13:08:47+00:00\",\"breadcrumb\":{\"@id\":\"https:\\\/\\\/www.subaru.es\\\/blog\\\/nuestra-marca\\\/subaru-estara-en-el-salon-del-automovil-ecologico-de-madrid\\\/#breadcrumb\"},\"inLanguage\":\"es\",\"potentialAction\":[{\"@type\":\"ReadAction\",\"target\":[\"https:\\\/\\\/www.subaru.es\\\/blog\\\/nuestra-marca\\\/subaru-estara-en-el-salon-del-automovil-ecologico-de-madrid\\\/\"]}]},{\"@type\":\"ImageObject\",\"inLanguage\":\"es\",\"@id\":\"https:\\\/\\\/www.subaru.es\\\/blog\\\/nuestra-marca\\\/subaru-estara-en-el-salon-del-automovil-ecologico-de-madrid\\\/#primaryimage\",\"url\":\"https:\\\/\\\/www.subaru.es\\\/blog\\\/wp-content\\\/uploads\\\/2009\\\/12\\\/r1e.jpg\",\"contentUrl\":\"https:\\\/\\\/www.subaru.es\\\/blog\\\/wp-content\\\/uploads\\\/2009\\\/12\\\/r1e.jpg\",\"width\":435,\"height\":291},{\"@type\":\"BreadcrumbList\",\"@id\":\"https:\\\/\\\/www.subaru.es\\\/blog\\\/nuestra-marca\\\/subaru-estara-en-el-salon-del-automovil-ecologico-de-madrid\\\/#breadcrumb\",\"itemListElement\":[{\"@type\":\"ListItem\",\"position\":1,\"name\":\"Portada\",\"item\":\"https:\\\/\\\/www.subaru.es\\\/blog\\\/\"},{\"@type\":\"ListItem\",\"position\":2,\"name\":\"Subaru estar\u00e1 en el Sal\u00f3n del Autom\u00f3vil Ecol\u00f3gico de Madrid\"}]},{\"@type\":\"WebSite\",\"@id\":\"https:\\\/\\\/www.subaru.es\\\/blog\\\/#website\",\"url\":\"https:\\\/\\\/www.subaru.es\\\/blog\\\/\",\"name\":\"Universo Subaru\",\"description\":\"Descubre este apasionante espacio de Subaru donde vas a conocer todo sobre nuestros coches y las experiencias que vivimos con ellos. Si est\u00e1s preparado para dejarte seducir por la filosof\u00eda Subaru, qu\u00e9date con nosotros.\",\"publisher\":{\"@id\":\"https:\\\/\\\/www.subaru.es\\\/blog\\\/#organization\"},\"potentialAction\":[{\"@type\":\"SearchAction\",\"target\":{\"@type\":\"EntryPoint\",\"urlTemplate\":\"https:\\\/\\\/www.subaru.es\\\/blog\\\/?s={search_term_string}\"},\"query-input\":{\"@type\":\"PropertyValueSpecification\",\"valueRequired\":true,\"valueName\":\"search_term_string\"}}],\"inLanguage\":\"es\"},{\"@type\":\"Organization\",\"@id\":\"https:\\\/\\\/www.subaru.es\\\/blog\\\/#organization\",\"name\":\"Subaru Espa\u00f1a S.A.\",\"url\":\"https:\\\/\\\/www.subaru.es\\\/blog\\\/\",\"logo\":{\"@type\":\"ImageObject\",\"inLanguage\":\"es\",\"@id\":\"https:\\\/\\\/www.subaru.es\\\/blog\\\/#\\\/schema\\\/logo\\\/image\\\/\",\"url\":\"https:\\\/\\\/www.subaru.es\\\/blog\\\/wp-content\\\/uploads\\\/2016\\\/12\\\/Logo-Subaru-TypeV_C300-scaled.jpg\",\"contentUrl\":\"https:\\\/\\\/www.subaru.es\\\/blog\\\/wp-content\\\/uploads\\\/2016\\\/12\\\/Logo-Subaru-TypeV_C300-scaled.jpg\",\"width\":2560,\"height\":1864,\"caption\":\"Subaru Espa\u00f1a S.A.\"},\"image\":{\"@id\":\"https:\\\/\\\/www.subaru.es\\\/blog\\\/#\\\/schema\\\/logo\\\/image\\\/\"},\"sameAs\":[\"https:\\\/\\\/www.facebook.com\\\/subaruespana\",\"https:\\\/\\\/www.instagram.com\\\/subarues\\\/\",\"https:\\\/\\\/www.youtube.com\\\/user\\\/subaruespana\"]},{\"@type\":\"Person\",\"@id\":\"https:\\\/\\\/www.subaru.es\\\/blog\\\/#\\\/schema\\\/person\\\/19a90b892230b8e0ec752704ddf4aa10\",\"name\":\"Subaru\",\"url\":\"https:\\\/\\\/www.subaru.es\\\/blog\\\/author\\\/subaria\\\/\"}]}<\/script>\n<!-- \/ Yoast SEO plugin. -->","yoast_head_json":{"title":"Subaru estar\u00e1 en el Sal\u00f3n del Autom\u00f3vil Ecol\u00f3gico de Madrid - Universo Subaru","robots":{"index":"index","follow":"follow","max-snippet":"max-snippet:-1","max-image-preview":"max-image-preview:large","max-video-preview":"max-video-preview:-1"},"canonical":"https:\/\/www.subaru.es\/blog\/nuestra-marca\/subaru-estara-en-el-salon-del-automovil-ecologico-de-madrid\/","og_locale":"es_ES","og_type":"article","og_title":"Subaru estar\u00e1 en el Sal\u00f3n del Autom\u00f3vil Ecol\u00f3gico de Madrid - Universo Subaru","og_description":"El Sal\u00f3n Internacional del Autom\u00f3vil Ecol\u00f3gico y de la Movilidad Sostenible, que se celebra en la Feria de Madrid del 20 al 23 de mayo, se afronta desde el punto de vista de la sostenibilidad y busca recoger los esfuerzos de investigaci\u00f3n y desarrollo que se llevan a cabo en la industria del autom\u00f3vil y [&hellip;]","og_url":"https:\/\/www.subaru.es\/blog\/nuestra-marca\/subaru-estara-en-el-salon-del-automovil-ecologico-de-madrid\/","og_site_name":"Universo Subaru","article_publisher":"https:\/\/www.facebook.com\/subaruespana","article_published_time":"2010-02-28T11:17:40+00:00","article_modified_time":"2016-10-17T13:08:47+00:00","og_image":[{"url":"https:\/\/www.subaru.es\/blog\/wp-content\/uploads\/2009\/12\/r1e.jpg","type":"","width":"","height":""}],"author":"Subaru","twitter_card":"summary_large_image","twitter_misc":{"Escrito por":"Subaru","Tiempo de lectura":"1 minuto"},"schema":{"@context":"https:\/\/schema.org","@graph":[{"@type":"Article","@id":"https:\/\/www.subaru.es\/blog\/nuestra-marca\/subaru-estara-en-el-salon-del-automovil-ecologico-de-madrid\/#article","isPartOf":{"@id":"https:\/\/www.subaru.es\/blog\/nuestra-marca\/subaru-estara-en-el-salon-del-automovil-ecologico-de-madrid\/"},"author":{"name":"Subaru","@id":"https:\/\/www.subaru.es\/blog\/#\/schema\/person\/19a90b892230b8e0ec752704ddf4aa10"},"headline":"Subaru estar\u00e1 en el Sal\u00f3n del Autom\u00f3vil Ecol\u00f3gico de Madrid","datePublished":"2010-02-28T11:17:40+00:00","dateModified":"2016-10-17T13:08:47+00:00","mainEntityOfPage":{"@id":"https:\/\/www.subaru.es\/blog\/nuestra-marca\/subaru-estara-en-el-salon-del-automovil-ecologico-de-madrid\/"},"wordCount":291,"commentCount":1,"publisher":{"@id":"https:\/\/www.subaru.es\/blog\/#organization"},"image":{"@id":"https:\/\/www.subaru.es\/blog\/nuestra-marca\/subaru-estara-en-el-salon-del-automovil-ecologico-de-madrid\/#primaryimage"},"thumbnailUrl":"https:\/\/www.subaru.es\/blog\/wp-content\/uploads\/2009\/12\/r1e.jpg","keywords":["autom\u00f3vil","ecol\u00f3gico","madrid","movilidad","sal\u00f3n","sostenible","Subaru","Veh\u00edculos El\u00e9ctricos"],"articleSection":["Nuestra marca"],"inLanguage":"es","potentialAction":[{"@type":"CommentAction","name":"Comment","target":["https:\/\/www.subaru.es\/blog\/nuestra-marca\/subaru-estara-en-el-salon-del-automovil-ecologico-de-madrid\/#respond"]}]},{"@type":"WebPage","@id":"https:\/\/www.subaru.es\/blog\/nuestra-marca\/subaru-estara-en-el-salon-del-automovil-ecologico-de-madrid\/","url":"https:\/\/www.subaru.es\/blog\/nuestra-marca\/subaru-estara-en-el-salon-del-automovil-ecologico-de-madrid\/","name":"Subaru estar\u00e1 en el Sal\u00f3n del Autom\u00f3vil Ecol\u00f3gico de Madrid - Universo Subaru","isPartOf":{"@id":"https:\/\/www.subaru.es\/blog\/#website"},"primaryImageOfPage":{"@id":"https:\/\/www.subaru.es\/blog\/nuestra-marca\/subaru-estara-en-el-salon-del-automovil-ecologico-de-madrid\/#primaryimage"},"image":{"@id":"https:\/\/www.subaru.es\/blog\/nuestra-marca\/subaru-estara-en-el-salon-del-automovil-ecologico-de-madrid\/#primaryimage"},"thumbnailUrl":"https:\/\/www.subaru.es\/blog\/wp-content\/uploads\/2009\/12\/r1e.jpg","datePublished":"2010-02-28T11:17:40+00:00","dateModified":"2016-10-17T13:08:47+00:00","breadcrumb":{"@id":"https:\/\/www.subaru.es\/blog\/nuestra-marca\/subaru-estara-en-el-salon-del-automovil-ecologico-de-madrid\/#breadcrumb"},"inLanguage":"es","potentialAction":[{"@type":"ReadAction","target":["https:\/\/www.subaru.es\/blog\/nuestra-marca\/subaru-estara-en-el-salon-del-automovil-ecologico-de-madrid\/"]}]},{"@type":"ImageObject","inLanguage":"es","@id":"https:\/\/www.subaru.es\/blog\/nuestra-marca\/subaru-estara-en-el-salon-del-automovil-ecologico-de-madrid\/#primaryimage","url":"https:\/\/www.subaru.es\/blog\/wp-content\/uploads\/2009\/12\/r1e.jpg","contentUrl":"https:\/\/www.subaru.es\/blog\/wp-content\/uploads\/2009\/12\/r1e.jpg","width":435,"height":291},{"@type":"BreadcrumbList","@id":"https:\/\/www.subaru.es\/blog\/nuestra-marca\/subaru-estara-en-el-salon-del-automovil-ecologico-de-madrid\/#breadcrumb","itemListElement":[{"@type":"ListItem","position":1,"name":"Portada","item":"https:\/\/www.subaru.es\/blog\/"},{"@type":"ListItem","position":2,"name":"Subaru estar\u00e1 en el Sal\u00f3n del Autom\u00f3vil Ecol\u00f3gico de Madrid"}]},{"@type":"WebSite","@id":"https:\/\/www.subaru.es\/blog\/#website","url":"https:\/\/www.subaru.es\/blog\/","name":"Universo Subaru","description":"Descubre este apasionante espacio de Subaru donde vas a conocer todo sobre nuestros coches y las experiencias que vivimos con ellos. Si est\u00e1s preparado para dejarte seducir por la filosof\u00eda Subaru, qu\u00e9date con nosotros.","publisher":{"@id":"https:\/\/www.subaru.es\/blog\/#organization"},"potentialAction":[{"@type":"SearchAction","target":{"@type":"EntryPoint","urlTemplate":"https:\/\/www.subaru.es\/blog\/?s={search_term_string}"},"query-input":{"@type":"PropertyValueSpecification","valueRequired":true,"valueName":"search_term_string"}}],"inLanguage":"es"},{"@type":"Organization","@id":"https:\/\/www.subaru.es\/blog\/#organization","name":"Subaru Espa\u00f1a S.A.","url":"https:\/\/www.subaru.es\/blog\/","logo":{"@type":"ImageObject","inLanguage":"es","@id":"https:\/\/www.subaru.es\/blog\/#\/schema\/logo\/image\/","url":"https:\/\/www.subaru.es\/blog\/wp-content\/uploads\/2016\/12\/Logo-Subaru-TypeV_C300-scaled.jpg","contentUrl":"https:\/\/www.subaru.es\/blog\/wp-content\/uploads\/2016\/12\/Logo-Subaru-TypeV_C300-scaled.jpg","width":2560,"height":1864,"caption":"Subaru Espa\u00f1a S.A."},"image":{"@id":"https:\/\/www.subaru.es\/blog\/#\/schema\/logo\/image\/"},"sameAs":["https:\/\/www.facebook.com\/subaruespana","https:\/\/www.instagram.com\/subarues\/","https:\/\/www.youtube.com\/user\/subaruespana"]},{"@type":"Person","@id":"https:\/\/www.subaru.es\/blog\/#\/schema\/person\/19a90b892230b8e0ec752704ddf4aa10","name":"Subaru","url":"https:\/\/www.subaru.es\/blog\/author\/subaria\/"}]}},"_links":{"self":[{"href":"https:\/\/www.subaru.es\/blog\/wp-json\/wp\/v2\/posts\/2460","targetHints":{"allow":["GET"]}}],"collection":[{"href":"https:\/\/www.subaru.es\/blog\/wp-json\/wp\/v2\/posts"}],"about":[{"href":"https:\/\/www.subaru.es\/blog\/wp-json\/wp\/v2\/types\/post"}],"author":[{"embeddable":true,"href":"https:\/\/www.subaru.es\/blog\/wp-json\/wp\/v2\/users\/21"}],"replies":[{"embeddable":true,"href":"https:\/\/www.subaru.es\/blog\/wp-json\/wp\/v2\/comments?post=2460"}],"version-history":[{"count":1,"href":"https:\/\/www.subaru.es\/blog\/wp-json\/wp\/v2\/posts\/2460\/revisions"}],"predecessor-version":[{"id":15098,"href":"https:\/\/www.subaru.es\/blog\/wp-json\/wp\/v2\/posts\/2460\/revisions\/15098"}],"wp:attachment":[{"href":"https:\/\/www.subaru.es\/blog\/wp-json\/wp\/v2\/media?parent=2460"}],"wp:term":[{"taxonomy":"category","embeddable":true,"href":"https:\/\/www.subaru.es\/blog\/wp-json\/wp\/v2\/categories?post=2460"},{"taxonomy":"post_tag","embeddable":true,"href":"https:\/\/www.subaru.es\/blog\/wp-json\/wp\/v2\/tags?post=2460"}],"curies":[{"name":"wp","href":"https:\/\/api.w.org\/{rel}","templated":true}]}}