{"id":2458,"date":"2010-02-21T12:26:55","date_gmt":"2010-02-21T10:26:55","guid":{"rendered":"http:\/\/subaru.preproduccion.com\/blog\/wp-content\/2010\/02\/21\/subaru-lidera-la-reactivacion-economica\/"},"modified":"2020-08-12T12:47:22","modified_gmt":"2020-08-12T10:47:22","slug":"subaru-lidera-la-reactivacion-economica","status":"publish","type":"post","link":"https:\/\/www.subaru.es\/blog\/nuestra-marca\/subaru-lidera-la-reactivacion-economica\/","title":{"rendered":"Subaru lidera la reactivaci\u00f3n econ\u00f3mica"},"content":{"rendered":"<p><a href=\"https:\/\/www.subaru.es\/blog\/wp-content\/uploads\/2009\/10\/logo_subaru1.jpg\" title=\"logo\"><img decoding=\"async\" data-src=\"https:\/\/www.subaru.es\/blog\/wp-content\/uploads\/2009\/10\/logo_subaru1.jpg\" alt=\"logo\" src=\"data:image\/svg+xml;base64,PHN2ZyB3aWR0aD0iMSIgaGVpZ2h0PSIxIiB4bWxucz0iaHR0cDovL3d3dy53My5vcmcvMjAwMC9zdmciPjwvc3ZnPg==\" class=\"lazyload\" style=\"--smush-placeholder-width: 400px; --smush-placeholder-aspect-ratio: 400\/267;\"><\/a><br \/>\n<strong>Subaru <\/strong>es una de las \u00fanicas tres marcas que han aumentado sus ventas durante 2009 en el mercado estadounidense. No en vano, revistas como <a href=\"http:\/\/www.forbes.com\/\"><strong>Forbes <\/strong><\/a>han destacado las estrategias de la marca japonesa para lograr que la crisis no le afecte. Tambi\u00e9n lo ha hecho <strong><a href=\"http:\/\/www.autonews.com\/#\">Automotive News <\/a><\/strong>, que ha destacado a <strong>Subaru <\/strong>en su \u00faltimo n\u00famero como la marca que mejor ha actuado durante 2009, que ha conseguido un aumento en sus ventas de catorce por ciento en el mercado estadounidense.<\/p>\n<p>Gracias a este crecimiento, la marca ha pasado del lugar 19 en ventas al <strong>n\u00famero once<\/strong>, superando a connotadas marcas automotrices en ese mercado. Al \u00e9xito de ventas de 2009 contribuyeron el <strong>New Forester<\/strong>, modelo premiado y reconocido en todo el mundo, y los lanzamientos del <strong>All New Legacy y All New Outback<\/strong>, que fue elegido como<strong> Mejor SUV 2010 <\/strong>por la revista <strong><a href=\"http:\/\/www.motortrend.com\/index.html\">MotorTrend<\/a><\/strong>.<\/p>\n<p>Este \u00e9xito en ventas permiti\u00f3 a <strong>Subaru <\/strong>abrir en 2009 diez nuevos concesionarios en <strong>EE.UU<\/strong>.<\/p>\n<p>La firma nipona tambi\u00e9n ha crecido en <strong>Chile<\/strong>, donde ha incrementado su participaci\u00f3n del 1,4 al <strong>1,8 por ciento<\/strong>. La clave ha sido entregar el mejor servicio y contar con una renovada oferta de productos encabezados ahora por <strong>All New Legacy y All New Outback 2010<\/strong>.<\/p>\n","protected":false},"excerpt":{"rendered":"<p>Subaru es una de las \u00fanicas tres marcas que han aumentado sus ventas durante 2009 en el mercado estadounidense. No en vano, revistas como Forbes han destacado las estrategias de la marca japonesa para lograr que la crisis no le afecte. Tambi\u00e9n lo ha hecho Automotive News , que ha destacado a Subaru en su [&hellip;]<\/p>\n","protected":false},"author":21,"featured_media":0,"comment_status":"open","ping_status":"open","sticky":false,"template":"","format":"standard","meta":{"_acf_changed":false,"_eb_attr":"","inline_featured_image":false,"footnotes":""},"categories":[4401],"tags":[2858,2859,2857,861,2855,2856,2860,2861,1719,2854,4390],"class_list":["post-2458","post","type-post","status-publish","format-standard","hentry","category-nuestra-marca","tag-all-new-legacy","tag-all-new-outback","tag-automotive-news","tag-crisis","tag-economia","tag-forbes","tag-mejor-suv-2010","tag-motortrend","tag-new-forester","tag-reactivacion","tag-subaru"],"acf":[],"yoast_head":"<!-- This site is optimized with the Yoast SEO plugin v27.3 - https:\/\/yoast.com\/product\/yoast-seo-wordpress\/ -->\n<title>Subaru lidera la reactivaci\u00f3n econ\u00f3mica - Universo Subaru<\/title>\n<meta name=\"robots\" content=\"index, follow, max-snippet:-1, max-image-preview:large, max-video-preview:-1\" \/>\n<link rel=\"canonical\" href=\"https:\/\/www.subaru.es\/blog\/nuestra-marca\/subaru-lidera-la-reactivacion-economica\/\" \/>\n<meta property=\"og:locale\" content=\"es_ES\" \/>\n<meta property=\"og:type\" content=\"article\" \/>\n<meta property=\"og:title\" content=\"Subaru lidera la reactivaci\u00f3n econ\u00f3mica - Universo Subaru\" \/>\n<meta property=\"og:description\" content=\"Subaru es una de las \u00fanicas tres marcas que han aumentado sus ventas durante 2009 en el mercado estadounidense. No en vano, revistas como Forbes han destacado las estrategias de la marca japonesa para lograr que la crisis no le afecte. Tambi\u00e9n lo ha hecho Automotive News , que ha destacado a Subaru en su [&hellip;]\" \/>\n<meta property=\"og:url\" content=\"https:\/\/www.subaru.es\/blog\/nuestra-marca\/subaru-lidera-la-reactivacion-economica\/\" \/>\n<meta property=\"og:site_name\" content=\"Universo Subaru\" \/>\n<meta property=\"article:publisher\" content=\"https:\/\/www.facebook.com\/subaruespana\" \/>\n<meta property=\"article:published_time\" content=\"2010-02-21T10:26:55+00:00\" \/>\n<meta property=\"article:modified_time\" content=\"2020-08-12T10:47:22+00:00\" \/>\n<meta property=\"og:image\" content=\"https:\/\/www.subaru.es\/blog\/wp-content\/uploads\/2009\/10\/logo_subaru1.jpg\" \/>\n<meta name=\"author\" content=\"Subaru\" \/>\n<meta name=\"twitter:card\" content=\"summary_large_image\" \/>\n<meta name=\"twitter:label1\" content=\"Escrito por\" \/>\n\t<meta name=\"twitter:data1\" content=\"Subaru\" \/>\n\t<meta name=\"twitter:label2\" content=\"Tiempo de lectura\" \/>\n\t<meta name=\"twitter:data2\" content=\"1 minuto\" \/>\n<script type=\"application\/ld+json\" class=\"yoast-schema-graph\">{\"@context\":\"https:\\\/\\\/schema.org\",\"@graph\":[{\"@type\":\"Article\",\"@id\":\"https:\\\/\\\/www.subaru.es\\\/blog\\\/nuestra-marca\\\/subaru-lidera-la-reactivacion-economica\\\/#article\",\"isPartOf\":{\"@id\":\"https:\\\/\\\/www.subaru.es\\\/blog\\\/nuestra-marca\\\/subaru-lidera-la-reactivacion-economica\\\/\"},\"author\":{\"name\":\"Subaru\",\"@id\":\"https:\\\/\\\/www.subaru.es\\\/blog\\\/#\\\/schema\\\/person\\\/19a90b892230b8e0ec752704ddf4aa10\"},\"headline\":\"Subaru lidera la reactivaci\u00f3n econ\u00f3mica\",\"datePublished\":\"2010-02-21T10:26:55+00:00\",\"dateModified\":\"2020-08-12T10:47:22+00:00\",\"mainEntityOfPage\":{\"@id\":\"https:\\\/\\\/www.subaru.es\\\/blog\\\/nuestra-marca\\\/subaru-lidera-la-reactivacion-economica\\\/\"},\"wordCount\":210,\"commentCount\":0,\"publisher\":{\"@id\":\"https:\\\/\\\/www.subaru.es\\\/blog\\\/#organization\"},\"image\":{\"@id\":\"https:\\\/\\\/www.subaru.es\\\/blog\\\/nuestra-marca\\\/subaru-lidera-la-reactivacion-economica\\\/#primaryimage\"},\"thumbnailUrl\":\"https:\\\/\\\/www.subaru.es\\\/blog\\\/wp-content\\\/uploads\\\/2009\\\/10\\\/logo_subaru1.jpg\",\"keywords\":[\"All New Legacy\",\"All New Outback\",\"Automotive News\",\"crisis\",\"econom\u00eda\",\"Forbes\",\"Mejor SUV 2010\",\"MotorTrend\",\"New Forester\",\"reactivaci\u00f3n\",\"Subaru\"],\"articleSection\":[\"Nuestra marca\"],\"inLanguage\":\"es\",\"potentialAction\":[{\"@type\":\"CommentAction\",\"name\":\"Comment\",\"target\":[\"https:\\\/\\\/www.subaru.es\\\/blog\\\/nuestra-marca\\\/subaru-lidera-la-reactivacion-economica\\\/#respond\"]}]},{\"@type\":\"WebPage\",\"@id\":\"https:\\\/\\\/www.subaru.es\\\/blog\\\/nuestra-marca\\\/subaru-lidera-la-reactivacion-economica\\\/\",\"url\":\"https:\\\/\\\/www.subaru.es\\\/blog\\\/nuestra-marca\\\/subaru-lidera-la-reactivacion-economica\\\/\",\"name\":\"Subaru lidera la reactivaci\u00f3n econ\u00f3mica - Universo Subaru\",\"isPartOf\":{\"@id\":\"https:\\\/\\\/www.subaru.es\\\/blog\\\/#website\"},\"primaryImageOfPage\":{\"@id\":\"https:\\\/\\\/www.subaru.es\\\/blog\\\/nuestra-marca\\\/subaru-lidera-la-reactivacion-economica\\\/#primaryimage\"},\"image\":{\"@id\":\"https:\\\/\\\/www.subaru.es\\\/blog\\\/nuestra-marca\\\/subaru-lidera-la-reactivacion-economica\\\/#primaryimage\"},\"thumbnailUrl\":\"https:\\\/\\\/www.subaru.es\\\/blog\\\/wp-content\\\/uploads\\\/2009\\\/10\\\/logo_subaru1.jpg\",\"datePublished\":\"2010-02-21T10:26:55+00:00\",\"dateModified\":\"2020-08-12T10:47:22+00:00\",\"breadcrumb\":{\"@id\":\"https:\\\/\\\/www.subaru.es\\\/blog\\\/nuestra-marca\\\/subaru-lidera-la-reactivacion-economica\\\/#breadcrumb\"},\"inLanguage\":\"es\",\"potentialAction\":[{\"@type\":\"ReadAction\",\"target\":[\"https:\\\/\\\/www.subaru.es\\\/blog\\\/nuestra-marca\\\/subaru-lidera-la-reactivacion-economica\\\/\"]}]},{\"@type\":\"ImageObject\",\"inLanguage\":\"es\",\"@id\":\"https:\\\/\\\/www.subaru.es\\\/blog\\\/nuestra-marca\\\/subaru-lidera-la-reactivacion-economica\\\/#primaryimage\",\"url\":\"https:\\\/\\\/www.subaru.es\\\/blog\\\/wp-content\\\/uploads\\\/2009\\\/10\\\/logo_subaru1.jpg\",\"contentUrl\":\"https:\\\/\\\/www.subaru.es\\\/blog\\\/wp-content\\\/uploads\\\/2009\\\/10\\\/logo_subaru1.jpg\",\"width\":400,\"height\":267},{\"@type\":\"BreadcrumbList\",\"@id\":\"https:\\\/\\\/www.subaru.es\\\/blog\\\/nuestra-marca\\\/subaru-lidera-la-reactivacion-economica\\\/#breadcrumb\",\"itemListElement\":[{\"@type\":\"ListItem\",\"position\":1,\"name\":\"Portada\",\"item\":\"https:\\\/\\\/www.subaru.es\\\/blog\\\/\"},{\"@type\":\"ListItem\",\"position\":2,\"name\":\"Subaru lidera la reactivaci\u00f3n econ\u00f3mica\"}]},{\"@type\":\"WebSite\",\"@id\":\"https:\\\/\\\/www.subaru.es\\\/blog\\\/#website\",\"url\":\"https:\\\/\\\/www.subaru.es\\\/blog\\\/\",\"name\":\"Universo Subaru\",\"description\":\"Descubre este apasionante espacio de Subaru donde vas a conocer todo sobre nuestros coches y las experiencias que vivimos con ellos. Si est\u00e1s preparado para dejarte seducir por la filosof\u00eda Subaru, qu\u00e9date con nosotros.\",\"publisher\":{\"@id\":\"https:\\\/\\\/www.subaru.es\\\/blog\\\/#organization\"},\"potentialAction\":[{\"@type\":\"SearchAction\",\"target\":{\"@type\":\"EntryPoint\",\"urlTemplate\":\"https:\\\/\\\/www.subaru.es\\\/blog\\\/?s={search_term_string}\"},\"query-input\":{\"@type\":\"PropertyValueSpecification\",\"valueRequired\":true,\"valueName\":\"search_term_string\"}}],\"inLanguage\":\"es\"},{\"@type\":\"Organization\",\"@id\":\"https:\\\/\\\/www.subaru.es\\\/blog\\\/#organization\",\"name\":\"Subaru Espa\u00f1a S.A.\",\"url\":\"https:\\\/\\\/www.subaru.es\\\/blog\\\/\",\"logo\":{\"@type\":\"ImageObject\",\"inLanguage\":\"es\",\"@id\":\"https:\\\/\\\/www.subaru.es\\\/blog\\\/#\\\/schema\\\/logo\\\/image\\\/\",\"url\":\"https:\\\/\\\/www.subaru.es\\\/blog\\\/wp-content\\\/uploads\\\/2016\\\/12\\\/Logo-Subaru-TypeV_C300-scaled.jpg\",\"contentUrl\":\"https:\\\/\\\/www.subaru.es\\\/blog\\\/wp-content\\\/uploads\\\/2016\\\/12\\\/Logo-Subaru-TypeV_C300-scaled.jpg\",\"width\":2560,\"height\":1864,\"caption\":\"Subaru Espa\u00f1a S.A.\"},\"image\":{\"@id\":\"https:\\\/\\\/www.subaru.es\\\/blog\\\/#\\\/schema\\\/logo\\\/image\\\/\"},\"sameAs\":[\"https:\\\/\\\/www.facebook.com\\\/subaruespana\",\"https:\\\/\\\/www.instagram.com\\\/subarues\\\/\",\"https:\\\/\\\/www.youtube.com\\\/user\\\/subaruespana\"]},{\"@type\":\"Person\",\"@id\":\"https:\\\/\\\/www.subaru.es\\\/blog\\\/#\\\/schema\\\/person\\\/19a90b892230b8e0ec752704ddf4aa10\",\"name\":\"Subaru\",\"url\":\"https:\\\/\\\/www.subaru.es\\\/blog\\\/author\\\/subaria\\\/\"}]}<\/script>\n<!-- \/ Yoast SEO plugin. -->","yoast_head_json":{"title":"Subaru lidera la reactivaci\u00f3n econ\u00f3mica - Universo Subaru","robots":{"index":"index","follow":"follow","max-snippet":"max-snippet:-1","max-image-preview":"max-image-preview:large","max-video-preview":"max-video-preview:-1"},"canonical":"https:\/\/www.subaru.es\/blog\/nuestra-marca\/subaru-lidera-la-reactivacion-economica\/","og_locale":"es_ES","og_type":"article","og_title":"Subaru lidera la reactivaci\u00f3n econ\u00f3mica - Universo Subaru","og_description":"Subaru es una de las \u00fanicas tres marcas que han aumentado sus ventas durante 2009 en el mercado estadounidense. No en vano, revistas como Forbes han destacado las estrategias de la marca japonesa para lograr que la crisis no le afecte. Tambi\u00e9n lo ha hecho Automotive News , que ha destacado a Subaru en su [&hellip;]","og_url":"https:\/\/www.subaru.es\/blog\/nuestra-marca\/subaru-lidera-la-reactivacion-economica\/","og_site_name":"Universo Subaru","article_publisher":"https:\/\/www.facebook.com\/subaruespana","article_published_time":"2010-02-21T10:26:55+00:00","article_modified_time":"2020-08-12T10:47:22+00:00","og_image":[{"url":"https:\/\/www.subaru.es\/blog\/wp-content\/uploads\/2009\/10\/logo_subaru1.jpg","type":"","width":"","height":""}],"author":"Subaru","twitter_card":"summary_large_image","twitter_misc":{"Escrito por":"Subaru","Tiempo de lectura":"1 minuto"},"schema":{"@context":"https:\/\/schema.org","@graph":[{"@type":"Article","@id":"https:\/\/www.subaru.es\/blog\/nuestra-marca\/subaru-lidera-la-reactivacion-economica\/#article","isPartOf":{"@id":"https:\/\/www.subaru.es\/blog\/nuestra-marca\/subaru-lidera-la-reactivacion-economica\/"},"author":{"name":"Subaru","@id":"https:\/\/www.subaru.es\/blog\/#\/schema\/person\/19a90b892230b8e0ec752704ddf4aa10"},"headline":"Subaru lidera la reactivaci\u00f3n econ\u00f3mica","datePublished":"2010-02-21T10:26:55+00:00","dateModified":"2020-08-12T10:47:22+00:00","mainEntityOfPage":{"@id":"https:\/\/www.subaru.es\/blog\/nuestra-marca\/subaru-lidera-la-reactivacion-economica\/"},"wordCount":210,"commentCount":0,"publisher":{"@id":"https:\/\/www.subaru.es\/blog\/#organization"},"image":{"@id":"https:\/\/www.subaru.es\/blog\/nuestra-marca\/subaru-lidera-la-reactivacion-economica\/#primaryimage"},"thumbnailUrl":"https:\/\/www.subaru.es\/blog\/wp-content\/uploads\/2009\/10\/logo_subaru1.jpg","keywords":["All New Legacy","All New Outback","Automotive News","crisis","econom\u00eda","Forbes","Mejor SUV 2010","MotorTrend","New Forester","reactivaci\u00f3n","Subaru"],"articleSection":["Nuestra marca"],"inLanguage":"es","potentialAction":[{"@type":"CommentAction","name":"Comment","target":["https:\/\/www.subaru.es\/blog\/nuestra-marca\/subaru-lidera-la-reactivacion-economica\/#respond"]}]},{"@type":"WebPage","@id":"https:\/\/www.subaru.es\/blog\/nuestra-marca\/subaru-lidera-la-reactivacion-economica\/","url":"https:\/\/www.subaru.es\/blog\/nuestra-marca\/subaru-lidera-la-reactivacion-economica\/","name":"Subaru lidera la reactivaci\u00f3n econ\u00f3mica - Universo Subaru","isPartOf":{"@id":"https:\/\/www.subaru.es\/blog\/#website"},"primaryImageOfPage":{"@id":"https:\/\/www.subaru.es\/blog\/nuestra-marca\/subaru-lidera-la-reactivacion-economica\/#primaryimage"},"image":{"@id":"https:\/\/www.subaru.es\/blog\/nuestra-marca\/subaru-lidera-la-reactivacion-economica\/#primaryimage"},"thumbnailUrl":"https:\/\/www.subaru.es\/blog\/wp-content\/uploads\/2009\/10\/logo_subaru1.jpg","datePublished":"2010-02-21T10:26:55+00:00","dateModified":"2020-08-12T10:47:22+00:00","breadcrumb":{"@id":"https:\/\/www.subaru.es\/blog\/nuestra-marca\/subaru-lidera-la-reactivacion-economica\/#breadcrumb"},"inLanguage":"es","potentialAction":[{"@type":"ReadAction","target":["https:\/\/www.subaru.es\/blog\/nuestra-marca\/subaru-lidera-la-reactivacion-economica\/"]}]},{"@type":"ImageObject","inLanguage":"es","@id":"https:\/\/www.subaru.es\/blog\/nuestra-marca\/subaru-lidera-la-reactivacion-economica\/#primaryimage","url":"https:\/\/www.subaru.es\/blog\/wp-content\/uploads\/2009\/10\/logo_subaru1.jpg","contentUrl":"https:\/\/www.subaru.es\/blog\/wp-content\/uploads\/2009\/10\/logo_subaru1.jpg","width":400,"height":267},{"@type":"BreadcrumbList","@id":"https:\/\/www.subaru.es\/blog\/nuestra-marca\/subaru-lidera-la-reactivacion-economica\/#breadcrumb","itemListElement":[{"@type":"ListItem","position":1,"name":"Portada","item":"https:\/\/www.subaru.es\/blog\/"},{"@type":"ListItem","position":2,"name":"Subaru lidera la reactivaci\u00f3n econ\u00f3mica"}]},{"@type":"WebSite","@id":"https:\/\/www.subaru.es\/blog\/#website","url":"https:\/\/www.subaru.es\/blog\/","name":"Universo Subaru","description":"Descubre este apasionante espacio de Subaru donde vas a conocer todo sobre nuestros coches y las experiencias que vivimos con ellos. Si est\u00e1s preparado para dejarte seducir por la filosof\u00eda Subaru, qu\u00e9date con nosotros.","publisher":{"@id":"https:\/\/www.subaru.es\/blog\/#organization"},"potentialAction":[{"@type":"SearchAction","target":{"@type":"EntryPoint","urlTemplate":"https:\/\/www.subaru.es\/blog\/?s={search_term_string}"},"query-input":{"@type":"PropertyValueSpecification","valueRequired":true,"valueName":"search_term_string"}}],"inLanguage":"es"},{"@type":"Organization","@id":"https:\/\/www.subaru.es\/blog\/#organization","name":"Subaru Espa\u00f1a S.A.","url":"https:\/\/www.subaru.es\/blog\/","logo":{"@type":"ImageObject","inLanguage":"es","@id":"https:\/\/www.subaru.es\/blog\/#\/schema\/logo\/image\/","url":"https:\/\/www.subaru.es\/blog\/wp-content\/uploads\/2016\/12\/Logo-Subaru-TypeV_C300-scaled.jpg","contentUrl":"https:\/\/www.subaru.es\/blog\/wp-content\/uploads\/2016\/12\/Logo-Subaru-TypeV_C300-scaled.jpg","width":2560,"height":1864,"caption":"Subaru Espa\u00f1a S.A."},"image":{"@id":"https:\/\/www.subaru.es\/blog\/#\/schema\/logo\/image\/"},"sameAs":["https:\/\/www.facebook.com\/subaruespana","https:\/\/www.instagram.com\/subarues\/","https:\/\/www.youtube.com\/user\/subaruespana"]},{"@type":"Person","@id":"https:\/\/www.subaru.es\/blog\/#\/schema\/person\/19a90b892230b8e0ec752704ddf4aa10","name":"Subaru","url":"https:\/\/www.subaru.es\/blog\/author\/subaria\/"}]}},"_links":{"self":[{"href":"https:\/\/www.subaru.es\/blog\/wp-json\/wp\/v2\/posts\/2458","targetHints":{"allow":["GET"]}}],"collection":[{"href":"https:\/\/www.subaru.es\/blog\/wp-json\/wp\/v2\/posts"}],"about":[{"href":"https:\/\/www.subaru.es\/blog\/wp-json\/wp\/v2\/types\/post"}],"author":[{"embeddable":true,"href":"https:\/\/www.subaru.es\/blog\/wp-json\/wp\/v2\/users\/21"}],"replies":[{"embeddable":true,"href":"https:\/\/www.subaru.es\/blog\/wp-json\/wp\/v2\/comments?post=2458"}],"version-history":[{"count":2,"href":"https:\/\/www.subaru.es\/blog\/wp-json\/wp\/v2\/posts\/2458\/revisions"}],"predecessor-version":[{"id":22252,"href":"https:\/\/www.subaru.es\/blog\/wp-json\/wp\/v2\/posts\/2458\/revisions\/22252"}],"wp:attachment":[{"href":"https:\/\/www.subaru.es\/blog\/wp-json\/wp\/v2\/media?parent=2458"}],"wp:term":[{"taxonomy":"category","embeddable":true,"href":"https:\/\/www.subaru.es\/blog\/wp-json\/wp\/v2\/categories?post=2458"},{"taxonomy":"post_tag","embeddable":true,"href":"https:\/\/www.subaru.es\/blog\/wp-json\/wp\/v2\/tags?post=2458"}],"curies":[{"name":"wp","href":"https:\/\/api.w.org\/{rel}","templated":true}]}}