{"id":24492,"date":"2024-04-22T13:35:42","date_gmt":"2024-04-22T11:35:42","guid":{"rendered":"https:\/\/www.subaru.es\/blog\/?p=24492"},"modified":"2024-04-22T13:35:44","modified_gmt":"2024-04-22T11:35:44","slug":"subaru-solterra-el-coche-electrico-que-estas-buscando","status":"publish","type":"post","link":"https:\/\/www.subaru.es\/blog\/nuestra-marca\/subaru-solterra-el-coche-electrico-que-estas-buscando\/","title":{"rendered":"Subaru Solterra: el coche el\u00e9ctrico que est\u00e1s buscando"},"content":{"rendered":"\n<p>La evoluci\u00f3n de la potencia el\u00e9ctrica de nuestros coches ya est\u00e1 aqu\u00ed. La gama de veh\u00edculos totalmente el\u00e9ctricos comienza con el nuevo&nbsp;<strong>coche el\u00e9ctrico<\/strong>&nbsp;<strong>Subaru Solterra EV<\/strong>, pero como ver\u00e1s, queda mucho m\u00e1s por venir.<\/p>\n\n\n\n<h2 class=\"wp-block-heading\">Subaru Solterra EV 2023<\/h2>\n\n\n\n<p>Nuestro nuevo&nbsp;<strong>Subaru Solterra<\/strong>&nbsp;<strong>100% el\u00e9ctrico <\/strong>con <strong>etiqueta cero<\/strong>&nbsp;te ofrece toda la capacidad de la tracci\u00f3n total sim\u00e9trica. Tambi\u00e9n la avanzada tecnolog\u00eda de seguridad activa y la resistencia y confiabilidad por las que los&nbsp;<a href=\"https:\/\/www.subaru.es\/blog\/nuestra-marca\/solterra-suv-electrico-finalista-al-coche-del-ano-en-europa\/\">veh\u00edculos Subaru<\/a>&nbsp;son conocidos.<\/p>\n\n\n\n<p>Adem\u00e1s, lo combina con la plataforma global e-Subaru de nueva generaci\u00f3n, desarrollando un nuevo&nbsp;<strong>suv <\/strong>con excelentes capacidades&nbsp;<em>onroad<\/em>&nbsp;y&nbsp;<em>offroad.<\/em><\/p>\n\n\n\n<h3 class=\"wp-block-heading\">M\u00e1s libertad, m\u00e1s movimiento<\/h3>\n\n\n\n<p>El&nbsp;<strong>SUV el\u00e9ctrico<\/strong>&nbsp;<strong>Subaru Solterra<\/strong>&nbsp;incorpora todas las comodidades, como la recarga en tu propia casa. Con nuestro&nbsp;<strong>todoterreno 100% el\u00e9ctrico<\/strong>, tendr\u00e1s m\u00e1s libertad para explorar nuevos caminos.<\/p>\n\n\n\n<figure class=\"wp-block-embed aligncenter is-type-video is-provider-youtube wp-block-embed-youtube wp-embed-aspect-16-9 wp-has-aspect-ratio\"><div class=\"wp-block-embed__wrapper\">\n<iframe title=\"Subaru | Solterra 100% el\u00e9ctrico: You&#039;ve got the power\" width=\"800\" height=\"450\" data-src=\"https:\/\/www.youtube.com\/embed\/bFEeGpyzvbQ?feature=oembed\" frameborder=\"0\" allow=\"accelerometer; autoplay; clipboard-write; encrypted-media; gyroscope; picture-in-picture; web-share\" referrerpolicy=\"strict-origin-when-cross-origin\" allowfullscreen src=\"data:image\/svg+xml;base64,PHN2ZyB3aWR0aD0iMSIgaGVpZ2h0PSIxIiB4bWxucz0iaHR0cDovL3d3dy53My5vcmcvMjAwMC9zdmciPjwvc3ZnPg==\" class=\"lazyload\" data-load-mode=\"1\"><\/iframe>\n<\/div><\/figure>\n\n\n\n<p>Porque s\u00ed, tener un Subaru 100 % el\u00e9ctrico es sin\u00f3nimo de libertad. La libertad de evitar el&nbsp;<a href=\"https:\/\/www.greenpeace.org\/mexico\/blog\/9853\/como-afectan-los-combustibles-fosiles-a-la-salud-humana\/\">impacto de los combustibles f\u00f3siles<\/a>&nbsp;gracias a su&nbsp;<strong>etiqueta cero<\/strong>. Tambi\u00e9n la libertad de llegar a lugares a los que solo llega un Subaru y cargar tu&nbsp;<strong>todoterreno <\/strong>c\u00f3mo y d\u00f3nde quieras. Un&nbsp;<strong>coche el\u00e9ctrico de etiqueta cero<\/strong>&nbsp;puede ser perfecto para tu vida diaria, sin importar c\u00f3mo quieras cargarlo.<\/p>\n\n\n\n<h3 class=\"wp-block-heading\">Carga tu todoterreno el\u00e9ctrico donde t\u00fa quieras<\/h3>\n\n\n\n<p>Con nuestro&nbsp;<strong><a href=\"https:\/\/www.subaru.es\/vehiculos\/solterra\" target=\"_blank\" rel=\"noreferrer noopener\">todoterreno el\u00e9ctrico<\/a><\/strong>&nbsp;Subaru, podr\u00e1s salir de tu casa todas las ma\u00f1anas con la carga completa. Gracias a su facilidad de carga estar\u00e1s siempre listo para ir a cualquier parte.<\/p>\n\n\n\n<p>Al igual que con tu&nbsp;<em>smartphone<\/em>, simplemente tienes que enchufar tu&nbsp;<strong>todoterreno el\u00e9ctrico&nbsp;<\/strong>cuando llegues a casa a una toma de corriente est\u00e1ndar.<\/p>\n\n\n<div class=\"wp-block-image\">\n<figure class=\"aligncenter size-large\"><img decoding=\"async\" width=\"1440\" height=\"960\" data-src=\"https:\/\/www.subaru.es\/blog\/wp-content\/uploads\/2023\/04\/23SOLTERRA_suv_electrico-1440x960.jpg\" alt=\"Subaru Solterra coche el\u00e9ctrico\" class=\"wp-image-24495 lazyload\" data-srcset=\"https:\/\/www.subaru.es\/blog\/wp-content\/uploads\/2023\/04\/23SOLTERRA_suv_electrico-1440x960.jpg 1440w, https:\/\/www.subaru.es\/blog\/wp-content\/uploads\/2023\/04\/23SOLTERRA_suv_electrico-560x373.jpg 560w, https:\/\/www.subaru.es\/blog\/wp-content\/uploads\/2023\/04\/23SOLTERRA_suv_electrico-768x512.jpg 768w, https:\/\/www.subaru.es\/blog\/wp-content\/uploads\/2023\/04\/23SOLTERRA_suv_electrico-1536x1024.jpg 1536w, https:\/\/www.subaru.es\/blog\/wp-content\/uploads\/2023\/04\/23SOLTERRA_suv_electrico-2048x1365.jpg 2048w\" data-sizes=\"(max-width: 1440px) 100vw, 1440px\" src=\"data:image\/svg+xml;base64,PHN2ZyB3aWR0aD0iMSIgaGVpZ2h0PSIxIiB4bWxucz0iaHR0cDovL3d3dy53My5vcmcvMjAwMC9zdmciPjwvc3ZnPg==\" style=\"--smush-placeholder-width: 1440px; --smush-placeholder-aspect-ratio: 1440\/960;\" \/><\/figure>\n<\/div>\n\n\n<p>Utiliza el cargador de 120 V y despi\u00e9rtate con una bater\u00eda completamente cargada. Para obtener una carga a\u00fan m\u00e1s r\u00e1pida de tu&nbsp;<strong>Solterra<\/strong>, tienes la posibilidad de utilizar un cargador de 240 V.<\/p>\n\n\n\n<p>Actualmente, y cada vez m\u00e1s, existen cargadores disponibles para uso p\u00fablico en tiendas minoristas, hoteles y estacionamientos. Las estaciones de carga r\u00e1pida de CC, con la tecnolog\u00eda de carga m\u00e1s poderosa, est\u00e1n disponibles en ubicaciones de todo el pa\u00eds.<\/p>\n\n\n\n<h2 class=\"wp-block-heading\">Ventajas de tener un SUV Subaru con etiqueta cero<\/h2>\n\n\n\n<p>Comprar un&nbsp;<a href=\"https:\/\/www.subaru.es\/blog\/nuestra-marca\/subaru-solterra-electrico-la-viva-definicion-de-resistencia\/\"><strong>SUV el\u00e9ctrico de Subaru<\/strong><\/a>&nbsp;es, sin duda, una decisi\u00f3n inteligente. Ahorrar dinero en gasolina y los beneficios ambientales de un veh\u00edculo<a href=\"https:\/\/www.subaru.es\/blog\/nuestra-marca\/etiqueta-eco-descubre-sus-ventajas-con-la-gama-hibrida-de-subaru\/\">&nbsp;<strong>todoterreno el\u00e9ctrico<\/strong>&nbsp;<strong>de<\/strong>&nbsp;<strong>etiqueta cero<\/strong><\/a><strong>&nbsp;<\/strong>son obvios.<\/p>\n\n\n\n<p>No obstante, hay otras razones por las que conducir un<strong> Subaru Solterra<\/strong>&nbsp;es una excelente opci\u00f3n: gasta menos combustible, presenta un mantenimiento m\u00e1s sencillo y adem\u00e1s te convertir\u00e1s en beneficiario de ayudas gubernamentales y ventajas fiscales.<\/p>\n","protected":false},"excerpt":{"rendered":"<p>La evoluci\u00f3n de la potencia el\u00e9ctrica de nuestros coches ya est\u00e1 aqu\u00ed. La gama de veh\u00edculos totalmente el\u00e9ctricos comienza con el nuevo&nbsp;coche el\u00e9ctrico&nbsp;Subaru Solterra EV, pero como ver\u00e1s, queda mucho m\u00e1s por venir. Subaru Solterra EV 2023 Nuestro nuevo&nbsp;Subaru Solterra&nbsp;100% el\u00e9ctrico con etiqueta cero&nbsp;te ofrece toda la capacidad de la tracci\u00f3n total sim\u00e9trica. Tambi\u00e9n la [&hellip;]<\/p>\n","protected":false},"author":21,"featured_media":24498,"comment_status":"open","ping_status":"closed","sticky":false,"template":"","format":"standard","meta":{"_acf_changed":false,"_eb_attr":"","inline_featured_image":false,"footnotes":""},"categories":[4401],"tags":[5285,5221,5315,5316,1552,5175,608,5215,5106,3426,5317,5213,5313,4938,5312,643,293,5131,5214,5286,5314,4575,4950,5170,5212,64,5211,5319,5029,4219,5321,5311,4464,4213],"class_list":["post-24492","post","type-post","status-publish","format-standard","has-post-thumbnail","hentry","category-nuestra-marca","tag-100-electrico","tag-capacidad-offroad","tag-carretera-con-barro","tag-carretera-con-nieve","tag-cero-emisiones","tag-coche-eco","tag-coche-electrico","tag-coche-electrico-subaru","tag-coches-eco","tag-coches-ecologicos","tag-conduccion-divertida","tag-electrificacion-subaru","tag-etiqueta-0","tag-etiqueta-eco","tag-familiar-electrico","tag-gama-subaru","tag-motor-boxer","tag-plataforma-global-de-subaru","tag-plataforma-global-e-subaru","tag-presentacion-mundial","tag-resistencia","tag-seguridad-subaru","tag-sistema-eyesight","tag-subaru-100-electrico","tag-subaru-electrico","tag-subaru-espana","tag-subaru-solterra","tag-suv-100-electrico","tag-suv-electrico","tag-tecnologia-subaru","tag-todoterreno-100-electrico","tag-todoterreno-electrico","tag-traccion-total-simetrica","tag-x-mode"],"acf":[],"yoast_head":"<!-- This site is optimized with the Yoast SEO plugin v27.3 - https:\/\/yoast.com\/product\/yoast-seo-wordpress\/ -->\n<title>Subaru Solterra: el coche el\u00e9ctrico que est\u00e1s buscando - Universo Subaru<\/title>\n<meta name=\"description\" content=\"Nuestra Gama de 100% el\u00e9ctricos comienza con el nuevo coche el\u00e9ctrico Subaru Solterra EV 2023, pero esto es s\u00f3lo el principio.\" \/>\n<meta name=\"robots\" content=\"index, follow, max-snippet:-1, max-image-preview:large, max-video-preview:-1\" \/>\n<link rel=\"canonical\" href=\"https:\/\/www.subaru.es\/blog\/nuestra-marca\/subaru-solterra-el-coche-electrico-que-estas-buscando\/\" \/>\n<meta property=\"og:locale\" content=\"es_ES\" \/>\n<meta property=\"og:type\" content=\"article\" \/>\n<meta property=\"og:title\" content=\"Subaru Solterra: el coche el\u00e9ctrico que est\u00e1s buscando - Universo Subaru\" \/>\n<meta property=\"og:description\" content=\"Nuestra Gama de 100% el\u00e9ctricos comienza con el nuevo coche el\u00e9ctrico Subaru Solterra EV 2023, pero esto es s\u00f3lo el principio.\" \/>\n<meta property=\"og:url\" content=\"https:\/\/www.subaru.es\/blog\/nuestra-marca\/subaru-solterra-el-coche-electrico-que-estas-buscando\/\" \/>\n<meta property=\"og:site_name\" content=\"Universo Subaru\" \/>\n<meta property=\"article:publisher\" content=\"https:\/\/www.facebook.com\/subaruespana\" \/>\n<meta property=\"article:published_time\" content=\"2024-04-22T11:35:42+00:00\" \/>\n<meta property=\"article:modified_time\" content=\"2024-04-22T11:35:44+00:00\" \/>\n<meta property=\"og:image\" content=\"https:\/\/www.subaru.es\/blog\/wp-content\/uploads\/2023\/04\/23SOLTERRA_portadablog_def.jpg\" \/>\n\t<meta property=\"og:image:width\" content=\"3492\" \/>\n\t<meta property=\"og:image:height\" content=\"972\" \/>\n\t<meta property=\"og:image:type\" content=\"image\/jpeg\" \/>\n<meta name=\"author\" content=\"Subaru\" \/>\n<meta name=\"twitter:card\" content=\"summary_large_image\" \/>\n<meta name=\"twitter:label1\" content=\"Escrito por\" \/>\n\t<meta name=\"twitter:data1\" content=\"Subaru\" \/>\n\t<meta name=\"twitter:label2\" content=\"Tiempo de lectura\" \/>\n\t<meta name=\"twitter:data2\" content=\"3 minutos\" \/>\n<script type=\"application\/ld+json\" class=\"yoast-schema-graph\">{\"@context\":\"https:\\\/\\\/schema.org\",\"@graph\":[{\"@type\":\"Article\",\"@id\":\"https:\\\/\\\/www.subaru.es\\\/blog\\\/nuestra-marca\\\/subaru-solterra-el-coche-electrico-que-estas-buscando\\\/#article\",\"isPartOf\":{\"@id\":\"https:\\\/\\\/www.subaru.es\\\/blog\\\/nuestra-marca\\\/subaru-solterra-el-coche-electrico-que-estas-buscando\\\/\"},\"author\":{\"name\":\"Subaru\",\"@id\":\"https:\\\/\\\/www.subaru.es\\\/blog\\\/#\\\/schema\\\/person\\\/19a90b892230b8e0ec752704ddf4aa10\"},\"headline\":\"Subaru Solterra: el coche el\u00e9ctrico que est\u00e1s buscando\",\"datePublished\":\"2024-04-22T11:35:42+00:00\",\"dateModified\":\"2024-04-22T11:35:44+00:00\",\"mainEntityOfPage\":{\"@id\":\"https:\\\/\\\/www.subaru.es\\\/blog\\\/nuestra-marca\\\/subaru-solterra-el-coche-electrico-que-estas-buscando\\\/\"},\"wordCount\":506,\"commentCount\":0,\"publisher\":{\"@id\":\"https:\\\/\\\/www.subaru.es\\\/blog\\\/#organization\"},\"image\":{\"@id\":\"https:\\\/\\\/www.subaru.es\\\/blog\\\/nuestra-marca\\\/subaru-solterra-el-coche-electrico-que-estas-buscando\\\/#primaryimage\"},\"thumbnailUrl\":\"https:\\\/\\\/www.subaru.es\\\/blog\\\/wp-content\\\/uploads\\\/2023\\\/04\\\/23SOLTERRA_portadablog_def-scaled.jpg\",\"keywords\":[\"100% el\u00e9ctrico\",\"Capacidad OffRoad\",\"carretera con barro\",\"carretera con nieve\",\"cero emisiones\",\"Coche eco\",\"coche electrico\",\"coche el\u00e9ctrico Subaru\",\"coches eco\",\"coches ecol\u00f3gicos\",\"conducci\u00f3n divertida\",\"electrificaci\u00f3n Subaru\",\"etiqueta 0\",\"etiqueta eco\",\"Familiar el\u00e9ctrico\",\"gama subaru\",\"motor boxer\",\"Plataforma Global de Subaru\",\"Plataforma Global e-Subaru\",\"Presentaci\u00f3n Mundial\",\"resistencia\",\"Seguridad Subaru\",\"Sistema EyeSight\",\"Subaru 100% el\u00e9ctrico\",\"Subaru el\u00e9ctrico\",\"subaru espa\u00f1a\",\"Subaru Solterra\",\"SUV 100% el\u00e9ctrico\",\"SUV electrico\",\"Tecnolog\u00eda Subaru\",\"todoterreno 100% el\u00e9ctrico\",\"Todoterreno el\u00e9ctrico\",\"Traccion Total Simetrica\",\"X-MODE\"],\"articleSection\":[\"Nuestra marca\"],\"inLanguage\":\"es\",\"potentialAction\":[{\"@type\":\"CommentAction\",\"name\":\"Comment\",\"target\":[\"https:\\\/\\\/www.subaru.es\\\/blog\\\/nuestra-marca\\\/subaru-solterra-el-coche-electrico-que-estas-buscando\\\/#respond\"]}]},{\"@type\":\"WebPage\",\"@id\":\"https:\\\/\\\/www.subaru.es\\\/blog\\\/nuestra-marca\\\/subaru-solterra-el-coche-electrico-que-estas-buscando\\\/\",\"url\":\"https:\\\/\\\/www.subaru.es\\\/blog\\\/nuestra-marca\\\/subaru-solterra-el-coche-electrico-que-estas-buscando\\\/\",\"name\":\"Subaru Solterra: el coche el\u00e9ctrico que est\u00e1s buscando - Universo Subaru\",\"isPartOf\":{\"@id\":\"https:\\\/\\\/www.subaru.es\\\/blog\\\/#website\"},\"primaryImageOfPage\":{\"@id\":\"https:\\\/\\\/www.subaru.es\\\/blog\\\/nuestra-marca\\\/subaru-solterra-el-coche-electrico-que-estas-buscando\\\/#primaryimage\"},\"image\":{\"@id\":\"https:\\\/\\\/www.subaru.es\\\/blog\\\/nuestra-marca\\\/subaru-solterra-el-coche-electrico-que-estas-buscando\\\/#primaryimage\"},\"thumbnailUrl\":\"https:\\\/\\\/www.subaru.es\\\/blog\\\/wp-content\\\/uploads\\\/2023\\\/04\\\/23SOLTERRA_portadablog_def-scaled.jpg\",\"datePublished\":\"2024-04-22T11:35:42+00:00\",\"dateModified\":\"2024-04-22T11:35:44+00:00\",\"description\":\"Nuestra Gama de 100% el\u00e9ctricos comienza con el nuevo coche el\u00e9ctrico Subaru Solterra EV 2023, pero esto es s\u00f3lo el principio.\",\"breadcrumb\":{\"@id\":\"https:\\\/\\\/www.subaru.es\\\/blog\\\/nuestra-marca\\\/subaru-solterra-el-coche-electrico-que-estas-buscando\\\/#breadcrumb\"},\"inLanguage\":\"es\",\"potentialAction\":[{\"@type\":\"ReadAction\",\"target\":[\"https:\\\/\\\/www.subaru.es\\\/blog\\\/nuestra-marca\\\/subaru-solterra-el-coche-electrico-que-estas-buscando\\\/\"]}]},{\"@type\":\"ImageObject\",\"inLanguage\":\"es\",\"@id\":\"https:\\\/\\\/www.subaru.es\\\/blog\\\/nuestra-marca\\\/subaru-solterra-el-coche-electrico-que-estas-buscando\\\/#primaryimage\",\"url\":\"https:\\\/\\\/www.subaru.es\\\/blog\\\/wp-content\\\/uploads\\\/2023\\\/04\\\/23SOLTERRA_portadablog_def-scaled.jpg\",\"contentUrl\":\"https:\\\/\\\/www.subaru.es\\\/blog\\\/wp-content\\\/uploads\\\/2023\\\/04\\\/23SOLTERRA_portadablog_def-scaled.jpg\",\"width\":2560,\"height\":713,\"caption\":\"Subaru Solterra EV\"},{\"@type\":\"BreadcrumbList\",\"@id\":\"https:\\\/\\\/www.subaru.es\\\/blog\\\/nuestra-marca\\\/subaru-solterra-el-coche-electrico-que-estas-buscando\\\/#breadcrumb\",\"itemListElement\":[{\"@type\":\"ListItem\",\"position\":1,\"name\":\"Portada\",\"item\":\"https:\\\/\\\/www.subaru.es\\\/blog\\\/\"},{\"@type\":\"ListItem\",\"position\":2,\"name\":\"Subaru Solterra: el coche el\u00e9ctrico que est\u00e1s buscando\"}]},{\"@type\":\"WebSite\",\"@id\":\"https:\\\/\\\/www.subaru.es\\\/blog\\\/#website\",\"url\":\"https:\\\/\\\/www.subaru.es\\\/blog\\\/\",\"name\":\"Universo Subaru\",\"description\":\"Descubre este apasionante espacio de Subaru donde vas a conocer todo sobre nuestros coches y las experiencias que vivimos con ellos. Si est\u00e1s preparado para dejarte seducir por la filosof\u00eda Subaru, qu\u00e9date con nosotros.\",\"publisher\":{\"@id\":\"https:\\\/\\\/www.subaru.es\\\/blog\\\/#organization\"},\"potentialAction\":[{\"@type\":\"SearchAction\",\"target\":{\"@type\":\"EntryPoint\",\"urlTemplate\":\"https:\\\/\\\/www.subaru.es\\\/blog\\\/?s={search_term_string}\"},\"query-input\":{\"@type\":\"PropertyValueSpecification\",\"valueRequired\":true,\"valueName\":\"search_term_string\"}}],\"inLanguage\":\"es\"},{\"@type\":\"Organization\",\"@id\":\"https:\\\/\\\/www.subaru.es\\\/blog\\\/#organization\",\"name\":\"Subaru Espa\u00f1a S.A.\",\"url\":\"https:\\\/\\\/www.subaru.es\\\/blog\\\/\",\"logo\":{\"@type\":\"ImageObject\",\"inLanguage\":\"es\",\"@id\":\"https:\\\/\\\/www.subaru.es\\\/blog\\\/#\\\/schema\\\/logo\\\/image\\\/\",\"url\":\"https:\\\/\\\/www.subaru.es\\\/blog\\\/wp-content\\\/uploads\\\/2016\\\/12\\\/Logo-Subaru-TypeV_C300-scaled.jpg\",\"contentUrl\":\"https:\\\/\\\/www.subaru.es\\\/blog\\\/wp-content\\\/uploads\\\/2016\\\/12\\\/Logo-Subaru-TypeV_C300-scaled.jpg\",\"width\":2560,\"height\":1864,\"caption\":\"Subaru Espa\u00f1a S.A.\"},\"image\":{\"@id\":\"https:\\\/\\\/www.subaru.es\\\/blog\\\/#\\\/schema\\\/logo\\\/image\\\/\"},\"sameAs\":[\"https:\\\/\\\/www.facebook.com\\\/subaruespana\",\"https:\\\/\\\/www.instagram.com\\\/subarues\\\/\",\"https:\\\/\\\/www.youtube.com\\\/user\\\/subaruespana\"]},{\"@type\":\"Person\",\"@id\":\"https:\\\/\\\/www.subaru.es\\\/blog\\\/#\\\/schema\\\/person\\\/19a90b892230b8e0ec752704ddf4aa10\",\"name\":\"Subaru\",\"url\":\"https:\\\/\\\/www.subaru.es\\\/blog\\\/author\\\/subaria\\\/\"}]}<\/script>\n<!-- \/ Yoast SEO plugin. -->","yoast_head_json":{"title":"Subaru Solterra: el coche el\u00e9ctrico que est\u00e1s buscando - Universo Subaru","description":"Nuestra Gama de 100% el\u00e9ctricos comienza con el nuevo coche el\u00e9ctrico Subaru Solterra EV 2023, pero esto es s\u00f3lo el principio.","robots":{"index":"index","follow":"follow","max-snippet":"max-snippet:-1","max-image-preview":"max-image-preview:large","max-video-preview":"max-video-preview:-1"},"canonical":"https:\/\/www.subaru.es\/blog\/nuestra-marca\/subaru-solterra-el-coche-electrico-que-estas-buscando\/","og_locale":"es_ES","og_type":"article","og_title":"Subaru Solterra: el coche el\u00e9ctrico que est\u00e1s buscando - Universo Subaru","og_description":"Nuestra Gama de 100% el\u00e9ctricos comienza con el nuevo coche el\u00e9ctrico Subaru Solterra EV 2023, pero esto es s\u00f3lo el principio.","og_url":"https:\/\/www.subaru.es\/blog\/nuestra-marca\/subaru-solterra-el-coche-electrico-que-estas-buscando\/","og_site_name":"Universo Subaru","article_publisher":"https:\/\/www.facebook.com\/subaruespana","article_published_time":"2024-04-22T11:35:42+00:00","article_modified_time":"2024-04-22T11:35:44+00:00","og_image":[{"width":3492,"height":972,"url":"https:\/\/www.subaru.es\/blog\/wp-content\/uploads\/2023\/04\/23SOLTERRA_portadablog_def.jpg","type":"image\/jpeg"}],"author":"Subaru","twitter_card":"summary_large_image","twitter_misc":{"Escrito por":"Subaru","Tiempo de lectura":"3 minutos"},"schema":{"@context":"https:\/\/schema.org","@graph":[{"@type":"Article","@id":"https:\/\/www.subaru.es\/blog\/nuestra-marca\/subaru-solterra-el-coche-electrico-que-estas-buscando\/#article","isPartOf":{"@id":"https:\/\/www.subaru.es\/blog\/nuestra-marca\/subaru-solterra-el-coche-electrico-que-estas-buscando\/"},"author":{"name":"Subaru","@id":"https:\/\/www.subaru.es\/blog\/#\/schema\/person\/19a90b892230b8e0ec752704ddf4aa10"},"headline":"Subaru Solterra: el coche el\u00e9ctrico que est\u00e1s buscando","datePublished":"2024-04-22T11:35:42+00:00","dateModified":"2024-04-22T11:35:44+00:00","mainEntityOfPage":{"@id":"https:\/\/www.subaru.es\/blog\/nuestra-marca\/subaru-solterra-el-coche-electrico-que-estas-buscando\/"},"wordCount":506,"commentCount":0,"publisher":{"@id":"https:\/\/www.subaru.es\/blog\/#organization"},"image":{"@id":"https:\/\/www.subaru.es\/blog\/nuestra-marca\/subaru-solterra-el-coche-electrico-que-estas-buscando\/#primaryimage"},"thumbnailUrl":"https:\/\/www.subaru.es\/blog\/wp-content\/uploads\/2023\/04\/23SOLTERRA_portadablog_def-scaled.jpg","keywords":["100% el\u00e9ctrico","Capacidad OffRoad","carretera con barro","carretera con nieve","cero emisiones","Coche eco","coche electrico","coche el\u00e9ctrico Subaru","coches eco","coches ecol\u00f3gicos","conducci\u00f3n divertida","electrificaci\u00f3n Subaru","etiqueta 0","etiqueta eco","Familiar el\u00e9ctrico","gama subaru","motor boxer","Plataforma Global de Subaru","Plataforma Global e-Subaru","Presentaci\u00f3n Mundial","resistencia","Seguridad Subaru","Sistema EyeSight","Subaru 100% el\u00e9ctrico","Subaru el\u00e9ctrico","subaru espa\u00f1a","Subaru Solterra","SUV 100% el\u00e9ctrico","SUV electrico","Tecnolog\u00eda Subaru","todoterreno 100% el\u00e9ctrico","Todoterreno el\u00e9ctrico","Traccion Total Simetrica","X-MODE"],"articleSection":["Nuestra marca"],"inLanguage":"es","potentialAction":[{"@type":"CommentAction","name":"Comment","target":["https:\/\/www.subaru.es\/blog\/nuestra-marca\/subaru-solterra-el-coche-electrico-que-estas-buscando\/#respond"]}]},{"@type":"WebPage","@id":"https:\/\/www.subaru.es\/blog\/nuestra-marca\/subaru-solterra-el-coche-electrico-que-estas-buscando\/","url":"https:\/\/www.subaru.es\/blog\/nuestra-marca\/subaru-solterra-el-coche-electrico-que-estas-buscando\/","name":"Subaru Solterra: el coche el\u00e9ctrico que est\u00e1s buscando - Universo Subaru","isPartOf":{"@id":"https:\/\/www.subaru.es\/blog\/#website"},"primaryImageOfPage":{"@id":"https:\/\/www.subaru.es\/blog\/nuestra-marca\/subaru-solterra-el-coche-electrico-que-estas-buscando\/#primaryimage"},"image":{"@id":"https:\/\/www.subaru.es\/blog\/nuestra-marca\/subaru-solterra-el-coche-electrico-que-estas-buscando\/#primaryimage"},"thumbnailUrl":"https:\/\/www.subaru.es\/blog\/wp-content\/uploads\/2023\/04\/23SOLTERRA_portadablog_def-scaled.jpg","datePublished":"2024-04-22T11:35:42+00:00","dateModified":"2024-04-22T11:35:44+00:00","description":"Nuestra Gama de 100% el\u00e9ctricos comienza con el nuevo coche el\u00e9ctrico Subaru Solterra EV 2023, pero esto es s\u00f3lo el principio.","breadcrumb":{"@id":"https:\/\/www.subaru.es\/blog\/nuestra-marca\/subaru-solterra-el-coche-electrico-que-estas-buscando\/#breadcrumb"},"inLanguage":"es","potentialAction":[{"@type":"ReadAction","target":["https:\/\/www.subaru.es\/blog\/nuestra-marca\/subaru-solterra-el-coche-electrico-que-estas-buscando\/"]}]},{"@type":"ImageObject","inLanguage":"es","@id":"https:\/\/www.subaru.es\/blog\/nuestra-marca\/subaru-solterra-el-coche-electrico-que-estas-buscando\/#primaryimage","url":"https:\/\/www.subaru.es\/blog\/wp-content\/uploads\/2023\/04\/23SOLTERRA_portadablog_def-scaled.jpg","contentUrl":"https:\/\/www.subaru.es\/blog\/wp-content\/uploads\/2023\/04\/23SOLTERRA_portadablog_def-scaled.jpg","width":2560,"height":713,"caption":"Subaru Solterra EV"},{"@type":"BreadcrumbList","@id":"https:\/\/www.subaru.es\/blog\/nuestra-marca\/subaru-solterra-el-coche-electrico-que-estas-buscando\/#breadcrumb","itemListElement":[{"@type":"ListItem","position":1,"name":"Portada","item":"https:\/\/www.subaru.es\/blog\/"},{"@type":"ListItem","position":2,"name":"Subaru Solterra: el coche el\u00e9ctrico que est\u00e1s buscando"}]},{"@type":"WebSite","@id":"https:\/\/www.subaru.es\/blog\/#website","url":"https:\/\/www.subaru.es\/blog\/","name":"Universo Subaru","description":"Descubre este apasionante espacio de Subaru donde vas a conocer todo sobre nuestros coches y las experiencias que vivimos con ellos. Si est\u00e1s preparado para dejarte seducir por la filosof\u00eda Subaru, qu\u00e9date con nosotros.","publisher":{"@id":"https:\/\/www.subaru.es\/blog\/#organization"},"potentialAction":[{"@type":"SearchAction","target":{"@type":"EntryPoint","urlTemplate":"https:\/\/www.subaru.es\/blog\/?s={search_term_string}"},"query-input":{"@type":"PropertyValueSpecification","valueRequired":true,"valueName":"search_term_string"}}],"inLanguage":"es"},{"@type":"Organization","@id":"https:\/\/www.subaru.es\/blog\/#organization","name":"Subaru Espa\u00f1a S.A.","url":"https:\/\/www.subaru.es\/blog\/","logo":{"@type":"ImageObject","inLanguage":"es","@id":"https:\/\/www.subaru.es\/blog\/#\/schema\/logo\/image\/","url":"https:\/\/www.subaru.es\/blog\/wp-content\/uploads\/2016\/12\/Logo-Subaru-TypeV_C300-scaled.jpg","contentUrl":"https:\/\/www.subaru.es\/blog\/wp-content\/uploads\/2016\/12\/Logo-Subaru-TypeV_C300-scaled.jpg","width":2560,"height":1864,"caption":"Subaru Espa\u00f1a S.A."},"image":{"@id":"https:\/\/www.subaru.es\/blog\/#\/schema\/logo\/image\/"},"sameAs":["https:\/\/www.facebook.com\/subaruespana","https:\/\/www.instagram.com\/subarues\/","https:\/\/www.youtube.com\/user\/subaruespana"]},{"@type":"Person","@id":"https:\/\/www.subaru.es\/blog\/#\/schema\/person\/19a90b892230b8e0ec752704ddf4aa10","name":"Subaru","url":"https:\/\/www.subaru.es\/blog\/author\/subaria\/"}]}},"_links":{"self":[{"href":"https:\/\/www.subaru.es\/blog\/wp-json\/wp\/v2\/posts\/24492","targetHints":{"allow":["GET"]}}],"collection":[{"href":"https:\/\/www.subaru.es\/blog\/wp-json\/wp\/v2\/posts"}],"about":[{"href":"https:\/\/www.subaru.es\/blog\/wp-json\/wp\/v2\/types\/post"}],"author":[{"embeddable":true,"href":"https:\/\/www.subaru.es\/blog\/wp-json\/wp\/v2\/users\/21"}],"replies":[{"embeddable":true,"href":"https:\/\/www.subaru.es\/blog\/wp-json\/wp\/v2\/comments?post=24492"}],"version-history":[{"count":6,"href":"https:\/\/www.subaru.es\/blog\/wp-json\/wp\/v2\/posts\/24492\/revisions"}],"predecessor-version":[{"id":24922,"href":"https:\/\/www.subaru.es\/blog\/wp-json\/wp\/v2\/posts\/24492\/revisions\/24922"}],"wp:featuredmedia":[{"embeddable":true,"href":"https:\/\/www.subaru.es\/blog\/wp-json\/wp\/v2\/media\/24498"}],"wp:attachment":[{"href":"https:\/\/www.subaru.es\/blog\/wp-json\/wp\/v2\/media?parent=24492"}],"wp:term":[{"taxonomy":"category","embeddable":true,"href":"https:\/\/www.subaru.es\/blog\/wp-json\/wp\/v2\/categories?post=24492"},{"taxonomy":"post_tag","embeddable":true,"href":"https:\/\/www.subaru.es\/blog\/wp-json\/wp\/v2\/tags?post=24492"}],"curies":[{"name":"wp","href":"https:\/\/api.w.org\/{rel}","templated":true}]}}