{"id":244,"date":"2007-10-09T13:40:07","date_gmt":"2007-10-09T11:40:07","guid":{"rendered":"http:\/\/subaru.preproduccion.com\/blog\/wp-content\/2007\/10\/09\/subaru-en-el-rallye-de-cataluna-costa-dorada\/"},"modified":"2016-10-17T10:48:26","modified_gmt":"2016-10-17T08:48:26","slug":"subaru-en-el-rallye-de-cataluna-costa-dorada","status":"publish","type":"post","link":"https:\/\/www.subaru.es\/blog\/nuestra-marca\/subaru-en-el-rallye-de-cataluna-costa-dorada\/","title":{"rendered":"Subaru en el Rallye de Catalu\u00f1a-Costa Dorada"},"content":{"rendered":"<p><a href=\"http:\/\/www.xevipons.com\/\">Xevi Pons<\/a> no pudo contra los elementos. El sali\u00f3 a pelear segundos contra <strong>Loeb, Sordo o Gronholm<\/strong>, los mejores pilotos del mundo, pero se encontr\u00f3 con que sus naves no las hund\u00eda el enemigo, sino las <strong>adversidades<\/strong>: se le estrope\u00f3 el <strong>limpiaparabrisas <\/strong>en Pratdip, el tramo del viernes en el que diluvi\u00f3, y todos los participantes, incluido \u00e9l, rodaban con <strong>ruedas de seco<\/strong>. <\/p>\n<p><center><img data-src='https:\/\/www.subaru.es\/blog\/wp-content\/uploads\/2007\/10\/rallycata1.jpg' width=350 alt='rallycataluna' src='data:image\/svg+xml;base64,PHN2ZyB3aWR0aD0iMSIgaGVpZ2h0PSIxIiB4bWxucz0iaHR0cDovL3d3dy53My5vcmcvMjAwMC9zdmciPjwvc3ZnPg==' class='lazyload' style='--smush-placeholder-width: 600px; --smush-placeholder-aspect-ratio: 600\/400;' \/><\/center><\/p>\n<p>As\u00ed <strong>perdi\u00f3 un minuto y medio <\/strong>que de otra forma le hubiese permitido ganar un par de puestos en la general y entrar en los puntos. Y tambi\u00e9n sus frenos le jugaron una mala pasada, pues el nuevo sistema de <strong>vaporizaci\u00f3n <\/strong>de agua para su refrigeraci\u00f3n dio m\u00e1s <strong>problemas <\/strong>de los previstos. Finalmente, tras haber logrado el segundo mejor tiempo en dos tramos \u2013entre ellos el ya comentado <em>shakedown<\/em>-, el catal\u00e1n termin\u00f3 noveno de la general.<\/p>\n<p>Xevi es una persona <strong>cercana, sonriente<\/strong>, altamente profesional, y que lleva la competici\u00f3n en la sangre, al igual que su copiloto, <strong>Amigo<\/strong>. Contin\u00faa su proceso de aprendizaje y adaptaci\u00f3n al <a href=\"http:\/\/www.subaru.es\/CMS\/home.html\">Subaru Impreza WRC<\/a>, que ser\u00e1 sustituido por el nuevo modelo el a\u00f1o que viene. Los pilotos lo desean fervientemente, pues su nuevo chasis resulta m\u00e1s apropiado para la <strong>competici\u00f3n<\/strong>, tanto por su evoluci\u00f3n como por la ausencia de <strong>voladizo trasero<\/strong>, entre otras cosas.<\/p>\n<p><center><img width=350 data-src='https:\/\/www.subaru.es\/blog\/wp-content\/uploads\/2007\/10\/rallycata2.jpg' alt='rally2' src='data:image\/svg+xml;base64,PHN2ZyB3aWR0aD0iMSIgaGVpZ2h0PSIxIiB4bWxucz0iaHR0cDovL3d3dy53My5vcmcvMjAwMC9zdmciPjwvc3ZnPg==' class='lazyload' style='--smush-placeholder-width: 600px; --smush-placeholder-aspect-ratio: 600\/400;' \/><\/center><\/p>\n<p>Mientras, <strong>Petter Solberg y Atkinson<\/strong>, los otros dos pilotos oficiales de <a href=\"http:\/\/www.subaru.es\/CMS\/home.html\">Subaru<\/a>, finalizaron la carrera sexto y octavo respectivamente a los mandos de sus respectivos <strong>Impreza WRC<\/strong>. (Que por cierto, \u00a1como suenan!: el motor b\u00f3xer brama con un tono diferente a todos los dem\u00e1s, f\u00e1cilmente reconocible, y <strong>apasionante<\/strong>).<\/p>\n<p>La carrera se decidi\u00f3 casi por completo el primer d\u00eda, tras el comentado descalabro de <strong>Pratdip<\/strong>, donde <strong>Loeb y Sordo <\/strong>tomaron el liderato de la prueba \u2013este \u00faltimo solo fugazmente\u2013 para terminar en <strong>primera y segunda posici\u00f3n respectivamente<\/strong>.  <\/p>\n<p>El ambiente fue <strong>magn\u00edfico<\/strong>, muchos fueron los espectadores que se acercaron a disfrutar de la prueba. Por todas partes pudimos ver <strong>Subarus Impreza<\/strong>, de todas las generaciones,  muchos de ellos modificados, otros con detalles de personalizaci\u00f3n. Adem\u00e1s, el n\u00famero de seguidores de la casa es <strong>espectacular<\/strong>, y entre las camisetas azules y los coches de sus propietarios no hab\u00eda un rinc\u00f3n de la carrera en el que no estuviesen las estrellas del logotipo de <a href=\"http:\/\/www.subaru.es\/CMS\/home.html\">Subaru<\/a>. No en vano, esta es la marca que m\u00e1s ropa y complementos de competici\u00f3n vende del Mundial de Rallyes, de largo. Toda una muestra de su <strong>carisma<\/strong>.<\/p>\n<p><center><img width=350 data-src='https:\/\/www.subaru.es\/blog\/wp-content\/uploads\/2007\/10\/rallycata3.jpg' alt='pons8' src='data:image\/svg+xml;base64,PHN2ZyB3aWR0aD0iMSIgaGVpZ2h0PSIxIiB4bWxucz0iaHR0cDovL3d3dy53My5vcmcvMjAwMC9zdmciPjwvc3ZnPg==' class='lazyload' style='--smush-placeholder-width: 709px; --smush-placeholder-aspect-ratio: 709\/531;' \/><\/center><\/p>\n","protected":false},"excerpt":{"rendered":"<p>Xevi Pons no pudo contra los elementos. El sali\u00f3 a pelear segundos contra Loeb, Sordo o Gronholm, los mejores pilotos del mundo, pero se encontr\u00f3 con que sus naves no las hund\u00eda el enemigo, sino las adversidades: se le estrope\u00f3 el limpiaparabrisas en Pratdip, el tramo del viernes en el que diluvi\u00f3, y todos los [&hellip;]<\/p>\n","protected":false},"author":21,"featured_media":245,"comment_status":"open","ping_status":"open","sticky":false,"template":"","format":"standard","meta":{"_acf_changed":false,"_eb_attr":"","inline_featured_image":false,"footnotes":""},"categories":[4401],"tags":[],"class_list":["post-244","post","type-post","status-publish","format-standard","has-post-thumbnail","hentry","category-nuestra-marca"],"acf":[],"yoast_head":"<!-- This site is optimized with the Yoast SEO plugin v27.3 - https:\/\/yoast.com\/product\/yoast-seo-wordpress\/ -->\n<title>Subaru en el Rallye de Catalu\u00f1a-Costa Dorada - Universo Subaru<\/title>\n<meta name=\"robots\" content=\"index, follow, max-snippet:-1, max-image-preview:large, max-video-preview:-1\" \/>\n<link rel=\"canonical\" href=\"https:\/\/www.subaru.es\/blog\/nuestra-marca\/subaru-en-el-rallye-de-cataluna-costa-dorada\/\" \/>\n<meta property=\"og:locale\" content=\"es_ES\" \/>\n<meta property=\"og:type\" content=\"article\" \/>\n<meta property=\"og:title\" content=\"Subaru en el Rallye de Catalu\u00f1a-Costa Dorada - Universo Subaru\" \/>\n<meta property=\"og:description\" content=\"Xevi Pons no pudo contra los elementos. El sali\u00f3 a pelear segundos contra Loeb, Sordo o Gronholm, los mejores pilotos del mundo, pero se encontr\u00f3 con que sus naves no las hund\u00eda el enemigo, sino las adversidades: se le estrope\u00f3 el limpiaparabrisas en Pratdip, el tramo del viernes en el que diluvi\u00f3, y todos los [&hellip;]\" \/>\n<meta property=\"og:url\" content=\"https:\/\/www.subaru.es\/blog\/nuestra-marca\/subaru-en-el-rallye-de-cataluna-costa-dorada\/\" \/>\n<meta property=\"og:site_name\" content=\"Universo Subaru\" \/>\n<meta property=\"article:publisher\" content=\"https:\/\/www.facebook.com\/subaruespana\" \/>\n<meta property=\"article:published_time\" content=\"2007-10-09T11:40:07+00:00\" \/>\n<meta property=\"article:modified_time\" content=\"2016-10-17T08:48:26+00:00\" \/>\n<meta property=\"og:image\" content=\"https:\/\/www.subaru.es\/blog\/wp-content\/uploads\/2007\/10\/rallycata1.jpg\" \/>\n\t<meta property=\"og:image:width\" content=\"600\" \/>\n\t<meta property=\"og:image:height\" content=\"400\" \/>\n\t<meta property=\"og:image:type\" content=\"image\/jpeg\" \/>\n<meta name=\"author\" content=\"Subaru\" \/>\n<meta name=\"twitter:card\" content=\"summary_large_image\" \/>\n<meta name=\"twitter:label1\" content=\"Escrito por\" \/>\n\t<meta name=\"twitter:data1\" content=\"Subaru\" \/>\n\t<meta name=\"twitter:label2\" content=\"Tiempo de lectura\" \/>\n\t<meta name=\"twitter:data2\" content=\"2 minutos\" \/>\n<script type=\"application\/ld+json\" class=\"yoast-schema-graph\">{\"@context\":\"https:\\\/\\\/schema.org\",\"@graph\":[{\"@type\":\"Article\",\"@id\":\"https:\\\/\\\/www.subaru.es\\\/blog\\\/nuestra-marca\\\/subaru-en-el-rallye-de-cataluna-costa-dorada\\\/#article\",\"isPartOf\":{\"@id\":\"https:\\\/\\\/www.subaru.es\\\/blog\\\/nuestra-marca\\\/subaru-en-el-rallye-de-cataluna-costa-dorada\\\/\"},\"author\":{\"name\":\"Subaru\",\"@id\":\"https:\\\/\\\/www.subaru.es\\\/blog\\\/#\\\/schema\\\/person\\\/19a90b892230b8e0ec752704ddf4aa10\"},\"headline\":\"Subaru en el Rallye de Catalu\u00f1a-Costa Dorada\",\"datePublished\":\"2007-10-09T11:40:07+00:00\",\"dateModified\":\"2016-10-17T08:48:26+00:00\",\"mainEntityOfPage\":{\"@id\":\"https:\\\/\\\/www.subaru.es\\\/blog\\\/nuestra-marca\\\/subaru-en-el-rallye-de-cataluna-costa-dorada\\\/\"},\"wordCount\":434,\"commentCount\":6,\"publisher\":{\"@id\":\"https:\\\/\\\/www.subaru.es\\\/blog\\\/#organization\"},\"image\":{\"@id\":\"https:\\\/\\\/www.subaru.es\\\/blog\\\/nuestra-marca\\\/subaru-en-el-rallye-de-cataluna-costa-dorada\\\/#primaryimage\"},\"thumbnailUrl\":\"https:\\\/\\\/www.subaru.es\\\/blog\\\/wp-content\\\/uploads\\\/2007\\\/10\\\/rallycata1.jpg\",\"articleSection\":[\"Nuestra marca\"],\"inLanguage\":\"es\",\"potentialAction\":[{\"@type\":\"CommentAction\",\"name\":\"Comment\",\"target\":[\"https:\\\/\\\/www.subaru.es\\\/blog\\\/nuestra-marca\\\/subaru-en-el-rallye-de-cataluna-costa-dorada\\\/#respond\"]}]},{\"@type\":\"WebPage\",\"@id\":\"https:\\\/\\\/www.subaru.es\\\/blog\\\/nuestra-marca\\\/subaru-en-el-rallye-de-cataluna-costa-dorada\\\/\",\"url\":\"https:\\\/\\\/www.subaru.es\\\/blog\\\/nuestra-marca\\\/subaru-en-el-rallye-de-cataluna-costa-dorada\\\/\",\"name\":\"Subaru en el Rallye de Catalu\u00f1a-Costa Dorada - Universo Subaru\",\"isPartOf\":{\"@id\":\"https:\\\/\\\/www.subaru.es\\\/blog\\\/#website\"},\"primaryImageOfPage\":{\"@id\":\"https:\\\/\\\/www.subaru.es\\\/blog\\\/nuestra-marca\\\/subaru-en-el-rallye-de-cataluna-costa-dorada\\\/#primaryimage\"},\"image\":{\"@id\":\"https:\\\/\\\/www.subaru.es\\\/blog\\\/nuestra-marca\\\/subaru-en-el-rallye-de-cataluna-costa-dorada\\\/#primaryimage\"},\"thumbnailUrl\":\"https:\\\/\\\/www.subaru.es\\\/blog\\\/wp-content\\\/uploads\\\/2007\\\/10\\\/rallycata1.jpg\",\"datePublished\":\"2007-10-09T11:40:07+00:00\",\"dateModified\":\"2016-10-17T08:48:26+00:00\",\"breadcrumb\":{\"@id\":\"https:\\\/\\\/www.subaru.es\\\/blog\\\/nuestra-marca\\\/subaru-en-el-rallye-de-cataluna-costa-dorada\\\/#breadcrumb\"},\"inLanguage\":\"es\",\"potentialAction\":[{\"@type\":\"ReadAction\",\"target\":[\"https:\\\/\\\/www.subaru.es\\\/blog\\\/nuestra-marca\\\/subaru-en-el-rallye-de-cataluna-costa-dorada\\\/\"]}]},{\"@type\":\"ImageObject\",\"inLanguage\":\"es\",\"@id\":\"https:\\\/\\\/www.subaru.es\\\/blog\\\/nuestra-marca\\\/subaru-en-el-rallye-de-cataluna-costa-dorada\\\/#primaryimage\",\"url\":\"https:\\\/\\\/www.subaru.es\\\/blog\\\/wp-content\\\/uploads\\\/2007\\\/10\\\/rallycata1.jpg\",\"contentUrl\":\"https:\\\/\\\/www.subaru.es\\\/blog\\\/wp-content\\\/uploads\\\/2007\\\/10\\\/rallycata1.jpg\",\"width\":600,\"height\":400},{\"@type\":\"BreadcrumbList\",\"@id\":\"https:\\\/\\\/www.subaru.es\\\/blog\\\/nuestra-marca\\\/subaru-en-el-rallye-de-cataluna-costa-dorada\\\/#breadcrumb\",\"itemListElement\":[{\"@type\":\"ListItem\",\"position\":1,\"name\":\"Portada\",\"item\":\"https:\\\/\\\/www.subaru.es\\\/blog\\\/\"},{\"@type\":\"ListItem\",\"position\":2,\"name\":\"Subaru en el Rallye de Catalu\u00f1a-Costa Dorada\"}]},{\"@type\":\"WebSite\",\"@id\":\"https:\\\/\\\/www.subaru.es\\\/blog\\\/#website\",\"url\":\"https:\\\/\\\/www.subaru.es\\\/blog\\\/\",\"name\":\"Universo Subaru\",\"description\":\"Descubre este apasionante espacio de Subaru donde vas a conocer todo sobre nuestros coches y las experiencias que vivimos con ellos. Si est\u00e1s preparado para dejarte seducir por la filosof\u00eda Subaru, qu\u00e9date con nosotros.\",\"publisher\":{\"@id\":\"https:\\\/\\\/www.subaru.es\\\/blog\\\/#organization\"},\"potentialAction\":[{\"@type\":\"SearchAction\",\"target\":{\"@type\":\"EntryPoint\",\"urlTemplate\":\"https:\\\/\\\/www.subaru.es\\\/blog\\\/?s={search_term_string}\"},\"query-input\":{\"@type\":\"PropertyValueSpecification\",\"valueRequired\":true,\"valueName\":\"search_term_string\"}}],\"inLanguage\":\"es\"},{\"@type\":\"Organization\",\"@id\":\"https:\\\/\\\/www.subaru.es\\\/blog\\\/#organization\",\"name\":\"Subaru Espa\u00f1a S.A.\",\"url\":\"https:\\\/\\\/www.subaru.es\\\/blog\\\/\",\"logo\":{\"@type\":\"ImageObject\",\"inLanguage\":\"es\",\"@id\":\"https:\\\/\\\/www.subaru.es\\\/blog\\\/#\\\/schema\\\/logo\\\/image\\\/\",\"url\":\"https:\\\/\\\/www.subaru.es\\\/blog\\\/wp-content\\\/uploads\\\/2016\\\/12\\\/Logo-Subaru-TypeV_C300-scaled.jpg\",\"contentUrl\":\"https:\\\/\\\/www.subaru.es\\\/blog\\\/wp-content\\\/uploads\\\/2016\\\/12\\\/Logo-Subaru-TypeV_C300-scaled.jpg\",\"width\":2560,\"height\":1864,\"caption\":\"Subaru Espa\u00f1a S.A.\"},\"image\":{\"@id\":\"https:\\\/\\\/www.subaru.es\\\/blog\\\/#\\\/schema\\\/logo\\\/image\\\/\"},\"sameAs\":[\"https:\\\/\\\/www.facebook.com\\\/subaruespana\",\"https:\\\/\\\/www.instagram.com\\\/subarues\\\/\",\"https:\\\/\\\/www.youtube.com\\\/user\\\/subaruespana\"]},{\"@type\":\"Person\",\"@id\":\"https:\\\/\\\/www.subaru.es\\\/blog\\\/#\\\/schema\\\/person\\\/19a90b892230b8e0ec752704ddf4aa10\",\"name\":\"Subaru\",\"url\":\"https:\\\/\\\/www.subaru.es\\\/blog\\\/author\\\/subaria\\\/\"}]}<\/script>\n<!-- \/ Yoast SEO plugin. -->","yoast_head_json":{"title":"Subaru en el Rallye de Catalu\u00f1a-Costa Dorada - Universo Subaru","robots":{"index":"index","follow":"follow","max-snippet":"max-snippet:-1","max-image-preview":"max-image-preview:large","max-video-preview":"max-video-preview:-1"},"canonical":"https:\/\/www.subaru.es\/blog\/nuestra-marca\/subaru-en-el-rallye-de-cataluna-costa-dorada\/","og_locale":"es_ES","og_type":"article","og_title":"Subaru en el Rallye de Catalu\u00f1a-Costa Dorada - Universo Subaru","og_description":"Xevi Pons no pudo contra los elementos. El sali\u00f3 a pelear segundos contra Loeb, Sordo o Gronholm, los mejores pilotos del mundo, pero se encontr\u00f3 con que sus naves no las hund\u00eda el enemigo, sino las adversidades: se le estrope\u00f3 el limpiaparabrisas en Pratdip, el tramo del viernes en el que diluvi\u00f3, y todos los [&hellip;]","og_url":"https:\/\/www.subaru.es\/blog\/nuestra-marca\/subaru-en-el-rallye-de-cataluna-costa-dorada\/","og_site_name":"Universo Subaru","article_publisher":"https:\/\/www.facebook.com\/subaruespana","article_published_time":"2007-10-09T11:40:07+00:00","article_modified_time":"2016-10-17T08:48:26+00:00","og_image":[{"width":600,"height":400,"url":"https:\/\/www.subaru.es\/blog\/wp-content\/uploads\/2007\/10\/rallycata1.jpg","type":"image\/jpeg"}],"author":"Subaru","twitter_card":"summary_large_image","twitter_misc":{"Escrito por":"Subaru","Tiempo de lectura":"2 minutos"},"schema":{"@context":"https:\/\/schema.org","@graph":[{"@type":"Article","@id":"https:\/\/www.subaru.es\/blog\/nuestra-marca\/subaru-en-el-rallye-de-cataluna-costa-dorada\/#article","isPartOf":{"@id":"https:\/\/www.subaru.es\/blog\/nuestra-marca\/subaru-en-el-rallye-de-cataluna-costa-dorada\/"},"author":{"name":"Subaru","@id":"https:\/\/www.subaru.es\/blog\/#\/schema\/person\/19a90b892230b8e0ec752704ddf4aa10"},"headline":"Subaru en el Rallye de Catalu\u00f1a-Costa Dorada","datePublished":"2007-10-09T11:40:07+00:00","dateModified":"2016-10-17T08:48:26+00:00","mainEntityOfPage":{"@id":"https:\/\/www.subaru.es\/blog\/nuestra-marca\/subaru-en-el-rallye-de-cataluna-costa-dorada\/"},"wordCount":434,"commentCount":6,"publisher":{"@id":"https:\/\/www.subaru.es\/blog\/#organization"},"image":{"@id":"https:\/\/www.subaru.es\/blog\/nuestra-marca\/subaru-en-el-rallye-de-cataluna-costa-dorada\/#primaryimage"},"thumbnailUrl":"https:\/\/www.subaru.es\/blog\/wp-content\/uploads\/2007\/10\/rallycata1.jpg","articleSection":["Nuestra marca"],"inLanguage":"es","potentialAction":[{"@type":"CommentAction","name":"Comment","target":["https:\/\/www.subaru.es\/blog\/nuestra-marca\/subaru-en-el-rallye-de-cataluna-costa-dorada\/#respond"]}]},{"@type":"WebPage","@id":"https:\/\/www.subaru.es\/blog\/nuestra-marca\/subaru-en-el-rallye-de-cataluna-costa-dorada\/","url":"https:\/\/www.subaru.es\/blog\/nuestra-marca\/subaru-en-el-rallye-de-cataluna-costa-dorada\/","name":"Subaru en el Rallye de Catalu\u00f1a-Costa Dorada - Universo Subaru","isPartOf":{"@id":"https:\/\/www.subaru.es\/blog\/#website"},"primaryImageOfPage":{"@id":"https:\/\/www.subaru.es\/blog\/nuestra-marca\/subaru-en-el-rallye-de-cataluna-costa-dorada\/#primaryimage"},"image":{"@id":"https:\/\/www.subaru.es\/blog\/nuestra-marca\/subaru-en-el-rallye-de-cataluna-costa-dorada\/#primaryimage"},"thumbnailUrl":"https:\/\/www.subaru.es\/blog\/wp-content\/uploads\/2007\/10\/rallycata1.jpg","datePublished":"2007-10-09T11:40:07+00:00","dateModified":"2016-10-17T08:48:26+00:00","breadcrumb":{"@id":"https:\/\/www.subaru.es\/blog\/nuestra-marca\/subaru-en-el-rallye-de-cataluna-costa-dorada\/#breadcrumb"},"inLanguage":"es","potentialAction":[{"@type":"ReadAction","target":["https:\/\/www.subaru.es\/blog\/nuestra-marca\/subaru-en-el-rallye-de-cataluna-costa-dorada\/"]}]},{"@type":"ImageObject","inLanguage":"es","@id":"https:\/\/www.subaru.es\/blog\/nuestra-marca\/subaru-en-el-rallye-de-cataluna-costa-dorada\/#primaryimage","url":"https:\/\/www.subaru.es\/blog\/wp-content\/uploads\/2007\/10\/rallycata1.jpg","contentUrl":"https:\/\/www.subaru.es\/blog\/wp-content\/uploads\/2007\/10\/rallycata1.jpg","width":600,"height":400},{"@type":"BreadcrumbList","@id":"https:\/\/www.subaru.es\/blog\/nuestra-marca\/subaru-en-el-rallye-de-cataluna-costa-dorada\/#breadcrumb","itemListElement":[{"@type":"ListItem","position":1,"name":"Portada","item":"https:\/\/www.subaru.es\/blog\/"},{"@type":"ListItem","position":2,"name":"Subaru en el Rallye de Catalu\u00f1a-Costa Dorada"}]},{"@type":"WebSite","@id":"https:\/\/www.subaru.es\/blog\/#website","url":"https:\/\/www.subaru.es\/blog\/","name":"Universo Subaru","description":"Descubre este apasionante espacio de Subaru donde vas a conocer todo sobre nuestros coches y las experiencias que vivimos con ellos. Si est\u00e1s preparado para dejarte seducir por la filosof\u00eda Subaru, qu\u00e9date con nosotros.","publisher":{"@id":"https:\/\/www.subaru.es\/blog\/#organization"},"potentialAction":[{"@type":"SearchAction","target":{"@type":"EntryPoint","urlTemplate":"https:\/\/www.subaru.es\/blog\/?s={search_term_string}"},"query-input":{"@type":"PropertyValueSpecification","valueRequired":true,"valueName":"search_term_string"}}],"inLanguage":"es"},{"@type":"Organization","@id":"https:\/\/www.subaru.es\/blog\/#organization","name":"Subaru Espa\u00f1a S.A.","url":"https:\/\/www.subaru.es\/blog\/","logo":{"@type":"ImageObject","inLanguage":"es","@id":"https:\/\/www.subaru.es\/blog\/#\/schema\/logo\/image\/","url":"https:\/\/www.subaru.es\/blog\/wp-content\/uploads\/2016\/12\/Logo-Subaru-TypeV_C300-scaled.jpg","contentUrl":"https:\/\/www.subaru.es\/blog\/wp-content\/uploads\/2016\/12\/Logo-Subaru-TypeV_C300-scaled.jpg","width":2560,"height":1864,"caption":"Subaru Espa\u00f1a S.A."},"image":{"@id":"https:\/\/www.subaru.es\/blog\/#\/schema\/logo\/image\/"},"sameAs":["https:\/\/www.facebook.com\/subaruespana","https:\/\/www.instagram.com\/subarues\/","https:\/\/www.youtube.com\/user\/subaruespana"]},{"@type":"Person","@id":"https:\/\/www.subaru.es\/blog\/#\/schema\/person\/19a90b892230b8e0ec752704ddf4aa10","name":"Subaru","url":"https:\/\/www.subaru.es\/blog\/author\/subaria\/"}]}},"_links":{"self":[{"href":"https:\/\/www.subaru.es\/blog\/wp-json\/wp\/v2\/posts\/244","targetHints":{"allow":["GET"]}}],"collection":[{"href":"https:\/\/www.subaru.es\/blog\/wp-json\/wp\/v2\/posts"}],"about":[{"href":"https:\/\/www.subaru.es\/blog\/wp-json\/wp\/v2\/types\/post"}],"author":[{"embeddable":true,"href":"https:\/\/www.subaru.es\/blog\/wp-json\/wp\/v2\/users\/21"}],"replies":[{"embeddable":true,"href":"https:\/\/www.subaru.es\/blog\/wp-json\/wp\/v2\/comments?post=244"}],"version-history":[{"count":0,"href":"https:\/\/www.subaru.es\/blog\/wp-json\/wp\/v2\/posts\/244\/revisions"}],"wp:featuredmedia":[{"embeddable":true,"href":"https:\/\/www.subaru.es\/blog\/wp-json\/wp\/v2\/media\/245"}],"wp:attachment":[{"href":"https:\/\/www.subaru.es\/blog\/wp-json\/wp\/v2\/media?parent=244"}],"wp:term":[{"taxonomy":"category","embeddable":true,"href":"https:\/\/www.subaru.es\/blog\/wp-json\/wp\/v2\/categories?post=244"},{"taxonomy":"post_tag","embeddable":true,"href":"https:\/\/www.subaru.es\/blog\/wp-json\/wp\/v2\/tags?post=244"}],"curies":[{"name":"wp","href":"https:\/\/api.w.org\/{rel}","templated":true}]}}