{"id":24297,"date":"2022-12-09T10:43:22","date_gmt":"2022-12-09T08:43:22","guid":{"rendered":"https:\/\/www.subaru.es\/blog\/?p=24297"},"modified":"2022-12-16T11:09:45","modified_gmt":"2022-12-16T09:09:45","slug":"andy-criere-fin-de-temporada-en-challenger-series-de-haleiwa","status":"publish","type":"post","link":"https:\/\/www.subaru.es\/blog\/subaru-lifestyle\/andy-criere-fin-de-temporada-en-challenger-series-de-haleiwa\/","title":{"rendered":"Andy Criere: fin de temporada en Challenger series de Haleiwa"},"content":{"rendered":"\n<p>Este final de temporada ser\u00eda muy especial, ya que me enfrentar\u00eda a un reto importante en la carrera deportiva de un <a href=\"https:\/\/www.subaru.es\/blog\/subaru-lifestyle\/andy-criere-subaru-esa-incertidumbre-adictiva\/\" target=\"_blank\" rel=\"noreferrer noopener\">surfista profesional<\/a>. Terminar\u00eda la temporada en Hawaii, en uno de los campeonatos m\u00e1s prestigiosos del circuito internacional de surf. El <a href=\"https:\/\/www.worldsurfleague.com\/events\/2022\/cs\/27\/haleiwa-challenger-at-home-in-the-hawaiian-islands\/main\" target=\"_blank\" rel=\"noreferrer noopener\">Challenger series de Haleiwa<\/a> .<\/p>\n\n\n\n<p>Por campeonato han pasado grandes surfistas de todos los tiempos, muchos de los cuales son y han sido mis referentes. Dado que esto no acontece todos los a\u00f1os, debido a que hay que estar clasificado para poder participar, he decidido prepararme desde Portugal, ya que el Oc\u00e9ano Atl\u00e1ntico se asemeja a las condiciones que me iba a encontrar en la olas hawaianas. <\/p>\n\n\n\n<figure class=\"wp-block-image size-large\"><img decoding=\"async\" width=\"1440\" height=\"960\" data-src=\"https:\/\/www.subaru.es\/blog\/wp-content\/uploads\/2022\/12\/Foto-29-11-2022-15-28-51-1440x960.jpg\" alt=\"Campeonato surf Challenger series de Haleiwa\" class=\"wp-image-24298 lazyload\" data-srcset=\"https:\/\/www.subaru.es\/blog\/wp-content\/uploads\/2022\/12\/Foto-29-11-2022-15-28-51-1440x960.jpg 1440w, https:\/\/www.subaru.es\/blog\/wp-content\/uploads\/2022\/12\/Foto-29-11-2022-15-28-51-560x373.jpg 560w, https:\/\/www.subaru.es\/blog\/wp-content\/uploads\/2022\/12\/Foto-29-11-2022-15-28-51-768x512.jpg 768w, https:\/\/www.subaru.es\/blog\/wp-content\/uploads\/2022\/12\/Foto-29-11-2022-15-28-51-1536x1024.jpg 1536w, https:\/\/www.subaru.es\/blog\/wp-content\/uploads\/2022\/12\/Foto-29-11-2022-15-28-51-2048x1365.jpg 2048w\" data-sizes=\"(max-width: 1440px) 100vw, 1440px\" src=\"data:image\/svg+xml;base64,PHN2ZyB3aWR0aD0iMSIgaGVpZ2h0PSIxIiB4bWxucz0iaHR0cDovL3d3dy53My5vcmcvMjAwMC9zdmciPjwvc3ZnPg==\" style=\"--smush-placeholder-width: 1440px; --smush-placeholder-aspect-ratio: 1440\/960;\" \/><\/figure>\n\n\n\n<p><\/p>\n\n\n\n<p>Todo sali\u00f3 tal y como esperaba, ya que me tocaron varios oleajes seguidos en los que pude entrenar, probar mis tablas y enfrentarme a mis mayores miedos. Adem\u00e1s, es verdad que las condiciones estaban especialmente bonitas, tanto por el mar como por el tiempo, cosa que facilit\u00f3 mucho hacer un buen trabajo.<\/p>\n\n\n\n<p>As\u00ed pues, empaquet\u00e9 mi funda de tablas de surf y puse rumbo a la isla de Oahu en Hawaii. Todo fue muy r\u00e1pido, y pr\u00e1cticamente no tuve tiempo de adaptarme al lugar cuando dieron inicio a la competici\u00f3n. En mi manga consegu\u00ed dos buenas olas, pero finalmente no fueron suficientes para vencer al sudafricano y el tahitiano que fue campe\u00f3n en este campeonato anteriormente. Este es un pico que requiere mucho conocimiento y experiencia y yo, se puede decir que acabo de empezar. Me quedo con que fue una manga con condiciones de olas espectaculares donde estuve buscando mis oportunidades y realizando mi mejor surf.<\/p>\n\n\n\n<figure class=\"wp-block-image size-large\"><img decoding=\"async\" width=\"1440\" height=\"1920\" data-src=\"https:\/\/www.subaru.es\/blog\/wp-content\/uploads\/2022\/12\/Foto-22-11-2022-8-40-27-1440x1920.jpg\" alt=\"Campeonato surf Hawaii\" class=\"wp-image-24299 lazyload\" data-srcset=\"https:\/\/www.subaru.es\/blog\/wp-content\/uploads\/2022\/12\/Foto-22-11-2022-8-40-27-1440x1920.jpg 1440w, https:\/\/www.subaru.es\/blog\/wp-content\/uploads\/2022\/12\/Foto-22-11-2022-8-40-27-560x747.jpg 560w, https:\/\/www.subaru.es\/blog\/wp-content\/uploads\/2022\/12\/Foto-22-11-2022-8-40-27-768x1024.jpg 768w, https:\/\/www.subaru.es\/blog\/wp-content\/uploads\/2022\/12\/Foto-22-11-2022-8-40-27-1152x1536.jpg 1152w, https:\/\/www.subaru.es\/blog\/wp-content\/uploads\/2022\/12\/Foto-22-11-2022-8-40-27-1536x2048.jpg 1536w, https:\/\/www.subaru.es\/blog\/wp-content\/uploads\/2022\/12\/Foto-22-11-2022-8-40-27-scaled.jpg 1920w\" data-sizes=\"(max-width: 1440px) 100vw, 1440px\" src=\"data:image\/svg+xml;base64,PHN2ZyB3aWR0aD0iMSIgaGVpZ2h0PSIxIiB4bWxucz0iaHR0cDovL3d3dy53My5vcmcvMjAwMC9zdmciPjwvc3ZnPg==\" style=\"--smush-placeholder-width: 1440px; --smush-placeholder-aspect-ratio: 1440\/1920;\" \/><\/figure>\n\n\n\n<p>Considero que este es el mejor lugar donde puedo estar, rodeado de referentes de mi deporte y en una de las mecas del surf, si no la primera.<\/p>\n\n\n\n<p>Despu\u00e9s del campeonato, la prioridad ha sido pasar tiempo en el agua en condiciones diferentes, con tablas diferentes, y absorbiendo toda la informaci\u00f3n posible en las dos semanas que tendr\u00eda en este maravilloso lugar del mundo. Es maravilloso, s\u00ed, pero tambi\u00e9n hay que destacar que hay mucha rivalidad en todas las olas y que en muchas ocasiones puede llegar a convertirse en un ambiente hostil que tambi\u00e9n hay que enfrentar con mucha paciencia.<\/p>\n\n\n<div class=\"wp-block-image\">\n<figure class=\"aligncenter size-large\"><img decoding=\"async\" width=\"1440\" height=\"960\" data-src=\"https:\/\/www.subaru.es\/blog\/wp-content\/uploads\/2022\/12\/Foto-05-11-2022-16-12-12-1440x960.jpg\" alt=\"Challenger series de Haleiwa\" class=\"wp-image-24300 lazyload\" data-srcset=\"https:\/\/www.subaru.es\/blog\/wp-content\/uploads\/2022\/12\/Foto-05-11-2022-16-12-12-1440x960.jpg 1440w, https:\/\/www.subaru.es\/blog\/wp-content\/uploads\/2022\/12\/Foto-05-11-2022-16-12-12-560x373.jpg 560w, https:\/\/www.subaru.es\/blog\/wp-content\/uploads\/2022\/12\/Foto-05-11-2022-16-12-12-768x512.jpg 768w, https:\/\/www.subaru.es\/blog\/wp-content\/uploads\/2022\/12\/Foto-05-11-2022-16-12-12-1536x1024.jpg 1536w, https:\/\/www.subaru.es\/blog\/wp-content\/uploads\/2022\/12\/Foto-05-11-2022-16-12-12.jpg 1920w\" data-sizes=\"(max-width: 1440px) 100vw, 1440px\" src=\"data:image\/svg+xml;base64,PHN2ZyB3aWR0aD0iMSIgaGVpZ2h0PSIxIiB4bWxucz0iaHR0cDovL3d3dy53My5vcmcvMjAwMC9zdmciPjwvc3ZnPg==\" style=\"--smush-placeholder-width: 1440px; --smush-placeholder-aspect-ratio: 1440\/960;\" \/><\/figure>\n<\/div>\n\n\n<p>Un viaje as\u00ed tambi\u00e9n est\u00e1 para disfrutarlo, y es por eso que he podido vivir una de las mejores experiencias de mi vida, una de las que quieres hacer al menos una vez en tu vida, saltar de un avi\u00f3n en marcha con las mejores vistas del mundo. Efectivamente, con un instructor salt\u00e9 de un avi\u00f3n con un paraca\u00eddas y os puedo asegurar que nunca he vivido una emoci\u00f3n tan fuerte. <\/p>\n\n\n\n<figure class=\"wp-block-image size-large\"><img decoding=\"async\" width=\"1440\" height=\"1080\" data-src=\"https:\/\/www.subaru.es\/blog\/wp-content\/uploads\/2022\/12\/Foto-05-12-2022-10-47-23-1440x1080.jpg\" alt=\"\" class=\"wp-image-24303 lazyload\" data-srcset=\"https:\/\/www.subaru.es\/blog\/wp-content\/uploads\/2022\/12\/Foto-05-12-2022-10-47-23-1440x1080.jpg 1440w, https:\/\/www.subaru.es\/blog\/wp-content\/uploads\/2022\/12\/Foto-05-12-2022-10-47-23-560x420.jpg 560w, https:\/\/www.subaru.es\/blog\/wp-content\/uploads\/2022\/12\/Foto-05-12-2022-10-47-23-768x576.jpg 768w, https:\/\/www.subaru.es\/blog\/wp-content\/uploads\/2022\/12\/Foto-05-12-2022-10-47-23-1536x1152.jpg 1536w, https:\/\/www.subaru.es\/blog\/wp-content\/uploads\/2022\/12\/Foto-05-12-2022-10-47-23-2048x1536.jpg 2048w\" data-sizes=\"(max-width: 1440px) 100vw, 1440px\" src=\"data:image\/svg+xml;base64,PHN2ZyB3aWR0aD0iMSIgaGVpZ2h0PSIxIiB4bWxucz0iaHR0cDovL3d3dy53My5vcmcvMjAwMC9zdmciPjwvc3ZnPg==\" style=\"--smush-placeholder-width: 1440px; --smush-placeholder-aspect-ratio: 1440\/1080;\" \/><\/figure>\n\n\n\n<p>Para finalizar un d\u00eda \u00fanico, fui a <a href=\"https:\/\/es.wikipedia.org\/wiki\/Waikiki\" target=\"_blank\" rel=\"noreferrer noopener\">Waikiki<\/a> con el resto del equipo, visitando la estatua del famoso Duke y disfrutando del \u00faltimo atardecer en la isla. Como veis han sido unas semanas intensas y cada una m\u00e1s enriquecedora que la otra, tanto personal como profesionalmente hablando. Por suerte, sigo contando un a\u00f1o m\u00e1s con el apoyo de mi <a href=\"https:\/\/www.subaru.es\/vehiculos\/xv\" target=\"_blank\" rel=\"noreferrer noopener\">Subaru XV<\/a> para&nbsp;visitar de&nbsp;nuevo mis lugares preferidos. Ahora toca terminar el a\u00f1o en casa, hacer balance y recargar las pilas para empezar el a\u00f1o que viene con m\u00e1s fuerza y foco. Buenas olas a todos y felices fiestas de fin de a\u00f1o.<\/p>\n","protected":false},"excerpt":{"rendered":"<p>Este final de temporada ser\u00eda muy especial, ya que me enfrentar\u00eda a un reto importante en la carrera deportiva de un surfista profesional. Terminar\u00eda la temporada en Hawaii, en uno de los campeonatos m\u00e1s prestigiosos del circuito internacional de surf. El Challenger series de Haleiwa . Por campeonato han pasado grandes surfistas de todos los [&hellip;]<\/p>\n","protected":false},"author":30,"featured_media":24313,"comment_status":"open","ping_status":"closed","sticky":false,"template":"","format":"standard","meta":{"_acf_changed":false,"_eb_attr":"","inline_featured_image":false,"footnotes":""},"categories":[4520],"tags":[5022,4397,5406,5415,5416,5175,5236,4795,4390,5124,4398,580,5414,5405,5417],"class_list":["post-24297","post","type-post","status-publish","format-standard","has-post-thumbnail","hentry","category-subaru-lifestyle","tag-andy-criere","tag-aventura","tag-campeonato-de-surf","tag-campeonato-surf-hawaii","tag-challerger-series-de-haleiwa","tag-coche-eco","tag-coche-hibrido","tag-competicion-surf","tag-subaru","tag-subaru-surf-experience","tag-subaru-xv","tag-surf","tag-surfero","tag-temporada-de-surf","tag-waikiki"],"acf":[],"yoast_head":"<!-- This site is optimized with the Yoast SEO plugin v27.3 - https:\/\/yoast.com\/product\/yoast-seo-wordpress\/ -->\n<title>Andy Criere: fin de temporada en Challenger series de Haleiwa - Universo Subaru<\/title>\n<meta name=\"description\" content=\"Este final de temporada me enfrentar\u00eda a un reto importante para un surfista profesional: El Challenger series de Haleiwa\" \/>\n<meta name=\"robots\" content=\"index, follow, max-snippet:-1, max-image-preview:large, max-video-preview:-1\" \/>\n<link rel=\"canonical\" href=\"https:\/\/www.subaru.es\/blog\/subaru-lifestyle\/andy-criere-fin-de-temporada-en-challenger-series-de-haleiwa\/\" \/>\n<meta property=\"og:locale\" content=\"es_ES\" \/>\n<meta property=\"og:type\" content=\"article\" \/>\n<meta property=\"og:title\" content=\"Andy Criere: fin de temporada en Challenger series de Haleiwa - Universo Subaru\" \/>\n<meta property=\"og:description\" content=\"Este final de temporada me enfrentar\u00eda a un reto importante para un surfista profesional: El Challenger series de Haleiwa\" \/>\n<meta property=\"og:url\" content=\"https:\/\/www.subaru.es\/blog\/subaru-lifestyle\/andy-criere-fin-de-temporada-en-challenger-series-de-haleiwa\/\" \/>\n<meta property=\"og:site_name\" content=\"Universo Subaru\" \/>\n<meta property=\"article:publisher\" content=\"https:\/\/www.facebook.com\/subaruespana\" \/>\n<meta property=\"article:published_time\" content=\"2022-12-09T08:43:22+00:00\" \/>\n<meta property=\"article:modified_time\" content=\"2022-12-16T09:09:45+00:00\" \/>\n<meta property=\"og:image\" content=\"https:\/\/www.subaru.es\/blog\/wp-content\/uploads\/2022\/12\/Cabecera-blog-Andy-Criere-min-1440x575.jpg\" \/>\n\t<meta property=\"og:image:width\" content=\"1440\" \/>\n\t<meta property=\"og:image:height\" content=\"575\" \/>\n\t<meta property=\"og:image:type\" content=\"image\/jpeg\" \/>\n<meta name=\"author\" content=\"Andy Criere\" \/>\n<meta name=\"twitter:card\" content=\"summary_large_image\" \/>\n<meta name=\"twitter:label1\" content=\"Escrito por\" \/>\n\t<meta name=\"twitter:data1\" content=\"Andy Criere\" \/>\n\t<meta name=\"twitter:label2\" content=\"Tiempo de lectura\" \/>\n\t<meta name=\"twitter:data2\" content=\"4 minutos\" \/>\n<script type=\"application\/ld+json\" class=\"yoast-schema-graph\">{\"@context\":\"https:\\\/\\\/schema.org\",\"@graph\":[{\"@type\":\"Article\",\"@id\":\"https:\\\/\\\/www.subaru.es\\\/blog\\\/subaru-lifestyle\\\/andy-criere-fin-de-temporada-en-challenger-series-de-haleiwa\\\/#article\",\"isPartOf\":{\"@id\":\"https:\\\/\\\/www.subaru.es\\\/blog\\\/subaru-lifestyle\\\/andy-criere-fin-de-temporada-en-challenger-series-de-haleiwa\\\/\"},\"author\":{\"name\":\"Andy Criere\",\"@id\":\"https:\\\/\\\/www.subaru.es\\\/blog\\\/#\\\/schema\\\/person\\\/5e020f3de97acfa1681d475e72925a75\"},\"headline\":\"Andy Criere: fin de temporada en Challenger series de Haleiwa\",\"datePublished\":\"2022-12-09T08:43:22+00:00\",\"dateModified\":\"2022-12-16T09:09:45+00:00\",\"mainEntityOfPage\":{\"@id\":\"https:\\\/\\\/www.subaru.es\\\/blog\\\/subaru-lifestyle\\\/andy-criere-fin-de-temporada-en-challenger-series-de-haleiwa\\\/\"},\"wordCount\":581,\"commentCount\":0,\"publisher\":{\"@id\":\"https:\\\/\\\/www.subaru.es\\\/blog\\\/#organization\"},\"image\":{\"@id\":\"https:\\\/\\\/www.subaru.es\\\/blog\\\/subaru-lifestyle\\\/andy-criere-fin-de-temporada-en-challenger-series-de-haleiwa\\\/#primaryimage\"},\"thumbnailUrl\":\"https:\\\/\\\/www.subaru.es\\\/blog\\\/wp-content\\\/uploads\\\/2022\\\/12\\\/Cabecera-blog-Andy-Criere-min-scaled.jpg\",\"keywords\":[\"Andy Criere\",\"Aventura\",\"campeonato de surf\",\"campeonato surf hawaii\",\"challerger series de haleiwa\",\"Coche eco\",\"coche hibrido\",\"competici\u00f3n surf\",\"Subaru\",\"subaru surf experience\",\"Subaru XV\",\"surf\",\"surfero\",\"temporada de surf\",\"waikiki\"],\"articleSection\":[\"Subaru LifeStyle\"],\"inLanguage\":\"es\",\"potentialAction\":[{\"@type\":\"CommentAction\",\"name\":\"Comment\",\"target\":[\"https:\\\/\\\/www.subaru.es\\\/blog\\\/subaru-lifestyle\\\/andy-criere-fin-de-temporada-en-challenger-series-de-haleiwa\\\/#respond\"]}]},{\"@type\":\"WebPage\",\"@id\":\"https:\\\/\\\/www.subaru.es\\\/blog\\\/subaru-lifestyle\\\/andy-criere-fin-de-temporada-en-challenger-series-de-haleiwa\\\/\",\"url\":\"https:\\\/\\\/www.subaru.es\\\/blog\\\/subaru-lifestyle\\\/andy-criere-fin-de-temporada-en-challenger-series-de-haleiwa\\\/\",\"name\":\"Andy Criere: fin de temporada en Challenger series de Haleiwa - Universo Subaru\",\"isPartOf\":{\"@id\":\"https:\\\/\\\/www.subaru.es\\\/blog\\\/#website\"},\"primaryImageOfPage\":{\"@id\":\"https:\\\/\\\/www.subaru.es\\\/blog\\\/subaru-lifestyle\\\/andy-criere-fin-de-temporada-en-challenger-series-de-haleiwa\\\/#primaryimage\"},\"image\":{\"@id\":\"https:\\\/\\\/www.subaru.es\\\/blog\\\/subaru-lifestyle\\\/andy-criere-fin-de-temporada-en-challenger-series-de-haleiwa\\\/#primaryimage\"},\"thumbnailUrl\":\"https:\\\/\\\/www.subaru.es\\\/blog\\\/wp-content\\\/uploads\\\/2022\\\/12\\\/Cabecera-blog-Andy-Criere-min-scaled.jpg\",\"datePublished\":\"2022-12-09T08:43:22+00:00\",\"dateModified\":\"2022-12-16T09:09:45+00:00\",\"description\":\"Este final de temporada me enfrentar\u00eda a un reto importante para un surfista profesional: El Challenger series de Haleiwa\",\"breadcrumb\":{\"@id\":\"https:\\\/\\\/www.subaru.es\\\/blog\\\/subaru-lifestyle\\\/andy-criere-fin-de-temporada-en-challenger-series-de-haleiwa\\\/#breadcrumb\"},\"inLanguage\":\"es\",\"potentialAction\":[{\"@type\":\"ReadAction\",\"target\":[\"https:\\\/\\\/www.subaru.es\\\/blog\\\/subaru-lifestyle\\\/andy-criere-fin-de-temporada-en-challenger-series-de-haleiwa\\\/\"]}]},{\"@type\":\"ImageObject\",\"inLanguage\":\"es\",\"@id\":\"https:\\\/\\\/www.subaru.es\\\/blog\\\/subaru-lifestyle\\\/andy-criere-fin-de-temporada-en-challenger-series-de-haleiwa\\\/#primaryimage\",\"url\":\"https:\\\/\\\/www.subaru.es\\\/blog\\\/wp-content\\\/uploads\\\/2022\\\/12\\\/Cabecera-blog-Andy-Criere-min-scaled.jpg\",\"contentUrl\":\"https:\\\/\\\/www.subaru.es\\\/blog\\\/wp-content\\\/uploads\\\/2022\\\/12\\\/Cabecera-blog-Andy-Criere-min-scaled.jpg\",\"width\":2560,\"height\":1023,\"caption\":\"Andy Criere campeonato surf Hawaii\"},{\"@type\":\"BreadcrumbList\",\"@id\":\"https:\\\/\\\/www.subaru.es\\\/blog\\\/subaru-lifestyle\\\/andy-criere-fin-de-temporada-en-challenger-series-de-haleiwa\\\/#breadcrumb\",\"itemListElement\":[{\"@type\":\"ListItem\",\"position\":1,\"name\":\"Portada\",\"item\":\"https:\\\/\\\/www.subaru.es\\\/blog\\\/\"},{\"@type\":\"ListItem\",\"position\":2,\"name\":\"Andy Criere: fin de temporada en Challenger series de Haleiwa\"}]},{\"@type\":\"WebSite\",\"@id\":\"https:\\\/\\\/www.subaru.es\\\/blog\\\/#website\",\"url\":\"https:\\\/\\\/www.subaru.es\\\/blog\\\/\",\"name\":\"Universo Subaru\",\"description\":\"Descubre este apasionante espacio de Subaru donde vas a conocer todo sobre nuestros coches y las experiencias que vivimos con ellos. Si est\u00e1s preparado para dejarte seducir por la filosof\u00eda Subaru, qu\u00e9date con nosotros.\",\"publisher\":{\"@id\":\"https:\\\/\\\/www.subaru.es\\\/blog\\\/#organization\"},\"potentialAction\":[{\"@type\":\"SearchAction\",\"target\":{\"@type\":\"EntryPoint\",\"urlTemplate\":\"https:\\\/\\\/www.subaru.es\\\/blog\\\/?s={search_term_string}\"},\"query-input\":{\"@type\":\"PropertyValueSpecification\",\"valueRequired\":true,\"valueName\":\"search_term_string\"}}],\"inLanguage\":\"es\"},{\"@type\":\"Organization\",\"@id\":\"https:\\\/\\\/www.subaru.es\\\/blog\\\/#organization\",\"name\":\"Subaru Espa\u00f1a S.A.\",\"url\":\"https:\\\/\\\/www.subaru.es\\\/blog\\\/\",\"logo\":{\"@type\":\"ImageObject\",\"inLanguage\":\"es\",\"@id\":\"https:\\\/\\\/www.subaru.es\\\/blog\\\/#\\\/schema\\\/logo\\\/image\\\/\",\"url\":\"https:\\\/\\\/www.subaru.es\\\/blog\\\/wp-content\\\/uploads\\\/2016\\\/12\\\/Logo-Subaru-TypeV_C300-scaled.jpg\",\"contentUrl\":\"https:\\\/\\\/www.subaru.es\\\/blog\\\/wp-content\\\/uploads\\\/2016\\\/12\\\/Logo-Subaru-TypeV_C300-scaled.jpg\",\"width\":2560,\"height\":1864,\"caption\":\"Subaru Espa\u00f1a S.A.\"},\"image\":{\"@id\":\"https:\\\/\\\/www.subaru.es\\\/blog\\\/#\\\/schema\\\/logo\\\/image\\\/\"},\"sameAs\":[\"https:\\\/\\\/www.facebook.com\\\/subaruespana\",\"https:\\\/\\\/www.instagram.com\\\/subarues\\\/\",\"https:\\\/\\\/www.youtube.com\\\/user\\\/subaruespana\"]},{\"@type\":\"Person\",\"@id\":\"https:\\\/\\\/www.subaru.es\\\/blog\\\/#\\\/schema\\\/person\\\/5e020f3de97acfa1681d475e72925a75\",\"name\":\"Andy Criere\",\"url\":\"https:\\\/\\\/www.subaru.es\\\/blog\\\/author\\\/andy-criere\\\/\"}]}<\/script>\n<!-- \/ Yoast SEO plugin. -->","yoast_head_json":{"title":"Andy Criere: fin de temporada en Challenger series de Haleiwa - Universo Subaru","description":"Este final de temporada me enfrentar\u00eda a un reto importante para un surfista profesional: El Challenger series de Haleiwa","robots":{"index":"index","follow":"follow","max-snippet":"max-snippet:-1","max-image-preview":"max-image-preview:large","max-video-preview":"max-video-preview:-1"},"canonical":"https:\/\/www.subaru.es\/blog\/subaru-lifestyle\/andy-criere-fin-de-temporada-en-challenger-series-de-haleiwa\/","og_locale":"es_ES","og_type":"article","og_title":"Andy Criere: fin de temporada en Challenger series de Haleiwa - Universo Subaru","og_description":"Este final de temporada me enfrentar\u00eda a un reto importante para un surfista profesional: El Challenger series de Haleiwa","og_url":"https:\/\/www.subaru.es\/blog\/subaru-lifestyle\/andy-criere-fin-de-temporada-en-challenger-series-de-haleiwa\/","og_site_name":"Universo Subaru","article_publisher":"https:\/\/www.facebook.com\/subaruespana","article_published_time":"2022-12-09T08:43:22+00:00","article_modified_time":"2022-12-16T09:09:45+00:00","og_image":[{"width":1440,"height":575,"url":"https:\/\/www.subaru.es\/blog\/wp-content\/uploads\/2022\/12\/Cabecera-blog-Andy-Criere-min-1440x575.jpg","type":"image\/jpeg"}],"author":"Andy Criere","twitter_card":"summary_large_image","twitter_misc":{"Escrito por":"Andy Criere","Tiempo de lectura":"4 minutos"},"schema":{"@context":"https:\/\/schema.org","@graph":[{"@type":"Article","@id":"https:\/\/www.subaru.es\/blog\/subaru-lifestyle\/andy-criere-fin-de-temporada-en-challenger-series-de-haleiwa\/#article","isPartOf":{"@id":"https:\/\/www.subaru.es\/blog\/subaru-lifestyle\/andy-criere-fin-de-temporada-en-challenger-series-de-haleiwa\/"},"author":{"name":"Andy Criere","@id":"https:\/\/www.subaru.es\/blog\/#\/schema\/person\/5e020f3de97acfa1681d475e72925a75"},"headline":"Andy Criere: fin de temporada en Challenger series de Haleiwa","datePublished":"2022-12-09T08:43:22+00:00","dateModified":"2022-12-16T09:09:45+00:00","mainEntityOfPage":{"@id":"https:\/\/www.subaru.es\/blog\/subaru-lifestyle\/andy-criere-fin-de-temporada-en-challenger-series-de-haleiwa\/"},"wordCount":581,"commentCount":0,"publisher":{"@id":"https:\/\/www.subaru.es\/blog\/#organization"},"image":{"@id":"https:\/\/www.subaru.es\/blog\/subaru-lifestyle\/andy-criere-fin-de-temporada-en-challenger-series-de-haleiwa\/#primaryimage"},"thumbnailUrl":"https:\/\/www.subaru.es\/blog\/wp-content\/uploads\/2022\/12\/Cabecera-blog-Andy-Criere-min-scaled.jpg","keywords":["Andy Criere","Aventura","campeonato de surf","campeonato surf hawaii","challerger series de haleiwa","Coche eco","coche hibrido","competici\u00f3n surf","Subaru","subaru surf experience","Subaru XV","surf","surfero","temporada de surf","waikiki"],"articleSection":["Subaru LifeStyle"],"inLanguage":"es","potentialAction":[{"@type":"CommentAction","name":"Comment","target":["https:\/\/www.subaru.es\/blog\/subaru-lifestyle\/andy-criere-fin-de-temporada-en-challenger-series-de-haleiwa\/#respond"]}]},{"@type":"WebPage","@id":"https:\/\/www.subaru.es\/blog\/subaru-lifestyle\/andy-criere-fin-de-temporada-en-challenger-series-de-haleiwa\/","url":"https:\/\/www.subaru.es\/blog\/subaru-lifestyle\/andy-criere-fin-de-temporada-en-challenger-series-de-haleiwa\/","name":"Andy Criere: fin de temporada en Challenger series de Haleiwa - Universo Subaru","isPartOf":{"@id":"https:\/\/www.subaru.es\/blog\/#website"},"primaryImageOfPage":{"@id":"https:\/\/www.subaru.es\/blog\/subaru-lifestyle\/andy-criere-fin-de-temporada-en-challenger-series-de-haleiwa\/#primaryimage"},"image":{"@id":"https:\/\/www.subaru.es\/blog\/subaru-lifestyle\/andy-criere-fin-de-temporada-en-challenger-series-de-haleiwa\/#primaryimage"},"thumbnailUrl":"https:\/\/www.subaru.es\/blog\/wp-content\/uploads\/2022\/12\/Cabecera-blog-Andy-Criere-min-scaled.jpg","datePublished":"2022-12-09T08:43:22+00:00","dateModified":"2022-12-16T09:09:45+00:00","description":"Este final de temporada me enfrentar\u00eda a un reto importante para un surfista profesional: El Challenger series de Haleiwa","breadcrumb":{"@id":"https:\/\/www.subaru.es\/blog\/subaru-lifestyle\/andy-criere-fin-de-temporada-en-challenger-series-de-haleiwa\/#breadcrumb"},"inLanguage":"es","potentialAction":[{"@type":"ReadAction","target":["https:\/\/www.subaru.es\/blog\/subaru-lifestyle\/andy-criere-fin-de-temporada-en-challenger-series-de-haleiwa\/"]}]},{"@type":"ImageObject","inLanguage":"es","@id":"https:\/\/www.subaru.es\/blog\/subaru-lifestyle\/andy-criere-fin-de-temporada-en-challenger-series-de-haleiwa\/#primaryimage","url":"https:\/\/www.subaru.es\/blog\/wp-content\/uploads\/2022\/12\/Cabecera-blog-Andy-Criere-min-scaled.jpg","contentUrl":"https:\/\/www.subaru.es\/blog\/wp-content\/uploads\/2022\/12\/Cabecera-blog-Andy-Criere-min-scaled.jpg","width":2560,"height":1023,"caption":"Andy Criere campeonato surf Hawaii"},{"@type":"BreadcrumbList","@id":"https:\/\/www.subaru.es\/blog\/subaru-lifestyle\/andy-criere-fin-de-temporada-en-challenger-series-de-haleiwa\/#breadcrumb","itemListElement":[{"@type":"ListItem","position":1,"name":"Portada","item":"https:\/\/www.subaru.es\/blog\/"},{"@type":"ListItem","position":2,"name":"Andy Criere: fin de temporada en Challenger series de Haleiwa"}]},{"@type":"WebSite","@id":"https:\/\/www.subaru.es\/blog\/#website","url":"https:\/\/www.subaru.es\/blog\/","name":"Universo Subaru","description":"Descubre este apasionante espacio de Subaru donde vas a conocer todo sobre nuestros coches y las experiencias que vivimos con ellos. Si est\u00e1s preparado para dejarte seducir por la filosof\u00eda Subaru, qu\u00e9date con nosotros.","publisher":{"@id":"https:\/\/www.subaru.es\/blog\/#organization"},"potentialAction":[{"@type":"SearchAction","target":{"@type":"EntryPoint","urlTemplate":"https:\/\/www.subaru.es\/blog\/?s={search_term_string}"},"query-input":{"@type":"PropertyValueSpecification","valueRequired":true,"valueName":"search_term_string"}}],"inLanguage":"es"},{"@type":"Organization","@id":"https:\/\/www.subaru.es\/blog\/#organization","name":"Subaru Espa\u00f1a S.A.","url":"https:\/\/www.subaru.es\/blog\/","logo":{"@type":"ImageObject","inLanguage":"es","@id":"https:\/\/www.subaru.es\/blog\/#\/schema\/logo\/image\/","url":"https:\/\/www.subaru.es\/blog\/wp-content\/uploads\/2016\/12\/Logo-Subaru-TypeV_C300-scaled.jpg","contentUrl":"https:\/\/www.subaru.es\/blog\/wp-content\/uploads\/2016\/12\/Logo-Subaru-TypeV_C300-scaled.jpg","width":2560,"height":1864,"caption":"Subaru Espa\u00f1a S.A."},"image":{"@id":"https:\/\/www.subaru.es\/blog\/#\/schema\/logo\/image\/"},"sameAs":["https:\/\/www.facebook.com\/subaruespana","https:\/\/www.instagram.com\/subarues\/","https:\/\/www.youtube.com\/user\/subaruespana"]},{"@type":"Person","@id":"https:\/\/www.subaru.es\/blog\/#\/schema\/person\/5e020f3de97acfa1681d475e72925a75","name":"Andy Criere","url":"https:\/\/www.subaru.es\/blog\/author\/andy-criere\/"}]}},"_links":{"self":[{"href":"https:\/\/www.subaru.es\/blog\/wp-json\/wp\/v2\/posts\/24297","targetHints":{"allow":["GET"]}}],"collection":[{"href":"https:\/\/www.subaru.es\/blog\/wp-json\/wp\/v2\/posts"}],"about":[{"href":"https:\/\/www.subaru.es\/blog\/wp-json\/wp\/v2\/types\/post"}],"author":[{"embeddable":true,"href":"https:\/\/www.subaru.es\/blog\/wp-json\/wp\/v2\/users\/30"}],"replies":[{"embeddable":true,"href":"https:\/\/www.subaru.es\/blog\/wp-json\/wp\/v2\/comments?post=24297"}],"version-history":[{"count":10,"href":"https:\/\/www.subaru.es\/blog\/wp-json\/wp\/v2\/posts\/24297\/revisions"}],"predecessor-version":[{"id":24317,"href":"https:\/\/www.subaru.es\/blog\/wp-json\/wp\/v2\/posts\/24297\/revisions\/24317"}],"wp:featuredmedia":[{"embeddable":true,"href":"https:\/\/www.subaru.es\/blog\/wp-json\/wp\/v2\/media\/24313"}],"wp:attachment":[{"href":"https:\/\/www.subaru.es\/blog\/wp-json\/wp\/v2\/media?parent=24297"}],"wp:term":[{"taxonomy":"category","embeddable":true,"href":"https:\/\/www.subaru.es\/blog\/wp-json\/wp\/v2\/categories?post=24297"},{"taxonomy":"post_tag","embeddable":true,"href":"https:\/\/www.subaru.es\/blog\/wp-json\/wp\/v2\/tags?post=24297"}],"curies":[{"name":"wp","href":"https:\/\/api.w.org\/{rel}","templated":true}]}}