{"id":2427,"date":"2010-01-21T13:30:57","date_gmt":"2010-01-21T11:30:57","guid":{"rendered":"http:\/\/subaru.preproduccion.com\/blog\/wp-content\/2010\/01\/21\/subaru-forma-a-la-prensa-especializada\/"},"modified":"2020-08-12T12:53:34","modified_gmt":"2020-08-12T10:53:34","slug":"subaru-forma-a-la-prensa-especializada","status":"publish","type":"post","link":"https:\/\/www.subaru.es\/blog\/nuestra-marca\/subaru-forma-a-la-prensa-especializada\/","title":{"rendered":"Subaru forma a la prensa especializada"},"content":{"rendered":"<p><a href=\"https:\/\/www.subaru.es\/blog\/wp-content\/uploads\/2009\/12\/seminario-prensa.jpg\" title=\"Seminario prensa\"><img decoding=\"async\" data-src=\"https:\/\/www.subaru.es\/blog\/wp-content\/uploads\/2009\/12\/seminario-prensa.jpg\" alt=\"Seminario prensa\" src=\"data:image\/svg+xml;base64,PHN2ZyB3aWR0aD0iMSIgaGVpZ2h0PSIxIiB4bWxucz0iaHR0cDovL3d3dy53My5vcmcvMjAwMC9zdmciPjwvc3ZnPg==\" class=\"lazyload\" style=\"--smush-placeholder-width: 383px; --smush-placeholder-aspect-ratio: 383\/232;\"><\/a><br \/>\nLa firma nipona ha realizado un <strong>evento <\/strong>especialmente <strong>preparado para los periodistas del sector en Chile<\/strong>, al que han asistido participantes procedentes de los <strong>m\u00e1s importantes medios de comunicaci\u00f3n <\/strong>del pa\u00eds. En \u00e9l, han podido conocer de primera mano las <strong>\u00faltimas innovaciones <\/strong>en <strong>tecnolog\u00eda automotriz<\/strong> de la marca.<\/p>\n<p>El <strong>motivo <\/strong>de este seminario han sido los <strong>20 a\u00f1os del Legacy<\/strong>. Durante la jornada, se presentaron las <strong>\u00faltimas innovaciones en el \u00e1rea automotriz<\/strong>, lo que atrajo la atenci\u00f3n de los <strong>periodistas<\/strong>, verdaderos <strong>expertos en el \u00e1rea<\/strong>, que tuvieron la posibilidad de <strong>preguntar y resolver sus dudas<\/strong> con los <strong>profesionales de Subaru<\/strong>.<\/p>\n<p>Tras el <strong>seminario<\/strong>, se dieron a conocer todas las novedades que incorpora el <strong>nuevo Legacy<\/strong>, dos d\u00e9cadas despu\u00e9s de su primer lanzamiento al mercado. <strong>Edgardo Rodr\u00edguez<\/strong>, gerente general de la divisi\u00f3n <strong>Subaru de Indumotora<\/strong>, coment\u00f3 al respecto:<\/p>\n<blockquote><p>\u201cPara nosotros, Legacy es sin\u00f3nimo de Subaru en Chile\u201d.<\/p><\/blockquote>\n","protected":false},"excerpt":{"rendered":"<p>La firma nipona ha realizado un evento especialmente preparado para los periodistas del sector en Chile, al que han asistido participantes procedentes de los m\u00e1s importantes medios de comunicaci\u00f3n del pa\u00eds. En \u00e9l, han podido conocer de primera mano las \u00faltimas innovaciones en tecnolog\u00eda automotriz de la marca. El motivo de este seminario han sido [&hellip;]<\/p>\n","protected":false},"author":21,"featured_media":2428,"comment_status":"open","ping_status":"open","sticky":false,"template":"","format":"standard","meta":{"_acf_changed":false,"_eb_attr":"","inline_featured_image":false,"footnotes":""},"categories":[4401],"tags":[1364,2808,534,2813,2807,1411,134,2809,2810,193,2811,2812,4390,820],"class_list":["post-2427","post","type-post","status-publish","format-standard","has-post-thumbnail","hentry","category-nuestra-marca","tag-20-anos","tag-automotriz","tag-chile","tag-edgardo-rodriguez","tag-especializada","tag-indumotora","tag-legacy","tag-medio-de-comunicacion","tag-periodista","tag-prensa","tag-profesionales","tag-seminario","tag-subaru","tag-tecnologia"],"acf":[],"yoast_head":"<!-- This site is optimized with the Yoast SEO plugin v27.3 - https:\/\/yoast.com\/product\/yoast-seo-wordpress\/ -->\n<title>Subaru forma a la prensa especializada - Universo Subaru<\/title>\n<meta name=\"robots\" content=\"index, follow, max-snippet:-1, max-image-preview:large, max-video-preview:-1\" \/>\n<link rel=\"canonical\" href=\"https:\/\/www.subaru.es\/blog\/nuestra-marca\/subaru-forma-a-la-prensa-especializada\/\" \/>\n<meta property=\"og:locale\" content=\"es_ES\" \/>\n<meta property=\"og:type\" content=\"article\" \/>\n<meta property=\"og:title\" content=\"Subaru forma a la prensa especializada - Universo Subaru\" \/>\n<meta property=\"og:description\" content=\"La firma nipona ha realizado un evento especialmente preparado para los periodistas del sector en Chile, al que han asistido participantes procedentes de los m\u00e1s importantes medios de comunicaci\u00f3n del pa\u00eds. En \u00e9l, han podido conocer de primera mano las \u00faltimas innovaciones en tecnolog\u00eda automotriz de la marca. El motivo de este seminario han sido [&hellip;]\" \/>\n<meta property=\"og:url\" content=\"https:\/\/www.subaru.es\/blog\/nuestra-marca\/subaru-forma-a-la-prensa-especializada\/\" \/>\n<meta property=\"og:site_name\" content=\"Universo Subaru\" \/>\n<meta property=\"article:publisher\" content=\"https:\/\/www.facebook.com\/subaruespana\" \/>\n<meta property=\"article:published_time\" content=\"2010-01-21T11:30:57+00:00\" \/>\n<meta property=\"article:modified_time\" content=\"2020-08-12T10:53:34+00:00\" \/>\n<meta property=\"og:image\" content=\"https:\/\/www.subaru.es\/blog\/wp-content\/uploads\/2009\/12\/seminario-prensa.jpg\" \/>\n\t<meta property=\"og:image:width\" content=\"383\" \/>\n\t<meta property=\"og:image:height\" content=\"232\" \/>\n\t<meta property=\"og:image:type\" content=\"image\/jpeg\" \/>\n<meta name=\"author\" content=\"Subaru\" \/>\n<meta name=\"twitter:card\" content=\"summary_large_image\" \/>\n<meta name=\"twitter:label1\" content=\"Escrito por\" \/>\n\t<meta name=\"twitter:data1\" content=\"Subaru\" \/>\n\t<meta name=\"twitter:label2\" content=\"Tiempo de lectura\" \/>\n\t<meta name=\"twitter:data2\" content=\"1 minuto\" \/>\n<script type=\"application\/ld+json\" class=\"yoast-schema-graph\">{\"@context\":\"https:\\\/\\\/schema.org\",\"@graph\":[{\"@type\":\"Article\",\"@id\":\"https:\\\/\\\/www.subaru.es\\\/blog\\\/nuestra-marca\\\/subaru-forma-a-la-prensa-especializada\\\/#article\",\"isPartOf\":{\"@id\":\"https:\\\/\\\/www.subaru.es\\\/blog\\\/nuestra-marca\\\/subaru-forma-a-la-prensa-especializada\\\/\"},\"author\":{\"name\":\"Subaru\",\"@id\":\"https:\\\/\\\/www.subaru.es\\\/blog\\\/#\\\/schema\\\/person\\\/19a90b892230b8e0ec752704ddf4aa10\"},\"headline\":\"Subaru forma a la prensa especializada\",\"datePublished\":\"2010-01-21T11:30:57+00:00\",\"dateModified\":\"2020-08-12T10:53:34+00:00\",\"mainEntityOfPage\":{\"@id\":\"https:\\\/\\\/www.subaru.es\\\/blog\\\/nuestra-marca\\\/subaru-forma-a-la-prensa-especializada\\\/\"},\"wordCount\":162,\"commentCount\":0,\"publisher\":{\"@id\":\"https:\\\/\\\/www.subaru.es\\\/blog\\\/#organization\"},\"image\":{\"@id\":\"https:\\\/\\\/www.subaru.es\\\/blog\\\/nuestra-marca\\\/subaru-forma-a-la-prensa-especializada\\\/#primaryimage\"},\"thumbnailUrl\":\"https:\\\/\\\/www.subaru.es\\\/blog\\\/wp-content\\\/uploads\\\/2009\\\/12\\\/seminario-prensa.jpg\",\"keywords\":[\"20 a\u00f1os\",\"automotriz\",\"chile\",\"Edgardo Rodr\u00edguez\",\"especializada\",\"Indumotora\",\"legacy\",\"medio de comunicaci\u00f3n\",\"periodista\",\"prensa\",\"profesionales\",\"seminario\",\"Subaru\",\"tecnolog\u00eda\"],\"articleSection\":[\"Nuestra marca\"],\"inLanguage\":\"es\",\"potentialAction\":[{\"@type\":\"CommentAction\",\"name\":\"Comment\",\"target\":[\"https:\\\/\\\/www.subaru.es\\\/blog\\\/nuestra-marca\\\/subaru-forma-a-la-prensa-especializada\\\/#respond\"]}]},{\"@type\":\"WebPage\",\"@id\":\"https:\\\/\\\/www.subaru.es\\\/blog\\\/nuestra-marca\\\/subaru-forma-a-la-prensa-especializada\\\/\",\"url\":\"https:\\\/\\\/www.subaru.es\\\/blog\\\/nuestra-marca\\\/subaru-forma-a-la-prensa-especializada\\\/\",\"name\":\"Subaru forma a la prensa especializada - Universo Subaru\",\"isPartOf\":{\"@id\":\"https:\\\/\\\/www.subaru.es\\\/blog\\\/#website\"},\"primaryImageOfPage\":{\"@id\":\"https:\\\/\\\/www.subaru.es\\\/blog\\\/nuestra-marca\\\/subaru-forma-a-la-prensa-especializada\\\/#primaryimage\"},\"image\":{\"@id\":\"https:\\\/\\\/www.subaru.es\\\/blog\\\/nuestra-marca\\\/subaru-forma-a-la-prensa-especializada\\\/#primaryimage\"},\"thumbnailUrl\":\"https:\\\/\\\/www.subaru.es\\\/blog\\\/wp-content\\\/uploads\\\/2009\\\/12\\\/seminario-prensa.jpg\",\"datePublished\":\"2010-01-21T11:30:57+00:00\",\"dateModified\":\"2020-08-12T10:53:34+00:00\",\"breadcrumb\":{\"@id\":\"https:\\\/\\\/www.subaru.es\\\/blog\\\/nuestra-marca\\\/subaru-forma-a-la-prensa-especializada\\\/#breadcrumb\"},\"inLanguage\":\"es\",\"potentialAction\":[{\"@type\":\"ReadAction\",\"target\":[\"https:\\\/\\\/www.subaru.es\\\/blog\\\/nuestra-marca\\\/subaru-forma-a-la-prensa-especializada\\\/\"]}]},{\"@type\":\"ImageObject\",\"inLanguage\":\"es\",\"@id\":\"https:\\\/\\\/www.subaru.es\\\/blog\\\/nuestra-marca\\\/subaru-forma-a-la-prensa-especializada\\\/#primaryimage\",\"url\":\"https:\\\/\\\/www.subaru.es\\\/blog\\\/wp-content\\\/uploads\\\/2009\\\/12\\\/seminario-prensa.jpg\",\"contentUrl\":\"https:\\\/\\\/www.subaru.es\\\/blog\\\/wp-content\\\/uploads\\\/2009\\\/12\\\/seminario-prensa.jpg\",\"width\":383,\"height\":232},{\"@type\":\"BreadcrumbList\",\"@id\":\"https:\\\/\\\/www.subaru.es\\\/blog\\\/nuestra-marca\\\/subaru-forma-a-la-prensa-especializada\\\/#breadcrumb\",\"itemListElement\":[{\"@type\":\"ListItem\",\"position\":1,\"name\":\"Portada\",\"item\":\"https:\\\/\\\/www.subaru.es\\\/blog\\\/\"},{\"@type\":\"ListItem\",\"position\":2,\"name\":\"Subaru forma a la prensa especializada\"}]},{\"@type\":\"WebSite\",\"@id\":\"https:\\\/\\\/www.subaru.es\\\/blog\\\/#website\",\"url\":\"https:\\\/\\\/www.subaru.es\\\/blog\\\/\",\"name\":\"Universo Subaru\",\"description\":\"Descubre este apasionante espacio de Subaru donde vas a conocer todo sobre nuestros coches y las experiencias que vivimos con ellos. Si est\u00e1s preparado para dejarte seducir por la filosof\u00eda Subaru, qu\u00e9date con nosotros.\",\"publisher\":{\"@id\":\"https:\\\/\\\/www.subaru.es\\\/blog\\\/#organization\"},\"potentialAction\":[{\"@type\":\"SearchAction\",\"target\":{\"@type\":\"EntryPoint\",\"urlTemplate\":\"https:\\\/\\\/www.subaru.es\\\/blog\\\/?s={search_term_string}\"},\"query-input\":{\"@type\":\"PropertyValueSpecification\",\"valueRequired\":true,\"valueName\":\"search_term_string\"}}],\"inLanguage\":\"es\"},{\"@type\":\"Organization\",\"@id\":\"https:\\\/\\\/www.subaru.es\\\/blog\\\/#organization\",\"name\":\"Subaru Espa\u00f1a S.A.\",\"url\":\"https:\\\/\\\/www.subaru.es\\\/blog\\\/\",\"logo\":{\"@type\":\"ImageObject\",\"inLanguage\":\"es\",\"@id\":\"https:\\\/\\\/www.subaru.es\\\/blog\\\/#\\\/schema\\\/logo\\\/image\\\/\",\"url\":\"https:\\\/\\\/www.subaru.es\\\/blog\\\/wp-content\\\/uploads\\\/2016\\\/12\\\/Logo-Subaru-TypeV_C300-scaled.jpg\",\"contentUrl\":\"https:\\\/\\\/www.subaru.es\\\/blog\\\/wp-content\\\/uploads\\\/2016\\\/12\\\/Logo-Subaru-TypeV_C300-scaled.jpg\",\"width\":2560,\"height\":1864,\"caption\":\"Subaru Espa\u00f1a S.A.\"},\"image\":{\"@id\":\"https:\\\/\\\/www.subaru.es\\\/blog\\\/#\\\/schema\\\/logo\\\/image\\\/\"},\"sameAs\":[\"https:\\\/\\\/www.facebook.com\\\/subaruespana\",\"https:\\\/\\\/www.instagram.com\\\/subarues\\\/\",\"https:\\\/\\\/www.youtube.com\\\/user\\\/subaruespana\"]},{\"@type\":\"Person\",\"@id\":\"https:\\\/\\\/www.subaru.es\\\/blog\\\/#\\\/schema\\\/person\\\/19a90b892230b8e0ec752704ddf4aa10\",\"name\":\"Subaru\",\"url\":\"https:\\\/\\\/www.subaru.es\\\/blog\\\/author\\\/subaria\\\/\"}]}<\/script>\n<!-- \/ Yoast SEO plugin. -->","yoast_head_json":{"title":"Subaru forma a la prensa especializada - Universo Subaru","robots":{"index":"index","follow":"follow","max-snippet":"max-snippet:-1","max-image-preview":"max-image-preview:large","max-video-preview":"max-video-preview:-1"},"canonical":"https:\/\/www.subaru.es\/blog\/nuestra-marca\/subaru-forma-a-la-prensa-especializada\/","og_locale":"es_ES","og_type":"article","og_title":"Subaru forma a la prensa especializada - Universo Subaru","og_description":"La firma nipona ha realizado un evento especialmente preparado para los periodistas del sector en Chile, al que han asistido participantes procedentes de los m\u00e1s importantes medios de comunicaci\u00f3n del pa\u00eds. En \u00e9l, han podido conocer de primera mano las \u00faltimas innovaciones en tecnolog\u00eda automotriz de la marca. El motivo de este seminario han sido [&hellip;]","og_url":"https:\/\/www.subaru.es\/blog\/nuestra-marca\/subaru-forma-a-la-prensa-especializada\/","og_site_name":"Universo Subaru","article_publisher":"https:\/\/www.facebook.com\/subaruespana","article_published_time":"2010-01-21T11:30:57+00:00","article_modified_time":"2020-08-12T10:53:34+00:00","og_image":[{"width":383,"height":232,"url":"https:\/\/www.subaru.es\/blog\/wp-content\/uploads\/2009\/12\/seminario-prensa.jpg","type":"image\/jpeg"}],"author":"Subaru","twitter_card":"summary_large_image","twitter_misc":{"Escrito por":"Subaru","Tiempo de lectura":"1 minuto"},"schema":{"@context":"https:\/\/schema.org","@graph":[{"@type":"Article","@id":"https:\/\/www.subaru.es\/blog\/nuestra-marca\/subaru-forma-a-la-prensa-especializada\/#article","isPartOf":{"@id":"https:\/\/www.subaru.es\/blog\/nuestra-marca\/subaru-forma-a-la-prensa-especializada\/"},"author":{"name":"Subaru","@id":"https:\/\/www.subaru.es\/blog\/#\/schema\/person\/19a90b892230b8e0ec752704ddf4aa10"},"headline":"Subaru forma a la prensa especializada","datePublished":"2010-01-21T11:30:57+00:00","dateModified":"2020-08-12T10:53:34+00:00","mainEntityOfPage":{"@id":"https:\/\/www.subaru.es\/blog\/nuestra-marca\/subaru-forma-a-la-prensa-especializada\/"},"wordCount":162,"commentCount":0,"publisher":{"@id":"https:\/\/www.subaru.es\/blog\/#organization"},"image":{"@id":"https:\/\/www.subaru.es\/blog\/nuestra-marca\/subaru-forma-a-la-prensa-especializada\/#primaryimage"},"thumbnailUrl":"https:\/\/www.subaru.es\/blog\/wp-content\/uploads\/2009\/12\/seminario-prensa.jpg","keywords":["20 a\u00f1os","automotriz","chile","Edgardo Rodr\u00edguez","especializada","Indumotora","legacy","medio de comunicaci\u00f3n","periodista","prensa","profesionales","seminario","Subaru","tecnolog\u00eda"],"articleSection":["Nuestra marca"],"inLanguage":"es","potentialAction":[{"@type":"CommentAction","name":"Comment","target":["https:\/\/www.subaru.es\/blog\/nuestra-marca\/subaru-forma-a-la-prensa-especializada\/#respond"]}]},{"@type":"WebPage","@id":"https:\/\/www.subaru.es\/blog\/nuestra-marca\/subaru-forma-a-la-prensa-especializada\/","url":"https:\/\/www.subaru.es\/blog\/nuestra-marca\/subaru-forma-a-la-prensa-especializada\/","name":"Subaru forma a la prensa especializada - Universo Subaru","isPartOf":{"@id":"https:\/\/www.subaru.es\/blog\/#website"},"primaryImageOfPage":{"@id":"https:\/\/www.subaru.es\/blog\/nuestra-marca\/subaru-forma-a-la-prensa-especializada\/#primaryimage"},"image":{"@id":"https:\/\/www.subaru.es\/blog\/nuestra-marca\/subaru-forma-a-la-prensa-especializada\/#primaryimage"},"thumbnailUrl":"https:\/\/www.subaru.es\/blog\/wp-content\/uploads\/2009\/12\/seminario-prensa.jpg","datePublished":"2010-01-21T11:30:57+00:00","dateModified":"2020-08-12T10:53:34+00:00","breadcrumb":{"@id":"https:\/\/www.subaru.es\/blog\/nuestra-marca\/subaru-forma-a-la-prensa-especializada\/#breadcrumb"},"inLanguage":"es","potentialAction":[{"@type":"ReadAction","target":["https:\/\/www.subaru.es\/blog\/nuestra-marca\/subaru-forma-a-la-prensa-especializada\/"]}]},{"@type":"ImageObject","inLanguage":"es","@id":"https:\/\/www.subaru.es\/blog\/nuestra-marca\/subaru-forma-a-la-prensa-especializada\/#primaryimage","url":"https:\/\/www.subaru.es\/blog\/wp-content\/uploads\/2009\/12\/seminario-prensa.jpg","contentUrl":"https:\/\/www.subaru.es\/blog\/wp-content\/uploads\/2009\/12\/seminario-prensa.jpg","width":383,"height":232},{"@type":"BreadcrumbList","@id":"https:\/\/www.subaru.es\/blog\/nuestra-marca\/subaru-forma-a-la-prensa-especializada\/#breadcrumb","itemListElement":[{"@type":"ListItem","position":1,"name":"Portada","item":"https:\/\/www.subaru.es\/blog\/"},{"@type":"ListItem","position":2,"name":"Subaru forma a la prensa especializada"}]},{"@type":"WebSite","@id":"https:\/\/www.subaru.es\/blog\/#website","url":"https:\/\/www.subaru.es\/blog\/","name":"Universo Subaru","description":"Descubre este apasionante espacio de Subaru donde vas a conocer todo sobre nuestros coches y las experiencias que vivimos con ellos. Si est\u00e1s preparado para dejarte seducir por la filosof\u00eda Subaru, qu\u00e9date con nosotros.","publisher":{"@id":"https:\/\/www.subaru.es\/blog\/#organization"},"potentialAction":[{"@type":"SearchAction","target":{"@type":"EntryPoint","urlTemplate":"https:\/\/www.subaru.es\/blog\/?s={search_term_string}"},"query-input":{"@type":"PropertyValueSpecification","valueRequired":true,"valueName":"search_term_string"}}],"inLanguage":"es"},{"@type":"Organization","@id":"https:\/\/www.subaru.es\/blog\/#organization","name":"Subaru Espa\u00f1a S.A.","url":"https:\/\/www.subaru.es\/blog\/","logo":{"@type":"ImageObject","inLanguage":"es","@id":"https:\/\/www.subaru.es\/blog\/#\/schema\/logo\/image\/","url":"https:\/\/www.subaru.es\/blog\/wp-content\/uploads\/2016\/12\/Logo-Subaru-TypeV_C300-scaled.jpg","contentUrl":"https:\/\/www.subaru.es\/blog\/wp-content\/uploads\/2016\/12\/Logo-Subaru-TypeV_C300-scaled.jpg","width":2560,"height":1864,"caption":"Subaru Espa\u00f1a S.A."},"image":{"@id":"https:\/\/www.subaru.es\/blog\/#\/schema\/logo\/image\/"},"sameAs":["https:\/\/www.facebook.com\/subaruespana","https:\/\/www.instagram.com\/subarues\/","https:\/\/www.youtube.com\/user\/subaruespana"]},{"@type":"Person","@id":"https:\/\/www.subaru.es\/blog\/#\/schema\/person\/19a90b892230b8e0ec752704ddf4aa10","name":"Subaru","url":"https:\/\/www.subaru.es\/blog\/author\/subaria\/"}]}},"_links":{"self":[{"href":"https:\/\/www.subaru.es\/blog\/wp-json\/wp\/v2\/posts\/2427","targetHints":{"allow":["GET"]}}],"collection":[{"href":"https:\/\/www.subaru.es\/blog\/wp-json\/wp\/v2\/posts"}],"about":[{"href":"https:\/\/www.subaru.es\/blog\/wp-json\/wp\/v2\/types\/post"}],"author":[{"embeddable":true,"href":"https:\/\/www.subaru.es\/blog\/wp-json\/wp\/v2\/users\/21"}],"replies":[{"embeddable":true,"href":"https:\/\/www.subaru.es\/blog\/wp-json\/wp\/v2\/comments?post=2427"}],"version-history":[{"count":2,"href":"https:\/\/www.subaru.es\/blog\/wp-json\/wp\/v2\/posts\/2427\/revisions"}],"predecessor-version":[{"id":22260,"href":"https:\/\/www.subaru.es\/blog\/wp-json\/wp\/v2\/posts\/2427\/revisions\/22260"}],"wp:featuredmedia":[{"embeddable":true,"href":"https:\/\/www.subaru.es\/blog\/wp-json\/wp\/v2\/media\/2428"}],"wp:attachment":[{"href":"https:\/\/www.subaru.es\/blog\/wp-json\/wp\/v2\/media?parent=2427"}],"wp:term":[{"taxonomy":"category","embeddable":true,"href":"https:\/\/www.subaru.es\/blog\/wp-json\/wp\/v2\/categories?post=2427"},{"taxonomy":"post_tag","embeddable":true,"href":"https:\/\/www.subaru.es\/blog\/wp-json\/wp\/v2\/tags?post=2427"}],"curies":[{"name":"wp","href":"https:\/\/api.w.org\/{rel}","templated":true}]}}