{"id":2425,"date":"2010-01-20T13:28:10","date_gmt":"2010-01-20T11:28:10","guid":{"rendered":"http:\/\/subaru.preproduccion.com\/blog\/wp-content\/2010\/01\/20\/subaru-estuvo-presente-en-la-feria-del-automovil-valencia-2009\/"},"modified":"2016-10-17T15:08:48","modified_gmt":"2016-10-17T13:08:48","slug":"subaru-estuvo-presente-en-la-feria-del-automovil-valencia-2009","status":"publish","type":"post","link":"https:\/\/www.subaru.es\/blog\/nuestra-marca\/subaru-estuvo-presente-en-la-feria-del-automovil-valencia-2009\/","title":{"rendered":"Subaru estuvo presente en la Feria del Autom\u00f3vil Valencia 2009"},"content":{"rendered":"<p><a href=\"https:\/\/www.subaru.es\/blog\/wp-content\/uploads\/2009\/12\/feria-automovil-valencia.JPG\" title=\"Feria Autom\u00f3vil Valencia\"><img decoding=\"async\" data-src=\"https:\/\/www.subaru.es\/blog\/wp-content\/uploads\/2009\/12\/feria-automovil-valencia.JPG\" alt=\"Feria Autom\u00f3vil Valencia\" src=\"data:image\/svg+xml;base64,PHN2ZyB3aWR0aD0iMSIgaGVpZ2h0PSIxIiB4bWxucz0iaHR0cDovL3d3dy53My5vcmcvMjAwMC9zdmciPjwvc3ZnPg==\" class=\"lazyload\" style=\"--smush-placeholder-width: 464px; --smush-placeholder-aspect-ratio: 464\/155;\" \/><\/a><br \/>\nLa <strong><a href=\"http:\/\/automovil.feriavalencia.com\/index2.jsp?&amp;&amp;Zmxhc2g%3D\">Feria del Autom\u00f3vil y Veh\u00edculos de Ocasi\u00f3n de Valencia <\/a><\/strong>, celebrada del <strong>4 al 8 de diciembre en <a href=\"www.feriavalencia.com\">Feria de Valencia <\/a><\/strong>, se presenta como un buen <strong>escaparate <\/strong>para que las firmas automovil\u00edsticas presenten sus novedades.<\/p>\n<p>Y, por ello, <strong>Subaru <\/strong>no pod\u00eda faltar al evento, donde present\u00f3 el <strong>nuevo Legacy <\/strong>y la <strong>cuarta generaci\u00f3n del Outback<\/strong> con su redise\u00f1ado aspecto exterior que, sin apartar el concepto de <strong>cross-over<\/strong>, logra transmitir una <strong>mayor sensaci\u00f3n de aplomo y eficacia en carretera<\/strong>.<\/p>\n<p>Sus <strong>l\u00edneas <\/strong>son ahora <strong>m\u00e1s estilizadas y aerodin\u00e1micas<\/strong>, lo que ayuda a potenciar el trabajo de sus mec\u00e1nicas, entre las que se encuentra el <strong>motor Boxer Diesel de 2.0 litros <\/strong>como principal reclamo en Europa y los gasolina de 2,5 y de 3,6 l. Estos cambios han servido para atraer de nuevo la gran legi\u00f3n de seguidores que desde su lanzamiento en 1996 como <strong>primer cross-over del mercado <\/strong>ha arrastrado siempre el <strong>Outback<\/strong>.<\/p>\n","protected":false},"excerpt":{"rendered":"<p>La Feria del Autom\u00f3vil y Veh\u00edculos de Ocasi\u00f3n de Valencia , celebrada del 4 al 8 de diciembre en Feria de Valencia , se presenta como un buen escaparate para que las firmas automovil\u00edsticas presenten sus novedades. Y, por ello, Subaru no pod\u00eda faltar al evento, donde present\u00f3 el nuevo Legacy y la cuarta generaci\u00f3n [&hellip;]<\/p>\n","protected":false},"author":21,"featured_media":2426,"comment_status":"open","ping_status":"open","sticky":false,"template":"","format":"standard","meta":{"_acf_changed":false,"_eb_attr":"","inline_featured_image":false,"footnotes":""},"categories":[4401],"tags":[791,2806,882,134,1281,143,4390,2805],"class_list":["post-2425","post","type-post","status-publish","format-standard","has-post-thumbnail","hentry","category-nuestra-marca","tag-automovil","tag-cross-over","tag-feria","tag-legacy","tag-motor-boxer-diesel","tag-outback","tag-subaru","tag-valencia"],"acf":[],"yoast_head":"<!-- This site is optimized with the Yoast SEO plugin v27.3 - https:\/\/yoast.com\/product\/yoast-seo-wordpress\/ -->\n<title>Subaru estuvo presente en la Feria del Autom\u00f3vil Valencia 2009 - Universo Subaru<\/title>\n<meta name=\"robots\" content=\"index, follow, max-snippet:-1, max-image-preview:large, max-video-preview:-1\" \/>\n<link rel=\"canonical\" href=\"https:\/\/www.subaru.es\/blog\/nuestra-marca\/subaru-estuvo-presente-en-la-feria-del-automovil-valencia-2009\/\" \/>\n<meta property=\"og:locale\" content=\"es_ES\" \/>\n<meta property=\"og:type\" content=\"article\" \/>\n<meta property=\"og:title\" content=\"Subaru estuvo presente en la Feria del Autom\u00f3vil Valencia 2009 - Universo Subaru\" \/>\n<meta property=\"og:description\" content=\"La Feria del Autom\u00f3vil y Veh\u00edculos de Ocasi\u00f3n de Valencia , celebrada del 4 al 8 de diciembre en Feria de Valencia , se presenta como un buen escaparate para que las firmas automovil\u00edsticas presenten sus novedades. Y, por ello, Subaru no pod\u00eda faltar al evento, donde present\u00f3 el nuevo Legacy y la cuarta generaci\u00f3n [&hellip;]\" \/>\n<meta property=\"og:url\" content=\"https:\/\/www.subaru.es\/blog\/nuestra-marca\/subaru-estuvo-presente-en-la-feria-del-automovil-valencia-2009\/\" \/>\n<meta property=\"og:site_name\" content=\"Universo Subaru\" \/>\n<meta property=\"article:publisher\" content=\"https:\/\/www.facebook.com\/subaruespana\" \/>\n<meta property=\"article:published_time\" content=\"2010-01-20T11:28:10+00:00\" \/>\n<meta property=\"article:modified_time\" content=\"2016-10-17T13:08:48+00:00\" \/>\n<meta property=\"og:image\" content=\"https:\/\/www.subaru.es\/blog\/wp-content\/uploads\/2009\/12\/feria-automovil-valencia.JPG\" \/>\n\t<meta property=\"og:image:width\" content=\"464\" \/>\n\t<meta property=\"og:image:height\" content=\"155\" \/>\n\t<meta property=\"og:image:type\" content=\"image\/jpeg\" \/>\n<meta name=\"author\" content=\"Subaru\" \/>\n<meta name=\"twitter:card\" content=\"summary_large_image\" \/>\n<meta name=\"twitter:label1\" content=\"Escrito por\" \/>\n\t<meta name=\"twitter:data1\" content=\"Subaru\" \/>\n\t<meta name=\"twitter:label2\" content=\"Tiempo de lectura\" \/>\n\t<meta name=\"twitter:data2\" content=\"1 minuto\" \/>\n<script type=\"application\/ld+json\" class=\"yoast-schema-graph\">{\"@context\":\"https:\\\/\\\/schema.org\",\"@graph\":[{\"@type\":\"Article\",\"@id\":\"https:\\\/\\\/www.subaru.es\\\/blog\\\/nuestra-marca\\\/subaru-estuvo-presente-en-la-feria-del-automovil-valencia-2009\\\/#article\",\"isPartOf\":{\"@id\":\"https:\\\/\\\/www.subaru.es\\\/blog\\\/nuestra-marca\\\/subaru-estuvo-presente-en-la-feria-del-automovil-valencia-2009\\\/\"},\"author\":{\"name\":\"Subaru\",\"@id\":\"https:\\\/\\\/www.subaru.es\\\/blog\\\/#\\\/schema\\\/person\\\/19a90b892230b8e0ec752704ddf4aa10\"},\"headline\":\"Subaru estuvo presente en la Feria del Autom\u00f3vil Valencia 2009\",\"datePublished\":\"2010-01-20T11:28:10+00:00\",\"dateModified\":\"2016-10-17T13:08:48+00:00\",\"mainEntityOfPage\":{\"@id\":\"https:\\\/\\\/www.subaru.es\\\/blog\\\/nuestra-marca\\\/subaru-estuvo-presente-en-la-feria-del-automovil-valencia-2009\\\/\"},\"wordCount\":168,\"commentCount\":0,\"publisher\":{\"@id\":\"https:\\\/\\\/www.subaru.es\\\/blog\\\/#organization\"},\"image\":{\"@id\":\"https:\\\/\\\/www.subaru.es\\\/blog\\\/nuestra-marca\\\/subaru-estuvo-presente-en-la-feria-del-automovil-valencia-2009\\\/#primaryimage\"},\"thumbnailUrl\":\"https:\\\/\\\/www.subaru.es\\\/blog\\\/wp-content\\\/uploads\\\/2009\\\/12\\\/feria-automovil-valencia.JPG\",\"keywords\":[\"autom\u00f3vil\",\"cross-over\",\"feria\",\"legacy\",\"motor boxer di\u00e9sel\",\"outback\",\"Subaru\",\"valencia\"],\"articleSection\":[\"Nuestra marca\"],\"inLanguage\":\"es\",\"potentialAction\":[{\"@type\":\"CommentAction\",\"name\":\"Comment\",\"target\":[\"https:\\\/\\\/www.subaru.es\\\/blog\\\/nuestra-marca\\\/subaru-estuvo-presente-en-la-feria-del-automovil-valencia-2009\\\/#respond\"]}]},{\"@type\":\"WebPage\",\"@id\":\"https:\\\/\\\/www.subaru.es\\\/blog\\\/nuestra-marca\\\/subaru-estuvo-presente-en-la-feria-del-automovil-valencia-2009\\\/\",\"url\":\"https:\\\/\\\/www.subaru.es\\\/blog\\\/nuestra-marca\\\/subaru-estuvo-presente-en-la-feria-del-automovil-valencia-2009\\\/\",\"name\":\"Subaru estuvo presente en la Feria del Autom\u00f3vil Valencia 2009 - Universo Subaru\",\"isPartOf\":{\"@id\":\"https:\\\/\\\/www.subaru.es\\\/blog\\\/#website\"},\"primaryImageOfPage\":{\"@id\":\"https:\\\/\\\/www.subaru.es\\\/blog\\\/nuestra-marca\\\/subaru-estuvo-presente-en-la-feria-del-automovil-valencia-2009\\\/#primaryimage\"},\"image\":{\"@id\":\"https:\\\/\\\/www.subaru.es\\\/blog\\\/nuestra-marca\\\/subaru-estuvo-presente-en-la-feria-del-automovil-valencia-2009\\\/#primaryimage\"},\"thumbnailUrl\":\"https:\\\/\\\/www.subaru.es\\\/blog\\\/wp-content\\\/uploads\\\/2009\\\/12\\\/feria-automovil-valencia.JPG\",\"datePublished\":\"2010-01-20T11:28:10+00:00\",\"dateModified\":\"2016-10-17T13:08:48+00:00\",\"breadcrumb\":{\"@id\":\"https:\\\/\\\/www.subaru.es\\\/blog\\\/nuestra-marca\\\/subaru-estuvo-presente-en-la-feria-del-automovil-valencia-2009\\\/#breadcrumb\"},\"inLanguage\":\"es\",\"potentialAction\":[{\"@type\":\"ReadAction\",\"target\":[\"https:\\\/\\\/www.subaru.es\\\/blog\\\/nuestra-marca\\\/subaru-estuvo-presente-en-la-feria-del-automovil-valencia-2009\\\/\"]}]},{\"@type\":\"ImageObject\",\"inLanguage\":\"es\",\"@id\":\"https:\\\/\\\/www.subaru.es\\\/blog\\\/nuestra-marca\\\/subaru-estuvo-presente-en-la-feria-del-automovil-valencia-2009\\\/#primaryimage\",\"url\":\"https:\\\/\\\/www.subaru.es\\\/blog\\\/wp-content\\\/uploads\\\/2009\\\/12\\\/feria-automovil-valencia.JPG\",\"contentUrl\":\"https:\\\/\\\/www.subaru.es\\\/blog\\\/wp-content\\\/uploads\\\/2009\\\/12\\\/feria-automovil-valencia.JPG\",\"width\":464,\"height\":155},{\"@type\":\"BreadcrumbList\",\"@id\":\"https:\\\/\\\/www.subaru.es\\\/blog\\\/nuestra-marca\\\/subaru-estuvo-presente-en-la-feria-del-automovil-valencia-2009\\\/#breadcrumb\",\"itemListElement\":[{\"@type\":\"ListItem\",\"position\":1,\"name\":\"Portada\",\"item\":\"https:\\\/\\\/www.subaru.es\\\/blog\\\/\"},{\"@type\":\"ListItem\",\"position\":2,\"name\":\"Subaru estuvo presente en la Feria del Autom\u00f3vil Valencia 2009\"}]},{\"@type\":\"WebSite\",\"@id\":\"https:\\\/\\\/www.subaru.es\\\/blog\\\/#website\",\"url\":\"https:\\\/\\\/www.subaru.es\\\/blog\\\/\",\"name\":\"Universo Subaru\",\"description\":\"Descubre este apasionante espacio de Subaru donde vas a conocer todo sobre nuestros coches y las experiencias que vivimos con ellos. Si est\u00e1s preparado para dejarte seducir por la filosof\u00eda Subaru, qu\u00e9date con nosotros.\",\"publisher\":{\"@id\":\"https:\\\/\\\/www.subaru.es\\\/blog\\\/#organization\"},\"potentialAction\":[{\"@type\":\"SearchAction\",\"target\":{\"@type\":\"EntryPoint\",\"urlTemplate\":\"https:\\\/\\\/www.subaru.es\\\/blog\\\/?s={search_term_string}\"},\"query-input\":{\"@type\":\"PropertyValueSpecification\",\"valueRequired\":true,\"valueName\":\"search_term_string\"}}],\"inLanguage\":\"es\"},{\"@type\":\"Organization\",\"@id\":\"https:\\\/\\\/www.subaru.es\\\/blog\\\/#organization\",\"name\":\"Subaru Espa\u00f1a S.A.\",\"url\":\"https:\\\/\\\/www.subaru.es\\\/blog\\\/\",\"logo\":{\"@type\":\"ImageObject\",\"inLanguage\":\"es\",\"@id\":\"https:\\\/\\\/www.subaru.es\\\/blog\\\/#\\\/schema\\\/logo\\\/image\\\/\",\"url\":\"https:\\\/\\\/www.subaru.es\\\/blog\\\/wp-content\\\/uploads\\\/2016\\\/12\\\/Logo-Subaru-TypeV_C300-scaled.jpg\",\"contentUrl\":\"https:\\\/\\\/www.subaru.es\\\/blog\\\/wp-content\\\/uploads\\\/2016\\\/12\\\/Logo-Subaru-TypeV_C300-scaled.jpg\",\"width\":2560,\"height\":1864,\"caption\":\"Subaru Espa\u00f1a S.A.\"},\"image\":{\"@id\":\"https:\\\/\\\/www.subaru.es\\\/blog\\\/#\\\/schema\\\/logo\\\/image\\\/\"},\"sameAs\":[\"https:\\\/\\\/www.facebook.com\\\/subaruespana\",\"https:\\\/\\\/www.instagram.com\\\/subarues\\\/\",\"https:\\\/\\\/www.youtube.com\\\/user\\\/subaruespana\"]},{\"@type\":\"Person\",\"@id\":\"https:\\\/\\\/www.subaru.es\\\/blog\\\/#\\\/schema\\\/person\\\/19a90b892230b8e0ec752704ddf4aa10\",\"name\":\"Subaru\",\"url\":\"https:\\\/\\\/www.subaru.es\\\/blog\\\/author\\\/subaria\\\/\"}]}<\/script>\n<!-- \/ Yoast SEO plugin. -->","yoast_head_json":{"title":"Subaru estuvo presente en la Feria del Autom\u00f3vil Valencia 2009 - Universo Subaru","robots":{"index":"index","follow":"follow","max-snippet":"max-snippet:-1","max-image-preview":"max-image-preview:large","max-video-preview":"max-video-preview:-1"},"canonical":"https:\/\/www.subaru.es\/blog\/nuestra-marca\/subaru-estuvo-presente-en-la-feria-del-automovil-valencia-2009\/","og_locale":"es_ES","og_type":"article","og_title":"Subaru estuvo presente en la Feria del Autom\u00f3vil Valencia 2009 - Universo Subaru","og_description":"La Feria del Autom\u00f3vil y Veh\u00edculos de Ocasi\u00f3n de Valencia , celebrada del 4 al 8 de diciembre en Feria de Valencia , se presenta como un buen escaparate para que las firmas automovil\u00edsticas presenten sus novedades. Y, por ello, Subaru no pod\u00eda faltar al evento, donde present\u00f3 el nuevo Legacy y la cuarta generaci\u00f3n [&hellip;]","og_url":"https:\/\/www.subaru.es\/blog\/nuestra-marca\/subaru-estuvo-presente-en-la-feria-del-automovil-valencia-2009\/","og_site_name":"Universo Subaru","article_publisher":"https:\/\/www.facebook.com\/subaruespana","article_published_time":"2010-01-20T11:28:10+00:00","article_modified_time":"2016-10-17T13:08:48+00:00","og_image":[{"width":464,"height":155,"url":"https:\/\/www.subaru.es\/blog\/wp-content\/uploads\/2009\/12\/feria-automovil-valencia.JPG","type":"image\/jpeg"}],"author":"Subaru","twitter_card":"summary_large_image","twitter_misc":{"Escrito por":"Subaru","Tiempo de lectura":"1 minuto"},"schema":{"@context":"https:\/\/schema.org","@graph":[{"@type":"Article","@id":"https:\/\/www.subaru.es\/blog\/nuestra-marca\/subaru-estuvo-presente-en-la-feria-del-automovil-valencia-2009\/#article","isPartOf":{"@id":"https:\/\/www.subaru.es\/blog\/nuestra-marca\/subaru-estuvo-presente-en-la-feria-del-automovil-valencia-2009\/"},"author":{"name":"Subaru","@id":"https:\/\/www.subaru.es\/blog\/#\/schema\/person\/19a90b892230b8e0ec752704ddf4aa10"},"headline":"Subaru estuvo presente en la Feria del Autom\u00f3vil Valencia 2009","datePublished":"2010-01-20T11:28:10+00:00","dateModified":"2016-10-17T13:08:48+00:00","mainEntityOfPage":{"@id":"https:\/\/www.subaru.es\/blog\/nuestra-marca\/subaru-estuvo-presente-en-la-feria-del-automovil-valencia-2009\/"},"wordCount":168,"commentCount":0,"publisher":{"@id":"https:\/\/www.subaru.es\/blog\/#organization"},"image":{"@id":"https:\/\/www.subaru.es\/blog\/nuestra-marca\/subaru-estuvo-presente-en-la-feria-del-automovil-valencia-2009\/#primaryimage"},"thumbnailUrl":"https:\/\/www.subaru.es\/blog\/wp-content\/uploads\/2009\/12\/feria-automovil-valencia.JPG","keywords":["autom\u00f3vil","cross-over","feria","legacy","motor boxer di\u00e9sel","outback","Subaru","valencia"],"articleSection":["Nuestra marca"],"inLanguage":"es","potentialAction":[{"@type":"CommentAction","name":"Comment","target":["https:\/\/www.subaru.es\/blog\/nuestra-marca\/subaru-estuvo-presente-en-la-feria-del-automovil-valencia-2009\/#respond"]}]},{"@type":"WebPage","@id":"https:\/\/www.subaru.es\/blog\/nuestra-marca\/subaru-estuvo-presente-en-la-feria-del-automovil-valencia-2009\/","url":"https:\/\/www.subaru.es\/blog\/nuestra-marca\/subaru-estuvo-presente-en-la-feria-del-automovil-valencia-2009\/","name":"Subaru estuvo presente en la Feria del Autom\u00f3vil Valencia 2009 - Universo Subaru","isPartOf":{"@id":"https:\/\/www.subaru.es\/blog\/#website"},"primaryImageOfPage":{"@id":"https:\/\/www.subaru.es\/blog\/nuestra-marca\/subaru-estuvo-presente-en-la-feria-del-automovil-valencia-2009\/#primaryimage"},"image":{"@id":"https:\/\/www.subaru.es\/blog\/nuestra-marca\/subaru-estuvo-presente-en-la-feria-del-automovil-valencia-2009\/#primaryimage"},"thumbnailUrl":"https:\/\/www.subaru.es\/blog\/wp-content\/uploads\/2009\/12\/feria-automovil-valencia.JPG","datePublished":"2010-01-20T11:28:10+00:00","dateModified":"2016-10-17T13:08:48+00:00","breadcrumb":{"@id":"https:\/\/www.subaru.es\/blog\/nuestra-marca\/subaru-estuvo-presente-en-la-feria-del-automovil-valencia-2009\/#breadcrumb"},"inLanguage":"es","potentialAction":[{"@type":"ReadAction","target":["https:\/\/www.subaru.es\/blog\/nuestra-marca\/subaru-estuvo-presente-en-la-feria-del-automovil-valencia-2009\/"]}]},{"@type":"ImageObject","inLanguage":"es","@id":"https:\/\/www.subaru.es\/blog\/nuestra-marca\/subaru-estuvo-presente-en-la-feria-del-automovil-valencia-2009\/#primaryimage","url":"https:\/\/www.subaru.es\/blog\/wp-content\/uploads\/2009\/12\/feria-automovil-valencia.JPG","contentUrl":"https:\/\/www.subaru.es\/blog\/wp-content\/uploads\/2009\/12\/feria-automovil-valencia.JPG","width":464,"height":155},{"@type":"BreadcrumbList","@id":"https:\/\/www.subaru.es\/blog\/nuestra-marca\/subaru-estuvo-presente-en-la-feria-del-automovil-valencia-2009\/#breadcrumb","itemListElement":[{"@type":"ListItem","position":1,"name":"Portada","item":"https:\/\/www.subaru.es\/blog\/"},{"@type":"ListItem","position":2,"name":"Subaru estuvo presente en la Feria del Autom\u00f3vil Valencia 2009"}]},{"@type":"WebSite","@id":"https:\/\/www.subaru.es\/blog\/#website","url":"https:\/\/www.subaru.es\/blog\/","name":"Universo Subaru","description":"Descubre este apasionante espacio de Subaru donde vas a conocer todo sobre nuestros coches y las experiencias que vivimos con ellos. Si est\u00e1s preparado para dejarte seducir por la filosof\u00eda Subaru, qu\u00e9date con nosotros.","publisher":{"@id":"https:\/\/www.subaru.es\/blog\/#organization"},"potentialAction":[{"@type":"SearchAction","target":{"@type":"EntryPoint","urlTemplate":"https:\/\/www.subaru.es\/blog\/?s={search_term_string}"},"query-input":{"@type":"PropertyValueSpecification","valueRequired":true,"valueName":"search_term_string"}}],"inLanguage":"es"},{"@type":"Organization","@id":"https:\/\/www.subaru.es\/blog\/#organization","name":"Subaru Espa\u00f1a S.A.","url":"https:\/\/www.subaru.es\/blog\/","logo":{"@type":"ImageObject","inLanguage":"es","@id":"https:\/\/www.subaru.es\/blog\/#\/schema\/logo\/image\/","url":"https:\/\/www.subaru.es\/blog\/wp-content\/uploads\/2016\/12\/Logo-Subaru-TypeV_C300-scaled.jpg","contentUrl":"https:\/\/www.subaru.es\/blog\/wp-content\/uploads\/2016\/12\/Logo-Subaru-TypeV_C300-scaled.jpg","width":2560,"height":1864,"caption":"Subaru Espa\u00f1a S.A."},"image":{"@id":"https:\/\/www.subaru.es\/blog\/#\/schema\/logo\/image\/"},"sameAs":["https:\/\/www.facebook.com\/subaruespana","https:\/\/www.instagram.com\/subarues\/","https:\/\/www.youtube.com\/user\/subaruespana"]},{"@type":"Person","@id":"https:\/\/www.subaru.es\/blog\/#\/schema\/person\/19a90b892230b8e0ec752704ddf4aa10","name":"Subaru","url":"https:\/\/www.subaru.es\/blog\/author\/subaria\/"}]}},"_links":{"self":[{"href":"https:\/\/www.subaru.es\/blog\/wp-json\/wp\/v2\/posts\/2425","targetHints":{"allow":["GET"]}}],"collection":[{"href":"https:\/\/www.subaru.es\/blog\/wp-json\/wp\/v2\/posts"}],"about":[{"href":"https:\/\/www.subaru.es\/blog\/wp-json\/wp\/v2\/types\/post"}],"author":[{"embeddable":true,"href":"https:\/\/www.subaru.es\/blog\/wp-json\/wp\/v2\/users\/21"}],"replies":[{"embeddable":true,"href":"https:\/\/www.subaru.es\/blog\/wp-json\/wp\/v2\/comments?post=2425"}],"version-history":[{"count":1,"href":"https:\/\/www.subaru.es\/blog\/wp-json\/wp\/v2\/posts\/2425\/revisions"}],"predecessor-version":[{"id":15122,"href":"https:\/\/www.subaru.es\/blog\/wp-json\/wp\/v2\/posts\/2425\/revisions\/15122"}],"wp:featuredmedia":[{"embeddable":true,"href":"https:\/\/www.subaru.es\/blog\/wp-json\/wp\/v2\/media\/2426"}],"wp:attachment":[{"href":"https:\/\/www.subaru.es\/blog\/wp-json\/wp\/v2\/media?parent=2425"}],"wp:term":[{"taxonomy":"category","embeddable":true,"href":"https:\/\/www.subaru.es\/blog\/wp-json\/wp\/v2\/categories?post=2425"},{"taxonomy":"post_tag","embeddable":true,"href":"https:\/\/www.subaru.es\/blog\/wp-json\/wp\/v2\/tags?post=2425"}],"curies":[{"name":"wp","href":"https:\/\/api.w.org\/{rel}","templated":true}]}}