{"id":242,"date":"2007-10-08T16:34:33","date_gmt":"2007-10-08T14:34:33","guid":{"rendered":"http:\/\/subaru.preproduccion.com\/blog\/wp-content\/2007\/10\/08\/emotivo-homenaje-a-colin-mcrae-en-el-rally-de-catalunya\/"},"modified":"2016-10-17T15:09:28","modified_gmt":"2016-10-17T13:09:28","slug":"emotivo-homenaje-a-colin-mcrae-en-el-rally-de-catalunya","status":"publish","type":"post","link":"https:\/\/www.subaru.es\/blog\/nuestra-marca\/emotivo-homenaje-a-colin-mcrae-en-el-rally-de-catalunya\/","title":{"rendered":"Emotivo Homenaje a Colin Mcrae en el Rally de Catalunya"},"content":{"rendered":"<p>El rally de Catalunya se presentaba emocionante y emotivo por muchas razones: emocionante por lo acontecido en la \u00faltima prueba disputada en Nueva Zelanda, y emotivo porque se trataba de <strong>la primera carrera que se iba a disputar despu\u00e9s de la p\u00e9rdida del gran Colin Mcrae<\/strong>. Justo ahora se ha sabido que Mcrae ten\u00eda la intenci\u00f3n de regresar al Campeonato en el a\u00f1o pr\u00f3ximo.<\/p>\n<p>Y con ese ambiente mezcla de tantos sentimientos, todos los amigos, admiradores, compa\u00f1eros, rivales de Mcrae se dieron cita a pesar de un tremendo aguacero para <a href=\"http:\/\/www.elmundodeportivo.es\/web\/gen\/20071005\/noticia_53400134961.html\">homenajear al piloto perdido<\/a>. Todos los equipos estuvieron presentes en el <a href=\"http:\/\/www.rallyracc.com\/2007\/espanol\/noticia150.html\">acto<\/a>, un acto que se cerr\u00f3 con la interpretaci\u00f3n de una pieza musical a cargo del gaitero <strong>Martin Hewins<\/strong>, amigo personal de Colin.<\/p>\n<p><center><a href='https:\/\/www.subaru.es\/blog\/wp-content\/uploads\/2007\/10\/homenaje-mcrae-mejor.jpg' title='homenaje-mcrae-mejor.jpg'><img data-src='https:\/\/www.subaru.es\/blog\/wp-content\/uploads\/2007\/10\/homenaje-mcrae-mejor.jpg' alt='homenaje-mcrae-mejor.jpg' src='data:image\/svg+xml;base64,PHN2ZyB3aWR0aD0iMSIgaGVpZ2h0PSIxIiB4bWxucz0iaHR0cDovL3d3dy53My5vcmcvMjAwMC9zdmciPjwvc3ZnPg==' class='lazyload' style='--smush-placeholder-width: 378px; --smush-placeholder-aspect-ratio: 378\/292;' \/><\/a><\/center><center><strong>Nadie quiso perderse una cita tan significativa<\/strong><\/center><\/p>\n<p>Nuestro <strong>Carlos Sainz<\/strong>, amigo, rival y compa\u00f1ero de Mcrae en Subaru, tambi\u00e9n estuvo en la <a href=\"http:\/\/www.20minutos.es\/noticia\/286100\/0\/mossos\/rally\/catalunya\/\">cita<\/a> y nos dej\u00f3 estas palabras:<\/p>\n<p><center><strong>\u00abNo puede estar en la ceremonia que le hicieron en Escocia y he querido estar aqu\u00ed. La noticia de su muerte horrible y cruel me impact\u00f3. Tuve la suerte de convivir con \u00e9l y era un tipo formidable y completamente imprevisible. Era salvaje, capaz de lo mejor y tambi\u00e9n de lo peor. De \u00e9l me queda el recuerdo de persona intuitiva y espont\u00e1nea. Ha sido una p\u00e9rdida muy grande para este deporte\u00bb.<\/strong><\/center><\/p>\n<p>El director de la carrera <strong>Aman Barful<\/strong>, tambi\u00e9n quiso recordar a Mcrae, y se instal\u00f3 un panel para recordar que <strong>el escoc\u00e9s gan\u00f3 dos veces el Rally Catalunya<\/strong> y qued\u00f3 segundo en otra ocasi\u00f3n, de las nueve en que particip\u00f3.<\/p>\n<p>Ya han pasado tres semanas desde su perdida, pero el piloto de Subaru sigue en el recuerdo de todos y seguir\u00e1 por mucho tiempo.<\/p>\n","protected":false},"excerpt":{"rendered":"<p>El rally de Catalunya se presentaba emocionante y emotivo por muchas razones: emocionante por lo acontecido en la \u00faltima prueba disputada en Nueva Zelanda, y emotivo porque se trataba de la primera carrera que se iba a disputar despu\u00e9s de la p\u00e9rdida del gran Colin Mcrae. Justo ahora se ha sabido que Mcrae ten\u00eda la [&hellip;]<\/p>\n","protected":false},"author":21,"featured_media":243,"comment_status":"open","ping_status":"open","sticky":false,"template":"","format":"standard","meta":{"_acf_changed":false,"_eb_attr":"","inline_featured_image":false,"footnotes":""},"categories":[4401],"tags":[],"class_list":["post-242","post","type-post","status-publish","format-standard","has-post-thumbnail","hentry","category-nuestra-marca"],"acf":[],"yoast_head":"<!-- This site is optimized with the Yoast SEO plugin v27.3 - https:\/\/yoast.com\/product\/yoast-seo-wordpress\/ -->\n<title>Emotivo Homenaje a Colin Mcrae en el Rally de Catalunya - Universo Subaru<\/title>\n<meta name=\"robots\" content=\"index, follow, max-snippet:-1, max-image-preview:large, max-video-preview:-1\" \/>\n<link rel=\"canonical\" href=\"https:\/\/www.subaru.es\/blog\/nuestra-marca\/emotivo-homenaje-a-colin-mcrae-en-el-rally-de-catalunya\/\" \/>\n<meta property=\"og:locale\" content=\"es_ES\" \/>\n<meta property=\"og:type\" content=\"article\" \/>\n<meta property=\"og:title\" content=\"Emotivo Homenaje a Colin Mcrae en el Rally de Catalunya - Universo Subaru\" \/>\n<meta property=\"og:description\" content=\"El rally de Catalunya se presentaba emocionante y emotivo por muchas razones: emocionante por lo acontecido en la \u00faltima prueba disputada en Nueva Zelanda, y emotivo porque se trataba de la primera carrera que se iba a disputar despu\u00e9s de la p\u00e9rdida del gran Colin Mcrae. Justo ahora se ha sabido que Mcrae ten\u00eda la [&hellip;]\" \/>\n<meta property=\"og:url\" content=\"https:\/\/www.subaru.es\/blog\/nuestra-marca\/emotivo-homenaje-a-colin-mcrae-en-el-rally-de-catalunya\/\" \/>\n<meta property=\"og:site_name\" content=\"Universo Subaru\" \/>\n<meta property=\"article:publisher\" content=\"https:\/\/www.facebook.com\/subaruespana\" \/>\n<meta property=\"article:published_time\" content=\"2007-10-08T14:34:33+00:00\" \/>\n<meta property=\"article:modified_time\" content=\"2016-10-17T13:09:28+00:00\" \/>\n<meta property=\"og:image\" content=\"https:\/\/www.subaru.es\/blog\/wp-content\/uploads\/2007\/10\/homenaje-mcrae-mejor.jpg\" \/>\n\t<meta property=\"og:image:width\" content=\"378\" \/>\n\t<meta property=\"og:image:height\" content=\"292\" \/>\n\t<meta property=\"og:image:type\" content=\"image\/jpeg\" \/>\n<meta name=\"author\" content=\"Subaru\" \/>\n<meta name=\"twitter:card\" content=\"summary_large_image\" \/>\n<meta name=\"twitter:label1\" content=\"Escrito por\" \/>\n\t<meta name=\"twitter:data1\" content=\"Subaru\" \/>\n\t<meta name=\"twitter:label2\" content=\"Tiempo de lectura\" \/>\n\t<meta name=\"twitter:data2\" content=\"2 minutos\" \/>\n<script type=\"application\/ld+json\" class=\"yoast-schema-graph\">{\"@context\":\"https:\\\/\\\/schema.org\",\"@graph\":[{\"@type\":\"Article\",\"@id\":\"https:\\\/\\\/www.subaru.es\\\/blog\\\/nuestra-marca\\\/emotivo-homenaje-a-colin-mcrae-en-el-rally-de-catalunya\\\/#article\",\"isPartOf\":{\"@id\":\"https:\\\/\\\/www.subaru.es\\\/blog\\\/nuestra-marca\\\/emotivo-homenaje-a-colin-mcrae-en-el-rally-de-catalunya\\\/\"},\"author\":{\"name\":\"Subaru\",\"@id\":\"https:\\\/\\\/www.subaru.es\\\/blog\\\/#\\\/schema\\\/person\\\/19a90b892230b8e0ec752704ddf4aa10\"},\"headline\":\"Emotivo Homenaje a Colin Mcrae en el Rally de Catalunya\",\"datePublished\":\"2007-10-08T14:34:33+00:00\",\"dateModified\":\"2016-10-17T13:09:28+00:00\",\"mainEntityOfPage\":{\"@id\":\"https:\\\/\\\/www.subaru.es\\\/blog\\\/nuestra-marca\\\/emotivo-homenaje-a-colin-mcrae-en-el-rally-de-catalunya\\\/\"},\"wordCount\":314,\"commentCount\":2,\"publisher\":{\"@id\":\"https:\\\/\\\/www.subaru.es\\\/blog\\\/#organization\"},\"image\":{\"@id\":\"https:\\\/\\\/www.subaru.es\\\/blog\\\/nuestra-marca\\\/emotivo-homenaje-a-colin-mcrae-en-el-rally-de-catalunya\\\/#primaryimage\"},\"thumbnailUrl\":\"https:\\\/\\\/www.subaru.es\\\/blog\\\/wp-content\\\/uploads\\\/2007\\\/10\\\/homenaje-mcrae-mejor.jpg\",\"articleSection\":[\"Nuestra marca\"],\"inLanguage\":\"es\",\"potentialAction\":[{\"@type\":\"CommentAction\",\"name\":\"Comment\",\"target\":[\"https:\\\/\\\/www.subaru.es\\\/blog\\\/nuestra-marca\\\/emotivo-homenaje-a-colin-mcrae-en-el-rally-de-catalunya\\\/#respond\"]}]},{\"@type\":\"WebPage\",\"@id\":\"https:\\\/\\\/www.subaru.es\\\/blog\\\/nuestra-marca\\\/emotivo-homenaje-a-colin-mcrae-en-el-rally-de-catalunya\\\/\",\"url\":\"https:\\\/\\\/www.subaru.es\\\/blog\\\/nuestra-marca\\\/emotivo-homenaje-a-colin-mcrae-en-el-rally-de-catalunya\\\/\",\"name\":\"Emotivo Homenaje a Colin Mcrae en el Rally de Catalunya - Universo Subaru\",\"isPartOf\":{\"@id\":\"https:\\\/\\\/www.subaru.es\\\/blog\\\/#website\"},\"primaryImageOfPage\":{\"@id\":\"https:\\\/\\\/www.subaru.es\\\/blog\\\/nuestra-marca\\\/emotivo-homenaje-a-colin-mcrae-en-el-rally-de-catalunya\\\/#primaryimage\"},\"image\":{\"@id\":\"https:\\\/\\\/www.subaru.es\\\/blog\\\/nuestra-marca\\\/emotivo-homenaje-a-colin-mcrae-en-el-rally-de-catalunya\\\/#primaryimage\"},\"thumbnailUrl\":\"https:\\\/\\\/www.subaru.es\\\/blog\\\/wp-content\\\/uploads\\\/2007\\\/10\\\/homenaje-mcrae-mejor.jpg\",\"datePublished\":\"2007-10-08T14:34:33+00:00\",\"dateModified\":\"2016-10-17T13:09:28+00:00\",\"breadcrumb\":{\"@id\":\"https:\\\/\\\/www.subaru.es\\\/blog\\\/nuestra-marca\\\/emotivo-homenaje-a-colin-mcrae-en-el-rally-de-catalunya\\\/#breadcrumb\"},\"inLanguage\":\"es\",\"potentialAction\":[{\"@type\":\"ReadAction\",\"target\":[\"https:\\\/\\\/www.subaru.es\\\/blog\\\/nuestra-marca\\\/emotivo-homenaje-a-colin-mcrae-en-el-rally-de-catalunya\\\/\"]}]},{\"@type\":\"ImageObject\",\"inLanguage\":\"es\",\"@id\":\"https:\\\/\\\/www.subaru.es\\\/blog\\\/nuestra-marca\\\/emotivo-homenaje-a-colin-mcrae-en-el-rally-de-catalunya\\\/#primaryimage\",\"url\":\"https:\\\/\\\/www.subaru.es\\\/blog\\\/wp-content\\\/uploads\\\/2007\\\/10\\\/homenaje-mcrae-mejor.jpg\",\"contentUrl\":\"https:\\\/\\\/www.subaru.es\\\/blog\\\/wp-content\\\/uploads\\\/2007\\\/10\\\/homenaje-mcrae-mejor.jpg\",\"width\":378,\"height\":292},{\"@type\":\"BreadcrumbList\",\"@id\":\"https:\\\/\\\/www.subaru.es\\\/blog\\\/nuestra-marca\\\/emotivo-homenaje-a-colin-mcrae-en-el-rally-de-catalunya\\\/#breadcrumb\",\"itemListElement\":[{\"@type\":\"ListItem\",\"position\":1,\"name\":\"Portada\",\"item\":\"https:\\\/\\\/www.subaru.es\\\/blog\\\/\"},{\"@type\":\"ListItem\",\"position\":2,\"name\":\"Emotivo Homenaje a Colin Mcrae en el Rally de Catalunya\"}]},{\"@type\":\"WebSite\",\"@id\":\"https:\\\/\\\/www.subaru.es\\\/blog\\\/#website\",\"url\":\"https:\\\/\\\/www.subaru.es\\\/blog\\\/\",\"name\":\"Universo Subaru\",\"description\":\"Descubre este apasionante espacio de Subaru donde vas a conocer todo sobre nuestros coches y las experiencias que vivimos con ellos. Si est\u00e1s preparado para dejarte seducir por la filosof\u00eda Subaru, qu\u00e9date con nosotros.\",\"publisher\":{\"@id\":\"https:\\\/\\\/www.subaru.es\\\/blog\\\/#organization\"},\"potentialAction\":[{\"@type\":\"SearchAction\",\"target\":{\"@type\":\"EntryPoint\",\"urlTemplate\":\"https:\\\/\\\/www.subaru.es\\\/blog\\\/?s={search_term_string}\"},\"query-input\":{\"@type\":\"PropertyValueSpecification\",\"valueRequired\":true,\"valueName\":\"search_term_string\"}}],\"inLanguage\":\"es\"},{\"@type\":\"Organization\",\"@id\":\"https:\\\/\\\/www.subaru.es\\\/blog\\\/#organization\",\"name\":\"Subaru Espa\u00f1a S.A.\",\"url\":\"https:\\\/\\\/www.subaru.es\\\/blog\\\/\",\"logo\":{\"@type\":\"ImageObject\",\"inLanguage\":\"es\",\"@id\":\"https:\\\/\\\/www.subaru.es\\\/blog\\\/#\\\/schema\\\/logo\\\/image\\\/\",\"url\":\"https:\\\/\\\/www.subaru.es\\\/blog\\\/wp-content\\\/uploads\\\/2016\\\/12\\\/Logo-Subaru-TypeV_C300-scaled.jpg\",\"contentUrl\":\"https:\\\/\\\/www.subaru.es\\\/blog\\\/wp-content\\\/uploads\\\/2016\\\/12\\\/Logo-Subaru-TypeV_C300-scaled.jpg\",\"width\":2560,\"height\":1864,\"caption\":\"Subaru Espa\u00f1a S.A.\"},\"image\":{\"@id\":\"https:\\\/\\\/www.subaru.es\\\/blog\\\/#\\\/schema\\\/logo\\\/image\\\/\"},\"sameAs\":[\"https:\\\/\\\/www.facebook.com\\\/subaruespana\",\"https:\\\/\\\/www.instagram.com\\\/subarues\\\/\",\"https:\\\/\\\/www.youtube.com\\\/user\\\/subaruespana\"]},{\"@type\":\"Person\",\"@id\":\"https:\\\/\\\/www.subaru.es\\\/blog\\\/#\\\/schema\\\/person\\\/19a90b892230b8e0ec752704ddf4aa10\",\"name\":\"Subaru\",\"url\":\"https:\\\/\\\/www.subaru.es\\\/blog\\\/author\\\/subaria\\\/\"}]}<\/script>\n<!-- \/ Yoast SEO plugin. -->","yoast_head_json":{"title":"Emotivo Homenaje a Colin Mcrae en el Rally de Catalunya - Universo Subaru","robots":{"index":"index","follow":"follow","max-snippet":"max-snippet:-1","max-image-preview":"max-image-preview:large","max-video-preview":"max-video-preview:-1"},"canonical":"https:\/\/www.subaru.es\/blog\/nuestra-marca\/emotivo-homenaje-a-colin-mcrae-en-el-rally-de-catalunya\/","og_locale":"es_ES","og_type":"article","og_title":"Emotivo Homenaje a Colin Mcrae en el Rally de Catalunya - Universo Subaru","og_description":"El rally de Catalunya se presentaba emocionante y emotivo por muchas razones: emocionante por lo acontecido en la \u00faltima prueba disputada en Nueva Zelanda, y emotivo porque se trataba de la primera carrera que se iba a disputar despu\u00e9s de la p\u00e9rdida del gran Colin Mcrae. Justo ahora se ha sabido que Mcrae ten\u00eda la [&hellip;]","og_url":"https:\/\/www.subaru.es\/blog\/nuestra-marca\/emotivo-homenaje-a-colin-mcrae-en-el-rally-de-catalunya\/","og_site_name":"Universo Subaru","article_publisher":"https:\/\/www.facebook.com\/subaruespana","article_published_time":"2007-10-08T14:34:33+00:00","article_modified_time":"2016-10-17T13:09:28+00:00","og_image":[{"width":378,"height":292,"url":"https:\/\/www.subaru.es\/blog\/wp-content\/uploads\/2007\/10\/homenaje-mcrae-mejor.jpg","type":"image\/jpeg"}],"author":"Subaru","twitter_card":"summary_large_image","twitter_misc":{"Escrito por":"Subaru","Tiempo de lectura":"2 minutos"},"schema":{"@context":"https:\/\/schema.org","@graph":[{"@type":"Article","@id":"https:\/\/www.subaru.es\/blog\/nuestra-marca\/emotivo-homenaje-a-colin-mcrae-en-el-rally-de-catalunya\/#article","isPartOf":{"@id":"https:\/\/www.subaru.es\/blog\/nuestra-marca\/emotivo-homenaje-a-colin-mcrae-en-el-rally-de-catalunya\/"},"author":{"name":"Subaru","@id":"https:\/\/www.subaru.es\/blog\/#\/schema\/person\/19a90b892230b8e0ec752704ddf4aa10"},"headline":"Emotivo Homenaje a Colin Mcrae en el Rally de Catalunya","datePublished":"2007-10-08T14:34:33+00:00","dateModified":"2016-10-17T13:09:28+00:00","mainEntityOfPage":{"@id":"https:\/\/www.subaru.es\/blog\/nuestra-marca\/emotivo-homenaje-a-colin-mcrae-en-el-rally-de-catalunya\/"},"wordCount":314,"commentCount":2,"publisher":{"@id":"https:\/\/www.subaru.es\/blog\/#organization"},"image":{"@id":"https:\/\/www.subaru.es\/blog\/nuestra-marca\/emotivo-homenaje-a-colin-mcrae-en-el-rally-de-catalunya\/#primaryimage"},"thumbnailUrl":"https:\/\/www.subaru.es\/blog\/wp-content\/uploads\/2007\/10\/homenaje-mcrae-mejor.jpg","articleSection":["Nuestra marca"],"inLanguage":"es","potentialAction":[{"@type":"CommentAction","name":"Comment","target":["https:\/\/www.subaru.es\/blog\/nuestra-marca\/emotivo-homenaje-a-colin-mcrae-en-el-rally-de-catalunya\/#respond"]}]},{"@type":"WebPage","@id":"https:\/\/www.subaru.es\/blog\/nuestra-marca\/emotivo-homenaje-a-colin-mcrae-en-el-rally-de-catalunya\/","url":"https:\/\/www.subaru.es\/blog\/nuestra-marca\/emotivo-homenaje-a-colin-mcrae-en-el-rally-de-catalunya\/","name":"Emotivo Homenaje a Colin Mcrae en el Rally de Catalunya - Universo Subaru","isPartOf":{"@id":"https:\/\/www.subaru.es\/blog\/#website"},"primaryImageOfPage":{"@id":"https:\/\/www.subaru.es\/blog\/nuestra-marca\/emotivo-homenaje-a-colin-mcrae-en-el-rally-de-catalunya\/#primaryimage"},"image":{"@id":"https:\/\/www.subaru.es\/blog\/nuestra-marca\/emotivo-homenaje-a-colin-mcrae-en-el-rally-de-catalunya\/#primaryimage"},"thumbnailUrl":"https:\/\/www.subaru.es\/blog\/wp-content\/uploads\/2007\/10\/homenaje-mcrae-mejor.jpg","datePublished":"2007-10-08T14:34:33+00:00","dateModified":"2016-10-17T13:09:28+00:00","breadcrumb":{"@id":"https:\/\/www.subaru.es\/blog\/nuestra-marca\/emotivo-homenaje-a-colin-mcrae-en-el-rally-de-catalunya\/#breadcrumb"},"inLanguage":"es","potentialAction":[{"@type":"ReadAction","target":["https:\/\/www.subaru.es\/blog\/nuestra-marca\/emotivo-homenaje-a-colin-mcrae-en-el-rally-de-catalunya\/"]}]},{"@type":"ImageObject","inLanguage":"es","@id":"https:\/\/www.subaru.es\/blog\/nuestra-marca\/emotivo-homenaje-a-colin-mcrae-en-el-rally-de-catalunya\/#primaryimage","url":"https:\/\/www.subaru.es\/blog\/wp-content\/uploads\/2007\/10\/homenaje-mcrae-mejor.jpg","contentUrl":"https:\/\/www.subaru.es\/blog\/wp-content\/uploads\/2007\/10\/homenaje-mcrae-mejor.jpg","width":378,"height":292},{"@type":"BreadcrumbList","@id":"https:\/\/www.subaru.es\/blog\/nuestra-marca\/emotivo-homenaje-a-colin-mcrae-en-el-rally-de-catalunya\/#breadcrumb","itemListElement":[{"@type":"ListItem","position":1,"name":"Portada","item":"https:\/\/www.subaru.es\/blog\/"},{"@type":"ListItem","position":2,"name":"Emotivo Homenaje a Colin Mcrae en el Rally de Catalunya"}]},{"@type":"WebSite","@id":"https:\/\/www.subaru.es\/blog\/#website","url":"https:\/\/www.subaru.es\/blog\/","name":"Universo Subaru","description":"Descubre este apasionante espacio de Subaru donde vas a conocer todo sobre nuestros coches y las experiencias que vivimos con ellos. Si est\u00e1s preparado para dejarte seducir por la filosof\u00eda Subaru, qu\u00e9date con nosotros.","publisher":{"@id":"https:\/\/www.subaru.es\/blog\/#organization"},"potentialAction":[{"@type":"SearchAction","target":{"@type":"EntryPoint","urlTemplate":"https:\/\/www.subaru.es\/blog\/?s={search_term_string}"},"query-input":{"@type":"PropertyValueSpecification","valueRequired":true,"valueName":"search_term_string"}}],"inLanguage":"es"},{"@type":"Organization","@id":"https:\/\/www.subaru.es\/blog\/#organization","name":"Subaru Espa\u00f1a S.A.","url":"https:\/\/www.subaru.es\/blog\/","logo":{"@type":"ImageObject","inLanguage":"es","@id":"https:\/\/www.subaru.es\/blog\/#\/schema\/logo\/image\/","url":"https:\/\/www.subaru.es\/blog\/wp-content\/uploads\/2016\/12\/Logo-Subaru-TypeV_C300-scaled.jpg","contentUrl":"https:\/\/www.subaru.es\/blog\/wp-content\/uploads\/2016\/12\/Logo-Subaru-TypeV_C300-scaled.jpg","width":2560,"height":1864,"caption":"Subaru Espa\u00f1a S.A."},"image":{"@id":"https:\/\/www.subaru.es\/blog\/#\/schema\/logo\/image\/"},"sameAs":["https:\/\/www.facebook.com\/subaruespana","https:\/\/www.instagram.com\/subarues\/","https:\/\/www.youtube.com\/user\/subaruespana"]},{"@type":"Person","@id":"https:\/\/www.subaru.es\/blog\/#\/schema\/person\/19a90b892230b8e0ec752704ddf4aa10","name":"Subaru","url":"https:\/\/www.subaru.es\/blog\/author\/subaria\/"}]}},"_links":{"self":[{"href":"https:\/\/www.subaru.es\/blog\/wp-json\/wp\/v2\/posts\/242","targetHints":{"allow":["GET"]}}],"collection":[{"href":"https:\/\/www.subaru.es\/blog\/wp-json\/wp\/v2\/posts"}],"about":[{"href":"https:\/\/www.subaru.es\/blog\/wp-json\/wp\/v2\/types\/post"}],"author":[{"embeddable":true,"href":"https:\/\/www.subaru.es\/blog\/wp-json\/wp\/v2\/users\/21"}],"replies":[{"embeddable":true,"href":"https:\/\/www.subaru.es\/blog\/wp-json\/wp\/v2\/comments?post=242"}],"version-history":[{"count":1,"href":"https:\/\/www.subaru.es\/blog\/wp-json\/wp\/v2\/posts\/242\/revisions"}],"predecessor-version":[{"id":15782,"href":"https:\/\/www.subaru.es\/blog\/wp-json\/wp\/v2\/posts\/242\/revisions\/15782"}],"wp:featuredmedia":[{"embeddable":true,"href":"https:\/\/www.subaru.es\/blog\/wp-json\/wp\/v2\/media\/243"}],"wp:attachment":[{"href":"https:\/\/www.subaru.es\/blog\/wp-json\/wp\/v2\/media?parent=242"}],"wp:term":[{"taxonomy":"category","embeddable":true,"href":"https:\/\/www.subaru.es\/blog\/wp-json\/wp\/v2\/categories?post=242"},{"taxonomy":"post_tag","embeddable":true,"href":"https:\/\/www.subaru.es\/blog\/wp-json\/wp\/v2\/tags?post=242"}],"curies":[{"name":"wp","href":"https:\/\/api.w.org\/{rel}","templated":true}]}}