{"id":2415,"date":"2010-01-14T15:57:10","date_gmt":"2010-01-14T13:57:10","guid":{"rendered":"http:\/\/subaru.preproduccion.com\/blog\/wp-content\/2010\/01\/14\/subaru-ligada-al-mundo-de-la-caza\/"},"modified":"2020-08-12T12:56:47","modified_gmt":"2020-08-12T10:56:47","slug":"subaru-ligada-al-mundo-de-la-caza","status":"publish","type":"post","link":"https:\/\/www.subaru.es\/blog\/nuestra-marca\/subaru-ligada-al-mundo-de-la-caza\/","title":{"rendered":"Subaru, ligada al mundo de la caza"},"content":{"rendered":"<p><a href=\"https:\/\/www.subaru.es\/blog\/wp-content\/uploads\/2009\/12\/subaru-caza-1.jpg\" title=\"Subaru caza 1\"><\/a><\/p>\n<p><a href=\"https:\/\/www.subaru.es\/blog\/wp-content\/uploads\/2009\/12\/subaru-caza-1.jpg\" title=\"Subaru caza 1\"><\/p>\n<p style=\"text-align: center\"><img decoding=\"async\" data-src=\"https:\/\/www.subaru.es\/blog\/wp-content\/uploads\/2009\/12\/subaru-caza-1.jpg\" alt=\"Subaru caza 1\" src=\"data:image\/svg+xml;base64,PHN2ZyB3aWR0aD0iMSIgaGVpZ2h0PSIxIiB4bWxucz0iaHR0cDovL3d3dy53My5vcmcvMjAwMC9zdmciPjwvc3ZnPg==\" class=\"lazyload\" style=\"--smush-placeholder-width: 405px; --smush-placeholder-aspect-ratio: 405\/272;\"><\/p>\n<p><\/a><a href=\"https:\/\/www.subaru.es\/blog\/wp-content\/uploads\/2009\/12\/subaru-caza-1.jpg\" title=\"Subaru caza 1\"><\/a><br \/>\n<strong>Perico Castej\u00f3n<\/strong>, escritor de <strong>libros cineg\u00e9ticos<\/strong>, ha presentado en las instalaciones del <strong>concesionario Subaru de Madrid <\/strong>su nuevo libro de caza. <strong>Subaru<\/strong>, una vez m\u00e1s, demuestra que est\u00e1 <strong>ligada al mundo de la caza<\/strong>, y una muestra de ello es la figura de <strong>Subaru <\/strong>como principal patrocinador de la m\u00e1s importante feria de la caza en Espa\u00f1a, <strong><a href=\"http:\/\/www.venatoria.com.es\/\">Venatoria<\/a><\/strong>, que se celebra lo primeros meses de todos los a\u00f1os.<a href=\"https:\/\/www.subaru.es\/blog\/wp-content\/uploads\/2009\/12\/subaru-caza-2.jpg\" title=\"Subaru caza 2\"><\/a><\/p>\n<p><a href=\"https:\/\/www.subaru.es\/blog\/wp-content\/uploads\/2009\/12\/subaru-caza-2.jpg\" title=\"Subaru caza 2\"><\/p>\n<p style=\"text-align: center\"><img decoding=\"async\" data-src=\"https:\/\/www.subaru.es\/blog\/wp-content\/uploads\/2009\/12\/subaru-caza-2.jpg\" alt=\"Subaru caza 2\" src=\"data:image\/svg+xml;base64,PHN2ZyB3aWR0aD0iMSIgaGVpZ2h0PSIxIiB4bWxucz0iaHR0cDovL3d3dy53My5vcmcvMjAwMC9zdmciPjwvc3ZnPg==\" class=\"lazyload\" style=\"--smush-placeholder-width: 405px; --smush-placeholder-aspect-ratio: 405\/272;\"><\/p>\n<p><\/a><a href=\"https:\/\/www.subaru.es\/blog\/wp-content\/uploads\/2009\/12\/subaru-caza-2.jpg\" title=\"Subaru caza 2\"><\/a><\/p>\n<p>A la presentaci\u00f3n de la obra,<em><strong> \u2018Batiendo Montes. Memorias de Taramales\u2019<\/strong><\/em>, acudieron las m\u00e1s importantes <strong>figuras de la caza en Espa\u00f1a<\/strong>, adem\u00e1s de <strong>Subaru Espa\u00f1a <\/strong>y su equipo directivo a la cabeza. Los presentadores del evento fueron el <strong>Excmo. Sr. Marqu\u00e9s de Valdueza <\/strong>y del <strong>Excmo. Sr. D. Adolfo Su\u00e1rez Illana<\/strong>.<\/p>\n<p>La marca japonesa apuesta as\u00ed por la caza como medio ideal para demostrar las capacidades ideales de sus modelos. Y es que es obvio que la <strong>tracci\u00f3n a las cuatro ruedas permanente <\/strong>y sus <strong>aptitudes todocamino <\/strong>hacen de los coches <strong>Subaru <\/strong>los perfectos acompa\u00f1antes para los cazadores, <strong>amantes de las actividades al aire libre<\/strong>.<\/p>\n","protected":false},"excerpt":{"rendered":"<p>Perico Castej\u00f3n, escritor de libros cineg\u00e9ticos, ha presentado en las instalaciones del concesionario Subaru de Madrid su nuevo libro de caza. Subaru, una vez m\u00e1s, demuestra que est\u00e1 ligada al mundo de la caza, y una muestra de ello es la figura de Subaru como principal patrocinador de la m\u00e1s importante feria de la caza [&hellip;]<\/p>\n","protected":false},"author":21,"featured_media":2416,"comment_status":"open","ping_status":"open","sticky":false,"template":"","format":"standard","meta":{"_acf_changed":false,"_eb_attr":"","inline_featured_image":false,"footnotes":""},"categories":[4401],"tags":[2787,2784,2782,245,2783,244,2785,2786,4390,2061],"class_list":["post-2415","post","type-post","status-publish","format-standard","has-post-thumbnail","hentry","category-nuestra-marca","tag-batiendo-montes-memorias-de-taramales","tag-adolfo-suarez-illana","tag-caza","tag-concesionario","tag-libro","tag-madrid","tag-marques-de-valdueza","tag-perico-castejon","tag-subaru","tag-venatoria"],"acf":[],"yoast_head":"<!-- This site is optimized with the Yoast SEO plugin v27.3 - https:\/\/yoast.com\/product\/yoast-seo-wordpress\/ -->\n<title>Subaru, ligada al mundo de la caza - Universo Subaru<\/title>\n<meta name=\"robots\" content=\"index, follow, max-snippet:-1, max-image-preview:large, max-video-preview:-1\" \/>\n<link rel=\"canonical\" href=\"https:\/\/www.subaru.es\/blog\/nuestra-marca\/subaru-ligada-al-mundo-de-la-caza\/\" \/>\n<meta property=\"og:locale\" content=\"es_ES\" \/>\n<meta property=\"og:type\" content=\"article\" \/>\n<meta property=\"og:title\" content=\"Subaru, ligada al mundo de la caza - Universo Subaru\" \/>\n<meta property=\"og:description\" content=\"Perico Castej\u00f3n, escritor de libros cineg\u00e9ticos, ha presentado en las instalaciones del concesionario Subaru de Madrid su nuevo libro de caza. Subaru, una vez m\u00e1s, demuestra que est\u00e1 ligada al mundo de la caza, y una muestra de ello es la figura de Subaru como principal patrocinador de la m\u00e1s importante feria de la caza [&hellip;]\" \/>\n<meta property=\"og:url\" content=\"https:\/\/www.subaru.es\/blog\/nuestra-marca\/subaru-ligada-al-mundo-de-la-caza\/\" \/>\n<meta property=\"og:site_name\" content=\"Universo Subaru\" \/>\n<meta property=\"article:publisher\" content=\"https:\/\/www.facebook.com\/subaruespana\" \/>\n<meta property=\"article:published_time\" content=\"2010-01-14T13:57:10+00:00\" \/>\n<meta property=\"article:modified_time\" content=\"2020-08-12T10:56:47+00:00\" \/>\n<meta property=\"og:image\" content=\"https:\/\/www.subaru.es\/blog\/wp-content\/uploads\/2009\/12\/subaru-caza-1.jpg\" \/>\n\t<meta property=\"og:image:width\" content=\"405\" \/>\n\t<meta property=\"og:image:height\" content=\"272\" \/>\n\t<meta property=\"og:image:type\" content=\"image\/jpeg\" \/>\n<meta name=\"author\" content=\"Subaru\" \/>\n<meta name=\"twitter:card\" content=\"summary_large_image\" \/>\n<meta name=\"twitter:label1\" content=\"Escrito por\" \/>\n\t<meta name=\"twitter:data1\" content=\"Subaru\" \/>\n\t<meta name=\"twitter:label2\" content=\"Tiempo de lectura\" \/>\n\t<meta name=\"twitter:data2\" content=\"1 minuto\" \/>\n<script type=\"application\/ld+json\" class=\"yoast-schema-graph\">{\"@context\":\"https:\\\/\\\/schema.org\",\"@graph\":[{\"@type\":\"Article\",\"@id\":\"https:\\\/\\\/www.subaru.es\\\/blog\\\/nuestra-marca\\\/subaru-ligada-al-mundo-de-la-caza\\\/#article\",\"isPartOf\":{\"@id\":\"https:\\\/\\\/www.subaru.es\\\/blog\\\/nuestra-marca\\\/subaru-ligada-al-mundo-de-la-caza\\\/\"},\"author\":{\"name\":\"Subaru\",\"@id\":\"https:\\\/\\\/www.subaru.es\\\/blog\\\/#\\\/schema\\\/person\\\/19a90b892230b8e0ec752704ddf4aa10\"},\"headline\":\"Subaru, ligada al mundo de la caza\",\"datePublished\":\"2010-01-14T13:57:10+00:00\",\"dateModified\":\"2020-08-12T10:56:47+00:00\",\"mainEntityOfPage\":{\"@id\":\"https:\\\/\\\/www.subaru.es\\\/blog\\\/nuestra-marca\\\/subaru-ligada-al-mundo-de-la-caza\\\/\"},\"wordCount\":195,\"commentCount\":0,\"publisher\":{\"@id\":\"https:\\\/\\\/www.subaru.es\\\/blog\\\/#organization\"},\"image\":{\"@id\":\"https:\\\/\\\/www.subaru.es\\\/blog\\\/nuestra-marca\\\/subaru-ligada-al-mundo-de-la-caza\\\/#primaryimage\"},\"thumbnailUrl\":\"https:\\\/\\\/www.subaru.es\\\/blog\\\/wp-content\\\/uploads\\\/2009\\\/12\\\/subaru-caza-1.jpg\",\"keywords\":[\"\u2018Batiendo Montes. Memorias de Taramales\u2019\",\"Adolfo Su\u00e1rez Illana\",\"Caza\",\"concesionario\",\"libro\",\"madrid\",\"Marqu\u00e9s de Valdueza\",\"Perico Castej\u00f3n\",\"Subaru\",\"Venatoria\"],\"articleSection\":[\"Nuestra marca\"],\"inLanguage\":\"es\",\"potentialAction\":[{\"@type\":\"CommentAction\",\"name\":\"Comment\",\"target\":[\"https:\\\/\\\/www.subaru.es\\\/blog\\\/nuestra-marca\\\/subaru-ligada-al-mundo-de-la-caza\\\/#respond\"]}]},{\"@type\":\"WebPage\",\"@id\":\"https:\\\/\\\/www.subaru.es\\\/blog\\\/nuestra-marca\\\/subaru-ligada-al-mundo-de-la-caza\\\/\",\"url\":\"https:\\\/\\\/www.subaru.es\\\/blog\\\/nuestra-marca\\\/subaru-ligada-al-mundo-de-la-caza\\\/\",\"name\":\"Subaru, ligada al mundo de la caza - Universo Subaru\",\"isPartOf\":{\"@id\":\"https:\\\/\\\/www.subaru.es\\\/blog\\\/#website\"},\"primaryImageOfPage\":{\"@id\":\"https:\\\/\\\/www.subaru.es\\\/blog\\\/nuestra-marca\\\/subaru-ligada-al-mundo-de-la-caza\\\/#primaryimage\"},\"image\":{\"@id\":\"https:\\\/\\\/www.subaru.es\\\/blog\\\/nuestra-marca\\\/subaru-ligada-al-mundo-de-la-caza\\\/#primaryimage\"},\"thumbnailUrl\":\"https:\\\/\\\/www.subaru.es\\\/blog\\\/wp-content\\\/uploads\\\/2009\\\/12\\\/subaru-caza-1.jpg\",\"datePublished\":\"2010-01-14T13:57:10+00:00\",\"dateModified\":\"2020-08-12T10:56:47+00:00\",\"breadcrumb\":{\"@id\":\"https:\\\/\\\/www.subaru.es\\\/blog\\\/nuestra-marca\\\/subaru-ligada-al-mundo-de-la-caza\\\/#breadcrumb\"},\"inLanguage\":\"es\",\"potentialAction\":[{\"@type\":\"ReadAction\",\"target\":[\"https:\\\/\\\/www.subaru.es\\\/blog\\\/nuestra-marca\\\/subaru-ligada-al-mundo-de-la-caza\\\/\"]}]},{\"@type\":\"ImageObject\",\"inLanguage\":\"es\",\"@id\":\"https:\\\/\\\/www.subaru.es\\\/blog\\\/nuestra-marca\\\/subaru-ligada-al-mundo-de-la-caza\\\/#primaryimage\",\"url\":\"https:\\\/\\\/www.subaru.es\\\/blog\\\/wp-content\\\/uploads\\\/2009\\\/12\\\/subaru-caza-1.jpg\",\"contentUrl\":\"https:\\\/\\\/www.subaru.es\\\/blog\\\/wp-content\\\/uploads\\\/2009\\\/12\\\/subaru-caza-1.jpg\",\"width\":405,\"height\":272},{\"@type\":\"BreadcrumbList\",\"@id\":\"https:\\\/\\\/www.subaru.es\\\/blog\\\/nuestra-marca\\\/subaru-ligada-al-mundo-de-la-caza\\\/#breadcrumb\",\"itemListElement\":[{\"@type\":\"ListItem\",\"position\":1,\"name\":\"Portada\",\"item\":\"https:\\\/\\\/www.subaru.es\\\/blog\\\/\"},{\"@type\":\"ListItem\",\"position\":2,\"name\":\"Subaru, ligada al mundo de la caza\"}]},{\"@type\":\"WebSite\",\"@id\":\"https:\\\/\\\/www.subaru.es\\\/blog\\\/#website\",\"url\":\"https:\\\/\\\/www.subaru.es\\\/blog\\\/\",\"name\":\"Universo Subaru\",\"description\":\"Descubre este apasionante espacio de Subaru donde vas a conocer todo sobre nuestros coches y las experiencias que vivimos con ellos. Si est\u00e1s preparado para dejarte seducir por la filosof\u00eda Subaru, qu\u00e9date con nosotros.\",\"publisher\":{\"@id\":\"https:\\\/\\\/www.subaru.es\\\/blog\\\/#organization\"},\"potentialAction\":[{\"@type\":\"SearchAction\",\"target\":{\"@type\":\"EntryPoint\",\"urlTemplate\":\"https:\\\/\\\/www.subaru.es\\\/blog\\\/?s={search_term_string}\"},\"query-input\":{\"@type\":\"PropertyValueSpecification\",\"valueRequired\":true,\"valueName\":\"search_term_string\"}}],\"inLanguage\":\"es\"},{\"@type\":\"Organization\",\"@id\":\"https:\\\/\\\/www.subaru.es\\\/blog\\\/#organization\",\"name\":\"Subaru Espa\u00f1a S.A.\",\"url\":\"https:\\\/\\\/www.subaru.es\\\/blog\\\/\",\"logo\":{\"@type\":\"ImageObject\",\"inLanguage\":\"es\",\"@id\":\"https:\\\/\\\/www.subaru.es\\\/blog\\\/#\\\/schema\\\/logo\\\/image\\\/\",\"url\":\"https:\\\/\\\/www.subaru.es\\\/blog\\\/wp-content\\\/uploads\\\/2016\\\/12\\\/Logo-Subaru-TypeV_C300-scaled.jpg\",\"contentUrl\":\"https:\\\/\\\/www.subaru.es\\\/blog\\\/wp-content\\\/uploads\\\/2016\\\/12\\\/Logo-Subaru-TypeV_C300-scaled.jpg\",\"width\":2560,\"height\":1864,\"caption\":\"Subaru Espa\u00f1a S.A.\"},\"image\":{\"@id\":\"https:\\\/\\\/www.subaru.es\\\/blog\\\/#\\\/schema\\\/logo\\\/image\\\/\"},\"sameAs\":[\"https:\\\/\\\/www.facebook.com\\\/subaruespana\",\"https:\\\/\\\/www.instagram.com\\\/subarues\\\/\",\"https:\\\/\\\/www.youtube.com\\\/user\\\/subaruespana\"]},{\"@type\":\"Person\",\"@id\":\"https:\\\/\\\/www.subaru.es\\\/blog\\\/#\\\/schema\\\/person\\\/19a90b892230b8e0ec752704ddf4aa10\",\"name\":\"Subaru\",\"url\":\"https:\\\/\\\/www.subaru.es\\\/blog\\\/author\\\/subaria\\\/\"}]}<\/script>\n<!-- \/ Yoast SEO plugin. -->","yoast_head_json":{"title":"Subaru, ligada al mundo de la caza - Universo Subaru","robots":{"index":"index","follow":"follow","max-snippet":"max-snippet:-1","max-image-preview":"max-image-preview:large","max-video-preview":"max-video-preview:-1"},"canonical":"https:\/\/www.subaru.es\/blog\/nuestra-marca\/subaru-ligada-al-mundo-de-la-caza\/","og_locale":"es_ES","og_type":"article","og_title":"Subaru, ligada al mundo de la caza - Universo Subaru","og_description":"Perico Castej\u00f3n, escritor de libros cineg\u00e9ticos, ha presentado en las instalaciones del concesionario Subaru de Madrid su nuevo libro de caza. Subaru, una vez m\u00e1s, demuestra que est\u00e1 ligada al mundo de la caza, y una muestra de ello es la figura de Subaru como principal patrocinador de la m\u00e1s importante feria de la caza [&hellip;]","og_url":"https:\/\/www.subaru.es\/blog\/nuestra-marca\/subaru-ligada-al-mundo-de-la-caza\/","og_site_name":"Universo Subaru","article_publisher":"https:\/\/www.facebook.com\/subaruespana","article_published_time":"2010-01-14T13:57:10+00:00","article_modified_time":"2020-08-12T10:56:47+00:00","og_image":[{"width":405,"height":272,"url":"https:\/\/www.subaru.es\/blog\/wp-content\/uploads\/2009\/12\/subaru-caza-1.jpg","type":"image\/jpeg"}],"author":"Subaru","twitter_card":"summary_large_image","twitter_misc":{"Escrito por":"Subaru","Tiempo de lectura":"1 minuto"},"schema":{"@context":"https:\/\/schema.org","@graph":[{"@type":"Article","@id":"https:\/\/www.subaru.es\/blog\/nuestra-marca\/subaru-ligada-al-mundo-de-la-caza\/#article","isPartOf":{"@id":"https:\/\/www.subaru.es\/blog\/nuestra-marca\/subaru-ligada-al-mundo-de-la-caza\/"},"author":{"name":"Subaru","@id":"https:\/\/www.subaru.es\/blog\/#\/schema\/person\/19a90b892230b8e0ec752704ddf4aa10"},"headline":"Subaru, ligada al mundo de la caza","datePublished":"2010-01-14T13:57:10+00:00","dateModified":"2020-08-12T10:56:47+00:00","mainEntityOfPage":{"@id":"https:\/\/www.subaru.es\/blog\/nuestra-marca\/subaru-ligada-al-mundo-de-la-caza\/"},"wordCount":195,"commentCount":0,"publisher":{"@id":"https:\/\/www.subaru.es\/blog\/#organization"},"image":{"@id":"https:\/\/www.subaru.es\/blog\/nuestra-marca\/subaru-ligada-al-mundo-de-la-caza\/#primaryimage"},"thumbnailUrl":"https:\/\/www.subaru.es\/blog\/wp-content\/uploads\/2009\/12\/subaru-caza-1.jpg","keywords":["\u2018Batiendo Montes. Memorias de Taramales\u2019","Adolfo Su\u00e1rez Illana","Caza","concesionario","libro","madrid","Marqu\u00e9s de Valdueza","Perico Castej\u00f3n","Subaru","Venatoria"],"articleSection":["Nuestra marca"],"inLanguage":"es","potentialAction":[{"@type":"CommentAction","name":"Comment","target":["https:\/\/www.subaru.es\/blog\/nuestra-marca\/subaru-ligada-al-mundo-de-la-caza\/#respond"]}]},{"@type":"WebPage","@id":"https:\/\/www.subaru.es\/blog\/nuestra-marca\/subaru-ligada-al-mundo-de-la-caza\/","url":"https:\/\/www.subaru.es\/blog\/nuestra-marca\/subaru-ligada-al-mundo-de-la-caza\/","name":"Subaru, ligada al mundo de la caza - Universo Subaru","isPartOf":{"@id":"https:\/\/www.subaru.es\/blog\/#website"},"primaryImageOfPage":{"@id":"https:\/\/www.subaru.es\/blog\/nuestra-marca\/subaru-ligada-al-mundo-de-la-caza\/#primaryimage"},"image":{"@id":"https:\/\/www.subaru.es\/blog\/nuestra-marca\/subaru-ligada-al-mundo-de-la-caza\/#primaryimage"},"thumbnailUrl":"https:\/\/www.subaru.es\/blog\/wp-content\/uploads\/2009\/12\/subaru-caza-1.jpg","datePublished":"2010-01-14T13:57:10+00:00","dateModified":"2020-08-12T10:56:47+00:00","breadcrumb":{"@id":"https:\/\/www.subaru.es\/blog\/nuestra-marca\/subaru-ligada-al-mundo-de-la-caza\/#breadcrumb"},"inLanguage":"es","potentialAction":[{"@type":"ReadAction","target":["https:\/\/www.subaru.es\/blog\/nuestra-marca\/subaru-ligada-al-mundo-de-la-caza\/"]}]},{"@type":"ImageObject","inLanguage":"es","@id":"https:\/\/www.subaru.es\/blog\/nuestra-marca\/subaru-ligada-al-mundo-de-la-caza\/#primaryimage","url":"https:\/\/www.subaru.es\/blog\/wp-content\/uploads\/2009\/12\/subaru-caza-1.jpg","contentUrl":"https:\/\/www.subaru.es\/blog\/wp-content\/uploads\/2009\/12\/subaru-caza-1.jpg","width":405,"height":272},{"@type":"BreadcrumbList","@id":"https:\/\/www.subaru.es\/blog\/nuestra-marca\/subaru-ligada-al-mundo-de-la-caza\/#breadcrumb","itemListElement":[{"@type":"ListItem","position":1,"name":"Portada","item":"https:\/\/www.subaru.es\/blog\/"},{"@type":"ListItem","position":2,"name":"Subaru, ligada al mundo de la caza"}]},{"@type":"WebSite","@id":"https:\/\/www.subaru.es\/blog\/#website","url":"https:\/\/www.subaru.es\/blog\/","name":"Universo Subaru","description":"Descubre este apasionante espacio de Subaru donde vas a conocer todo sobre nuestros coches y las experiencias que vivimos con ellos. Si est\u00e1s preparado para dejarte seducir por la filosof\u00eda Subaru, qu\u00e9date con nosotros.","publisher":{"@id":"https:\/\/www.subaru.es\/blog\/#organization"},"potentialAction":[{"@type":"SearchAction","target":{"@type":"EntryPoint","urlTemplate":"https:\/\/www.subaru.es\/blog\/?s={search_term_string}"},"query-input":{"@type":"PropertyValueSpecification","valueRequired":true,"valueName":"search_term_string"}}],"inLanguage":"es"},{"@type":"Organization","@id":"https:\/\/www.subaru.es\/blog\/#organization","name":"Subaru Espa\u00f1a S.A.","url":"https:\/\/www.subaru.es\/blog\/","logo":{"@type":"ImageObject","inLanguage":"es","@id":"https:\/\/www.subaru.es\/blog\/#\/schema\/logo\/image\/","url":"https:\/\/www.subaru.es\/blog\/wp-content\/uploads\/2016\/12\/Logo-Subaru-TypeV_C300-scaled.jpg","contentUrl":"https:\/\/www.subaru.es\/blog\/wp-content\/uploads\/2016\/12\/Logo-Subaru-TypeV_C300-scaled.jpg","width":2560,"height":1864,"caption":"Subaru Espa\u00f1a S.A."},"image":{"@id":"https:\/\/www.subaru.es\/blog\/#\/schema\/logo\/image\/"},"sameAs":["https:\/\/www.facebook.com\/subaruespana","https:\/\/www.instagram.com\/subarues\/","https:\/\/www.youtube.com\/user\/subaruespana"]},{"@type":"Person","@id":"https:\/\/www.subaru.es\/blog\/#\/schema\/person\/19a90b892230b8e0ec752704ddf4aa10","name":"Subaru","url":"https:\/\/www.subaru.es\/blog\/author\/subaria\/"}]}},"_links":{"self":[{"href":"https:\/\/www.subaru.es\/blog\/wp-json\/wp\/v2\/posts\/2415","targetHints":{"allow":["GET"]}}],"collection":[{"href":"https:\/\/www.subaru.es\/blog\/wp-json\/wp\/v2\/posts"}],"about":[{"href":"https:\/\/www.subaru.es\/blog\/wp-json\/wp\/v2\/types\/post"}],"author":[{"embeddable":true,"href":"https:\/\/www.subaru.es\/blog\/wp-json\/wp\/v2\/users\/21"}],"replies":[{"embeddable":true,"href":"https:\/\/www.subaru.es\/blog\/wp-json\/wp\/v2\/comments?post=2415"}],"version-history":[{"count":2,"href":"https:\/\/www.subaru.es\/blog\/wp-json\/wp\/v2\/posts\/2415\/revisions"}],"predecessor-version":[{"id":22268,"href":"https:\/\/www.subaru.es\/blog\/wp-json\/wp\/v2\/posts\/2415\/revisions\/22268"}],"wp:featuredmedia":[{"embeddable":true,"href":"https:\/\/www.subaru.es\/blog\/wp-json\/wp\/v2\/media\/2416"}],"wp:attachment":[{"href":"https:\/\/www.subaru.es\/blog\/wp-json\/wp\/v2\/media?parent=2415"}],"wp:term":[{"taxonomy":"category","embeddable":true,"href":"https:\/\/www.subaru.es\/blog\/wp-json\/wp\/v2\/categories?post=2415"},{"taxonomy":"post_tag","embeddable":true,"href":"https:\/\/www.subaru.es\/blog\/wp-json\/wp\/v2\/tags?post=2415"}],"curies":[{"name":"wp","href":"https:\/\/api.w.org\/{rel}","templated":true}]}}