{"id":24140,"date":"2022-11-16T00:58:00","date_gmt":"2022-11-15T22:58:00","guid":{"rendered":"https:\/\/www.subaru.es\/blog\/?p=24140"},"modified":"2022-11-16T11:07:20","modified_gmt":"2022-11-16T09:07:20","slug":"subaru-solterra-nuestro-suv-electrico-consigue-5-estrellas-en-la-euroncap","status":"publish","type":"post","link":"https:\/\/www.subaru.es\/blog\/nuestra-marca\/subaru-solterra-nuestro-suv-electrico-consigue-5-estrellas-en-la-euroncap\/","title":{"rendered":"Subaru Solterra: nuestro SUV el\u00e9ctrico consigue 5 estrellas en la EuroNCAP"},"content":{"rendered":"\n<p>\u00a1Estamos de celebraci\u00f3n! nuestro <a href=\"https:\/\/www.subaru.es\/vehiculos\/solterra\" target=\"_blank\" rel=\"noreferrer noopener\">SUV el\u00e9ctrico Subaru Solterra<\/a> ha logrado la m\u00e1xima calificaci\u00f3n de cinco estrellas en el Programa Europeo de seguridad EuroNCAP 2022-2023. Nuestro primer SUV el\u00e9ctrico, ha recibido excelentes puntuaciones en las cuatro \u00e1reas de evaluaci\u00f3n: ocupante adulto, ocupante infantil, peatones y asistencia a la seguridad.<\/p>\n\n\n\n<p>Subaru Solterra registra <strong>la calificaci\u00f3n m\u00e1s alta alcanzada por un veh\u00edculo Subaru en asistencia al conductor<\/strong><sup>*1<\/sup>,<strong> en la categor\u00eda Small Off-Road.<\/strong> Adem\u00e1s, ha recibido una puntuaci\u00f3n muy alta en AEB Car-to-Car<sup>*2<\/sup> (sistema de precolisi\u00f3n), y un gran desempe\u00f1o en las secciones Asistencia de mantenimiento de carril de emergencia, Asistencia de mantenimiento de carril.<\/p>\n\n\n\n<figure class=\"wp-block-embed aligncenter is-type-video is-provider-youtube wp-block-embed-youtube wp-embed-aspect-16-9 wp-has-aspect-ratio\"><div class=\"wp-block-embed__wrapper\">\n<iframe title=\"Subaru | Solterra: un SUV el\u00e9ctrico con 5 estrellas EuroNCAP\" width=\"800\" height=\"450\" data-src=\"https:\/\/www.youtube.com\/embed\/jmQSErdzLo4?feature=oembed\" frameborder=\"0\" allow=\"accelerometer; autoplay; clipboard-write; encrypted-media; gyroscope; picture-in-picture; web-share\" referrerpolicy=\"strict-origin-when-cross-origin\" allowfullscreen src=\"data:image\/svg+xml;base64,PHN2ZyB3aWR0aD0iMSIgaGVpZ2h0PSIxIiB4bWxucz0iaHR0cDovL3d3dy53My5vcmcvMjAwMC9zdmciPjwvc3ZnPg==\" class=\"lazyload\" data-load-mode=\"1\"><\/iframe>\n<\/div><\/figure>\n\n\n\n<p>Las <strong>funcionalidades de seguridad<\/strong> que han sido <strong>determinantes <\/strong>a la hora de otorgar estas puntuaciones han sido:<\/p>\n\n\n\n<ul class=\"wp-block-list\"><li>El sistema de frenado de emergencia aut\u00f3nomo (AEB).<\/li><li>El sistema de recordatorio del cintur\u00f3n de seguridad, de serie en los asientos delanteros y traseros.<\/li><li>El sistema para detectar la fatiga del conductor (<em>Driver Monitoring System<\/em>). <\/li><li>El sistema de asistencia de carril (<em>Lane Tracing Assist<\/em>) que corrige suavemente la trayectoria del veh\u00edculo si se sale del carril y tambi\u00e9n interviene en situaciones m\u00e1s cr\u00edticas. <\/li><li>El sistema de asistencia de velocidad, que detecta el l\u00edmite de velocidad gracias al lector de se\u00f1ales de tr\u00e1fico<\/li><\/ul>\n\n\n\n<p><\/p>\n\n\n\n<h2 class=\"wp-block-heading\">Un SUV el\u00e9ctrico con la m\u00e1xima seguridad de serie<\/h2>\n\n\n\n<p><\/p>\n\n\n\n<p>Respecto a la evaluaci\u00f3n de ocupantes adultos, el <a href=\"https:\/\/www.subaru.es\/vehiculos\/solterra\" target=\"_blank\" rel=\"noreferrer noopener\">nuevo Solterra<\/a> ha obtenido la m\u00e1xima puntuaci\u00f3n en rescate y extracci\u00f3n de pasajeros. Adem\u00e1s ha ofrecido un gran desempe\u00f1o en la prueba de impacto lateral y traser<sup><sup>*3<\/sup><\/sup>. Las pruebas mostraron una buena protecci\u00f3n de rodillas y de los f\u00e9mures en conductor como de los pasajeros y contra las lesiones por latigazo cervical. Si hay un accidente <strong>Solterra equipa un sistema eCall<\/strong> que realiza llamada de emergencia y un sistema que aplica a los frenos para evitar colisiones.<\/p>\n\n\n<div class=\"wp-block-image\">\n<figure class=\"aligncenter size-large\"><img decoding=\"async\" width=\"1440\" height=\"960\" data-src=\"https:\/\/www.subaru.es\/blog\/wp-content\/uploads\/2022\/11\/Subaru-Solterra_-suv_electrico-1440x960.jpg\" alt=\"SUV el\u00e9ctrico Subaru Solterra\" class=\"wp-image-24143 lazyload\" data-srcset=\"https:\/\/www.subaru.es\/blog\/wp-content\/uploads\/2022\/11\/Subaru-Solterra_-suv_electrico-1440x960.jpg 1440w, https:\/\/www.subaru.es\/blog\/wp-content\/uploads\/2022\/11\/Subaru-Solterra_-suv_electrico-560x373.jpg 560w, https:\/\/www.subaru.es\/blog\/wp-content\/uploads\/2022\/11\/Subaru-Solterra_-suv_electrico-768x512.jpg 768w, https:\/\/www.subaru.es\/blog\/wp-content\/uploads\/2022\/11\/Subaru-Solterra_-suv_electrico-1536x1024.jpg 1536w, https:\/\/www.subaru.es\/blog\/wp-content\/uploads\/2022\/11\/Subaru-Solterra_-suv_electrico-2048x1365.jpg 2048w\" data-sizes=\"(max-width: 1440px) 100vw, 1440px\" src=\"data:image\/svg+xml;base64,PHN2ZyB3aWR0aD0iMSIgaGVpZ2h0PSIxIiB4bWxucz0iaHR0cDovL3d3dy53My5vcmcvMjAwMC9zdmciPjwvc3ZnPg==\" style=\"--smush-placeholder-width: 1440px; --smush-placeholder-aspect-ratio: 1440\/960;\" \/><\/figure>\n<\/div>\n\n\n<p><\/p>\n\n\n\n<h2 class=\"wp-block-heading\">M\u00e1xima puntuaci\u00f3n en protecci\u00f3n infantil<\/h2>\n\n\n\n<p><\/p>\n\n\n\n<p>Sobre la <strong>evaluaci\u00f3n de ocupantes infantiles,<\/strong> <a href=\"https:\/\/www.youtube.com\/watch?v=b7478YZLF0E\" target=\"_blank\" rel=\"noreferrer noopener\">el nuevo Solterra <\/a><strong>ha obtenido la puntuaci\u00f3n m\u00e1s alta posible <\/strong>(87%). Las pruebas realizadas fueron impacto frontal y lateral para ni\u00f1os de 6 y 10 a\u00f1os, y en la instalaci\u00f3n de los sistemas de retenci\u00f3n infantil.<\/p>\n\n\n\n<p>El airbag delantero se puede desactivar para permitir que se use un sistema de sujeci\u00f3n para ni\u00f1os a contra marcha. Adem\u00e1s todos los tipos de sistemas de sujeci\u00f3n infantil para los que est\u00e1 dise\u00f1ado el Solterra se pueden instalar y acomodar correctamente.<\/p>\n\n\n\n<p>Por \u00faltimo, en el \u00e1rea de evaluaci\u00f3n de peatones y ciclistas, Solterra obtuvo una puntuaci\u00f3n destacable en la frenada de emergencia aut\u00f3noma para ciclistas (AEB)<sup>*4<\/sup>. Adem\u00e1s, en caso de colisi\u00f3n, las zonas de deformaci\u00f3n programadas ofrecieron una gran protecci\u00f3n a las piernas de los peatones.<\/p>\n\n\n\n<p>En Subaru continuamos constantemente perfeccionando las tecnolog\u00edas de seguridad primaria, activa, preventiva, pasiva y conectada que sustentan la filosof\u00eda de Seguridad Integral. <strong>Nuestro Objetivo para 2030: reducir a cero el n\u00famero de accidentes de tr\u00e1fico con v\u00edctimas en los que est\u00e9 involucrado un veh\u00edculo Subaru.<\/strong><\/p>\n\n\n\n<p><sup>*<\/sup>Agencia independiente compuesta por gobiernos y organizaciones europeos de automovilismo y de consumidores.<\/p>\n\n\n\n<p><sup>*1<\/sup>: Seg\u00fan el \u00faltimo protocolo de evaluaci\u00f3n Euro NCAP (2022-2023).<\/p>\n\n\n\n<p><sup>*2<\/sup>: Puntuaci\u00f3n sistema de pre-colisi\u00f3n (AEB <em>Car-to-Car<\/em>) de 5,8 sobre 6.<\/p>\n\n\n\n<p><sup>*3<\/sup>: Puntuaci\u00f3n del impacto lateral e impacto trasero de 15,5 sobre 16 y 3,7 sobre 4.<\/p>\n\n\n\n<p><sup>*4<\/sup>: Puntuaci\u00f3n AEB para ciclistas de 8,7 sobre 9.<\/p>\n","protected":false},"excerpt":{"rendered":"<p>\u00a1Estamos de celebraci\u00f3n! nuestro SUV el\u00e9ctrico Subaru Solterra ha logrado la m\u00e1xima calificaci\u00f3n de cinco estrellas en el Programa Europeo de seguridad EuroNCAP 2022-2023. Nuestro primer SUV el\u00e9ctrico, ha recibido excelentes puntuaciones en las cuatro \u00e1reas de evaluaci\u00f3n: ocupante adulto, ocupante infantil, peatones y asistencia a la seguridad. Subaru Solterra registra la calificaci\u00f3n m\u00e1s alta [&hellip;]<\/p>\n","protected":false},"author":21,"featured_media":24150,"comment_status":"open","ping_status":"closed","sticky":false,"template":"","format":"standard","meta":{"_acf_changed":false,"_eb_attr":"","inline_featured_image":false,"footnotes":""},"categories":[4401],"tags":[1552,3169,608,5403,5260,2038,5404,5212,5211,5402,5029,5311],"class_list":["post-24140","post","type-post","status-publish","format-standard","has-post-thumbnail","hentry","category-nuestra-marca","tag-cero-emisiones","tag-coche-ecologico","tag-coche-electrico","tag-coche-electrico-automatico","tag-el-coche-mas-seguro","tag-euroncap","tag-euroncap-2022","tag-subaru-electrico","tag-subaru-solterra","tag-subaru-solterra-100-electrico","tag-suv-electrico","tag-todoterreno-electrico"],"acf":[],"yoast_head":"<!-- This site is optimized with the Yoast SEO plugin v27.3 - https:\/\/yoast.com\/product\/yoast-seo-wordpress\/ -->\n<title>Subaru Solterra: nuestro SUV el\u00e9ctrico consigue 5 estrellas en la EuroNCAP - Universo Subaru<\/title>\n<meta name=\"description\" content=\"Nuestro SUV el\u00e9ctrico Subaru Solterra ha logrado la m\u00e1xima calificaci\u00f3n de cinco estrellas en la EuroNCAP 2022-2023. \u00a1Te lo contamos!\" \/>\n<meta name=\"robots\" content=\"index, follow, max-snippet:-1, max-image-preview:large, max-video-preview:-1\" \/>\n<link rel=\"canonical\" href=\"https:\/\/www.subaru.es\/blog\/nuestra-marca\/subaru-solterra-nuestro-suv-electrico-consigue-5-estrellas-en-la-euroncap\/\" \/>\n<meta property=\"og:locale\" content=\"es_ES\" \/>\n<meta property=\"og:type\" content=\"article\" \/>\n<meta property=\"og:title\" content=\"Subaru Solterra: nuestro SUV el\u00e9ctrico consigue 5 estrellas en la EuroNCAP - Universo Subaru\" \/>\n<meta property=\"og:description\" content=\"Nuestro SUV el\u00e9ctrico Subaru Solterra ha logrado la m\u00e1xima calificaci\u00f3n de cinco estrellas en la EuroNCAP 2022-2023. \u00a1Te lo contamos!\" \/>\n<meta property=\"og:url\" content=\"https:\/\/www.subaru.es\/blog\/nuestra-marca\/subaru-solterra-nuestro-suv-electrico-consigue-5-estrellas-en-la-euroncap\/\" \/>\n<meta property=\"og:site_name\" content=\"Universo Subaru\" \/>\n<meta property=\"article:publisher\" content=\"https:\/\/www.facebook.com\/subaruespana\" \/>\n<meta property=\"article:published_time\" content=\"2022-11-15T22:58:00+00:00\" \/>\n<meta property=\"article:modified_time\" content=\"2022-11-16T09:07:20+00:00\" \/>\n<meta property=\"og:image\" content=\"https:\/\/www.subaru.es\/blog\/wp-content\/uploads\/2022\/11\/CABECERA-BLOG-SOLTERRA-EURONCAP-2022-v2-min.jpg\" \/>\n\t<meta property=\"og:image:width\" content=\"6708\" \/>\n\t<meta property=\"og:image:height\" content=\"2680\" \/>\n\t<meta property=\"og:image:type\" content=\"image\/jpeg\" \/>\n<meta name=\"author\" content=\"Subaru\" \/>\n<meta name=\"twitter:card\" content=\"summary_large_image\" \/>\n<meta name=\"twitter:label1\" content=\"Escrito por\" \/>\n\t<meta name=\"twitter:data1\" content=\"Subaru\" \/>\n\t<meta name=\"twitter:label2\" content=\"Tiempo de lectura\" \/>\n\t<meta name=\"twitter:data2\" content=\"3 minutos\" \/>\n<script type=\"application\/ld+json\" class=\"yoast-schema-graph\">{\"@context\":\"https:\\\/\\\/schema.org\",\"@graph\":[{\"@type\":\"Article\",\"@id\":\"https:\\\/\\\/www.subaru.es\\\/blog\\\/nuestra-marca\\\/subaru-solterra-nuestro-suv-electrico-consigue-5-estrellas-en-la-euroncap\\\/#article\",\"isPartOf\":{\"@id\":\"https:\\\/\\\/www.subaru.es\\\/blog\\\/nuestra-marca\\\/subaru-solterra-nuestro-suv-electrico-consigue-5-estrellas-en-la-euroncap\\\/\"},\"author\":{\"name\":\"Subaru\",\"@id\":\"https:\\\/\\\/www.subaru.es\\\/blog\\\/#\\\/schema\\\/person\\\/19a90b892230b8e0ec752704ddf4aa10\"},\"headline\":\"Subaru Solterra: nuestro SUV el\u00e9ctrico consigue 5 estrellas en la EuroNCAP\",\"datePublished\":\"2022-11-15T22:58:00+00:00\",\"dateModified\":\"2022-11-16T09:07:20+00:00\",\"mainEntityOfPage\":{\"@id\":\"https:\\\/\\\/www.subaru.es\\\/blog\\\/nuestra-marca\\\/subaru-solterra-nuestro-suv-electrico-consigue-5-estrellas-en-la-euroncap\\\/\"},\"wordCount\":601,\"commentCount\":0,\"publisher\":{\"@id\":\"https:\\\/\\\/www.subaru.es\\\/blog\\\/#organization\"},\"image\":{\"@id\":\"https:\\\/\\\/www.subaru.es\\\/blog\\\/nuestra-marca\\\/subaru-solterra-nuestro-suv-electrico-consigue-5-estrellas-en-la-euroncap\\\/#primaryimage\"},\"thumbnailUrl\":\"https:\\\/\\\/www.subaru.es\\\/blog\\\/wp-content\\\/uploads\\\/2022\\\/11\\\/CABECERA-BLOG-SOLTERRA-EURONCAP-2022-v2-min-scaled.jpg\",\"keywords\":[\"cero emisiones\",\"Coche ecol\u00f3gico\",\"coche electrico\",\"coche el\u00e9ctrico autom\u00e1tico\",\"el coche mas seguro\",\"EuroNCAP\",\"euroncap 2022\",\"Subaru el\u00e9ctrico\",\"Subaru Solterra\",\"Subaru Solterra 100% el\u00e9ctrico\",\"SUV electrico\",\"Todoterreno el\u00e9ctrico\"],\"articleSection\":[\"Nuestra marca\"],\"inLanguage\":\"es\",\"potentialAction\":[{\"@type\":\"CommentAction\",\"name\":\"Comment\",\"target\":[\"https:\\\/\\\/www.subaru.es\\\/blog\\\/nuestra-marca\\\/subaru-solterra-nuestro-suv-electrico-consigue-5-estrellas-en-la-euroncap\\\/#respond\"]}]},{\"@type\":\"WebPage\",\"@id\":\"https:\\\/\\\/www.subaru.es\\\/blog\\\/nuestra-marca\\\/subaru-solterra-nuestro-suv-electrico-consigue-5-estrellas-en-la-euroncap\\\/\",\"url\":\"https:\\\/\\\/www.subaru.es\\\/blog\\\/nuestra-marca\\\/subaru-solterra-nuestro-suv-electrico-consigue-5-estrellas-en-la-euroncap\\\/\",\"name\":\"Subaru Solterra: nuestro SUV el\u00e9ctrico consigue 5 estrellas en la EuroNCAP - Universo Subaru\",\"isPartOf\":{\"@id\":\"https:\\\/\\\/www.subaru.es\\\/blog\\\/#website\"},\"primaryImageOfPage\":{\"@id\":\"https:\\\/\\\/www.subaru.es\\\/blog\\\/nuestra-marca\\\/subaru-solterra-nuestro-suv-electrico-consigue-5-estrellas-en-la-euroncap\\\/#primaryimage\"},\"image\":{\"@id\":\"https:\\\/\\\/www.subaru.es\\\/blog\\\/nuestra-marca\\\/subaru-solterra-nuestro-suv-electrico-consigue-5-estrellas-en-la-euroncap\\\/#primaryimage\"},\"thumbnailUrl\":\"https:\\\/\\\/www.subaru.es\\\/blog\\\/wp-content\\\/uploads\\\/2022\\\/11\\\/CABECERA-BLOG-SOLTERRA-EURONCAP-2022-v2-min-scaled.jpg\",\"datePublished\":\"2022-11-15T22:58:00+00:00\",\"dateModified\":\"2022-11-16T09:07:20+00:00\",\"description\":\"Nuestro SUV el\u00e9ctrico Subaru Solterra ha logrado la m\u00e1xima calificaci\u00f3n de cinco estrellas en la EuroNCAP 2022-2023. \u00a1Te lo contamos!\",\"breadcrumb\":{\"@id\":\"https:\\\/\\\/www.subaru.es\\\/blog\\\/nuestra-marca\\\/subaru-solterra-nuestro-suv-electrico-consigue-5-estrellas-en-la-euroncap\\\/#breadcrumb\"},\"inLanguage\":\"es\",\"potentialAction\":[{\"@type\":\"ReadAction\",\"target\":[\"https:\\\/\\\/www.subaru.es\\\/blog\\\/nuestra-marca\\\/subaru-solterra-nuestro-suv-electrico-consigue-5-estrellas-en-la-euroncap\\\/\"]}]},{\"@type\":\"ImageObject\",\"inLanguage\":\"es\",\"@id\":\"https:\\\/\\\/www.subaru.es\\\/blog\\\/nuestra-marca\\\/subaru-solterra-nuestro-suv-electrico-consigue-5-estrellas-en-la-euroncap\\\/#primaryimage\",\"url\":\"https:\\\/\\\/www.subaru.es\\\/blog\\\/wp-content\\\/uploads\\\/2022\\\/11\\\/CABECERA-BLOG-SOLTERRA-EURONCAP-2022-v2-min-scaled.jpg\",\"contentUrl\":\"https:\\\/\\\/www.subaru.es\\\/blog\\\/wp-content\\\/uploads\\\/2022\\\/11\\\/CABECERA-BLOG-SOLTERRA-EURONCAP-2022-v2-min-scaled.jpg\",\"width\":2560,\"height\":1023},{\"@type\":\"BreadcrumbList\",\"@id\":\"https:\\\/\\\/www.subaru.es\\\/blog\\\/nuestra-marca\\\/subaru-solterra-nuestro-suv-electrico-consigue-5-estrellas-en-la-euroncap\\\/#breadcrumb\",\"itemListElement\":[{\"@type\":\"ListItem\",\"position\":1,\"name\":\"Portada\",\"item\":\"https:\\\/\\\/www.subaru.es\\\/blog\\\/\"},{\"@type\":\"ListItem\",\"position\":2,\"name\":\"Subaru Solterra: nuestro SUV el\u00e9ctrico consigue 5 estrellas en la EuroNCAP\"}]},{\"@type\":\"WebSite\",\"@id\":\"https:\\\/\\\/www.subaru.es\\\/blog\\\/#website\",\"url\":\"https:\\\/\\\/www.subaru.es\\\/blog\\\/\",\"name\":\"Universo Subaru\",\"description\":\"Descubre este apasionante espacio de Subaru donde vas a conocer todo sobre nuestros coches y las experiencias que vivimos con ellos. Si est\u00e1s preparado para dejarte seducir por la filosof\u00eda Subaru, qu\u00e9date con nosotros.\",\"publisher\":{\"@id\":\"https:\\\/\\\/www.subaru.es\\\/blog\\\/#organization\"},\"potentialAction\":[{\"@type\":\"SearchAction\",\"target\":{\"@type\":\"EntryPoint\",\"urlTemplate\":\"https:\\\/\\\/www.subaru.es\\\/blog\\\/?s={search_term_string}\"},\"query-input\":{\"@type\":\"PropertyValueSpecification\",\"valueRequired\":true,\"valueName\":\"search_term_string\"}}],\"inLanguage\":\"es\"},{\"@type\":\"Organization\",\"@id\":\"https:\\\/\\\/www.subaru.es\\\/blog\\\/#organization\",\"name\":\"Subaru Espa\u00f1a S.A.\",\"url\":\"https:\\\/\\\/www.subaru.es\\\/blog\\\/\",\"logo\":{\"@type\":\"ImageObject\",\"inLanguage\":\"es\",\"@id\":\"https:\\\/\\\/www.subaru.es\\\/blog\\\/#\\\/schema\\\/logo\\\/image\\\/\",\"url\":\"https:\\\/\\\/www.subaru.es\\\/blog\\\/wp-content\\\/uploads\\\/2016\\\/12\\\/Logo-Subaru-TypeV_C300-scaled.jpg\",\"contentUrl\":\"https:\\\/\\\/www.subaru.es\\\/blog\\\/wp-content\\\/uploads\\\/2016\\\/12\\\/Logo-Subaru-TypeV_C300-scaled.jpg\",\"width\":2560,\"height\":1864,\"caption\":\"Subaru Espa\u00f1a S.A.\"},\"image\":{\"@id\":\"https:\\\/\\\/www.subaru.es\\\/blog\\\/#\\\/schema\\\/logo\\\/image\\\/\"},\"sameAs\":[\"https:\\\/\\\/www.facebook.com\\\/subaruespana\",\"https:\\\/\\\/www.instagram.com\\\/subarues\\\/\",\"https:\\\/\\\/www.youtube.com\\\/user\\\/subaruespana\"]},{\"@type\":\"Person\",\"@id\":\"https:\\\/\\\/www.subaru.es\\\/blog\\\/#\\\/schema\\\/person\\\/19a90b892230b8e0ec752704ddf4aa10\",\"name\":\"Subaru\",\"url\":\"https:\\\/\\\/www.subaru.es\\\/blog\\\/author\\\/subaria\\\/\"}]}<\/script>\n<!-- \/ Yoast SEO plugin. -->","yoast_head_json":{"title":"Subaru Solterra: nuestro SUV el\u00e9ctrico consigue 5 estrellas en la EuroNCAP - Universo Subaru","description":"Nuestro SUV el\u00e9ctrico Subaru Solterra ha logrado la m\u00e1xima calificaci\u00f3n de cinco estrellas en la EuroNCAP 2022-2023. \u00a1Te lo contamos!","robots":{"index":"index","follow":"follow","max-snippet":"max-snippet:-1","max-image-preview":"max-image-preview:large","max-video-preview":"max-video-preview:-1"},"canonical":"https:\/\/www.subaru.es\/blog\/nuestra-marca\/subaru-solterra-nuestro-suv-electrico-consigue-5-estrellas-en-la-euroncap\/","og_locale":"es_ES","og_type":"article","og_title":"Subaru Solterra: nuestro SUV el\u00e9ctrico consigue 5 estrellas en la EuroNCAP - Universo Subaru","og_description":"Nuestro SUV el\u00e9ctrico Subaru Solterra ha logrado la m\u00e1xima calificaci\u00f3n de cinco estrellas en la EuroNCAP 2022-2023. \u00a1Te lo contamos!","og_url":"https:\/\/www.subaru.es\/blog\/nuestra-marca\/subaru-solterra-nuestro-suv-electrico-consigue-5-estrellas-en-la-euroncap\/","og_site_name":"Universo Subaru","article_publisher":"https:\/\/www.facebook.com\/subaruespana","article_published_time":"2022-11-15T22:58:00+00:00","article_modified_time":"2022-11-16T09:07:20+00:00","og_image":[{"width":6708,"height":2680,"url":"https:\/\/www.subaru.es\/blog\/wp-content\/uploads\/2022\/11\/CABECERA-BLOG-SOLTERRA-EURONCAP-2022-v2-min.jpg","type":"image\/jpeg"}],"author":"Subaru","twitter_card":"summary_large_image","twitter_misc":{"Escrito por":"Subaru","Tiempo de lectura":"3 minutos"},"schema":{"@context":"https:\/\/schema.org","@graph":[{"@type":"Article","@id":"https:\/\/www.subaru.es\/blog\/nuestra-marca\/subaru-solterra-nuestro-suv-electrico-consigue-5-estrellas-en-la-euroncap\/#article","isPartOf":{"@id":"https:\/\/www.subaru.es\/blog\/nuestra-marca\/subaru-solterra-nuestro-suv-electrico-consigue-5-estrellas-en-la-euroncap\/"},"author":{"name":"Subaru","@id":"https:\/\/www.subaru.es\/blog\/#\/schema\/person\/19a90b892230b8e0ec752704ddf4aa10"},"headline":"Subaru Solterra: nuestro SUV el\u00e9ctrico consigue 5 estrellas en la EuroNCAP","datePublished":"2022-11-15T22:58:00+00:00","dateModified":"2022-11-16T09:07:20+00:00","mainEntityOfPage":{"@id":"https:\/\/www.subaru.es\/blog\/nuestra-marca\/subaru-solterra-nuestro-suv-electrico-consigue-5-estrellas-en-la-euroncap\/"},"wordCount":601,"commentCount":0,"publisher":{"@id":"https:\/\/www.subaru.es\/blog\/#organization"},"image":{"@id":"https:\/\/www.subaru.es\/blog\/nuestra-marca\/subaru-solterra-nuestro-suv-electrico-consigue-5-estrellas-en-la-euroncap\/#primaryimage"},"thumbnailUrl":"https:\/\/www.subaru.es\/blog\/wp-content\/uploads\/2022\/11\/CABECERA-BLOG-SOLTERRA-EURONCAP-2022-v2-min-scaled.jpg","keywords":["cero emisiones","Coche ecol\u00f3gico","coche electrico","coche el\u00e9ctrico autom\u00e1tico","el coche mas seguro","EuroNCAP","euroncap 2022","Subaru el\u00e9ctrico","Subaru Solterra","Subaru Solterra 100% el\u00e9ctrico","SUV electrico","Todoterreno el\u00e9ctrico"],"articleSection":["Nuestra marca"],"inLanguage":"es","potentialAction":[{"@type":"CommentAction","name":"Comment","target":["https:\/\/www.subaru.es\/blog\/nuestra-marca\/subaru-solterra-nuestro-suv-electrico-consigue-5-estrellas-en-la-euroncap\/#respond"]}]},{"@type":"WebPage","@id":"https:\/\/www.subaru.es\/blog\/nuestra-marca\/subaru-solterra-nuestro-suv-electrico-consigue-5-estrellas-en-la-euroncap\/","url":"https:\/\/www.subaru.es\/blog\/nuestra-marca\/subaru-solterra-nuestro-suv-electrico-consigue-5-estrellas-en-la-euroncap\/","name":"Subaru Solterra: nuestro SUV el\u00e9ctrico consigue 5 estrellas en la EuroNCAP - Universo Subaru","isPartOf":{"@id":"https:\/\/www.subaru.es\/blog\/#website"},"primaryImageOfPage":{"@id":"https:\/\/www.subaru.es\/blog\/nuestra-marca\/subaru-solterra-nuestro-suv-electrico-consigue-5-estrellas-en-la-euroncap\/#primaryimage"},"image":{"@id":"https:\/\/www.subaru.es\/blog\/nuestra-marca\/subaru-solterra-nuestro-suv-electrico-consigue-5-estrellas-en-la-euroncap\/#primaryimage"},"thumbnailUrl":"https:\/\/www.subaru.es\/blog\/wp-content\/uploads\/2022\/11\/CABECERA-BLOG-SOLTERRA-EURONCAP-2022-v2-min-scaled.jpg","datePublished":"2022-11-15T22:58:00+00:00","dateModified":"2022-11-16T09:07:20+00:00","description":"Nuestro SUV el\u00e9ctrico Subaru Solterra ha logrado la m\u00e1xima calificaci\u00f3n de cinco estrellas en la EuroNCAP 2022-2023. \u00a1Te lo contamos!","breadcrumb":{"@id":"https:\/\/www.subaru.es\/blog\/nuestra-marca\/subaru-solterra-nuestro-suv-electrico-consigue-5-estrellas-en-la-euroncap\/#breadcrumb"},"inLanguage":"es","potentialAction":[{"@type":"ReadAction","target":["https:\/\/www.subaru.es\/blog\/nuestra-marca\/subaru-solterra-nuestro-suv-electrico-consigue-5-estrellas-en-la-euroncap\/"]}]},{"@type":"ImageObject","inLanguage":"es","@id":"https:\/\/www.subaru.es\/blog\/nuestra-marca\/subaru-solterra-nuestro-suv-electrico-consigue-5-estrellas-en-la-euroncap\/#primaryimage","url":"https:\/\/www.subaru.es\/blog\/wp-content\/uploads\/2022\/11\/CABECERA-BLOG-SOLTERRA-EURONCAP-2022-v2-min-scaled.jpg","contentUrl":"https:\/\/www.subaru.es\/blog\/wp-content\/uploads\/2022\/11\/CABECERA-BLOG-SOLTERRA-EURONCAP-2022-v2-min-scaled.jpg","width":2560,"height":1023},{"@type":"BreadcrumbList","@id":"https:\/\/www.subaru.es\/blog\/nuestra-marca\/subaru-solterra-nuestro-suv-electrico-consigue-5-estrellas-en-la-euroncap\/#breadcrumb","itemListElement":[{"@type":"ListItem","position":1,"name":"Portada","item":"https:\/\/www.subaru.es\/blog\/"},{"@type":"ListItem","position":2,"name":"Subaru Solterra: nuestro SUV el\u00e9ctrico consigue 5 estrellas en la EuroNCAP"}]},{"@type":"WebSite","@id":"https:\/\/www.subaru.es\/blog\/#website","url":"https:\/\/www.subaru.es\/blog\/","name":"Universo Subaru","description":"Descubre este apasionante espacio de Subaru donde vas a conocer todo sobre nuestros coches y las experiencias que vivimos con ellos. Si est\u00e1s preparado para dejarte seducir por la filosof\u00eda Subaru, qu\u00e9date con nosotros.","publisher":{"@id":"https:\/\/www.subaru.es\/blog\/#organization"},"potentialAction":[{"@type":"SearchAction","target":{"@type":"EntryPoint","urlTemplate":"https:\/\/www.subaru.es\/blog\/?s={search_term_string}"},"query-input":{"@type":"PropertyValueSpecification","valueRequired":true,"valueName":"search_term_string"}}],"inLanguage":"es"},{"@type":"Organization","@id":"https:\/\/www.subaru.es\/blog\/#organization","name":"Subaru Espa\u00f1a S.A.","url":"https:\/\/www.subaru.es\/blog\/","logo":{"@type":"ImageObject","inLanguage":"es","@id":"https:\/\/www.subaru.es\/blog\/#\/schema\/logo\/image\/","url":"https:\/\/www.subaru.es\/blog\/wp-content\/uploads\/2016\/12\/Logo-Subaru-TypeV_C300-scaled.jpg","contentUrl":"https:\/\/www.subaru.es\/blog\/wp-content\/uploads\/2016\/12\/Logo-Subaru-TypeV_C300-scaled.jpg","width":2560,"height":1864,"caption":"Subaru Espa\u00f1a S.A."},"image":{"@id":"https:\/\/www.subaru.es\/blog\/#\/schema\/logo\/image\/"},"sameAs":["https:\/\/www.facebook.com\/subaruespana","https:\/\/www.instagram.com\/subarues\/","https:\/\/www.youtube.com\/user\/subaruespana"]},{"@type":"Person","@id":"https:\/\/www.subaru.es\/blog\/#\/schema\/person\/19a90b892230b8e0ec752704ddf4aa10","name":"Subaru","url":"https:\/\/www.subaru.es\/blog\/author\/subaria\/"}]}},"_links":{"self":[{"href":"https:\/\/www.subaru.es\/blog\/wp-json\/wp\/v2\/posts\/24140","targetHints":{"allow":["GET"]}}],"collection":[{"href":"https:\/\/www.subaru.es\/blog\/wp-json\/wp\/v2\/posts"}],"about":[{"href":"https:\/\/www.subaru.es\/blog\/wp-json\/wp\/v2\/types\/post"}],"author":[{"embeddable":true,"href":"https:\/\/www.subaru.es\/blog\/wp-json\/wp\/v2\/users\/21"}],"replies":[{"embeddable":true,"href":"https:\/\/www.subaru.es\/blog\/wp-json\/wp\/v2\/comments?post=24140"}],"version-history":[{"count":8,"href":"https:\/\/www.subaru.es\/blog\/wp-json\/wp\/v2\/posts\/24140\/revisions"}],"predecessor-version":[{"id":24151,"href":"https:\/\/www.subaru.es\/blog\/wp-json\/wp\/v2\/posts\/24140\/revisions\/24151"}],"wp:featuredmedia":[{"embeddable":true,"href":"https:\/\/www.subaru.es\/blog\/wp-json\/wp\/v2\/media\/24150"}],"wp:attachment":[{"href":"https:\/\/www.subaru.es\/blog\/wp-json\/wp\/v2\/media?parent=24140"}],"wp:term":[{"taxonomy":"category","embeddable":true,"href":"https:\/\/www.subaru.es\/blog\/wp-json\/wp\/v2\/categories?post=24140"},{"taxonomy":"post_tag","embeddable":true,"href":"https:\/\/www.subaru.es\/blog\/wp-json\/wp\/v2\/tags?post=24140"}],"curies":[{"name":"wp","href":"https:\/\/api.w.org\/{rel}","templated":true}]}}