{"id":24056,"date":"2022-10-05T10:23:00","date_gmt":"2022-10-05T08:23:00","guid":{"rendered":"https:\/\/www.subaru.es\/blog\/?p=24056"},"modified":"2022-12-09T10:50:43","modified_gmt":"2022-12-09T08:50:43","slug":"laura-madrueno-conduciendo-con-mas-ojos-que-nunca","status":"publish","type":"post","link":"https:\/\/www.subaru.es\/blog\/nuestra-marca\/laura-madrueno-conduciendo-con-mas-ojos-que-nunca\/","title":{"rendered":"Laura Madrue\u00f1o: Conduciendo con m\u00e1s ojos que nunca"},"content":{"rendered":"\n<p>Subaru siempre ha sido sin\u00f3nimo de <a href=\"https:\/\/www.subaru.es\/porque-subaru\/seguridad\">seguridad al volante<\/a> y una de sus claves es sin duda la tecnolog\u00eda Eyesight de la que quiero hablaros hoy.<\/p>\n\n\n\n<p>Se trata de una asistencia a la conducci\u00f3n que no s\u00f3lo permite hacer un trayecto m\u00e1s seguro, si no mucho m\u00e1s c\u00f3modo para el que conduce. Normalmente hago muchos kil\u00f3metros diarios y estos \u201cojos adicionales\u201d se convierten en una gran ayuda. Y es que el funcionamiento del Eyesight est\u00e1 basado en el del propio ojo humano.<br>Si os fij\u00e1is en las fotos ver\u00e9is dos c\u00e1maras frontales dise\u00f1adas para prevenir cualquier peligro, ya que son capaces de obtener im\u00e1genes tridimensionales muy realistas.<\/p>\n\n\n<div class=\"wp-block-image\">\n<figure class=\"aligncenter size-large\"><img decoding=\"async\" width=\"1440\" height=\"1080\" data-src=\"https:\/\/www.subaru.es\/blog\/wp-content\/uploads\/2022\/09\/Laura-EyeSight-1-1440x1080.jpeg\" alt=\"Sistema de Seguridad EyeSight Laura Madrueno\" class=\"wp-image-24059 lazyload\" data-srcset=\"https:\/\/www.subaru.es\/blog\/wp-content\/uploads\/2022\/09\/Laura-EyeSight-1-1440x1080.jpeg 1440w, https:\/\/www.subaru.es\/blog\/wp-content\/uploads\/2022\/09\/Laura-EyeSight-1-560x420.jpeg 560w, https:\/\/www.subaru.es\/blog\/wp-content\/uploads\/2022\/09\/Laura-EyeSight-1-768x576.jpeg 768w, https:\/\/www.subaru.es\/blog\/wp-content\/uploads\/2022\/09\/Laura-EyeSight-1-1536x1152.jpeg 1536w, https:\/\/www.subaru.es\/blog\/wp-content\/uploads\/2022\/09\/Laura-EyeSight-1-2048x1536.jpeg 2048w\" data-sizes=\"(max-width: 1440px) 100vw, 1440px\" src=\"data:image\/svg+xml;base64,PHN2ZyB3aWR0aD0iMSIgaGVpZ2h0PSIxIiB4bWxucz0iaHR0cDovL3d3dy53My5vcmcvMjAwMC9zdmciPjwvc3ZnPg==\" style=\"--smush-placeholder-width: 1440px; --smush-placeholder-aspect-ratio: 1440\/1080;\" \/><\/figure>\n<\/div>\n\n\n<p>Hasta el punto de detectar los veh\u00edculos que se acercan, su velocidad y la distancia a la que est\u00e1n, adem\u00e1s de bicicletas, peatones\u2026 y todos los obst\u00e1culos que pueden aparecer en nuestro camino.<\/p>\n\n\n\n<p>Si por ejemplo estamos cansados o nos distraemos y nos salimos de carril, el sistema se da cuenta y te avisa, \u00a1incluso es capaz de corregir el volante por ti para mantener el coche dentro de su carril!.<br>Si estamos en un atasco y el coche que va delante arranca, Eyesight se da cuenta y nos indica que continuemos la marcha. Tambi\u00e9n nos avisa de los veh\u00edculos o peatones que se acercan por los carriles paralelos, o que pasan por detr\u00e1s mientras aparcamos.<\/p>\n\n\n\n<figure class=\"wp-block-image size-large\"><img decoding=\"async\" width=\"1440\" height=\"1080\" data-src=\"https:\/\/www.subaru.es\/blog\/wp-content\/uploads\/2022\/09\/Laura-EyeSight-3-1440x1080.jpeg\" alt=\"Seguridad avanzada Laura Madrueno\" class=\"wp-image-24058 lazyload\" data-srcset=\"https:\/\/www.subaru.es\/blog\/wp-content\/uploads\/2022\/09\/Laura-EyeSight-3-1440x1080.jpeg 1440w, https:\/\/www.subaru.es\/blog\/wp-content\/uploads\/2022\/09\/Laura-EyeSight-3-560x420.jpeg 560w, https:\/\/www.subaru.es\/blog\/wp-content\/uploads\/2022\/09\/Laura-EyeSight-3-768x576.jpeg 768w, https:\/\/www.subaru.es\/blog\/wp-content\/uploads\/2022\/09\/Laura-EyeSight-3-1536x1152.jpeg 1536w, https:\/\/www.subaru.es\/blog\/wp-content\/uploads\/2022\/09\/Laura-EyeSight-3-2048x1536.jpeg 2048w\" data-sizes=\"(max-width: 1440px) 100vw, 1440px\" src=\"data:image\/svg+xml;base64,PHN2ZyB3aWR0aD0iMSIgaGVpZ2h0PSIxIiB4bWxucz0iaHR0cDovL3d3dy53My5vcmcvMjAwMC9zdmciPjwvc3ZnPg==\" style=\"--smush-placeholder-width: 1440px; --smush-placeholder-aspect-ratio: 1440\/1080;\" \/><\/figure>\n\n\n\n<p>Como veis el sistema se anticipa a los peligros, algo realmente importante en nuestro d\u00eda a d\u00eda tan ajetreado al volante. Y no s\u00f3lo nos avisa si no que, frenar\u00e1 el coche para evitar la colisi\u00f3n o reducir el impacto en caso de que sea inevitable.<\/p>\n\n\n\n<p>Y lo m\u00e1s c\u00f3modo para viajar: cuenta con un control de crucero adaptativo especial, que a diferencia del tradicional ajusta la velocidad para mantenerse a la distancia adecuada del veh\u00edculo delantero. Es decir, solo tienes que escoger la velocidad a la que quieres hacer el viaje y Eyesight se encargar\u00e1 de frenar y recuperar la velocidad dependiendo de lo que encuentre en nuestro camino, siempre respetando la distancia de seguridad necesaria en carretera.<\/p>\n\n\n\n<p>Gracias al <a href=\"https:\/\/www.youtube.com\/watch?v=uGbWLndfm2o\" target=\"_blank\" rel=\"noreferrer noopener\">sistema Eyesight<\/a> ahora conduzco con cuatro ojos y viajo con m\u00e1s confianza y seguridad que nunca.<\/p>\n","protected":false},"excerpt":{"rendered":"<p>Subaru siempre ha sido sin\u00f3nimo de seguridad al volante y una de sus claves es sin duda la tecnolog\u00eda Eyesight de la que quiero hablaros hoy. Se trata de una asistencia a la conducci\u00f3n que no s\u00f3lo permite hacer un trayecto m\u00e1s seguro, si no mucho m\u00e1s c\u00f3modo para el que conduce. Normalmente hago muchos [&hellip;]<\/p>\n","protected":false},"author":23,"featured_media":24061,"comment_status":"open","ping_status":"closed","sticky":false,"template":"","format":"standard","meta":{"_acf_changed":false,"_eb_attr":"","inline_featured_image":false,"footnotes":""},"categories":[4401,4520],"tags":[3381,5105,4394,4571,5121,5045,5126,4575,5394,2628,4986,4950,4777,5231,5224,4219,3893,4464],"class_list":["post-24056","post","type-post","status-publish","format-standard","has-post-thumbnail","hentry","category-nuestra-marca","category-subaru-lifestyle","tag-coches-hibridos","tag-coches-seguros","tag-eyesight","tag-laura-madrueno","tag-maxima-seguridad-de-serie","tag-sawd","tag-seguridad-preventiva","tag-seguridad-subaru","tag-sistema-de-asistencia-a-la-conduccion","tag-sistema-de-seguridad","tag-sistema-de-seguridad-preventiva-eyesight","tag-sistema-eyesight","tag-subaru-all-around-safety","tag-subaru-forester-hybrid","tag-suv-seguro","tag-tecnologia-subaru","tag-todoterreno","tag-traccion-total-simetrica"],"acf":[],"yoast_head":"<!-- This site is optimized with the Yoast SEO plugin v27.3 - https:\/\/yoast.com\/product\/yoast-seo-wordpress\/ -->\n<title>Laura Madrue\u00f1o: Conduciendo con m\u00e1s ojos que nunca - Universo Subaru<\/title>\n<meta name=\"description\" content=\"Laura Madrue\u00f1o: Subaru es sin\u00f3nimo de seguridad al volante y una de sus claves es la tecnolog\u00eda Eyesight de la que quiero hablaros hoy.\" \/>\n<meta name=\"robots\" content=\"index, follow, max-snippet:-1, max-image-preview:large, max-video-preview:-1\" \/>\n<link rel=\"canonical\" href=\"https:\/\/www.subaru.es\/blog\/nuestra-marca\/laura-madrueno-conduciendo-con-mas-ojos-que-nunca\/\" \/>\n<meta property=\"og:locale\" content=\"es_ES\" \/>\n<meta property=\"og:type\" content=\"article\" \/>\n<meta property=\"og:title\" content=\"Laura Madrue\u00f1o: Conduciendo con m\u00e1s ojos que nunca - Universo Subaru\" \/>\n<meta property=\"og:description\" content=\"Laura Madrue\u00f1o: Subaru es sin\u00f3nimo de seguridad al volante y una de sus claves es la tecnolog\u00eda Eyesight de la que quiero hablaros hoy.\" \/>\n<meta property=\"og:url\" content=\"https:\/\/www.subaru.es\/blog\/nuestra-marca\/laura-madrueno-conduciendo-con-mas-ojos-que-nunca\/\" \/>\n<meta property=\"og:site_name\" content=\"Universo Subaru\" \/>\n<meta property=\"article:publisher\" content=\"https:\/\/www.facebook.com\/subaruespana\" \/>\n<meta property=\"article:published_time\" content=\"2022-10-05T08:23:00+00:00\" \/>\n<meta property=\"article:modified_time\" content=\"2022-12-09T08:50:43+00:00\" \/>\n<meta property=\"og:image\" content=\"https:\/\/www.subaru.es\/blog\/wp-content\/uploads\/2022\/09\/laura-portada.jpg\" \/>\n\t<meta property=\"og:image:width\" content=\"3531\" \/>\n\t<meta property=\"og:image:height\" content=\"1098\" \/>\n\t<meta property=\"og:image:type\" content=\"image\/jpeg\" \/>\n<meta name=\"author\" content=\"Laura Madrue\u00f1o\" \/>\n<meta name=\"twitter:card\" content=\"summary_large_image\" \/>\n<meta name=\"twitter:label1\" content=\"Escrito por\" \/>\n\t<meta name=\"twitter:data1\" content=\"Laura Madrue\u00f1o\" \/>\n\t<meta name=\"twitter:label2\" content=\"Tiempo de lectura\" \/>\n\t<meta name=\"twitter:data2\" content=\"3 minutos\" \/>\n<script type=\"application\/ld+json\" class=\"yoast-schema-graph\">{\"@context\":\"https:\\\/\\\/schema.org\",\"@graph\":[{\"@type\":\"Article\",\"@id\":\"https:\\\/\\\/www.subaru.es\\\/blog\\\/nuestra-marca\\\/laura-madrueno-conduciendo-con-mas-ojos-que-nunca\\\/#article\",\"isPartOf\":{\"@id\":\"https:\\\/\\\/www.subaru.es\\\/blog\\\/nuestra-marca\\\/laura-madrueno-conduciendo-con-mas-ojos-que-nunca\\\/\"},\"author\":{\"name\":\"Laura Madrue\u00f1o\",\"@id\":\"https:\\\/\\\/www.subaru.es\\\/blog\\\/#\\\/schema\\\/person\\\/8e9996ca340f1787ded9025fa4cc1e80\"},\"headline\":\"Laura Madrue\u00f1o: Conduciendo con m\u00e1s ojos que nunca\",\"datePublished\":\"2022-10-05T08:23:00+00:00\",\"dateModified\":\"2022-12-09T08:50:43+00:00\",\"mainEntityOfPage\":{\"@id\":\"https:\\\/\\\/www.subaru.es\\\/blog\\\/nuestra-marca\\\/laura-madrueno-conduciendo-con-mas-ojos-que-nunca\\\/\"},\"wordCount\":398,\"commentCount\":2,\"publisher\":{\"@id\":\"https:\\\/\\\/www.subaru.es\\\/blog\\\/#organization\"},\"image\":{\"@id\":\"https:\\\/\\\/www.subaru.es\\\/blog\\\/nuestra-marca\\\/laura-madrueno-conduciendo-con-mas-ojos-que-nunca\\\/#primaryimage\"},\"thumbnailUrl\":\"https:\\\/\\\/www.subaru.es\\\/blog\\\/wp-content\\\/uploads\\\/2022\\\/09\\\/laura-portada-scaled.jpg\",\"keywords\":[\"Coches h\u00edbridos\",\"coches seguros\",\"EyeSight\",\"Laura Madrue\u00f1o\",\"M\u00e1xima Seguridad de Serie\",\"SAWD\",\"Seguridad Preventiva\",\"Seguridad Subaru\",\"Sistema de asistencia a la conducci\u00f3n\",\"sistema de seguridad\",\"Sistema de Seguridad Preventiva Eyesight\",\"Sistema EyeSight\",\"Subaru All Around Safety\",\"Subaru Forester HYBRID\",\"suv seguro\",\"Tecnolog\u00eda Subaru\",\"todoterreno\",\"Traccion Total Simetrica\"],\"articleSection\":[\"Nuestra marca\",\"Subaru LifeStyle\"],\"inLanguage\":\"es\",\"potentialAction\":[{\"@type\":\"CommentAction\",\"name\":\"Comment\",\"target\":[\"https:\\\/\\\/www.subaru.es\\\/blog\\\/nuestra-marca\\\/laura-madrueno-conduciendo-con-mas-ojos-que-nunca\\\/#respond\"]}]},{\"@type\":\"WebPage\",\"@id\":\"https:\\\/\\\/www.subaru.es\\\/blog\\\/nuestra-marca\\\/laura-madrueno-conduciendo-con-mas-ojos-que-nunca\\\/\",\"url\":\"https:\\\/\\\/www.subaru.es\\\/blog\\\/nuestra-marca\\\/laura-madrueno-conduciendo-con-mas-ojos-que-nunca\\\/\",\"name\":\"Laura Madrue\u00f1o: Conduciendo con m\u00e1s ojos que nunca - Universo Subaru\",\"isPartOf\":{\"@id\":\"https:\\\/\\\/www.subaru.es\\\/blog\\\/#website\"},\"primaryImageOfPage\":{\"@id\":\"https:\\\/\\\/www.subaru.es\\\/blog\\\/nuestra-marca\\\/laura-madrueno-conduciendo-con-mas-ojos-que-nunca\\\/#primaryimage\"},\"image\":{\"@id\":\"https:\\\/\\\/www.subaru.es\\\/blog\\\/nuestra-marca\\\/laura-madrueno-conduciendo-con-mas-ojos-que-nunca\\\/#primaryimage\"},\"thumbnailUrl\":\"https:\\\/\\\/www.subaru.es\\\/blog\\\/wp-content\\\/uploads\\\/2022\\\/09\\\/laura-portada-scaled.jpg\",\"datePublished\":\"2022-10-05T08:23:00+00:00\",\"dateModified\":\"2022-12-09T08:50:43+00:00\",\"description\":\"Laura Madrue\u00f1o: Subaru es sin\u00f3nimo de seguridad al volante y una de sus claves es la tecnolog\u00eda Eyesight de la que quiero hablaros hoy.\",\"breadcrumb\":{\"@id\":\"https:\\\/\\\/www.subaru.es\\\/blog\\\/nuestra-marca\\\/laura-madrueno-conduciendo-con-mas-ojos-que-nunca\\\/#breadcrumb\"},\"inLanguage\":\"es\",\"potentialAction\":[{\"@type\":\"ReadAction\",\"target\":[\"https:\\\/\\\/www.subaru.es\\\/blog\\\/nuestra-marca\\\/laura-madrueno-conduciendo-con-mas-ojos-que-nunca\\\/\"]}]},{\"@type\":\"ImageObject\",\"inLanguage\":\"es\",\"@id\":\"https:\\\/\\\/www.subaru.es\\\/blog\\\/nuestra-marca\\\/laura-madrueno-conduciendo-con-mas-ojos-que-nunca\\\/#primaryimage\",\"url\":\"https:\\\/\\\/www.subaru.es\\\/blog\\\/wp-content\\\/uploads\\\/2022\\\/09\\\/laura-portada-scaled.jpg\",\"contentUrl\":\"https:\\\/\\\/www.subaru.es\\\/blog\\\/wp-content\\\/uploads\\\/2022\\\/09\\\/laura-portada-scaled.jpg\",\"width\":2560,\"height\":796,\"caption\":\"Laura Madrueno EyeSight\"},{\"@type\":\"BreadcrumbList\",\"@id\":\"https:\\\/\\\/www.subaru.es\\\/blog\\\/nuestra-marca\\\/laura-madrueno-conduciendo-con-mas-ojos-que-nunca\\\/#breadcrumb\",\"itemListElement\":[{\"@type\":\"ListItem\",\"position\":1,\"name\":\"Portada\",\"item\":\"https:\\\/\\\/www.subaru.es\\\/blog\\\/\"},{\"@type\":\"ListItem\",\"position\":2,\"name\":\"Laura Madrue\u00f1o: Conduciendo con m\u00e1s ojos que nunca\"}]},{\"@type\":\"WebSite\",\"@id\":\"https:\\\/\\\/www.subaru.es\\\/blog\\\/#website\",\"url\":\"https:\\\/\\\/www.subaru.es\\\/blog\\\/\",\"name\":\"Universo Subaru\",\"description\":\"Descubre este apasionante espacio de Subaru donde vas a conocer todo sobre nuestros coches y las experiencias que vivimos con ellos. Si est\u00e1s preparado para dejarte seducir por la filosof\u00eda Subaru, qu\u00e9date con nosotros.\",\"publisher\":{\"@id\":\"https:\\\/\\\/www.subaru.es\\\/blog\\\/#organization\"},\"potentialAction\":[{\"@type\":\"SearchAction\",\"target\":{\"@type\":\"EntryPoint\",\"urlTemplate\":\"https:\\\/\\\/www.subaru.es\\\/blog\\\/?s={search_term_string}\"},\"query-input\":{\"@type\":\"PropertyValueSpecification\",\"valueRequired\":true,\"valueName\":\"search_term_string\"}}],\"inLanguage\":\"es\"},{\"@type\":\"Organization\",\"@id\":\"https:\\\/\\\/www.subaru.es\\\/blog\\\/#organization\",\"name\":\"Subaru Espa\u00f1a S.A.\",\"url\":\"https:\\\/\\\/www.subaru.es\\\/blog\\\/\",\"logo\":{\"@type\":\"ImageObject\",\"inLanguage\":\"es\",\"@id\":\"https:\\\/\\\/www.subaru.es\\\/blog\\\/#\\\/schema\\\/logo\\\/image\\\/\",\"url\":\"https:\\\/\\\/www.subaru.es\\\/blog\\\/wp-content\\\/uploads\\\/2016\\\/12\\\/Logo-Subaru-TypeV_C300-scaled.jpg\",\"contentUrl\":\"https:\\\/\\\/www.subaru.es\\\/blog\\\/wp-content\\\/uploads\\\/2016\\\/12\\\/Logo-Subaru-TypeV_C300-scaled.jpg\",\"width\":2560,\"height\":1864,\"caption\":\"Subaru Espa\u00f1a S.A.\"},\"image\":{\"@id\":\"https:\\\/\\\/www.subaru.es\\\/blog\\\/#\\\/schema\\\/logo\\\/image\\\/\"},\"sameAs\":[\"https:\\\/\\\/www.facebook.com\\\/subaruespana\",\"https:\\\/\\\/www.instagram.com\\\/subarues\\\/\",\"https:\\\/\\\/www.youtube.com\\\/user\\\/subaruespana\"]},{\"@type\":\"Person\",\"@id\":\"https:\\\/\\\/www.subaru.es\\\/blog\\\/#\\\/schema\\\/person\\\/8e9996ca340f1787ded9025fa4cc1e80\",\"name\":\"Laura Madrue\u00f1o\",\"url\":\"https:\\\/\\\/www.subaru.es\\\/blog\\\/author\\\/laura-madrueno\\\/\"}]}<\/script>\n<!-- \/ Yoast SEO plugin. -->","yoast_head_json":{"title":"Laura Madrue\u00f1o: Conduciendo con m\u00e1s ojos que nunca - Universo Subaru","description":"Laura Madrue\u00f1o: Subaru es sin\u00f3nimo de seguridad al volante y una de sus claves es la tecnolog\u00eda Eyesight de la que quiero hablaros hoy.","robots":{"index":"index","follow":"follow","max-snippet":"max-snippet:-1","max-image-preview":"max-image-preview:large","max-video-preview":"max-video-preview:-1"},"canonical":"https:\/\/www.subaru.es\/blog\/nuestra-marca\/laura-madrueno-conduciendo-con-mas-ojos-que-nunca\/","og_locale":"es_ES","og_type":"article","og_title":"Laura Madrue\u00f1o: Conduciendo con m\u00e1s ojos que nunca - Universo Subaru","og_description":"Laura Madrue\u00f1o: Subaru es sin\u00f3nimo de seguridad al volante y una de sus claves es la tecnolog\u00eda Eyesight de la que quiero hablaros hoy.","og_url":"https:\/\/www.subaru.es\/blog\/nuestra-marca\/laura-madrueno-conduciendo-con-mas-ojos-que-nunca\/","og_site_name":"Universo Subaru","article_publisher":"https:\/\/www.facebook.com\/subaruespana","article_published_time":"2022-10-05T08:23:00+00:00","article_modified_time":"2022-12-09T08:50:43+00:00","og_image":[{"width":3531,"height":1098,"url":"https:\/\/www.subaru.es\/blog\/wp-content\/uploads\/2022\/09\/laura-portada.jpg","type":"image\/jpeg"}],"author":"Laura Madrue\u00f1o","twitter_card":"summary_large_image","twitter_misc":{"Escrito por":"Laura Madrue\u00f1o","Tiempo de lectura":"3 minutos"},"schema":{"@context":"https:\/\/schema.org","@graph":[{"@type":"Article","@id":"https:\/\/www.subaru.es\/blog\/nuestra-marca\/laura-madrueno-conduciendo-con-mas-ojos-que-nunca\/#article","isPartOf":{"@id":"https:\/\/www.subaru.es\/blog\/nuestra-marca\/laura-madrueno-conduciendo-con-mas-ojos-que-nunca\/"},"author":{"name":"Laura Madrue\u00f1o","@id":"https:\/\/www.subaru.es\/blog\/#\/schema\/person\/8e9996ca340f1787ded9025fa4cc1e80"},"headline":"Laura Madrue\u00f1o: Conduciendo con m\u00e1s ojos que nunca","datePublished":"2022-10-05T08:23:00+00:00","dateModified":"2022-12-09T08:50:43+00:00","mainEntityOfPage":{"@id":"https:\/\/www.subaru.es\/blog\/nuestra-marca\/laura-madrueno-conduciendo-con-mas-ojos-que-nunca\/"},"wordCount":398,"commentCount":2,"publisher":{"@id":"https:\/\/www.subaru.es\/blog\/#organization"},"image":{"@id":"https:\/\/www.subaru.es\/blog\/nuestra-marca\/laura-madrueno-conduciendo-con-mas-ojos-que-nunca\/#primaryimage"},"thumbnailUrl":"https:\/\/www.subaru.es\/blog\/wp-content\/uploads\/2022\/09\/laura-portada-scaled.jpg","keywords":["Coches h\u00edbridos","coches seguros","EyeSight","Laura Madrue\u00f1o","M\u00e1xima Seguridad de Serie","SAWD","Seguridad Preventiva","Seguridad Subaru","Sistema de asistencia a la conducci\u00f3n","sistema de seguridad","Sistema de Seguridad Preventiva Eyesight","Sistema EyeSight","Subaru All Around Safety","Subaru Forester HYBRID","suv seguro","Tecnolog\u00eda Subaru","todoterreno","Traccion Total Simetrica"],"articleSection":["Nuestra marca","Subaru LifeStyle"],"inLanguage":"es","potentialAction":[{"@type":"CommentAction","name":"Comment","target":["https:\/\/www.subaru.es\/blog\/nuestra-marca\/laura-madrueno-conduciendo-con-mas-ojos-que-nunca\/#respond"]}]},{"@type":"WebPage","@id":"https:\/\/www.subaru.es\/blog\/nuestra-marca\/laura-madrueno-conduciendo-con-mas-ojos-que-nunca\/","url":"https:\/\/www.subaru.es\/blog\/nuestra-marca\/laura-madrueno-conduciendo-con-mas-ojos-que-nunca\/","name":"Laura Madrue\u00f1o: Conduciendo con m\u00e1s ojos que nunca - Universo Subaru","isPartOf":{"@id":"https:\/\/www.subaru.es\/blog\/#website"},"primaryImageOfPage":{"@id":"https:\/\/www.subaru.es\/blog\/nuestra-marca\/laura-madrueno-conduciendo-con-mas-ojos-que-nunca\/#primaryimage"},"image":{"@id":"https:\/\/www.subaru.es\/blog\/nuestra-marca\/laura-madrueno-conduciendo-con-mas-ojos-que-nunca\/#primaryimage"},"thumbnailUrl":"https:\/\/www.subaru.es\/blog\/wp-content\/uploads\/2022\/09\/laura-portada-scaled.jpg","datePublished":"2022-10-05T08:23:00+00:00","dateModified":"2022-12-09T08:50:43+00:00","description":"Laura Madrue\u00f1o: Subaru es sin\u00f3nimo de seguridad al volante y una de sus claves es la tecnolog\u00eda Eyesight de la que quiero hablaros hoy.","breadcrumb":{"@id":"https:\/\/www.subaru.es\/blog\/nuestra-marca\/laura-madrueno-conduciendo-con-mas-ojos-que-nunca\/#breadcrumb"},"inLanguage":"es","potentialAction":[{"@type":"ReadAction","target":["https:\/\/www.subaru.es\/blog\/nuestra-marca\/laura-madrueno-conduciendo-con-mas-ojos-que-nunca\/"]}]},{"@type":"ImageObject","inLanguage":"es","@id":"https:\/\/www.subaru.es\/blog\/nuestra-marca\/laura-madrueno-conduciendo-con-mas-ojos-que-nunca\/#primaryimage","url":"https:\/\/www.subaru.es\/blog\/wp-content\/uploads\/2022\/09\/laura-portada-scaled.jpg","contentUrl":"https:\/\/www.subaru.es\/blog\/wp-content\/uploads\/2022\/09\/laura-portada-scaled.jpg","width":2560,"height":796,"caption":"Laura Madrueno EyeSight"},{"@type":"BreadcrumbList","@id":"https:\/\/www.subaru.es\/blog\/nuestra-marca\/laura-madrueno-conduciendo-con-mas-ojos-que-nunca\/#breadcrumb","itemListElement":[{"@type":"ListItem","position":1,"name":"Portada","item":"https:\/\/www.subaru.es\/blog\/"},{"@type":"ListItem","position":2,"name":"Laura Madrue\u00f1o: Conduciendo con m\u00e1s ojos que nunca"}]},{"@type":"WebSite","@id":"https:\/\/www.subaru.es\/blog\/#website","url":"https:\/\/www.subaru.es\/blog\/","name":"Universo Subaru","description":"Descubre este apasionante espacio de Subaru donde vas a conocer todo sobre nuestros coches y las experiencias que vivimos con ellos. Si est\u00e1s preparado para dejarte seducir por la filosof\u00eda Subaru, qu\u00e9date con nosotros.","publisher":{"@id":"https:\/\/www.subaru.es\/blog\/#organization"},"potentialAction":[{"@type":"SearchAction","target":{"@type":"EntryPoint","urlTemplate":"https:\/\/www.subaru.es\/blog\/?s={search_term_string}"},"query-input":{"@type":"PropertyValueSpecification","valueRequired":true,"valueName":"search_term_string"}}],"inLanguage":"es"},{"@type":"Organization","@id":"https:\/\/www.subaru.es\/blog\/#organization","name":"Subaru Espa\u00f1a S.A.","url":"https:\/\/www.subaru.es\/blog\/","logo":{"@type":"ImageObject","inLanguage":"es","@id":"https:\/\/www.subaru.es\/blog\/#\/schema\/logo\/image\/","url":"https:\/\/www.subaru.es\/blog\/wp-content\/uploads\/2016\/12\/Logo-Subaru-TypeV_C300-scaled.jpg","contentUrl":"https:\/\/www.subaru.es\/blog\/wp-content\/uploads\/2016\/12\/Logo-Subaru-TypeV_C300-scaled.jpg","width":2560,"height":1864,"caption":"Subaru Espa\u00f1a S.A."},"image":{"@id":"https:\/\/www.subaru.es\/blog\/#\/schema\/logo\/image\/"},"sameAs":["https:\/\/www.facebook.com\/subaruespana","https:\/\/www.instagram.com\/subarues\/","https:\/\/www.youtube.com\/user\/subaruespana"]},{"@type":"Person","@id":"https:\/\/www.subaru.es\/blog\/#\/schema\/person\/8e9996ca340f1787ded9025fa4cc1e80","name":"Laura Madrue\u00f1o","url":"https:\/\/www.subaru.es\/blog\/author\/laura-madrueno\/"}]}},"_links":{"self":[{"href":"https:\/\/www.subaru.es\/blog\/wp-json\/wp\/v2\/posts\/24056","targetHints":{"allow":["GET"]}}],"collection":[{"href":"https:\/\/www.subaru.es\/blog\/wp-json\/wp\/v2\/posts"}],"about":[{"href":"https:\/\/www.subaru.es\/blog\/wp-json\/wp\/v2\/types\/post"}],"author":[{"embeddable":true,"href":"https:\/\/www.subaru.es\/blog\/wp-json\/wp\/v2\/users\/23"}],"replies":[{"embeddable":true,"href":"https:\/\/www.subaru.es\/blog\/wp-json\/wp\/v2\/comments?post=24056"}],"version-history":[{"count":6,"href":"https:\/\/www.subaru.es\/blog\/wp-json\/wp\/v2\/posts\/24056\/revisions"}],"predecessor-version":[{"id":24107,"href":"https:\/\/www.subaru.es\/blog\/wp-json\/wp\/v2\/posts\/24056\/revisions\/24107"}],"wp:featuredmedia":[{"embeddable":true,"href":"https:\/\/www.subaru.es\/blog\/wp-json\/wp\/v2\/media\/24061"}],"wp:attachment":[{"href":"https:\/\/www.subaru.es\/blog\/wp-json\/wp\/v2\/media?parent=24056"}],"wp:term":[{"taxonomy":"category","embeddable":true,"href":"https:\/\/www.subaru.es\/blog\/wp-json\/wp\/v2\/categories?post=24056"},{"taxonomy":"post_tag","embeddable":true,"href":"https:\/\/www.subaru.es\/blog\/wp-json\/wp\/v2\/tags?post=24056"}],"curies":[{"name":"wp","href":"https:\/\/api.w.org\/{rel}","templated":true}]}}