{"id":240,"date":"2007-10-10T12:38:43","date_gmt":"2007-10-10T10:38:43","guid":{"rendered":"http:\/\/subaru.preproduccion.com\/blog\/wp-content\/2007\/10\/10\/subaru-y-la-universidad-de-chile-directos-a-la-world-solar-challenge-2007\/"},"modified":"2016-10-17T15:09:28","modified_gmt":"2016-10-17T13:09:28","slug":"subaru-y-la-universidad-de-chile-directos-a-la-world-solar-challenge-2007","status":"publish","type":"post","link":"https:\/\/www.subaru.es\/blog\/nuestra-marca\/subaru-y-la-universidad-de-chile-directos-a-la-world-solar-challenge-2007\/","title":{"rendered":"Subaru y la Universidad de Chile directos a la World Solar Challenge 2007"},"content":{"rendered":"<p><strong>Subaru<\/strong>, siempre pendiente de mantenerse a la vanguardia de la tecnolog\u00eda en el sector automovil\u00edstico, ha asumido el <a href=\"http:\/\/www.cl.autocosmos.com\/noticias\/expand.asp?id=15735\">compromiso<\/a> de apoyar el desarrollo del <strong>proyecto Eolian en Chile<\/strong>, convirti\u00e9ndose en el principal soporte del vehiculo  desarrollado por alumnos de los departamentos de Ingenier\u00eda Mec\u00e1nica, Ingenier\u00eda El\u00e9ctrica, Ingenier\u00eda Civil, Geof\u00edsica e Ingenier\u00eda Matem\u00e1tica, y tambi\u00e9n la Escuela de Dise\u00f1o de la <a href=\"http:\/\/ingenieria.uchile.cl\/boletin\/noticia.php?id=9524\">Universidad de Chile<\/a>. <strong>Eolian, consiste en el primer auto solar construido y dise\u00f1ado en Latinoam\u00e9rica<\/strong>, con el fin que pueda participar exitosamente en el <strong>World Solar Challenge 2007<\/strong>, que se realizar\u00e1 en Australia e pr\u00f3ximo 21 de Octubre.<\/p>\n<p>El modelo ya fue probado en el <strong>Desierto de Atacama<\/strong> como preludio a lo que ser\u00e1 su participaci\u00f3n en la prueba m\u00e1s importante de la especialidad a nivel mundial que se disputa en Australia desde 1987, y en el que <a href=\"http:\/\/www.fayerwayer.com\/2007\/09\/eolian-primer-auto-solar-chileno-parte-a-la-world-solar-challenge\/comentarios\/\">ser\u00e1 el primer auto solar<\/a> de toda Latinoam\u00e9rica que participa en la carrera.<\/p>\n<p><center><a href='https:\/\/www.subaru.es\/blog\/wp-content\/uploads\/2007\/10\/proyecto-chile-1.jpg' title='proyecto-chile-1.jpg'><img data-src='https:\/\/www.subaru.es\/blog\/wp-content\/uploads\/2007\/10\/proyecto-chile-1.jpg' alt='proyecto-chile-1.jpg' src='data:image\/svg+xml;base64,PHN2ZyB3aWR0aD0iMSIgaGVpZ2h0PSIxIiB4bWxucz0iaHR0cDovL3d3dy53My5vcmcvMjAwMC9zdmciPjwvc3ZnPg==' class='lazyload' style='--smush-placeholder-width: 400px; --smush-placeholder-aspect-ratio: 400\/280;' \/><\/a><\/center><center><strong>La espectacularidad del prototipo promovido por energia solar salta a la vista<\/strong><\/center>.<\/p>\n<p>Eolian, de 5 metros de longitud, esta construido de fibra de vidrio con un 80 por ciento de superficie cubierta con celdas solares, que recogen la energ\u00eda que alimenta sus bater\u00edas que abastecen el motor el\u00e9ctrico. Posee tres ruedas y una peque\u00f1a cabina para el piloto.<\/p>\n<p>El pasado 29 de septiembre fue presentado en el Parque O\u2019Higgins de Santiago, donde <strong>alcanz\u00f3 la velocidad de 60 Km\/h<\/strong>.<\/p>\n<p>Subaru apoyar\u00e1 al equipo de Eolian con recursos econ\u00f3micos y veh\u00edculos de apoyo en las pruebas finales a realizarse en Chile a fines de este mes y durante su participaci\u00f3n en el World Solar Challenge 2007, que se lleva a cabo cada dos a\u00f1os y contempla 3.021 kil\u00f3metros de recorrido, en la que los participantes s\u00f3lo pueden ser impulsados por energ\u00eda generada a partir de celdas solares.<\/p>\n","protected":false},"excerpt":{"rendered":"<p>Subaru, siempre pendiente de mantenerse a la vanguardia de la tecnolog\u00eda en el sector automovil\u00edstico, ha asumido el compromiso de apoyar el desarrollo del proyecto Eolian en Chile, convirti\u00e9ndose en el principal soporte del vehiculo desarrollado por alumnos de los departamentos de Ingenier\u00eda Mec\u00e1nica, Ingenier\u00eda El\u00e9ctrica, Ingenier\u00eda Civil, Geof\u00edsica e Ingenier\u00eda Matem\u00e1tica, y tambi\u00e9n la [&hellip;]<\/p>\n","protected":false},"author":21,"featured_media":241,"comment_status":"open","ping_status":"open","sticky":false,"template":"","format":"standard","meta":{"_acf_changed":false,"_eb_attr":"","inline_featured_image":false,"footnotes":""},"categories":[4401],"tags":[],"class_list":["post-240","post","type-post","status-publish","format-standard","has-post-thumbnail","hentry","category-nuestra-marca"],"acf":[],"yoast_head":"<!-- This site is optimized with the Yoast SEO plugin v27.3 - https:\/\/yoast.com\/product\/yoast-seo-wordpress\/ -->\n<title>Subaru y la Universidad de Chile directos a la World Solar Challenge 2007 - Universo Subaru<\/title>\n<meta name=\"robots\" content=\"index, follow, max-snippet:-1, max-image-preview:large, max-video-preview:-1\" \/>\n<link rel=\"canonical\" href=\"https:\/\/www.subaru.es\/blog\/nuestra-marca\/subaru-y-la-universidad-de-chile-directos-a-la-world-solar-challenge-2007\/\" \/>\n<meta property=\"og:locale\" content=\"es_ES\" \/>\n<meta property=\"og:type\" content=\"article\" \/>\n<meta property=\"og:title\" content=\"Subaru y la Universidad de Chile directos a la World Solar Challenge 2007 - Universo Subaru\" \/>\n<meta property=\"og:description\" content=\"Subaru, siempre pendiente de mantenerse a la vanguardia de la tecnolog\u00eda en el sector automovil\u00edstico, ha asumido el compromiso de apoyar el desarrollo del proyecto Eolian en Chile, convirti\u00e9ndose en el principal soporte del vehiculo desarrollado por alumnos de los departamentos de Ingenier\u00eda Mec\u00e1nica, Ingenier\u00eda El\u00e9ctrica, Ingenier\u00eda Civil, Geof\u00edsica e Ingenier\u00eda Matem\u00e1tica, y tambi\u00e9n la [&hellip;]\" \/>\n<meta property=\"og:url\" content=\"https:\/\/www.subaru.es\/blog\/nuestra-marca\/subaru-y-la-universidad-de-chile-directos-a-la-world-solar-challenge-2007\/\" \/>\n<meta property=\"og:site_name\" content=\"Universo Subaru\" \/>\n<meta property=\"article:publisher\" content=\"https:\/\/www.facebook.com\/subaruespana\" \/>\n<meta property=\"article:published_time\" content=\"2007-10-10T10:38:43+00:00\" \/>\n<meta property=\"article:modified_time\" content=\"2016-10-17T13:09:28+00:00\" \/>\n<meta property=\"og:image\" content=\"https:\/\/www.subaru.es\/blog\/wp-content\/uploads\/2007\/10\/proyecto-chile-1.jpg\" \/>\n\t<meta property=\"og:image:width\" content=\"400\" \/>\n\t<meta property=\"og:image:height\" content=\"280\" \/>\n\t<meta property=\"og:image:type\" content=\"image\/jpeg\" \/>\n<meta name=\"author\" content=\"Subaru\" \/>\n<meta name=\"twitter:card\" content=\"summary_large_image\" \/>\n<meta name=\"twitter:label1\" content=\"Escrito por\" \/>\n\t<meta name=\"twitter:data1\" content=\"Subaru\" \/>\n\t<meta name=\"twitter:label2\" content=\"Tiempo de lectura\" \/>\n\t<meta name=\"twitter:data2\" content=\"2 minutos\" \/>\n<script type=\"application\/ld+json\" class=\"yoast-schema-graph\">{\"@context\":\"https:\\\/\\\/schema.org\",\"@graph\":[{\"@type\":\"Article\",\"@id\":\"https:\\\/\\\/www.subaru.es\\\/blog\\\/nuestra-marca\\\/subaru-y-la-universidad-de-chile-directos-a-la-world-solar-challenge-2007\\\/#article\",\"isPartOf\":{\"@id\":\"https:\\\/\\\/www.subaru.es\\\/blog\\\/nuestra-marca\\\/subaru-y-la-universidad-de-chile-directos-a-la-world-solar-challenge-2007\\\/\"},\"author\":{\"name\":\"Subaru\",\"@id\":\"https:\\\/\\\/www.subaru.es\\\/blog\\\/#\\\/schema\\\/person\\\/19a90b892230b8e0ec752704ddf4aa10\"},\"headline\":\"Subaru y la Universidad de Chile directos a la World Solar Challenge 2007\",\"datePublished\":\"2007-10-10T10:38:43+00:00\",\"dateModified\":\"2016-10-17T13:09:28+00:00\",\"mainEntityOfPage\":{\"@id\":\"https:\\\/\\\/www.subaru.es\\\/blog\\\/nuestra-marca\\\/subaru-y-la-universidad-de-chile-directos-a-la-world-solar-challenge-2007\\\/\"},\"wordCount\":331,\"commentCount\":1,\"publisher\":{\"@id\":\"https:\\\/\\\/www.subaru.es\\\/blog\\\/#organization\"},\"image\":{\"@id\":\"https:\\\/\\\/www.subaru.es\\\/blog\\\/nuestra-marca\\\/subaru-y-la-universidad-de-chile-directos-a-la-world-solar-challenge-2007\\\/#primaryimage\"},\"thumbnailUrl\":\"https:\\\/\\\/www.subaru.es\\\/blog\\\/wp-content\\\/uploads\\\/2007\\\/10\\\/proyecto-chile-1.jpg\",\"articleSection\":[\"Nuestra marca\"],\"inLanguage\":\"es\",\"potentialAction\":[{\"@type\":\"CommentAction\",\"name\":\"Comment\",\"target\":[\"https:\\\/\\\/www.subaru.es\\\/blog\\\/nuestra-marca\\\/subaru-y-la-universidad-de-chile-directos-a-la-world-solar-challenge-2007\\\/#respond\"]}]},{\"@type\":\"WebPage\",\"@id\":\"https:\\\/\\\/www.subaru.es\\\/blog\\\/nuestra-marca\\\/subaru-y-la-universidad-de-chile-directos-a-la-world-solar-challenge-2007\\\/\",\"url\":\"https:\\\/\\\/www.subaru.es\\\/blog\\\/nuestra-marca\\\/subaru-y-la-universidad-de-chile-directos-a-la-world-solar-challenge-2007\\\/\",\"name\":\"Subaru y la Universidad de Chile directos a la World Solar Challenge 2007 - Universo Subaru\",\"isPartOf\":{\"@id\":\"https:\\\/\\\/www.subaru.es\\\/blog\\\/#website\"},\"primaryImageOfPage\":{\"@id\":\"https:\\\/\\\/www.subaru.es\\\/blog\\\/nuestra-marca\\\/subaru-y-la-universidad-de-chile-directos-a-la-world-solar-challenge-2007\\\/#primaryimage\"},\"image\":{\"@id\":\"https:\\\/\\\/www.subaru.es\\\/blog\\\/nuestra-marca\\\/subaru-y-la-universidad-de-chile-directos-a-la-world-solar-challenge-2007\\\/#primaryimage\"},\"thumbnailUrl\":\"https:\\\/\\\/www.subaru.es\\\/blog\\\/wp-content\\\/uploads\\\/2007\\\/10\\\/proyecto-chile-1.jpg\",\"datePublished\":\"2007-10-10T10:38:43+00:00\",\"dateModified\":\"2016-10-17T13:09:28+00:00\",\"breadcrumb\":{\"@id\":\"https:\\\/\\\/www.subaru.es\\\/blog\\\/nuestra-marca\\\/subaru-y-la-universidad-de-chile-directos-a-la-world-solar-challenge-2007\\\/#breadcrumb\"},\"inLanguage\":\"es\",\"potentialAction\":[{\"@type\":\"ReadAction\",\"target\":[\"https:\\\/\\\/www.subaru.es\\\/blog\\\/nuestra-marca\\\/subaru-y-la-universidad-de-chile-directos-a-la-world-solar-challenge-2007\\\/\"]}]},{\"@type\":\"ImageObject\",\"inLanguage\":\"es\",\"@id\":\"https:\\\/\\\/www.subaru.es\\\/blog\\\/nuestra-marca\\\/subaru-y-la-universidad-de-chile-directos-a-la-world-solar-challenge-2007\\\/#primaryimage\",\"url\":\"https:\\\/\\\/www.subaru.es\\\/blog\\\/wp-content\\\/uploads\\\/2007\\\/10\\\/proyecto-chile-1.jpg\",\"contentUrl\":\"https:\\\/\\\/www.subaru.es\\\/blog\\\/wp-content\\\/uploads\\\/2007\\\/10\\\/proyecto-chile-1.jpg\",\"width\":400,\"height\":280},{\"@type\":\"BreadcrumbList\",\"@id\":\"https:\\\/\\\/www.subaru.es\\\/blog\\\/nuestra-marca\\\/subaru-y-la-universidad-de-chile-directos-a-la-world-solar-challenge-2007\\\/#breadcrumb\",\"itemListElement\":[{\"@type\":\"ListItem\",\"position\":1,\"name\":\"Portada\",\"item\":\"https:\\\/\\\/www.subaru.es\\\/blog\\\/\"},{\"@type\":\"ListItem\",\"position\":2,\"name\":\"Subaru y la Universidad de Chile directos a la World Solar Challenge 2007\"}]},{\"@type\":\"WebSite\",\"@id\":\"https:\\\/\\\/www.subaru.es\\\/blog\\\/#website\",\"url\":\"https:\\\/\\\/www.subaru.es\\\/blog\\\/\",\"name\":\"Universo Subaru\",\"description\":\"Descubre este apasionante espacio de Subaru donde vas a conocer todo sobre nuestros coches y las experiencias que vivimos con ellos. Si est\u00e1s preparado para dejarte seducir por la filosof\u00eda Subaru, qu\u00e9date con nosotros.\",\"publisher\":{\"@id\":\"https:\\\/\\\/www.subaru.es\\\/blog\\\/#organization\"},\"potentialAction\":[{\"@type\":\"SearchAction\",\"target\":{\"@type\":\"EntryPoint\",\"urlTemplate\":\"https:\\\/\\\/www.subaru.es\\\/blog\\\/?s={search_term_string}\"},\"query-input\":{\"@type\":\"PropertyValueSpecification\",\"valueRequired\":true,\"valueName\":\"search_term_string\"}}],\"inLanguage\":\"es\"},{\"@type\":\"Organization\",\"@id\":\"https:\\\/\\\/www.subaru.es\\\/blog\\\/#organization\",\"name\":\"Subaru Espa\u00f1a S.A.\",\"url\":\"https:\\\/\\\/www.subaru.es\\\/blog\\\/\",\"logo\":{\"@type\":\"ImageObject\",\"inLanguage\":\"es\",\"@id\":\"https:\\\/\\\/www.subaru.es\\\/blog\\\/#\\\/schema\\\/logo\\\/image\\\/\",\"url\":\"https:\\\/\\\/www.subaru.es\\\/blog\\\/wp-content\\\/uploads\\\/2016\\\/12\\\/Logo-Subaru-TypeV_C300-scaled.jpg\",\"contentUrl\":\"https:\\\/\\\/www.subaru.es\\\/blog\\\/wp-content\\\/uploads\\\/2016\\\/12\\\/Logo-Subaru-TypeV_C300-scaled.jpg\",\"width\":2560,\"height\":1864,\"caption\":\"Subaru Espa\u00f1a S.A.\"},\"image\":{\"@id\":\"https:\\\/\\\/www.subaru.es\\\/blog\\\/#\\\/schema\\\/logo\\\/image\\\/\"},\"sameAs\":[\"https:\\\/\\\/www.facebook.com\\\/subaruespana\",\"https:\\\/\\\/www.instagram.com\\\/subarues\\\/\",\"https:\\\/\\\/www.youtube.com\\\/user\\\/subaruespana\"]},{\"@type\":\"Person\",\"@id\":\"https:\\\/\\\/www.subaru.es\\\/blog\\\/#\\\/schema\\\/person\\\/19a90b892230b8e0ec752704ddf4aa10\",\"name\":\"Subaru\",\"url\":\"https:\\\/\\\/www.subaru.es\\\/blog\\\/author\\\/subaria\\\/\"}]}<\/script>\n<!-- \/ Yoast SEO plugin. -->","yoast_head_json":{"title":"Subaru y la Universidad de Chile directos a la World Solar Challenge 2007 - Universo Subaru","robots":{"index":"index","follow":"follow","max-snippet":"max-snippet:-1","max-image-preview":"max-image-preview:large","max-video-preview":"max-video-preview:-1"},"canonical":"https:\/\/www.subaru.es\/blog\/nuestra-marca\/subaru-y-la-universidad-de-chile-directos-a-la-world-solar-challenge-2007\/","og_locale":"es_ES","og_type":"article","og_title":"Subaru y la Universidad de Chile directos a la World Solar Challenge 2007 - Universo Subaru","og_description":"Subaru, siempre pendiente de mantenerse a la vanguardia de la tecnolog\u00eda en el sector automovil\u00edstico, ha asumido el compromiso de apoyar el desarrollo del proyecto Eolian en Chile, convirti\u00e9ndose en el principal soporte del vehiculo desarrollado por alumnos de los departamentos de Ingenier\u00eda Mec\u00e1nica, Ingenier\u00eda El\u00e9ctrica, Ingenier\u00eda Civil, Geof\u00edsica e Ingenier\u00eda Matem\u00e1tica, y tambi\u00e9n la [&hellip;]","og_url":"https:\/\/www.subaru.es\/blog\/nuestra-marca\/subaru-y-la-universidad-de-chile-directos-a-la-world-solar-challenge-2007\/","og_site_name":"Universo Subaru","article_publisher":"https:\/\/www.facebook.com\/subaruespana","article_published_time":"2007-10-10T10:38:43+00:00","article_modified_time":"2016-10-17T13:09:28+00:00","og_image":[{"width":400,"height":280,"url":"https:\/\/www.subaru.es\/blog\/wp-content\/uploads\/2007\/10\/proyecto-chile-1.jpg","type":"image\/jpeg"}],"author":"Subaru","twitter_card":"summary_large_image","twitter_misc":{"Escrito por":"Subaru","Tiempo de lectura":"2 minutos"},"schema":{"@context":"https:\/\/schema.org","@graph":[{"@type":"Article","@id":"https:\/\/www.subaru.es\/blog\/nuestra-marca\/subaru-y-la-universidad-de-chile-directos-a-la-world-solar-challenge-2007\/#article","isPartOf":{"@id":"https:\/\/www.subaru.es\/blog\/nuestra-marca\/subaru-y-la-universidad-de-chile-directos-a-la-world-solar-challenge-2007\/"},"author":{"name":"Subaru","@id":"https:\/\/www.subaru.es\/blog\/#\/schema\/person\/19a90b892230b8e0ec752704ddf4aa10"},"headline":"Subaru y la Universidad de Chile directos a la World Solar Challenge 2007","datePublished":"2007-10-10T10:38:43+00:00","dateModified":"2016-10-17T13:09:28+00:00","mainEntityOfPage":{"@id":"https:\/\/www.subaru.es\/blog\/nuestra-marca\/subaru-y-la-universidad-de-chile-directos-a-la-world-solar-challenge-2007\/"},"wordCount":331,"commentCount":1,"publisher":{"@id":"https:\/\/www.subaru.es\/blog\/#organization"},"image":{"@id":"https:\/\/www.subaru.es\/blog\/nuestra-marca\/subaru-y-la-universidad-de-chile-directos-a-la-world-solar-challenge-2007\/#primaryimage"},"thumbnailUrl":"https:\/\/www.subaru.es\/blog\/wp-content\/uploads\/2007\/10\/proyecto-chile-1.jpg","articleSection":["Nuestra marca"],"inLanguage":"es","potentialAction":[{"@type":"CommentAction","name":"Comment","target":["https:\/\/www.subaru.es\/blog\/nuestra-marca\/subaru-y-la-universidad-de-chile-directos-a-la-world-solar-challenge-2007\/#respond"]}]},{"@type":"WebPage","@id":"https:\/\/www.subaru.es\/blog\/nuestra-marca\/subaru-y-la-universidad-de-chile-directos-a-la-world-solar-challenge-2007\/","url":"https:\/\/www.subaru.es\/blog\/nuestra-marca\/subaru-y-la-universidad-de-chile-directos-a-la-world-solar-challenge-2007\/","name":"Subaru y la Universidad de Chile directos a la World Solar Challenge 2007 - Universo Subaru","isPartOf":{"@id":"https:\/\/www.subaru.es\/blog\/#website"},"primaryImageOfPage":{"@id":"https:\/\/www.subaru.es\/blog\/nuestra-marca\/subaru-y-la-universidad-de-chile-directos-a-la-world-solar-challenge-2007\/#primaryimage"},"image":{"@id":"https:\/\/www.subaru.es\/blog\/nuestra-marca\/subaru-y-la-universidad-de-chile-directos-a-la-world-solar-challenge-2007\/#primaryimage"},"thumbnailUrl":"https:\/\/www.subaru.es\/blog\/wp-content\/uploads\/2007\/10\/proyecto-chile-1.jpg","datePublished":"2007-10-10T10:38:43+00:00","dateModified":"2016-10-17T13:09:28+00:00","breadcrumb":{"@id":"https:\/\/www.subaru.es\/blog\/nuestra-marca\/subaru-y-la-universidad-de-chile-directos-a-la-world-solar-challenge-2007\/#breadcrumb"},"inLanguage":"es","potentialAction":[{"@type":"ReadAction","target":["https:\/\/www.subaru.es\/blog\/nuestra-marca\/subaru-y-la-universidad-de-chile-directos-a-la-world-solar-challenge-2007\/"]}]},{"@type":"ImageObject","inLanguage":"es","@id":"https:\/\/www.subaru.es\/blog\/nuestra-marca\/subaru-y-la-universidad-de-chile-directos-a-la-world-solar-challenge-2007\/#primaryimage","url":"https:\/\/www.subaru.es\/blog\/wp-content\/uploads\/2007\/10\/proyecto-chile-1.jpg","contentUrl":"https:\/\/www.subaru.es\/blog\/wp-content\/uploads\/2007\/10\/proyecto-chile-1.jpg","width":400,"height":280},{"@type":"BreadcrumbList","@id":"https:\/\/www.subaru.es\/blog\/nuestra-marca\/subaru-y-la-universidad-de-chile-directos-a-la-world-solar-challenge-2007\/#breadcrumb","itemListElement":[{"@type":"ListItem","position":1,"name":"Portada","item":"https:\/\/www.subaru.es\/blog\/"},{"@type":"ListItem","position":2,"name":"Subaru y la Universidad de Chile directos a la World Solar Challenge 2007"}]},{"@type":"WebSite","@id":"https:\/\/www.subaru.es\/blog\/#website","url":"https:\/\/www.subaru.es\/blog\/","name":"Universo Subaru","description":"Descubre este apasionante espacio de Subaru donde vas a conocer todo sobre nuestros coches y las experiencias que vivimos con ellos. Si est\u00e1s preparado para dejarte seducir por la filosof\u00eda Subaru, qu\u00e9date con nosotros.","publisher":{"@id":"https:\/\/www.subaru.es\/blog\/#organization"},"potentialAction":[{"@type":"SearchAction","target":{"@type":"EntryPoint","urlTemplate":"https:\/\/www.subaru.es\/blog\/?s={search_term_string}"},"query-input":{"@type":"PropertyValueSpecification","valueRequired":true,"valueName":"search_term_string"}}],"inLanguage":"es"},{"@type":"Organization","@id":"https:\/\/www.subaru.es\/blog\/#organization","name":"Subaru Espa\u00f1a S.A.","url":"https:\/\/www.subaru.es\/blog\/","logo":{"@type":"ImageObject","inLanguage":"es","@id":"https:\/\/www.subaru.es\/blog\/#\/schema\/logo\/image\/","url":"https:\/\/www.subaru.es\/blog\/wp-content\/uploads\/2016\/12\/Logo-Subaru-TypeV_C300-scaled.jpg","contentUrl":"https:\/\/www.subaru.es\/blog\/wp-content\/uploads\/2016\/12\/Logo-Subaru-TypeV_C300-scaled.jpg","width":2560,"height":1864,"caption":"Subaru Espa\u00f1a S.A."},"image":{"@id":"https:\/\/www.subaru.es\/blog\/#\/schema\/logo\/image\/"},"sameAs":["https:\/\/www.facebook.com\/subaruespana","https:\/\/www.instagram.com\/subarues\/","https:\/\/www.youtube.com\/user\/subaruespana"]},{"@type":"Person","@id":"https:\/\/www.subaru.es\/blog\/#\/schema\/person\/19a90b892230b8e0ec752704ddf4aa10","name":"Subaru","url":"https:\/\/www.subaru.es\/blog\/author\/subaria\/"}]}},"_links":{"self":[{"href":"https:\/\/www.subaru.es\/blog\/wp-json\/wp\/v2\/posts\/240","targetHints":{"allow":["GET"]}}],"collection":[{"href":"https:\/\/www.subaru.es\/blog\/wp-json\/wp\/v2\/posts"}],"about":[{"href":"https:\/\/www.subaru.es\/blog\/wp-json\/wp\/v2\/types\/post"}],"author":[{"embeddable":true,"href":"https:\/\/www.subaru.es\/blog\/wp-json\/wp\/v2\/users\/21"}],"replies":[{"embeddable":true,"href":"https:\/\/www.subaru.es\/blog\/wp-json\/wp\/v2\/comments?post=240"}],"version-history":[{"count":1,"href":"https:\/\/www.subaru.es\/blog\/wp-json\/wp\/v2\/posts\/240\/revisions"}],"predecessor-version":[{"id":15781,"href":"https:\/\/www.subaru.es\/blog\/wp-json\/wp\/v2\/posts\/240\/revisions\/15781"}],"wp:featuredmedia":[{"embeddable":true,"href":"https:\/\/www.subaru.es\/blog\/wp-json\/wp\/v2\/media\/241"}],"wp:attachment":[{"href":"https:\/\/www.subaru.es\/blog\/wp-json\/wp\/v2\/media?parent=240"}],"wp:term":[{"taxonomy":"category","embeddable":true,"href":"https:\/\/www.subaru.es\/blog\/wp-json\/wp\/v2\/categories?post=240"},{"taxonomy":"post_tag","embeddable":true,"href":"https:\/\/www.subaru.es\/blog\/wp-json\/wp\/v2\/tags?post=240"}],"curies":[{"name":"wp","href":"https:\/\/api.w.org\/{rel}","templated":true}]}}