{"id":23964,"date":"2022-06-28T10:01:00","date_gmt":"2022-06-28T08:01:00","guid":{"rendered":"http:\/\/www.subaru.es\/blog\/?p=23964"},"modified":"2022-12-09T10:51:17","modified_gmt":"2022-12-09T08:51:17","slug":"club-subaru-espana-nueva-quedada-subarista-en-el-circuito-parc-castelloli","status":"publish","type":"post","link":"https:\/\/www.subaru.es\/blog\/nuestra-marca\/club-subaru-espana-nueva-quedada-subarista-en-el-circuito-parc-castelloli\/","title":{"rendered":"Club Subaru Espa\u00f1a: nueva quedada subarista en el Parc Motor de Castelloli"},"content":{"rendered":"\n<p>Una vez m\u00e1s, el&nbsp;<strong><a href=\"https:\/\/www.clubsubaru.es\/smf\/\" target=\"_blank\" rel=\"noreferrer noopener\">Club Subaru Espa\u00f1a<\/a><\/strong>&nbsp;organiz\u00f3 un evento con el objetivo de probar la fiabilidad y prestaciones de los veh\u00edculos de la marca. En esta ocasi\u00f3n, la quedada tuvo lugar en el <a href=\"https:\/\/www.instagram.com\/parcmotor_castelloli\/?igshid=YmMyMTA2M2Y%3D\" target=\"_blank\" rel=\"noreferrer noopener\">Parc Motor de Castelloli<\/a> dentro de las instalaciones de Fast Circuit Escola durante el pasado 5 de junio. \u00bfQuieres saber c\u00f3mo fue la jornada?<\/p>\n\n\n\n<h2 class=\"wp-block-heading\">Caracter\u00edsticas del circuito<\/h2>\n\n\n\n<p><\/p>\n\n\n\n<p>Este evento se celebr\u00f3 en el&nbsp;<strong>Fast Circuit Escola de Parc Motor  Castelloli<\/strong>, a tan solo 35 minutos en coche del aeropuerto de Barcelona-El Prat. Una pista de velocidad homologada y con todas las condiciones de seguridad para llevar a cabo este tipo de pruebas. Cuenta con 4140 metros de longitud repletos de desniveles, curvas t\u00e9cnicas y amplias rectas. Especial menci\u00f3n merece el puente que cruza el trazado en dos niveles.<\/p>\n\n\n\n<figure class=\"wp-block-image size-large\"><img decoding=\"async\" width=\"1440\" height=\"1080\" data-src=\"https:\/\/www.subaru.es\/blog\/wp-content\/uploads\/2022\/06\/7-1440x1080.jpg\" alt=\"Curso Club Subaru Espana\" class=\"wp-image-23965 lazyload\" data-srcset=\"https:\/\/www.subaru.es\/blog\/wp-content\/uploads\/2022\/06\/7-1440x1080.jpg 1440w, https:\/\/www.subaru.es\/blog\/wp-content\/uploads\/2022\/06\/7-560x420.jpg 560w, https:\/\/www.subaru.es\/blog\/wp-content\/uploads\/2022\/06\/7-768x576.jpg 768w, https:\/\/www.subaru.es\/blog\/wp-content\/uploads\/2022\/06\/7-1536x1152.jpg 1536w, https:\/\/www.subaru.es\/blog\/wp-content\/uploads\/2022\/06\/7-2048x1536.jpg 2048w\" data-sizes=\"(max-width: 1440px) 100vw, 1440px\" src=\"data:image\/svg+xml;base64,PHN2ZyB3aWR0aD0iMSIgaGVpZ2h0PSIxIiB4bWxucz0iaHR0cDovL3d3dy53My5vcmcvMjAwMC9zdmciPjwvc3ZnPg==\" style=\"--smush-placeholder-width: 1440px; --smush-placeholder-aspect-ratio: 1440\/1080;\" \/><\/figure>\n\n\n\n<h2 class=\"wp-block-heading\">La quedada subarista del 5 de junio<\/h2>\n\n\n\n<p><\/p>\n\n\n\n<p>El subarista David Noya y el instructor <a href=\"https:\/\/instagram.com\/sempredecantuu?igshid=YmMyMTA2M2Y=\" target=\"_blank\" rel=\"noreferrer noopener\">De Sempre de Cantu<\/a>, David Abad, fueron los responsables de dirigir y coordinar el evento, al que acudieron conductores a bordo de cualquier modelo de la marca. Entre ellos hubo varios Subaru GT, un Subary Legacy y diversos modelos Impreza: R, STI, WRX y BRZ. El propietario de este \u00faltimo, Rub\u00e9n, se lo pas\u00f3 en grande disfrutando de los derrapes que posibilita la tracci\u00f3n trasera en las curvas.<\/p>\n\n\n\n<p>La jornada comenz\u00f3 con una&nbsp;<strong>clase te\u00f3rica<\/strong>&nbsp;por parte de David Abad. En ella aport\u00f3 directrices de seguridad y transferencias de pesos, principalmente. Despu\u00e9s, resolvi\u00f3 todas las dudas que surgieron acerca de la conducci\u00f3n extrema para hacer derrapar el veh\u00edculo de manera controlada.<\/p>\n\n\n\n<figure class=\"wp-block-image size-large\"><img decoding=\"async\" width=\"1440\" height=\"960\" data-src=\"https:\/\/www.subaru.es\/blog\/wp-content\/uploads\/2022\/06\/5-1440x960.jpg\" alt=\"Subaru BRZ en Circuito de Parc Castelloli\" class=\"wp-image-23966 lazyload\" data-srcset=\"https:\/\/www.subaru.es\/blog\/wp-content\/uploads\/2022\/06\/5-1440x960.jpg 1440w, https:\/\/www.subaru.es\/blog\/wp-content\/uploads\/2022\/06\/5-560x373.jpg 560w, https:\/\/www.subaru.es\/blog\/wp-content\/uploads\/2022\/06\/5-768x512.jpg 768w, https:\/\/www.subaru.es\/blog\/wp-content\/uploads\/2022\/06\/5-1536x1024.jpg 1536w, https:\/\/www.subaru.es\/blog\/wp-content\/uploads\/2022\/06\/5.jpg 2048w\" data-sizes=\"(max-width: 1440px) 100vw, 1440px\" src=\"data:image\/svg+xml;base64,PHN2ZyB3aWR0aD0iMSIgaGVpZ2h0PSIxIiB4bWxucz0iaHR0cDovL3d3dy53My5vcmcvMjAwMC9zdmciPjwvc3ZnPg==\" style=\"--smush-placeholder-width: 1440px; --smush-placeholder-aspect-ratio: 1440\/960;\" \/><\/figure>\n\n\n\n<p>A partir de este momento, empez\u00f3 lo realmente bueno. Los conductores, a bordo de sus&nbsp;<strong>veh\u00edculos de tracci\u00f3n total sim\u00e9trica<\/strong>&nbsp;y tracci\u00f3n trasera, entraron a la pista a las 10:00 horas y se dividieron en grupos de tres coches. La primera toma de contacto se produjo a escasa velocidad con el objetivo de que David Abad pudiese corregir los errores en tiempo real.<\/p>\n\n\n\n<p>Una vez trancusrridas varias horas poniendo a prueba sus<strong>&nbsp;consejos de conducci\u00f3n<\/strong>, los instructores, junto a todos los conductores, organizaron una prueba m\u00e1s r\u00e1pida y divertida. Ah\u00ed fue cuando todos pudieron sacar a relucir las habilidades obtenidas durante el curso.<\/p>\n\n\n\n<h2 class=\"wp-block-heading\">Club Subaru Espa\u00f1a: pruebas para comprobar la capacidad de nuestros coches<\/h2>\n\n\n\n<p><\/p>\n\n\n\n<p>Antes de la celebraci\u00f3n de este evento, la \u00faltima&nbsp;<strong>quedada subarista&nbsp;<\/strong>transcurri\u00f3 hace casi cinco meses. Se realiz\u00f3 en el&nbsp;<strong><a href=\"https:\/\/www.subaru.es\/blog\/nuestra-marca\/club-subaru-espana-quedada-en-circuito-pas-de-la-casa\/\" target=\"_blank\" rel=\"noreferrer noopener\">circuito de Andorra de Pas de la Casa<\/a>&nbsp;<\/strong>y tuvo como prop\u00f3sito poner a prueba los l\u00edmites de los&nbsp;<strong>coches seguros<\/strong>&nbsp;de nuestra marca y su fiabilidad sobre la nieve.<\/p>\n\n\n\n<figure class=\"wp-block-image size-large\"><img decoding=\"async\" width=\"1440\" height=\"960\" data-src=\"https:\/\/www.subaru.es\/blog\/wp-content\/uploads\/2022\/06\/1-1-1440x960.jpg\" alt=\"Quedada subarista en Circuito de Parc Castelloli\" class=\"wp-image-23969 lazyload\" data-srcset=\"https:\/\/www.subaru.es\/blog\/wp-content\/uploads\/2022\/06\/1-1-1440x960.jpg 1440w, https:\/\/www.subaru.es\/blog\/wp-content\/uploads\/2022\/06\/1-1-560x373.jpg 560w, https:\/\/www.subaru.es\/blog\/wp-content\/uploads\/2022\/06\/1-1-768x512.jpg 768w, https:\/\/www.subaru.es\/blog\/wp-content\/uploads\/2022\/06\/1-1-1536x1024.jpg 1536w, https:\/\/www.subaru.es\/blog\/wp-content\/uploads\/2022\/06\/1-1.jpg 2048w\" data-sizes=\"(max-width: 1440px) 100vw, 1440px\" src=\"data:image\/svg+xml;base64,PHN2ZyB3aWR0aD0iMSIgaGVpZ2h0PSIxIiB4bWxucz0iaHR0cDovL3d3dy53My5vcmcvMjAwMC9zdmciPjwvc3ZnPg==\" style=\"--smush-placeholder-width: 1440px; --smush-placeholder-aspect-ratio: 1440\/960;\" \/><\/figure>\n\n\n\n<p>Una vez demostrada la<a href=\"https:\/\/www.youtube.com\/watch?v=M1O_veI7g3I\" target=\"_blank\" rel=\"noreferrer noopener\">&nbsp;<strong>seguridad en invierno<\/strong><\/a>&nbsp;de nuestros veh\u00edculos, llegaba el turno de hacer lo mismo en verano. Esta es la raz\u00f3n por la que se eligi\u00f3 el trazado del Fast Circuit Escola. Era dif\u00edcil imaginar otro mejor para ponerlos a prueba.<\/p>\n\n\n\n<p>No cabe duda que este evento en el Circuito de Parc Motor Castelloli del&nbsp;<strong><a href=\"https:\/\/www.clubsubaru.es\/smf\/\" target=\"_blank\" rel=\"noreferrer noopener\">Club Subaru Espa\u00f1a<\/a>&nbsp;<\/strong>ha sido todo un \u00e9xito, como siempre. Sin embargo, si no tuviste la oportunidad de participar, no te preocupes. Despu\u00e9s de este gran evento tenemos programado la asistencia al Aniversario del MC Pawnees Nomadas  y pr\u00f3ximamente se organizara un evento en el Karting Nueburgreen el 10 de Julio. \u00a1No te lo pierdas!<\/p>\n","protected":false},"excerpt":{"rendered":"<p>Una vez m\u00e1s, el&nbsp;Club Subaru Espa\u00f1a&nbsp;organiz\u00f3 un evento con el objetivo de probar la fiabilidad y prestaciones de los veh\u00edculos de la marca. En esta ocasi\u00f3n, la quedada tuvo lugar en el Parc Motor de Castelloli dentro de las instalaciones de Fast Circuit Escola durante el pasado 5 de junio. \u00bfQuieres saber c\u00f3mo fue la [&hellip;]<\/p>\n","protected":false},"author":7,"featured_media":23971,"comment_status":"open","ping_status":"closed","sticky":false,"template":"","format":"standard","meta":{"_acf_changed":false,"_eb_attr":"","inline_featured_image":false,"footnotes":""},"categories":[4401],"tags":[3900,3515,1019,5372,3209,5105,4645,5309,5045,164,4575,64,117,3893,4464,243],"class_list":["post-23964","post","type-post","status-publish","format-standard","has-post-thumbnail","hentry","category-nuestra-marca","tag-brz","tag-carreteras","tag-circuito","tag-circuito-de-parc-castelloli","tag-club-subaru-espana","tag-coches-seguros","tag-quedada-subarista","tag-rodada-subarista","tag-sawd","tag-seguridad","tag-seguridad-subaru","tag-subaru-espana","tag-subaru-impreza","tag-todoterreno","tag-traccion-total-simetrica","tag-wrx-sti"],"acf":[],"yoast_head":"<!-- This site is optimized with the Yoast SEO plugin v27.3 - https:\/\/yoast.com\/product\/yoast-seo-wordpress\/ -->\n<title>Club Subaru Espa\u00f1a: nueva quedada subarista en el Parc Motor de Castelloli - Universo Subaru<\/title>\n<meta name=\"description\" content=\"Una vez m\u00e1s, el Club Subaru Espa\u00f1a organiz\u00f3 un evento con el objetivo de probar la fiabilidad y prestaciones de los veh\u00edculos de Subaru.\" \/>\n<meta name=\"robots\" content=\"index, follow, max-snippet:-1, max-image-preview:large, max-video-preview:-1\" \/>\n<link rel=\"canonical\" href=\"https:\/\/www.subaru.es\/blog\/nuestra-marca\/club-subaru-espana-nueva-quedada-subarista-en-el-circuito-parc-castelloli\/\" \/>\n<meta property=\"og:locale\" content=\"es_ES\" \/>\n<meta property=\"og:type\" content=\"article\" \/>\n<meta property=\"og:title\" content=\"Club Subaru Espa\u00f1a: nueva quedada subarista en el Parc Motor de Castelloli - Universo Subaru\" \/>\n<meta property=\"og:description\" content=\"Una vez m\u00e1s, el Club Subaru Espa\u00f1a organiz\u00f3 un evento con el objetivo de probar la fiabilidad y prestaciones de los veh\u00edculos de Subaru.\" \/>\n<meta property=\"og:url\" content=\"https:\/\/www.subaru.es\/blog\/nuestra-marca\/club-subaru-espana-nueva-quedada-subarista-en-el-circuito-parc-castelloli\/\" \/>\n<meta property=\"og:site_name\" content=\"Universo Subaru\" \/>\n<meta property=\"article:publisher\" content=\"https:\/\/www.facebook.com\/subaruespana\" \/>\n<meta property=\"article:published_time\" content=\"2022-06-28T08:01:00+00:00\" \/>\n<meta property=\"article:modified_time\" content=\"2022-12-09T08:51:17+00:00\" \/>\n<meta property=\"og:image\" content=\"https:\/\/www.subaru.es\/blog\/wp-content\/uploads\/2022\/06\/portada_quedadacircuito_clubsubaru.jpg\" \/>\n\t<meta property=\"og:image:width\" content=\"4032\" \/>\n\t<meta property=\"og:image:height\" content=\"1305\" \/>\n\t<meta property=\"og:image:type\" content=\"image\/jpeg\" \/>\n<meta name=\"author\" content=\"subaru\" \/>\n<meta name=\"twitter:card\" content=\"summary_large_image\" \/>\n<meta name=\"twitter:label1\" content=\"Escrito por\" \/>\n\t<meta name=\"twitter:data1\" content=\"subaru\" \/>\n\t<meta name=\"twitter:label2\" content=\"Tiempo de lectura\" \/>\n\t<meta name=\"twitter:data2\" content=\"3 minutos\" \/>\n<script type=\"application\/ld+json\" class=\"yoast-schema-graph\">{\"@context\":\"https:\\\/\\\/schema.org\",\"@graph\":[{\"@type\":\"Article\",\"@id\":\"https:\\\/\\\/www.subaru.es\\\/blog\\\/nuestra-marca\\\/club-subaru-espana-nueva-quedada-subarista-en-el-circuito-parc-castelloli\\\/#article\",\"isPartOf\":{\"@id\":\"https:\\\/\\\/www.subaru.es\\\/blog\\\/nuestra-marca\\\/club-subaru-espana-nueva-quedada-subarista-en-el-circuito-parc-castelloli\\\/\"},\"author\":{\"name\":\"subaru\",\"@id\":\"https:\\\/\\\/www.subaru.es\\\/blog\\\/#\\\/schema\\\/person\\\/02071ea4ab2ae717c76e2fd6fae5da80\"},\"headline\":\"Club Subaru Espa\u00f1a: nueva quedada subarista en el Parc Motor de Castelloli\",\"datePublished\":\"2022-06-28T08:01:00+00:00\",\"dateModified\":\"2022-12-09T08:51:17+00:00\",\"mainEntityOfPage\":{\"@id\":\"https:\\\/\\\/www.subaru.es\\\/blog\\\/nuestra-marca\\\/club-subaru-espana-nueva-quedada-subarista-en-el-circuito-parc-castelloli\\\/\"},\"wordCount\":589,\"commentCount\":0,\"publisher\":{\"@id\":\"https:\\\/\\\/www.subaru.es\\\/blog\\\/#organization\"},\"image\":{\"@id\":\"https:\\\/\\\/www.subaru.es\\\/blog\\\/nuestra-marca\\\/club-subaru-espana-nueva-quedada-subarista-en-el-circuito-parc-castelloli\\\/#primaryimage\"},\"thumbnailUrl\":\"https:\\\/\\\/www.subaru.es\\\/blog\\\/wp-content\\\/uploads\\\/2022\\\/06\\\/portada_quedadacircuito_clubsubaru-scaled.jpg\",\"keywords\":[\"BRZ\",\"carreteras\",\"circuito\",\"Circuito de Parc Castelloli\",\"Club Subaru Espa\u00f1a\",\"coches seguros\",\"quedada subarista\",\"rodada subarista\",\"SAWD\",\"seguridad\",\"Seguridad Subaru\",\"subaru espa\u00f1a\",\"subaru impreza\",\"todoterreno\",\"Traccion Total Simetrica\",\"wrx sti\"],\"articleSection\":[\"Nuestra marca\"],\"inLanguage\":\"es\",\"potentialAction\":[{\"@type\":\"CommentAction\",\"name\":\"Comment\",\"target\":[\"https:\\\/\\\/www.subaru.es\\\/blog\\\/nuestra-marca\\\/club-subaru-espana-nueva-quedada-subarista-en-el-circuito-parc-castelloli\\\/#respond\"]}]},{\"@type\":\"WebPage\",\"@id\":\"https:\\\/\\\/www.subaru.es\\\/blog\\\/nuestra-marca\\\/club-subaru-espana-nueva-quedada-subarista-en-el-circuito-parc-castelloli\\\/\",\"url\":\"https:\\\/\\\/www.subaru.es\\\/blog\\\/nuestra-marca\\\/club-subaru-espana-nueva-quedada-subarista-en-el-circuito-parc-castelloli\\\/\",\"name\":\"Club Subaru Espa\u00f1a: nueva quedada subarista en el Parc Motor de Castelloli - Universo Subaru\",\"isPartOf\":{\"@id\":\"https:\\\/\\\/www.subaru.es\\\/blog\\\/#website\"},\"primaryImageOfPage\":{\"@id\":\"https:\\\/\\\/www.subaru.es\\\/blog\\\/nuestra-marca\\\/club-subaru-espana-nueva-quedada-subarista-en-el-circuito-parc-castelloli\\\/#primaryimage\"},\"image\":{\"@id\":\"https:\\\/\\\/www.subaru.es\\\/blog\\\/nuestra-marca\\\/club-subaru-espana-nueva-quedada-subarista-en-el-circuito-parc-castelloli\\\/#primaryimage\"},\"thumbnailUrl\":\"https:\\\/\\\/www.subaru.es\\\/blog\\\/wp-content\\\/uploads\\\/2022\\\/06\\\/portada_quedadacircuito_clubsubaru-scaled.jpg\",\"datePublished\":\"2022-06-28T08:01:00+00:00\",\"dateModified\":\"2022-12-09T08:51:17+00:00\",\"description\":\"Una vez m\u00e1s, el Club Subaru Espa\u00f1a organiz\u00f3 un evento con el objetivo de probar la fiabilidad y prestaciones de los veh\u00edculos de Subaru.\",\"breadcrumb\":{\"@id\":\"https:\\\/\\\/www.subaru.es\\\/blog\\\/nuestra-marca\\\/club-subaru-espana-nueva-quedada-subarista-en-el-circuito-parc-castelloli\\\/#breadcrumb\"},\"inLanguage\":\"es\",\"potentialAction\":[{\"@type\":\"ReadAction\",\"target\":[\"https:\\\/\\\/www.subaru.es\\\/blog\\\/nuestra-marca\\\/club-subaru-espana-nueva-quedada-subarista-en-el-circuito-parc-castelloli\\\/\"]}]},{\"@type\":\"ImageObject\",\"inLanguage\":\"es\",\"@id\":\"https:\\\/\\\/www.subaru.es\\\/blog\\\/nuestra-marca\\\/club-subaru-espana-nueva-quedada-subarista-en-el-circuito-parc-castelloli\\\/#primaryimage\",\"url\":\"https:\\\/\\\/www.subaru.es\\\/blog\\\/wp-content\\\/uploads\\\/2022\\\/06\\\/portada_quedadacircuito_clubsubaru-scaled.jpg\",\"contentUrl\":\"https:\\\/\\\/www.subaru.es\\\/blog\\\/wp-content\\\/uploads\\\/2022\\\/06\\\/portada_quedadacircuito_clubsubaru-scaled.jpg\",\"width\":2560,\"height\":829,\"caption\":\"Club Subaru Espana curso derrape\"},{\"@type\":\"BreadcrumbList\",\"@id\":\"https:\\\/\\\/www.subaru.es\\\/blog\\\/nuestra-marca\\\/club-subaru-espana-nueva-quedada-subarista-en-el-circuito-parc-castelloli\\\/#breadcrumb\",\"itemListElement\":[{\"@type\":\"ListItem\",\"position\":1,\"name\":\"Portada\",\"item\":\"https:\\\/\\\/www.subaru.es\\\/blog\\\/\"},{\"@type\":\"ListItem\",\"position\":2,\"name\":\"Club Subaru Espa\u00f1a: nueva quedada subarista en el Parc Motor de Castelloli\"}]},{\"@type\":\"WebSite\",\"@id\":\"https:\\\/\\\/www.subaru.es\\\/blog\\\/#website\",\"url\":\"https:\\\/\\\/www.subaru.es\\\/blog\\\/\",\"name\":\"Universo Subaru\",\"description\":\"Descubre este apasionante espacio de Subaru donde vas a conocer todo sobre nuestros coches y las experiencias que vivimos con ellos. Si est\u00e1s preparado para dejarte seducir por la filosof\u00eda Subaru, qu\u00e9date con nosotros.\",\"publisher\":{\"@id\":\"https:\\\/\\\/www.subaru.es\\\/blog\\\/#organization\"},\"potentialAction\":[{\"@type\":\"SearchAction\",\"target\":{\"@type\":\"EntryPoint\",\"urlTemplate\":\"https:\\\/\\\/www.subaru.es\\\/blog\\\/?s={search_term_string}\"},\"query-input\":{\"@type\":\"PropertyValueSpecification\",\"valueRequired\":true,\"valueName\":\"search_term_string\"}}],\"inLanguage\":\"es\"},{\"@type\":\"Organization\",\"@id\":\"https:\\\/\\\/www.subaru.es\\\/blog\\\/#organization\",\"name\":\"Subaru Espa\u00f1a S.A.\",\"url\":\"https:\\\/\\\/www.subaru.es\\\/blog\\\/\",\"logo\":{\"@type\":\"ImageObject\",\"inLanguage\":\"es\",\"@id\":\"https:\\\/\\\/www.subaru.es\\\/blog\\\/#\\\/schema\\\/logo\\\/image\\\/\",\"url\":\"https:\\\/\\\/www.subaru.es\\\/blog\\\/wp-content\\\/uploads\\\/2016\\\/12\\\/Logo-Subaru-TypeV_C300-scaled.jpg\",\"contentUrl\":\"https:\\\/\\\/www.subaru.es\\\/blog\\\/wp-content\\\/uploads\\\/2016\\\/12\\\/Logo-Subaru-TypeV_C300-scaled.jpg\",\"width\":2560,\"height\":1864,\"caption\":\"Subaru Espa\u00f1a S.A.\"},\"image\":{\"@id\":\"https:\\\/\\\/www.subaru.es\\\/blog\\\/#\\\/schema\\\/logo\\\/image\\\/\"},\"sameAs\":[\"https:\\\/\\\/www.facebook.com\\\/subaruespana\",\"https:\\\/\\\/www.instagram.com\\\/subarues\\\/\",\"https:\\\/\\\/www.youtube.com\\\/user\\\/subaruespana\"]},{\"@type\":\"Person\",\"@id\":\"https:\\\/\\\/www.subaru.es\\\/blog\\\/#\\\/schema\\\/person\\\/02071ea4ab2ae717c76e2fd6fae5da80\",\"name\":\"subaru\",\"url\":\"https:\\\/\\\/www.subaru.es\\\/blog\\\/author\\\/subaru\\\/\"}]}<\/script>\n<!-- \/ Yoast SEO plugin. -->","yoast_head_json":{"title":"Club Subaru Espa\u00f1a: nueva quedada subarista en el Parc Motor de Castelloli - Universo Subaru","description":"Una vez m\u00e1s, el Club Subaru Espa\u00f1a organiz\u00f3 un evento con el objetivo de probar la fiabilidad y prestaciones de los veh\u00edculos de Subaru.","robots":{"index":"index","follow":"follow","max-snippet":"max-snippet:-1","max-image-preview":"max-image-preview:large","max-video-preview":"max-video-preview:-1"},"canonical":"https:\/\/www.subaru.es\/blog\/nuestra-marca\/club-subaru-espana-nueva-quedada-subarista-en-el-circuito-parc-castelloli\/","og_locale":"es_ES","og_type":"article","og_title":"Club Subaru Espa\u00f1a: nueva quedada subarista en el Parc Motor de Castelloli - Universo Subaru","og_description":"Una vez m\u00e1s, el Club Subaru Espa\u00f1a organiz\u00f3 un evento con el objetivo de probar la fiabilidad y prestaciones de los veh\u00edculos de Subaru.","og_url":"https:\/\/www.subaru.es\/blog\/nuestra-marca\/club-subaru-espana-nueva-quedada-subarista-en-el-circuito-parc-castelloli\/","og_site_name":"Universo Subaru","article_publisher":"https:\/\/www.facebook.com\/subaruespana","article_published_time":"2022-06-28T08:01:00+00:00","article_modified_time":"2022-12-09T08:51:17+00:00","og_image":[{"width":4032,"height":1305,"url":"https:\/\/www.subaru.es\/blog\/wp-content\/uploads\/2022\/06\/portada_quedadacircuito_clubsubaru.jpg","type":"image\/jpeg"}],"author":"subaru","twitter_card":"summary_large_image","twitter_misc":{"Escrito por":"subaru","Tiempo de lectura":"3 minutos"},"schema":{"@context":"https:\/\/schema.org","@graph":[{"@type":"Article","@id":"https:\/\/www.subaru.es\/blog\/nuestra-marca\/club-subaru-espana-nueva-quedada-subarista-en-el-circuito-parc-castelloli\/#article","isPartOf":{"@id":"https:\/\/www.subaru.es\/blog\/nuestra-marca\/club-subaru-espana-nueva-quedada-subarista-en-el-circuito-parc-castelloli\/"},"author":{"name":"subaru","@id":"https:\/\/www.subaru.es\/blog\/#\/schema\/person\/02071ea4ab2ae717c76e2fd6fae5da80"},"headline":"Club Subaru Espa\u00f1a: nueva quedada subarista en el Parc Motor de Castelloli","datePublished":"2022-06-28T08:01:00+00:00","dateModified":"2022-12-09T08:51:17+00:00","mainEntityOfPage":{"@id":"https:\/\/www.subaru.es\/blog\/nuestra-marca\/club-subaru-espana-nueva-quedada-subarista-en-el-circuito-parc-castelloli\/"},"wordCount":589,"commentCount":0,"publisher":{"@id":"https:\/\/www.subaru.es\/blog\/#organization"},"image":{"@id":"https:\/\/www.subaru.es\/blog\/nuestra-marca\/club-subaru-espana-nueva-quedada-subarista-en-el-circuito-parc-castelloli\/#primaryimage"},"thumbnailUrl":"https:\/\/www.subaru.es\/blog\/wp-content\/uploads\/2022\/06\/portada_quedadacircuito_clubsubaru-scaled.jpg","keywords":["BRZ","carreteras","circuito","Circuito de Parc Castelloli","Club Subaru Espa\u00f1a","coches seguros","quedada subarista","rodada subarista","SAWD","seguridad","Seguridad Subaru","subaru espa\u00f1a","subaru impreza","todoterreno","Traccion Total Simetrica","wrx sti"],"articleSection":["Nuestra marca"],"inLanguage":"es","potentialAction":[{"@type":"CommentAction","name":"Comment","target":["https:\/\/www.subaru.es\/blog\/nuestra-marca\/club-subaru-espana-nueva-quedada-subarista-en-el-circuito-parc-castelloli\/#respond"]}]},{"@type":"WebPage","@id":"https:\/\/www.subaru.es\/blog\/nuestra-marca\/club-subaru-espana-nueva-quedada-subarista-en-el-circuito-parc-castelloli\/","url":"https:\/\/www.subaru.es\/blog\/nuestra-marca\/club-subaru-espana-nueva-quedada-subarista-en-el-circuito-parc-castelloli\/","name":"Club Subaru Espa\u00f1a: nueva quedada subarista en el Parc Motor de Castelloli - Universo Subaru","isPartOf":{"@id":"https:\/\/www.subaru.es\/blog\/#website"},"primaryImageOfPage":{"@id":"https:\/\/www.subaru.es\/blog\/nuestra-marca\/club-subaru-espana-nueva-quedada-subarista-en-el-circuito-parc-castelloli\/#primaryimage"},"image":{"@id":"https:\/\/www.subaru.es\/blog\/nuestra-marca\/club-subaru-espana-nueva-quedada-subarista-en-el-circuito-parc-castelloli\/#primaryimage"},"thumbnailUrl":"https:\/\/www.subaru.es\/blog\/wp-content\/uploads\/2022\/06\/portada_quedadacircuito_clubsubaru-scaled.jpg","datePublished":"2022-06-28T08:01:00+00:00","dateModified":"2022-12-09T08:51:17+00:00","description":"Una vez m\u00e1s, el Club Subaru Espa\u00f1a organiz\u00f3 un evento con el objetivo de probar la fiabilidad y prestaciones de los veh\u00edculos de Subaru.","breadcrumb":{"@id":"https:\/\/www.subaru.es\/blog\/nuestra-marca\/club-subaru-espana-nueva-quedada-subarista-en-el-circuito-parc-castelloli\/#breadcrumb"},"inLanguage":"es","potentialAction":[{"@type":"ReadAction","target":["https:\/\/www.subaru.es\/blog\/nuestra-marca\/club-subaru-espana-nueva-quedada-subarista-en-el-circuito-parc-castelloli\/"]}]},{"@type":"ImageObject","inLanguage":"es","@id":"https:\/\/www.subaru.es\/blog\/nuestra-marca\/club-subaru-espana-nueva-quedada-subarista-en-el-circuito-parc-castelloli\/#primaryimage","url":"https:\/\/www.subaru.es\/blog\/wp-content\/uploads\/2022\/06\/portada_quedadacircuito_clubsubaru-scaled.jpg","contentUrl":"https:\/\/www.subaru.es\/blog\/wp-content\/uploads\/2022\/06\/portada_quedadacircuito_clubsubaru-scaled.jpg","width":2560,"height":829,"caption":"Club Subaru Espana curso derrape"},{"@type":"BreadcrumbList","@id":"https:\/\/www.subaru.es\/blog\/nuestra-marca\/club-subaru-espana-nueva-quedada-subarista-en-el-circuito-parc-castelloli\/#breadcrumb","itemListElement":[{"@type":"ListItem","position":1,"name":"Portada","item":"https:\/\/www.subaru.es\/blog\/"},{"@type":"ListItem","position":2,"name":"Club Subaru Espa\u00f1a: nueva quedada subarista en el Parc Motor de Castelloli"}]},{"@type":"WebSite","@id":"https:\/\/www.subaru.es\/blog\/#website","url":"https:\/\/www.subaru.es\/blog\/","name":"Universo Subaru","description":"Descubre este apasionante espacio de Subaru donde vas a conocer todo sobre nuestros coches y las experiencias que vivimos con ellos. Si est\u00e1s preparado para dejarte seducir por la filosof\u00eda Subaru, qu\u00e9date con nosotros.","publisher":{"@id":"https:\/\/www.subaru.es\/blog\/#organization"},"potentialAction":[{"@type":"SearchAction","target":{"@type":"EntryPoint","urlTemplate":"https:\/\/www.subaru.es\/blog\/?s={search_term_string}"},"query-input":{"@type":"PropertyValueSpecification","valueRequired":true,"valueName":"search_term_string"}}],"inLanguage":"es"},{"@type":"Organization","@id":"https:\/\/www.subaru.es\/blog\/#organization","name":"Subaru Espa\u00f1a S.A.","url":"https:\/\/www.subaru.es\/blog\/","logo":{"@type":"ImageObject","inLanguage":"es","@id":"https:\/\/www.subaru.es\/blog\/#\/schema\/logo\/image\/","url":"https:\/\/www.subaru.es\/blog\/wp-content\/uploads\/2016\/12\/Logo-Subaru-TypeV_C300-scaled.jpg","contentUrl":"https:\/\/www.subaru.es\/blog\/wp-content\/uploads\/2016\/12\/Logo-Subaru-TypeV_C300-scaled.jpg","width":2560,"height":1864,"caption":"Subaru Espa\u00f1a S.A."},"image":{"@id":"https:\/\/www.subaru.es\/blog\/#\/schema\/logo\/image\/"},"sameAs":["https:\/\/www.facebook.com\/subaruespana","https:\/\/www.instagram.com\/subarues\/","https:\/\/www.youtube.com\/user\/subaruespana"]},{"@type":"Person","@id":"https:\/\/www.subaru.es\/blog\/#\/schema\/person\/02071ea4ab2ae717c76e2fd6fae5da80","name":"subaru","url":"https:\/\/www.subaru.es\/blog\/author\/subaru\/"}]}},"_links":{"self":[{"href":"https:\/\/www.subaru.es\/blog\/wp-json\/wp\/v2\/posts\/23964","targetHints":{"allow":["GET"]}}],"collection":[{"href":"https:\/\/www.subaru.es\/blog\/wp-json\/wp\/v2\/posts"}],"about":[{"href":"https:\/\/www.subaru.es\/blog\/wp-json\/wp\/v2\/types\/post"}],"author":[{"embeddable":true,"href":"https:\/\/www.subaru.es\/blog\/wp-json\/wp\/v2\/users\/7"}],"replies":[{"embeddable":true,"href":"https:\/\/www.subaru.es\/blog\/wp-json\/wp\/v2\/comments?post=23964"}],"version-history":[{"count":7,"href":"https:\/\/www.subaru.es\/blog\/wp-json\/wp\/v2\/posts\/23964\/revisions"}],"predecessor-version":[{"id":23993,"href":"https:\/\/www.subaru.es\/blog\/wp-json\/wp\/v2\/posts\/23964\/revisions\/23993"}],"wp:featuredmedia":[{"embeddable":true,"href":"https:\/\/www.subaru.es\/blog\/wp-json\/wp\/v2\/media\/23971"}],"wp:attachment":[{"href":"https:\/\/www.subaru.es\/blog\/wp-json\/wp\/v2\/media?parent=23964"}],"wp:term":[{"taxonomy":"category","embeddable":true,"href":"https:\/\/www.subaru.es\/blog\/wp-json\/wp\/v2\/categories?post=23964"},{"taxonomy":"post_tag","embeddable":true,"href":"https:\/\/www.subaru.es\/blog\/wp-json\/wp\/v2\/tags?post=23964"}],"curies":[{"name":"wp","href":"https:\/\/api.w.org\/{rel}","templated":true}]}}