{"id":2390,"date":"2009-11-26T14:29:59","date_gmt":"2009-11-26T12:29:59","guid":{"rendered":"http:\/\/subaru.preproduccion.com\/blog\/wp-content\/2009\/11\/26\/previo-rallye-shalymar\/"},"modified":"2016-10-17T15:08:48","modified_gmt":"2016-10-17T13:08:48","slug":"previo-rallye-shalymar","status":"publish","type":"post","link":"https:\/\/www.subaru.es\/blog\/nuestra-marca\/previo-rallye-shalymar\/","title":{"rendered":"Previo Rallye Shalymar"},"content":{"rendered":"<p>El Campeonato de Espa\u00f1a de <strong>Rallyes de Asfalto 2009<\/strong> se completa este fin de semana, en <strong>Madrid<\/strong>, con la disputa del <strong>Rallye Shalymar<\/strong>, que contar\u00e1 entre sus protagonistas con el <strong>Subaru Rally Team Spain<\/strong>. Ser\u00e1n tres Impreza Prodrive preparados por KRS que competir\u00e1n en la \u00faltima cita con el asfalto de la temporada 2009, al sumarse a las dos unidades habituales del equipo oficial de Subaru Espa\u00f1a, pilotadas por Enrique Garc\u00eda Ojeda y Mario Ceballos, una tercera con la que tomar\u00e1 parte en la prueba madrile\u00f1a Javier Polidura.<\/p>\n<p><img decoding=\"async\" width=\"2414\" data-src=\"https:\/\/www.subaru.es\/blog\/wp-content\/uploads\/2009\/11\/srts-preshalymar1.jpg\" alt=\"srts-preshalymar1.jpg\" height=\"1586\" style=\"--smush-placeholder-width: 2414px; --smush-placeholder-aspect-ratio: 2414\/1586;width: 451px; height: 273px\" src=\"data:image\/svg+xml;base64,PHN2ZyB3aWR0aD0iMSIgaGVpZ2h0PSIxIiB4bWxucz0iaHR0cDovL3d3dy53My5vcmcvMjAwMC9zdmciPjwvc3ZnPg==\" class=\"lazyload\" \/><\/p>\n<p>\u00a0Para <strong>Ojeda <\/strong>su participaci\u00f3n en el Shalymar supone retornar a la competici\u00f3n en una prueba que le trae magn\u00edficos recuerdos, ya que fue el a\u00f1o pasado en este mismo rallye cuando se proclam\u00f3 Campe\u00f3n de Espa\u00f1a. En esta ocasi\u00f3n, el piloto c\u00e1ntabro llega a la \u00faltima carrera del a\u00f1o con opciones al t\u00edtulo nacional de grupo N y al subcampeonato absoluto, tras una magn\u00edfica primera temporada al volante del <strong>Subaru Impreza Prodrive<\/strong> preparado por <strong>KRS<\/strong>, con el que consigui\u00f3 la victoria absoluta en el <strong>Cantabria Infinita<\/strong>, todo un hito hist\u00f3rico para el modelo japon\u00e9s, ya que significaba su primera victoria en asfalto en una prueba de nivel nacional.<\/p>\n<p><strong>Ceballos<\/strong>, por su parte, completar\u00e1 en los tramos situados al norte de Madrid su primera campa\u00f1a en el Campeonato de Espa\u00f1a, en la que su progresi\u00f3n al volante del Subaru de KRS ha sido constante, con resultados cada vez mejores a la vez que adquir\u00eda una importante experiencia en las pruebas del nacional.<\/p>\n<p>\u00a0<strong>Javier Polidura<\/strong>, que en el pasado rallye <strong>Costa Brava<\/strong> consigui\u00f3 terminar su primer rallye de Campeonato de Espa\u00f1a, buscar\u00e1 repetir en el Shalymar, prueba en la que competir\u00e1 por primera vez y que le servir\u00e1 para seguir su adaptaci\u00f3n al Impreza Prodrive preparado por KRS, con el que har\u00e1 en Madrid su tercer rallye desde su debut en <strong>Cobreces<\/strong>.<\/p>\n<p><img decoding=\"async\" width=\"2475\" data-src=\"https:\/\/www.subaru.es\/blog\/wp-content\/uploads\/2009\/11\/srts-preshalymar2.jpg\" alt=\"srts-preshalymar2.jpg\" height=\"1638\" style=\"--smush-placeholder-width: 2475px; --smush-placeholder-aspect-ratio: 2475\/1638;width: 452px; height: 285px\" src=\"data:image\/svg+xml;base64,PHN2ZyB3aWR0aD0iMSIgaGVpZ2h0PSIxIiB4bWxucz0iaHR0cDovL3d3dy53My5vcmcvMjAwMC9zdmciPjwvc3ZnPg==\" class=\"lazyload\" \/><\/p>\n<p>\u00a0El <strong>rallye Shalymar<\/strong> se disputar\u00e1 a lo largo de dos jornadas, estando prevista la disputa de <strong>tres pruebas especiales<\/strong> en la noche del viernes, para completarse el recorrido a lo largo del s\u00e1bado con <strong>ocho tramos m\u00e1s<\/strong>. M\u00e1s informaci\u00f3n sobre todos los aspectos relativos a la prueba en su web oficial <a href=\"http:\/\/www.shalymar.es\/\">www.shalymar.es<\/a><\/p>\n","protected":false},"excerpt":{"rendered":"<p>El Campeonato de Espa\u00f1a de Rallyes de Asfalto 2009 se completa este fin de semana, en Madrid, con la disputa del Rallye Shalymar, que contar\u00e1 entre sus protagonistas con el Subaru Rally Team Spain. Ser\u00e1n tres Impreza Prodrive preparados por KRS que competir\u00e1n en la \u00faltima cita con el asfalto de la temporada 2009, al [&hellip;]<\/p>\n","protected":false},"author":21,"featured_media":0,"comment_status":"open","ping_status":"open","sticky":false,"template":"","format":"standard","meta":{"_acf_changed":false,"_eb_attr":"","inline_featured_image":false,"footnotes":""},"categories":[4401],"tags":[2545,10,2351,2729,107,2754,4390],"class_list":["post-2390","post","type-post","status-publish","format-standard","hentry","category-nuestra-marca","tag-ceballos","tag-impreza","tag-ojeda","tag-polidura","tag-rallye","tag-shalymar","tag-subaru"],"acf":[],"yoast_head":"<!-- This site is optimized with the Yoast SEO plugin v27.3 - https:\/\/yoast.com\/product\/yoast-seo-wordpress\/ -->\n<title>Previo Rallye Shalymar - Universo Subaru<\/title>\n<meta name=\"robots\" content=\"index, follow, max-snippet:-1, max-image-preview:large, max-video-preview:-1\" \/>\n<link rel=\"canonical\" href=\"https:\/\/www.subaru.es\/blog\/nuestra-marca\/previo-rallye-shalymar\/\" \/>\n<meta property=\"og:locale\" content=\"es_ES\" \/>\n<meta property=\"og:type\" content=\"article\" \/>\n<meta property=\"og:title\" content=\"Previo Rallye Shalymar - Universo Subaru\" \/>\n<meta property=\"og:description\" content=\"El Campeonato de Espa\u00f1a de Rallyes de Asfalto 2009 se completa este fin de semana, en Madrid, con la disputa del Rallye Shalymar, que contar\u00e1 entre sus protagonistas con el Subaru Rally Team Spain. Ser\u00e1n tres Impreza Prodrive preparados por KRS que competir\u00e1n en la \u00faltima cita con el asfalto de la temporada 2009, al [&hellip;]\" \/>\n<meta property=\"og:url\" content=\"https:\/\/www.subaru.es\/blog\/nuestra-marca\/previo-rallye-shalymar\/\" \/>\n<meta property=\"og:site_name\" content=\"Universo Subaru\" \/>\n<meta property=\"article:publisher\" content=\"https:\/\/www.facebook.com\/subaruespana\" \/>\n<meta property=\"article:published_time\" content=\"2009-11-26T12:29:59+00:00\" \/>\n<meta property=\"article:modified_time\" content=\"2016-10-17T13:08:48+00:00\" \/>\n<meta property=\"og:image\" content=\"https:\/\/www.subaru.es\/blog\/wp-content\/uploads\/2009\/11\/srts-preshalymar1.jpg\" \/>\n<meta name=\"author\" content=\"Subaru\" \/>\n<meta name=\"twitter:card\" content=\"summary_large_image\" \/>\n<meta name=\"twitter:label1\" content=\"Escrito por\" \/>\n\t<meta name=\"twitter:data1\" content=\"Subaru\" \/>\n\t<meta name=\"twitter:label2\" content=\"Tiempo de lectura\" \/>\n\t<meta name=\"twitter:data2\" content=\"2 minutos\" \/>\n<script type=\"application\/ld+json\" class=\"yoast-schema-graph\">{\"@context\":\"https:\\\/\\\/schema.org\",\"@graph\":[{\"@type\":\"Article\",\"@id\":\"https:\\\/\\\/www.subaru.es\\\/blog\\\/nuestra-marca\\\/previo-rallye-shalymar\\\/#article\",\"isPartOf\":{\"@id\":\"https:\\\/\\\/www.subaru.es\\\/blog\\\/nuestra-marca\\\/previo-rallye-shalymar\\\/\"},\"author\":{\"name\":\"Subaru\",\"@id\":\"https:\\\/\\\/www.subaru.es\\\/blog\\\/#\\\/schema\\\/person\\\/19a90b892230b8e0ec752704ddf4aa10\"},\"headline\":\"Previo Rallye Shalymar\",\"datePublished\":\"2009-11-26T12:29:59+00:00\",\"dateModified\":\"2016-10-17T13:08:48+00:00\",\"mainEntityOfPage\":{\"@id\":\"https:\\\/\\\/www.subaru.es\\\/blog\\\/nuestra-marca\\\/previo-rallye-shalymar\\\/\"},\"wordCount\":392,\"commentCount\":0,\"publisher\":{\"@id\":\"https:\\\/\\\/www.subaru.es\\\/blog\\\/#organization\"},\"image\":{\"@id\":\"https:\\\/\\\/www.subaru.es\\\/blog\\\/nuestra-marca\\\/previo-rallye-shalymar\\\/#primaryimage\"},\"thumbnailUrl\":\"https:\\\/\\\/www.subaru.es\\\/blog\\\/wp-content\\\/uploads\\\/2009\\\/11\\\/srts-preshalymar1.jpg\",\"keywords\":[\"Ceballos\",\"impreza\",\"ojeda\",\"Polidura\",\"rallye\",\"shalymar\",\"Subaru\"],\"articleSection\":[\"Nuestra marca\"],\"inLanguage\":\"es\",\"potentialAction\":[{\"@type\":\"CommentAction\",\"name\":\"Comment\",\"target\":[\"https:\\\/\\\/www.subaru.es\\\/blog\\\/nuestra-marca\\\/previo-rallye-shalymar\\\/#respond\"]}]},{\"@type\":\"WebPage\",\"@id\":\"https:\\\/\\\/www.subaru.es\\\/blog\\\/nuestra-marca\\\/previo-rallye-shalymar\\\/\",\"url\":\"https:\\\/\\\/www.subaru.es\\\/blog\\\/nuestra-marca\\\/previo-rallye-shalymar\\\/\",\"name\":\"Previo Rallye Shalymar - Universo Subaru\",\"isPartOf\":{\"@id\":\"https:\\\/\\\/www.subaru.es\\\/blog\\\/#website\"},\"primaryImageOfPage\":{\"@id\":\"https:\\\/\\\/www.subaru.es\\\/blog\\\/nuestra-marca\\\/previo-rallye-shalymar\\\/#primaryimage\"},\"image\":{\"@id\":\"https:\\\/\\\/www.subaru.es\\\/blog\\\/nuestra-marca\\\/previo-rallye-shalymar\\\/#primaryimage\"},\"thumbnailUrl\":\"https:\\\/\\\/www.subaru.es\\\/blog\\\/wp-content\\\/uploads\\\/2009\\\/11\\\/srts-preshalymar1.jpg\",\"datePublished\":\"2009-11-26T12:29:59+00:00\",\"dateModified\":\"2016-10-17T13:08:48+00:00\",\"breadcrumb\":{\"@id\":\"https:\\\/\\\/www.subaru.es\\\/blog\\\/nuestra-marca\\\/previo-rallye-shalymar\\\/#breadcrumb\"},\"inLanguage\":\"es\",\"potentialAction\":[{\"@type\":\"ReadAction\",\"target\":[\"https:\\\/\\\/www.subaru.es\\\/blog\\\/nuestra-marca\\\/previo-rallye-shalymar\\\/\"]}]},{\"@type\":\"ImageObject\",\"inLanguage\":\"es\",\"@id\":\"https:\\\/\\\/www.subaru.es\\\/blog\\\/nuestra-marca\\\/previo-rallye-shalymar\\\/#primaryimage\",\"url\":\"https:\\\/\\\/www.subaru.es\\\/blog\\\/wp-content\\\/uploads\\\/2009\\\/11\\\/srts-preshalymar1.jpg\",\"contentUrl\":\"https:\\\/\\\/www.subaru.es\\\/blog\\\/wp-content\\\/uploads\\\/2009\\\/11\\\/srts-preshalymar1.jpg\"},{\"@type\":\"BreadcrumbList\",\"@id\":\"https:\\\/\\\/www.subaru.es\\\/blog\\\/nuestra-marca\\\/previo-rallye-shalymar\\\/#breadcrumb\",\"itemListElement\":[{\"@type\":\"ListItem\",\"position\":1,\"name\":\"Portada\",\"item\":\"https:\\\/\\\/www.subaru.es\\\/blog\\\/\"},{\"@type\":\"ListItem\",\"position\":2,\"name\":\"Previo Rallye Shalymar\"}]},{\"@type\":\"WebSite\",\"@id\":\"https:\\\/\\\/www.subaru.es\\\/blog\\\/#website\",\"url\":\"https:\\\/\\\/www.subaru.es\\\/blog\\\/\",\"name\":\"Universo Subaru\",\"description\":\"Descubre este apasionante espacio de Subaru donde vas a conocer todo sobre nuestros coches y las experiencias que vivimos con ellos. Si est\u00e1s preparado para dejarte seducir por la filosof\u00eda Subaru, qu\u00e9date con nosotros.\",\"publisher\":{\"@id\":\"https:\\\/\\\/www.subaru.es\\\/blog\\\/#organization\"},\"potentialAction\":[{\"@type\":\"SearchAction\",\"target\":{\"@type\":\"EntryPoint\",\"urlTemplate\":\"https:\\\/\\\/www.subaru.es\\\/blog\\\/?s={search_term_string}\"},\"query-input\":{\"@type\":\"PropertyValueSpecification\",\"valueRequired\":true,\"valueName\":\"search_term_string\"}}],\"inLanguage\":\"es\"},{\"@type\":\"Organization\",\"@id\":\"https:\\\/\\\/www.subaru.es\\\/blog\\\/#organization\",\"name\":\"Subaru Espa\u00f1a S.A.\",\"url\":\"https:\\\/\\\/www.subaru.es\\\/blog\\\/\",\"logo\":{\"@type\":\"ImageObject\",\"inLanguage\":\"es\",\"@id\":\"https:\\\/\\\/www.subaru.es\\\/blog\\\/#\\\/schema\\\/logo\\\/image\\\/\",\"url\":\"https:\\\/\\\/www.subaru.es\\\/blog\\\/wp-content\\\/uploads\\\/2016\\\/12\\\/Logo-Subaru-TypeV_C300-scaled.jpg\",\"contentUrl\":\"https:\\\/\\\/www.subaru.es\\\/blog\\\/wp-content\\\/uploads\\\/2016\\\/12\\\/Logo-Subaru-TypeV_C300-scaled.jpg\",\"width\":2560,\"height\":1864,\"caption\":\"Subaru Espa\u00f1a S.A.\"},\"image\":{\"@id\":\"https:\\\/\\\/www.subaru.es\\\/blog\\\/#\\\/schema\\\/logo\\\/image\\\/\"},\"sameAs\":[\"https:\\\/\\\/www.facebook.com\\\/subaruespana\",\"https:\\\/\\\/www.instagram.com\\\/subarues\\\/\",\"https:\\\/\\\/www.youtube.com\\\/user\\\/subaruespana\"]},{\"@type\":\"Person\",\"@id\":\"https:\\\/\\\/www.subaru.es\\\/blog\\\/#\\\/schema\\\/person\\\/19a90b892230b8e0ec752704ddf4aa10\",\"name\":\"Subaru\",\"url\":\"https:\\\/\\\/www.subaru.es\\\/blog\\\/author\\\/subaria\\\/\"}]}<\/script>\n<!-- \/ Yoast SEO plugin. -->","yoast_head_json":{"title":"Previo Rallye Shalymar - Universo Subaru","robots":{"index":"index","follow":"follow","max-snippet":"max-snippet:-1","max-image-preview":"max-image-preview:large","max-video-preview":"max-video-preview:-1"},"canonical":"https:\/\/www.subaru.es\/blog\/nuestra-marca\/previo-rallye-shalymar\/","og_locale":"es_ES","og_type":"article","og_title":"Previo Rallye Shalymar - Universo Subaru","og_description":"El Campeonato de Espa\u00f1a de Rallyes de Asfalto 2009 se completa este fin de semana, en Madrid, con la disputa del Rallye Shalymar, que contar\u00e1 entre sus protagonistas con el Subaru Rally Team Spain. Ser\u00e1n tres Impreza Prodrive preparados por KRS que competir\u00e1n en la \u00faltima cita con el asfalto de la temporada 2009, al [&hellip;]","og_url":"https:\/\/www.subaru.es\/blog\/nuestra-marca\/previo-rallye-shalymar\/","og_site_name":"Universo Subaru","article_publisher":"https:\/\/www.facebook.com\/subaruespana","article_published_time":"2009-11-26T12:29:59+00:00","article_modified_time":"2016-10-17T13:08:48+00:00","og_image":[{"url":"https:\/\/www.subaru.es\/blog\/wp-content\/uploads\/2009\/11\/srts-preshalymar1.jpg","type":"","width":"","height":""}],"author":"Subaru","twitter_card":"summary_large_image","twitter_misc":{"Escrito por":"Subaru","Tiempo de lectura":"2 minutos"},"schema":{"@context":"https:\/\/schema.org","@graph":[{"@type":"Article","@id":"https:\/\/www.subaru.es\/blog\/nuestra-marca\/previo-rallye-shalymar\/#article","isPartOf":{"@id":"https:\/\/www.subaru.es\/blog\/nuestra-marca\/previo-rallye-shalymar\/"},"author":{"name":"Subaru","@id":"https:\/\/www.subaru.es\/blog\/#\/schema\/person\/19a90b892230b8e0ec752704ddf4aa10"},"headline":"Previo Rallye Shalymar","datePublished":"2009-11-26T12:29:59+00:00","dateModified":"2016-10-17T13:08:48+00:00","mainEntityOfPage":{"@id":"https:\/\/www.subaru.es\/blog\/nuestra-marca\/previo-rallye-shalymar\/"},"wordCount":392,"commentCount":0,"publisher":{"@id":"https:\/\/www.subaru.es\/blog\/#organization"},"image":{"@id":"https:\/\/www.subaru.es\/blog\/nuestra-marca\/previo-rallye-shalymar\/#primaryimage"},"thumbnailUrl":"https:\/\/www.subaru.es\/blog\/wp-content\/uploads\/2009\/11\/srts-preshalymar1.jpg","keywords":["Ceballos","impreza","ojeda","Polidura","rallye","shalymar","Subaru"],"articleSection":["Nuestra marca"],"inLanguage":"es","potentialAction":[{"@type":"CommentAction","name":"Comment","target":["https:\/\/www.subaru.es\/blog\/nuestra-marca\/previo-rallye-shalymar\/#respond"]}]},{"@type":"WebPage","@id":"https:\/\/www.subaru.es\/blog\/nuestra-marca\/previo-rallye-shalymar\/","url":"https:\/\/www.subaru.es\/blog\/nuestra-marca\/previo-rallye-shalymar\/","name":"Previo Rallye Shalymar - Universo Subaru","isPartOf":{"@id":"https:\/\/www.subaru.es\/blog\/#website"},"primaryImageOfPage":{"@id":"https:\/\/www.subaru.es\/blog\/nuestra-marca\/previo-rallye-shalymar\/#primaryimage"},"image":{"@id":"https:\/\/www.subaru.es\/blog\/nuestra-marca\/previo-rallye-shalymar\/#primaryimage"},"thumbnailUrl":"https:\/\/www.subaru.es\/blog\/wp-content\/uploads\/2009\/11\/srts-preshalymar1.jpg","datePublished":"2009-11-26T12:29:59+00:00","dateModified":"2016-10-17T13:08:48+00:00","breadcrumb":{"@id":"https:\/\/www.subaru.es\/blog\/nuestra-marca\/previo-rallye-shalymar\/#breadcrumb"},"inLanguage":"es","potentialAction":[{"@type":"ReadAction","target":["https:\/\/www.subaru.es\/blog\/nuestra-marca\/previo-rallye-shalymar\/"]}]},{"@type":"ImageObject","inLanguage":"es","@id":"https:\/\/www.subaru.es\/blog\/nuestra-marca\/previo-rallye-shalymar\/#primaryimage","url":"https:\/\/www.subaru.es\/blog\/wp-content\/uploads\/2009\/11\/srts-preshalymar1.jpg","contentUrl":"https:\/\/www.subaru.es\/blog\/wp-content\/uploads\/2009\/11\/srts-preshalymar1.jpg"},{"@type":"BreadcrumbList","@id":"https:\/\/www.subaru.es\/blog\/nuestra-marca\/previo-rallye-shalymar\/#breadcrumb","itemListElement":[{"@type":"ListItem","position":1,"name":"Portada","item":"https:\/\/www.subaru.es\/blog\/"},{"@type":"ListItem","position":2,"name":"Previo Rallye Shalymar"}]},{"@type":"WebSite","@id":"https:\/\/www.subaru.es\/blog\/#website","url":"https:\/\/www.subaru.es\/blog\/","name":"Universo Subaru","description":"Descubre este apasionante espacio de Subaru donde vas a conocer todo sobre nuestros coches y las experiencias que vivimos con ellos. Si est\u00e1s preparado para dejarte seducir por la filosof\u00eda Subaru, qu\u00e9date con nosotros.","publisher":{"@id":"https:\/\/www.subaru.es\/blog\/#organization"},"potentialAction":[{"@type":"SearchAction","target":{"@type":"EntryPoint","urlTemplate":"https:\/\/www.subaru.es\/blog\/?s={search_term_string}"},"query-input":{"@type":"PropertyValueSpecification","valueRequired":true,"valueName":"search_term_string"}}],"inLanguage":"es"},{"@type":"Organization","@id":"https:\/\/www.subaru.es\/blog\/#organization","name":"Subaru Espa\u00f1a S.A.","url":"https:\/\/www.subaru.es\/blog\/","logo":{"@type":"ImageObject","inLanguage":"es","@id":"https:\/\/www.subaru.es\/blog\/#\/schema\/logo\/image\/","url":"https:\/\/www.subaru.es\/blog\/wp-content\/uploads\/2016\/12\/Logo-Subaru-TypeV_C300-scaled.jpg","contentUrl":"https:\/\/www.subaru.es\/blog\/wp-content\/uploads\/2016\/12\/Logo-Subaru-TypeV_C300-scaled.jpg","width":2560,"height":1864,"caption":"Subaru Espa\u00f1a S.A."},"image":{"@id":"https:\/\/www.subaru.es\/blog\/#\/schema\/logo\/image\/"},"sameAs":["https:\/\/www.facebook.com\/subaruespana","https:\/\/www.instagram.com\/subarues\/","https:\/\/www.youtube.com\/user\/subaruespana"]},{"@type":"Person","@id":"https:\/\/www.subaru.es\/blog\/#\/schema\/person\/19a90b892230b8e0ec752704ddf4aa10","name":"Subaru","url":"https:\/\/www.subaru.es\/blog\/author\/subaria\/"}]}},"_links":{"self":[{"href":"https:\/\/www.subaru.es\/blog\/wp-json\/wp\/v2\/posts\/2390","targetHints":{"allow":["GET"]}}],"collection":[{"href":"https:\/\/www.subaru.es\/blog\/wp-json\/wp\/v2\/posts"}],"about":[{"href":"https:\/\/www.subaru.es\/blog\/wp-json\/wp\/v2\/types\/post"}],"author":[{"embeddable":true,"href":"https:\/\/www.subaru.es\/blog\/wp-json\/wp\/v2\/users\/21"}],"replies":[{"embeddable":true,"href":"https:\/\/www.subaru.es\/blog\/wp-json\/wp\/v2\/comments?post=2390"}],"version-history":[{"count":1,"href":"https:\/\/www.subaru.es\/blog\/wp-json\/wp\/v2\/posts\/2390\/revisions"}],"predecessor-version":[{"id":15131,"href":"https:\/\/www.subaru.es\/blog\/wp-json\/wp\/v2\/posts\/2390\/revisions\/15131"}],"wp:attachment":[{"href":"https:\/\/www.subaru.es\/blog\/wp-json\/wp\/v2\/media?parent=2390"}],"wp:term":[{"taxonomy":"category","embeddable":true,"href":"https:\/\/www.subaru.es\/blog\/wp-json\/wp\/v2\/categories?post=2390"},{"taxonomy":"post_tag","embeddable":true,"href":"https:\/\/www.subaru.es\/blog\/wp-json\/wp\/v2\/tags?post=2390"}],"curies":[{"name":"wp","href":"https:\/\/api.w.org\/{rel}","templated":true}]}}