{"id":2337,"date":"2009-10-22T15:02:34","date_gmt":"2009-10-22T13:02:34","guid":{"rendered":"http:\/\/subaru.preproduccion.com\/blog\/wp-content\/2009\/10\/22\/previo-rallye-de-tierra-de-cabanas\/"},"modified":"2020-08-06T11:40:52","modified_gmt":"2020-08-06T09:40:52","slug":"previo-rallye-de-tierra-de-cabanas","status":"publish","type":"post","link":"https:\/\/www.subaru.es\/blog\/nuestra-marca\/previo-rallye-de-tierra-de-cabanas\/","title":{"rendered":"Previo Rallye de Tierra de Cabanas"},"content":{"rendered":"<p>El Campeonato de Espa\u00f1a de <strong>Rallyes de Tierra<\/strong> se reanuda este fin de semana, en la localidad ferrolana de <strong>Cabanas<\/strong>, con una cita doble en la que estar\u00e1 presente el <strong>Subaru Rally Team Spain<\/strong>. El equipo oficial de Subaru Espa\u00f1a contar\u00e1 en los dos rallyes que tendr\u00e1n lugar en la tierra gallega con un Impreza Prodrive preparados por KRS para Brice Tirabassi y Fabrice Gordon.<br \/>\n\u00a0<img decoding=\"async\" data-src=\"https:\/\/www.subaru.es\/blog\/wp-content\/uploads\/2009\/10\/precabana2.jpg\" alt=\"precabana2.jpg\" style=\"--smush-placeholder-width: 766px; --smush-placeholder-aspect-ratio: 766\/450;width: 464px; height: 292px\" height=\"450\" width=\"766\" src=\"data:image\/svg+xml;base64,PHN2ZyB3aWR0aD0iMSIgaGVpZ2h0PSIxIiB4bWxucz0iaHR0cDovL3d3dy53My5vcmcvMjAwMC9zdmciPjwvc3ZnPg==\" class=\"lazyload\" \/><\/p>\n<p>Tras la larga pausa sin pruebas en el nacional de tierra, la cita doble de Cabanas supondr\u00e1 un esperado retorno a la actividad para todos los protagonistas de este espectacular certamen. El Subaru Rally Team Spain ha preparado con esmero su participaci\u00f3n en la prueba gallega, realizando hace escasas fechas unas jornadas de tests que han permitido a su piloto, <strong>Brice Tirabassi<\/strong>, retomar contacto con el pilotaje del <strong>Impreza Prodrive<\/strong> preparado por <strong>KRS<\/strong>. El experimentado piloto franc\u00e9s concluy\u00f3 los tests muy satisfecho con las prestaciones del Subaru y est\u00e1 ya deseando que empiece la competici\u00f3n, el pr\u00f3ximo s\u00e1bado, con la disputa de los dos rallyes previstos para este fin de semana.\u00a0\u00a0<\/p>\n<p><img decoding=\"async\" data-src=\"https:\/\/www.subaru.es\/blog\/wp-content\/uploads\/2009\/10\/precabana1.jpg\" alt=\"precabana1.jpg\" style=\"--smush-placeholder-width: 674px; --smush-placeholder-aspect-ratio: 674\/525;width: 469px; height: 290px\" height=\"525\" width=\"674\" src=\"data:image\/svg+xml;base64,PHN2ZyB3aWR0aD0iMSIgaGVpZ2h0PSIxIiB4bWxucz0iaHR0cDovL3d3dy53My5vcmcvMjAwMC9zdmciPjwvc3ZnPg==\" class=\"lazyload\" \/><\/p>\n<p>Como es habitual en las pruebas del Campeonato de Espa\u00f1a de Rallyes de Tierra, el recorrido no se conocer\u00e1 en detalle hasta la v\u00edspera del rallye, estando previsto que la prueba del s\u00e1bado se dispute sobre once especiales, para un total de 84 kil\u00f3metros cronometrados, mientras que en la del domingo, ser\u00e1n tambi\u00e9n once los tramos pero con un kilometraje ligeramente inferior. La habitual dificultad de los caminos de tierra gallego, de caracter\u00edsticas muy diferentes a los del resto de escenarios sobre los que se disputa el nacional de tierra, a\u00f1adir\u00e1n una dificultad extra a una doble cita que se anuncia apasionante y en la que Tirabassi-<strong>Gordon<\/strong> y el Impreza preparado por <strong>Prodrive<\/strong> del Subaru Rally Team Spain parten como uno de los m\u00e1s firmes aspirantes a las primeras plazas.\u00a0<\/p>\n","protected":false},"excerpt":{"rendered":"<p>El Campeonato de Espa\u00f1a de Rallyes de Tierra se reanuda este fin de semana, en la localidad ferrolana de Cabanas, con una cita doble en la que estar\u00e1 presente el Subaru Rally Team Spain. El equipo oficial de Subaru Espa\u00f1a contar\u00e1 en los dos rallyes que tendr\u00e1n lugar en la tierra gallega con un Impreza [&hellip;]<\/p>\n","protected":false},"author":21,"featured_media":0,"comment_status":"open","ping_status":"open","sticky":false,"template":"","format":"standard","meta":{"_acf_changed":false,"_eb_attr":"","inline_featured_image":false,"footnotes":""},"categories":[4401],"tags":[2679,2680,10,2093,107,4390,517,1928],"class_list":["post-2337","post","type-post","status-publish","format-standard","hentry","category-nuestra-marca","tag-cabanas","tag-gordon","tag-impreza","tag-krs","tag-rallye","tag-subaru","tag-tierra","tag-tirabassi"],"acf":[],"yoast_head":"<!-- This site is optimized with the Yoast SEO plugin v27.3 - https:\/\/yoast.com\/product\/yoast-seo-wordpress\/ -->\n<title>Previo Rallye de Tierra de Cabanas - Universo Subaru<\/title>\n<meta name=\"robots\" content=\"index, follow, max-snippet:-1, max-image-preview:large, max-video-preview:-1\" \/>\n<link rel=\"canonical\" href=\"https:\/\/www.subaru.es\/blog\/nuestra-marca\/previo-rallye-de-tierra-de-cabanas\/\" \/>\n<meta property=\"og:locale\" content=\"es_ES\" \/>\n<meta property=\"og:type\" content=\"article\" \/>\n<meta property=\"og:title\" content=\"Previo Rallye de Tierra de Cabanas - Universo Subaru\" \/>\n<meta property=\"og:description\" content=\"El Campeonato de Espa\u00f1a de Rallyes de Tierra se reanuda este fin de semana, en la localidad ferrolana de Cabanas, con una cita doble en la que estar\u00e1 presente el Subaru Rally Team Spain. El equipo oficial de Subaru Espa\u00f1a contar\u00e1 en los dos rallyes que tendr\u00e1n lugar en la tierra gallega con un Impreza [&hellip;]\" \/>\n<meta property=\"og:url\" content=\"https:\/\/www.subaru.es\/blog\/nuestra-marca\/previo-rallye-de-tierra-de-cabanas\/\" \/>\n<meta property=\"og:site_name\" content=\"Universo Subaru\" \/>\n<meta property=\"article:publisher\" content=\"https:\/\/www.facebook.com\/subaruespana\" \/>\n<meta property=\"article:published_time\" content=\"2009-10-22T13:02:34+00:00\" \/>\n<meta property=\"article:modified_time\" content=\"2020-08-06T09:40:52+00:00\" \/>\n<meta property=\"og:image\" content=\"https:\/\/www.subaru.es\/blog\/wp-content\/uploads\/2009\/10\/precabana2.jpg\" \/>\n<meta name=\"author\" content=\"Subaru\" \/>\n<meta name=\"twitter:card\" content=\"summary_large_image\" \/>\n<meta name=\"twitter:label1\" content=\"Escrito por\" \/>\n\t<meta name=\"twitter:data1\" content=\"Subaru\" \/>\n\t<meta name=\"twitter:label2\" content=\"Tiempo de lectura\" \/>\n\t<meta name=\"twitter:data2\" content=\"2 minutos\" \/>\n<script type=\"application\/ld+json\" class=\"yoast-schema-graph\">{\"@context\":\"https:\\\/\\\/schema.org\",\"@graph\":[{\"@type\":\"Article\",\"@id\":\"https:\\\/\\\/www.subaru.es\\\/blog\\\/nuestra-marca\\\/previo-rallye-de-tierra-de-cabanas\\\/#article\",\"isPartOf\":{\"@id\":\"https:\\\/\\\/www.subaru.es\\\/blog\\\/nuestra-marca\\\/previo-rallye-de-tierra-de-cabanas\\\/\"},\"author\":{\"name\":\"Subaru\",\"@id\":\"https:\\\/\\\/www.subaru.es\\\/blog\\\/#\\\/schema\\\/person\\\/19a90b892230b8e0ec752704ddf4aa10\"},\"headline\":\"Previo Rallye de Tierra de Cabanas\",\"datePublished\":\"2009-10-22T13:02:34+00:00\",\"dateModified\":\"2020-08-06T09:40:52+00:00\",\"mainEntityOfPage\":{\"@id\":\"https:\\\/\\\/www.subaru.es\\\/blog\\\/nuestra-marca\\\/previo-rallye-de-tierra-de-cabanas\\\/\"},\"wordCount\":329,\"commentCount\":0,\"publisher\":{\"@id\":\"https:\\\/\\\/www.subaru.es\\\/blog\\\/#organization\"},\"image\":{\"@id\":\"https:\\\/\\\/www.subaru.es\\\/blog\\\/nuestra-marca\\\/previo-rallye-de-tierra-de-cabanas\\\/#primaryimage\"},\"thumbnailUrl\":\"https:\\\/\\\/www.subaru.es\\\/blog\\\/wp-content\\\/uploads\\\/2009\\\/10\\\/precabana2.jpg\",\"keywords\":[\"Cabanas\",\"Gordon\",\"impreza\",\"KRS\",\"rallye\",\"Subaru\",\"tierra\",\"Tirabassi\"],\"articleSection\":[\"Nuestra marca\"],\"inLanguage\":\"es\",\"potentialAction\":[{\"@type\":\"CommentAction\",\"name\":\"Comment\",\"target\":[\"https:\\\/\\\/www.subaru.es\\\/blog\\\/nuestra-marca\\\/previo-rallye-de-tierra-de-cabanas\\\/#respond\"]}]},{\"@type\":\"WebPage\",\"@id\":\"https:\\\/\\\/www.subaru.es\\\/blog\\\/nuestra-marca\\\/previo-rallye-de-tierra-de-cabanas\\\/\",\"url\":\"https:\\\/\\\/www.subaru.es\\\/blog\\\/nuestra-marca\\\/previo-rallye-de-tierra-de-cabanas\\\/\",\"name\":\"Previo Rallye de Tierra de Cabanas - Universo Subaru\",\"isPartOf\":{\"@id\":\"https:\\\/\\\/www.subaru.es\\\/blog\\\/#website\"},\"primaryImageOfPage\":{\"@id\":\"https:\\\/\\\/www.subaru.es\\\/blog\\\/nuestra-marca\\\/previo-rallye-de-tierra-de-cabanas\\\/#primaryimage\"},\"image\":{\"@id\":\"https:\\\/\\\/www.subaru.es\\\/blog\\\/nuestra-marca\\\/previo-rallye-de-tierra-de-cabanas\\\/#primaryimage\"},\"thumbnailUrl\":\"https:\\\/\\\/www.subaru.es\\\/blog\\\/wp-content\\\/uploads\\\/2009\\\/10\\\/precabana2.jpg\",\"datePublished\":\"2009-10-22T13:02:34+00:00\",\"dateModified\":\"2020-08-06T09:40:52+00:00\",\"breadcrumb\":{\"@id\":\"https:\\\/\\\/www.subaru.es\\\/blog\\\/nuestra-marca\\\/previo-rallye-de-tierra-de-cabanas\\\/#breadcrumb\"},\"inLanguage\":\"es\",\"potentialAction\":[{\"@type\":\"ReadAction\",\"target\":[\"https:\\\/\\\/www.subaru.es\\\/blog\\\/nuestra-marca\\\/previo-rallye-de-tierra-de-cabanas\\\/\"]}]},{\"@type\":\"ImageObject\",\"inLanguage\":\"es\",\"@id\":\"https:\\\/\\\/www.subaru.es\\\/blog\\\/nuestra-marca\\\/previo-rallye-de-tierra-de-cabanas\\\/#primaryimage\",\"url\":\"https:\\\/\\\/www.subaru.es\\\/blog\\\/wp-content\\\/uploads\\\/2009\\\/10\\\/precabana2.jpg\",\"contentUrl\":\"https:\\\/\\\/www.subaru.es\\\/blog\\\/wp-content\\\/uploads\\\/2009\\\/10\\\/precabana2.jpg\"},{\"@type\":\"BreadcrumbList\",\"@id\":\"https:\\\/\\\/www.subaru.es\\\/blog\\\/nuestra-marca\\\/previo-rallye-de-tierra-de-cabanas\\\/#breadcrumb\",\"itemListElement\":[{\"@type\":\"ListItem\",\"position\":1,\"name\":\"Portada\",\"item\":\"https:\\\/\\\/www.subaru.es\\\/blog\\\/\"},{\"@type\":\"ListItem\",\"position\":2,\"name\":\"Previo Rallye de Tierra de Cabanas\"}]},{\"@type\":\"WebSite\",\"@id\":\"https:\\\/\\\/www.subaru.es\\\/blog\\\/#website\",\"url\":\"https:\\\/\\\/www.subaru.es\\\/blog\\\/\",\"name\":\"Universo Subaru\",\"description\":\"Descubre este apasionante espacio de Subaru donde vas a conocer todo sobre nuestros coches y las experiencias que vivimos con ellos. Si est\u00e1s preparado para dejarte seducir por la filosof\u00eda Subaru, qu\u00e9date con nosotros.\",\"publisher\":{\"@id\":\"https:\\\/\\\/www.subaru.es\\\/blog\\\/#organization\"},\"potentialAction\":[{\"@type\":\"SearchAction\",\"target\":{\"@type\":\"EntryPoint\",\"urlTemplate\":\"https:\\\/\\\/www.subaru.es\\\/blog\\\/?s={search_term_string}\"},\"query-input\":{\"@type\":\"PropertyValueSpecification\",\"valueRequired\":true,\"valueName\":\"search_term_string\"}}],\"inLanguage\":\"es\"},{\"@type\":\"Organization\",\"@id\":\"https:\\\/\\\/www.subaru.es\\\/blog\\\/#organization\",\"name\":\"Subaru Espa\u00f1a S.A.\",\"url\":\"https:\\\/\\\/www.subaru.es\\\/blog\\\/\",\"logo\":{\"@type\":\"ImageObject\",\"inLanguage\":\"es\",\"@id\":\"https:\\\/\\\/www.subaru.es\\\/blog\\\/#\\\/schema\\\/logo\\\/image\\\/\",\"url\":\"https:\\\/\\\/www.subaru.es\\\/blog\\\/wp-content\\\/uploads\\\/2016\\\/12\\\/Logo-Subaru-TypeV_C300-scaled.jpg\",\"contentUrl\":\"https:\\\/\\\/www.subaru.es\\\/blog\\\/wp-content\\\/uploads\\\/2016\\\/12\\\/Logo-Subaru-TypeV_C300-scaled.jpg\",\"width\":2560,\"height\":1864,\"caption\":\"Subaru Espa\u00f1a S.A.\"},\"image\":{\"@id\":\"https:\\\/\\\/www.subaru.es\\\/blog\\\/#\\\/schema\\\/logo\\\/image\\\/\"},\"sameAs\":[\"https:\\\/\\\/www.facebook.com\\\/subaruespana\",\"https:\\\/\\\/www.instagram.com\\\/subarues\\\/\",\"https:\\\/\\\/www.youtube.com\\\/user\\\/subaruespana\"]},{\"@type\":\"Person\",\"@id\":\"https:\\\/\\\/www.subaru.es\\\/blog\\\/#\\\/schema\\\/person\\\/19a90b892230b8e0ec752704ddf4aa10\",\"name\":\"Subaru\",\"url\":\"https:\\\/\\\/www.subaru.es\\\/blog\\\/author\\\/subaria\\\/\"}]}<\/script>\n<!-- \/ Yoast SEO plugin. -->","yoast_head_json":{"title":"Previo Rallye de Tierra de Cabanas - Universo Subaru","robots":{"index":"index","follow":"follow","max-snippet":"max-snippet:-1","max-image-preview":"max-image-preview:large","max-video-preview":"max-video-preview:-1"},"canonical":"https:\/\/www.subaru.es\/blog\/nuestra-marca\/previo-rallye-de-tierra-de-cabanas\/","og_locale":"es_ES","og_type":"article","og_title":"Previo Rallye de Tierra de Cabanas - Universo Subaru","og_description":"El Campeonato de Espa\u00f1a de Rallyes de Tierra se reanuda este fin de semana, en la localidad ferrolana de Cabanas, con una cita doble en la que estar\u00e1 presente el Subaru Rally Team Spain. El equipo oficial de Subaru Espa\u00f1a contar\u00e1 en los dos rallyes que tendr\u00e1n lugar en la tierra gallega con un Impreza [&hellip;]","og_url":"https:\/\/www.subaru.es\/blog\/nuestra-marca\/previo-rallye-de-tierra-de-cabanas\/","og_site_name":"Universo Subaru","article_publisher":"https:\/\/www.facebook.com\/subaruespana","article_published_time":"2009-10-22T13:02:34+00:00","article_modified_time":"2020-08-06T09:40:52+00:00","og_image":[{"url":"https:\/\/www.subaru.es\/blog\/wp-content\/uploads\/2009\/10\/precabana2.jpg","type":"","width":"","height":""}],"author":"Subaru","twitter_card":"summary_large_image","twitter_misc":{"Escrito por":"Subaru","Tiempo de lectura":"2 minutos"},"schema":{"@context":"https:\/\/schema.org","@graph":[{"@type":"Article","@id":"https:\/\/www.subaru.es\/blog\/nuestra-marca\/previo-rallye-de-tierra-de-cabanas\/#article","isPartOf":{"@id":"https:\/\/www.subaru.es\/blog\/nuestra-marca\/previo-rallye-de-tierra-de-cabanas\/"},"author":{"name":"Subaru","@id":"https:\/\/www.subaru.es\/blog\/#\/schema\/person\/19a90b892230b8e0ec752704ddf4aa10"},"headline":"Previo Rallye de Tierra de Cabanas","datePublished":"2009-10-22T13:02:34+00:00","dateModified":"2020-08-06T09:40:52+00:00","mainEntityOfPage":{"@id":"https:\/\/www.subaru.es\/blog\/nuestra-marca\/previo-rallye-de-tierra-de-cabanas\/"},"wordCount":329,"commentCount":0,"publisher":{"@id":"https:\/\/www.subaru.es\/blog\/#organization"},"image":{"@id":"https:\/\/www.subaru.es\/blog\/nuestra-marca\/previo-rallye-de-tierra-de-cabanas\/#primaryimage"},"thumbnailUrl":"https:\/\/www.subaru.es\/blog\/wp-content\/uploads\/2009\/10\/precabana2.jpg","keywords":["Cabanas","Gordon","impreza","KRS","rallye","Subaru","tierra","Tirabassi"],"articleSection":["Nuestra marca"],"inLanguage":"es","potentialAction":[{"@type":"CommentAction","name":"Comment","target":["https:\/\/www.subaru.es\/blog\/nuestra-marca\/previo-rallye-de-tierra-de-cabanas\/#respond"]}]},{"@type":"WebPage","@id":"https:\/\/www.subaru.es\/blog\/nuestra-marca\/previo-rallye-de-tierra-de-cabanas\/","url":"https:\/\/www.subaru.es\/blog\/nuestra-marca\/previo-rallye-de-tierra-de-cabanas\/","name":"Previo Rallye de Tierra de Cabanas - Universo Subaru","isPartOf":{"@id":"https:\/\/www.subaru.es\/blog\/#website"},"primaryImageOfPage":{"@id":"https:\/\/www.subaru.es\/blog\/nuestra-marca\/previo-rallye-de-tierra-de-cabanas\/#primaryimage"},"image":{"@id":"https:\/\/www.subaru.es\/blog\/nuestra-marca\/previo-rallye-de-tierra-de-cabanas\/#primaryimage"},"thumbnailUrl":"https:\/\/www.subaru.es\/blog\/wp-content\/uploads\/2009\/10\/precabana2.jpg","datePublished":"2009-10-22T13:02:34+00:00","dateModified":"2020-08-06T09:40:52+00:00","breadcrumb":{"@id":"https:\/\/www.subaru.es\/blog\/nuestra-marca\/previo-rallye-de-tierra-de-cabanas\/#breadcrumb"},"inLanguage":"es","potentialAction":[{"@type":"ReadAction","target":["https:\/\/www.subaru.es\/blog\/nuestra-marca\/previo-rallye-de-tierra-de-cabanas\/"]}]},{"@type":"ImageObject","inLanguage":"es","@id":"https:\/\/www.subaru.es\/blog\/nuestra-marca\/previo-rallye-de-tierra-de-cabanas\/#primaryimage","url":"https:\/\/www.subaru.es\/blog\/wp-content\/uploads\/2009\/10\/precabana2.jpg","contentUrl":"https:\/\/www.subaru.es\/blog\/wp-content\/uploads\/2009\/10\/precabana2.jpg"},{"@type":"BreadcrumbList","@id":"https:\/\/www.subaru.es\/blog\/nuestra-marca\/previo-rallye-de-tierra-de-cabanas\/#breadcrumb","itemListElement":[{"@type":"ListItem","position":1,"name":"Portada","item":"https:\/\/www.subaru.es\/blog\/"},{"@type":"ListItem","position":2,"name":"Previo Rallye de Tierra de Cabanas"}]},{"@type":"WebSite","@id":"https:\/\/www.subaru.es\/blog\/#website","url":"https:\/\/www.subaru.es\/blog\/","name":"Universo Subaru","description":"Descubre este apasionante espacio de Subaru donde vas a conocer todo sobre nuestros coches y las experiencias que vivimos con ellos. Si est\u00e1s preparado para dejarte seducir por la filosof\u00eda Subaru, qu\u00e9date con nosotros.","publisher":{"@id":"https:\/\/www.subaru.es\/blog\/#organization"},"potentialAction":[{"@type":"SearchAction","target":{"@type":"EntryPoint","urlTemplate":"https:\/\/www.subaru.es\/blog\/?s={search_term_string}"},"query-input":{"@type":"PropertyValueSpecification","valueRequired":true,"valueName":"search_term_string"}}],"inLanguage":"es"},{"@type":"Organization","@id":"https:\/\/www.subaru.es\/blog\/#organization","name":"Subaru Espa\u00f1a S.A.","url":"https:\/\/www.subaru.es\/blog\/","logo":{"@type":"ImageObject","inLanguage":"es","@id":"https:\/\/www.subaru.es\/blog\/#\/schema\/logo\/image\/","url":"https:\/\/www.subaru.es\/blog\/wp-content\/uploads\/2016\/12\/Logo-Subaru-TypeV_C300-scaled.jpg","contentUrl":"https:\/\/www.subaru.es\/blog\/wp-content\/uploads\/2016\/12\/Logo-Subaru-TypeV_C300-scaled.jpg","width":2560,"height":1864,"caption":"Subaru Espa\u00f1a S.A."},"image":{"@id":"https:\/\/www.subaru.es\/blog\/#\/schema\/logo\/image\/"},"sameAs":["https:\/\/www.facebook.com\/subaruespana","https:\/\/www.instagram.com\/subarues\/","https:\/\/www.youtube.com\/user\/subaruespana"]},{"@type":"Person","@id":"https:\/\/www.subaru.es\/blog\/#\/schema\/person\/19a90b892230b8e0ec752704ddf4aa10","name":"Subaru","url":"https:\/\/www.subaru.es\/blog\/author\/subaria\/"}]}},"_links":{"self":[{"href":"https:\/\/www.subaru.es\/blog\/wp-json\/wp\/v2\/posts\/2337","targetHints":{"allow":["GET"]}}],"collection":[{"href":"https:\/\/www.subaru.es\/blog\/wp-json\/wp\/v2\/posts"}],"about":[{"href":"https:\/\/www.subaru.es\/blog\/wp-json\/wp\/v2\/types\/post"}],"author":[{"embeddable":true,"href":"https:\/\/www.subaru.es\/blog\/wp-json\/wp\/v2\/users\/21"}],"replies":[{"embeddable":true,"href":"https:\/\/www.subaru.es\/blog\/wp-json\/wp\/v2\/comments?post=2337"}],"version-history":[{"count":1,"href":"https:\/\/www.subaru.es\/blog\/wp-json\/wp\/v2\/posts\/2337\/revisions"}],"predecessor-version":[{"id":16172,"href":"https:\/\/www.subaru.es\/blog\/wp-json\/wp\/v2\/posts\/2337\/revisions\/16172"}],"wp:attachment":[{"href":"https:\/\/www.subaru.es\/blog\/wp-json\/wp\/v2\/media?parent=2337"}],"wp:term":[{"taxonomy":"category","embeddable":true,"href":"https:\/\/www.subaru.es\/blog\/wp-json\/wp\/v2\/categories?post=2337"},{"taxonomy":"post_tag","embeddable":true,"href":"https:\/\/www.subaru.es\/blog\/wp-json\/wp\/v2\/tags?post=2337"}],"curies":[{"name":"wp","href":"https:\/\/api.w.org\/{rel}","templated":true}]}}